{"id":97,"date":"2016-04-18T08:00:53","date_gmt":"2016-04-18T06:00:53","guid":{"rendered":"http:\/\/dypall.com\/?p=97"},"modified":"2016-04-18T08:00:53","modified_gmt":"2016-04-18T06:00:53","slug":"international-conference-developing-our-territories-through-youth-participation-in-decision-making","status":"publish","type":"post","link":"https:\/\/dypall.com\/tr\/activity\/international-conference-developing-our-territories-through-youth-participation-in-decision-making\/","title":{"rendered":"Uluslararas\u0131 Konferans  \u2047 Karar Vermeye Gen\u00e7lik Kat\u0131l\u0131m\u0131 Yoluyla B\u00f6lgelerimizi Geli\u015ftirmek  \u2047"},"content":{"rendered":"<p style=\"text-align: center;\"><em>Herhangi bir toplumun demokratik ya\u015fam\u0131na kat\u0131l\u0131m, \u00f6nemli unsurlar olmas\u0131na ra\u011fmen, oy kullanmaktan veya se\u00e7ime kat\u0131lmaktan daha fazlas\u0131d\u0131r. Kat\u0131l\u0131m ve aktif vatanda\u015fl\u0131k, daha iyi bir toplum in\u015fas\u0131na katk\u0131da bulunmak i\u00e7in kararlara kat\u0131lma ve kararlar\u0131 etkileme ve eylem ve faaliyetlerde bulunma hakk\u0131na, ara\u00e7lar\u0131na, alan\u0131na ve f\u0131rsat\u0131na ve gerekti\u011finde deste\u011fine sahip olmakla ilgilidir.<\/em><a name=\"_ftnref1\"><\/a><strong><a href=\"#_ftn1\">[1]<\/a>&#8220;<\/strong><\/p>\n<p>&nbsp;<\/p>\n<p>Enternasyonal'in <strong>\u2047 Yerel ve B\u00f6lgesel D\u00fczeyde Gen\u00e7lik Politikas\u0131 Konferans\u0131  \u2047  Karar Vermede Gen\u00e7lik Kat\u0131l\u0131m\u0131 Yoluyla B\u00f6lgelerimizin Geli\u015ftirilmesi<\/strong>\u2047  12-15 Nisan 2016 tarihleri aras\u0131nda ger\u00e7ekle\u015fti. Konferans, 2016 y\u0131l\u0131nda DYPALL Network \u00fcyelerinin amiral gemisi giri\u015fimi ve yerel d\u00fczeyde yap\u0131lan gen\u00e7lik \u00e7al\u0131\u015fmalar\u0131n\u0131n kalitesini geli\u015ftirmenin \u00f6nemini tan\u0131tmak ve vurgulamak i\u00e7in ilk uluslararas\u0131 etkinli\u011fidir.<\/p>\n<p>Konferans ba\u015far\u0131l\u0131 ge\u00e7ti. \u00a090'dan fazla ki\u015fi, Belediyeler ve yerel y\u00f6netimlerin gen\u00e7lik departmanlar\u0131n\u0131n temsilcileri, gen\u00e7lik ve gen\u00e7lik gruplar\u0131 alan\u0131nda aktif olan sivil toplum kurulu\u015flar\u0131, Portekiz'in Portim\u00e3o kentinde 4 g\u00fcnl\u00fck payla\u015f\u0131m, tart\u0131\u015fma ve \u00f6\u011frenme i\u00e7in bir araya geldi. DYPALL \u00fcyeleri, yerel y\u00f6netimlerin ve gen\u00e7lik alan\u0131nda faaliyet g\u00f6steren yerel ST\u00d6'lerin yerel gen\u00e7lik politikalar\u0131 geli\u015ftirmek i\u00e7in birlikte nas\u0131l \u00e7al\u0131\u015fabilece\u011fini ve \u00e7al\u0131\u015fmas\u0131 gerekti\u011fini yans\u0131tmak i\u00e7in Konferans\u0131 d\u00fczenledi. Ulusal d\u00fczeyde i\u015fbirli\u011fi zaten var ve \u00e7o\u011fu AB \u00fclkesi ulusal gen\u00e7lik konseylerini gen\u00e7ler aras\u0131nda diyalogun geli\u015ftirilmesi ve gen\u00e7lerin kat\u0131l\u0131m\u0131n\u0131n te\u015fvik edilmesi i\u00e7in \u00f6nemli yap\u0131lar olarak g\u00f6r\u00fcyor (AB 2015); Bununla birlikte, ayn\u0131 s\u00fcre\u00e7ler, gen\u00e7lerin \u00e7al\u0131\u015fmas\u0131n\u0131n en \u00e7ok fark yaratt\u0131\u011f\u0131, gen\u00e7lerin geli\u015fimini destekledi\u011fi, marjinalle\u015fmeyi \u00f6nledi\u011fi ve ger\u00e7ek demokratik ilkeleri te\u015fvik etti\u011fi yerel ve b\u00f6lgesel d\u00fczeyde nadiren geli\u015ftirilmektedir.<\/p>\n<p class=\"p1\"><span class=\"s1\">Etkinlik, gen\u00e7lik \u00e7al\u0131\u015fanlar\u0131n\u0131n, gen\u00e7lik liderlerinin, yerel y\u00f6netimlerin ve gen\u00e7likten sorumlu memurlar\u0131n yerel d\u00fczeyde gen\u00e7lik kat\u0131l\u0131m\u0131n\u0131 nas\u0131l art\u0131racaklar\u0131 konusunda yetkinliklerinin geli\u015ftirilmesi i\u00e7in bir f\u0131rsat alan\u0131yd\u0131. DYPALL \u00dcyeleri \u00d6rg\u00fctler birbirlerini tan\u0131ma, Avrupa'n\u0131n her yerinde uygulanan gen\u00e7lik kat\u0131l\u0131m\u0131n\u0131n farkl\u0131 uygulamalar\u0131n\u0131 \u00f6\u011frenme \u015fans\u0131 buldular ve yerel y\u00f6netimlerin, gen\u00e7lik \u00e7al\u0131\u015fanlar\u0131n\u0131n ve gen\u00e7lik liderlerinin gen\u00e7lerle \u00e7al\u0131\u015fabilme ve yerel gen\u00e7lik politikalar\u0131n\u0131n geli\u015ftirilmesi i\u00e7in i\u015fbirli\u011fi yapabilme kapasitelerini ve fark\u0131ndal\u0131klar\u0131n\u0131 art\u0131rma konusunda ilk ad\u0131m\u0131 att\u0131lar. T<\/span>Konferans Ele Al\u0131nd\u0131 <strong>3 ana alan<\/strong>:<\/p>\n<ul>\n<li><strong>Gen\u00e7lerin Kat\u0131l\u0131m\u0131<\/strong><\/li>\n<li><strong>istihdam, giri\u015fimcilik ve amp; ekonomik kalk\u0131nma<\/strong><\/li>\n<li><strong>Daha az f\u0131rsata sahip kat\u0131l\u0131m ve gen\u00e7lik<\/strong><\/li>\n<\/ul>\n<p>Genel olarak, uzman sunumlar\u0131 ve a\u00e7\u0131l\u0131\u015f konu\u015fmalar\u0131, yuvarlak masa toplant\u0131lar\u0131, at\u00f6lye \u00e7al\u0131\u015fmalar\u0131 ve a\u011f olu\u015fturma etkinlikleri ile birlikte \u00e7e\u015fitli metodolojiler kullanan bir dizi yayg\u0131n e\u011fitim faaliyetinden olu\u015fuyordu. Sabah, yerel deneyimleri ve iyi uygulamalar\u0131 tan\u0131tan uzmanlar ve uygulay\u0131c\u0131lar taraf\u0131ndan verilen girdiler arac\u0131l\u0131\u011f\u0131yla g\u00fcn\u00fcn konusu genel kurul grubuna sunuldu. \u00d6\u011fleden sonra, kat\u0131l\u0131mc\u0131lar kendilerini projeleri daha ayr\u0131nt\u0131l\u0131 olarak tart\u0131\u015facak, faaliyetlerini kar\u015f\u0131l\u0131kl\u0131 olarak payla\u015facak ve birbirlerinden \u00f6\u011frenecekleri daha k\u00fc\u00e7\u00fck gruplara ay\u0131rd\u0131lar.\u00a0Program, yayg\u0131n e\u011fitim teknikleri arac\u0131l\u0131\u011f\u0131yla \u00e7e\u015fitli oturumlar\u0131 kolayla\u015ft\u0131ran ve kat\u0131l\u0131mc\u0131lar\u0131n birbirleriyle ba\u011flant\u0131 kurmas\u0131na ve birbirlerini tan\u0131mas\u0131na yard\u0131mc\u0131 olan deneyimli e\u011fitmenlerden olu\u015fan bir ekip taraf\u0131ndan kolayla\u015ft\u0131r\u0131ld\u0131.<\/p>\n<p class=\"p1\"><span class=\"s1\">\u00dcye olmayan organizasyondan kat\u0131l\u0131mc\u0131lar da DYPALL hakk\u0131nda daha fazla bilgi edinmek i\u00e7in haz\u0131r bulundular ve kim bilir? belki yak\u0131n gelecekte a\u011fa kat\u0131lmak!<\/span><\/p>\n<p class=\"p1\"><span class=\"s1\">Nihai rapor yak\u0131nda \u00e7\u0131kacak, bu arada Konferans hakk\u0131nda daha fazla bilgi edinebilir ve foto\u011fraflar\u0131 kontrol edebilirsiniz. <a href=\"https:\/\/www.facebook.com\/cooperativa.ecos\/media_set?set=a.1038410566212610.1073741828.100001310293509&amp;type=3\"><span class=\"s2\">Facebook<\/span><\/a>.<\/span><\/p>\n<p class=\"p1\">\n<hr \/>\n<p class=\"p1\"><a href=\"#_ftnref1\" name=\"_ftn1\">[1]<\/a> Gen\u00e7lerin Yerel ve B\u00f6lgesel Ya\u015fama Kat\u0131l\u0131m\u0131na \u0130li\u015fkin Avrupa \u015eart\u0131, Avrupa Konseyi Yerel ve B\u00f6lgesel Y\u00f6netimler Kongresi, May\u0131s 2003.<\/p>","protected":false},"excerpt":{"rendered":"<p>Herhangi bir toplumun demokratik ya\u015fam\u0131na kat\u0131l\u0131m, \u00f6nemli unsurlar olmas\u0131na ra\u011fmen, oy kullanmaktan veya se\u00e7ime kat\u0131lmaktan daha fazlas\u0131d\u0131r. Kat\u0131l\u0131m ve aktif vatanda\u015fl\u0131k, kararlara kat\u0131lma ve kararlar\u0131 etkileme ve eylem ve faaliyetlerde bulunma hakk\u0131na, ara\u00e7lar\u0131na, alan\u0131na ve f\u0131rsat\u0131na ve gerekti\u011finde deste\u011fine sahip olmakla ilgilidir... <a class=\"more-link\" href=\"https:\/\/dypall.com\/tr\/activity\/international-conference-developing-our-territories-through-youth-participation-in-decision-making\/\">Okumaya devam et <span class=\"screen-reader-text\">Uluslararas\u0131 Konferans  \u2047 Karar Vermeye Gen\u00e7lik Kat\u0131l\u0131m\u0131 Yoluyla B\u00f6lgelerimizi Geli\u015ftirmek  \u2047<\/span><\/a><\/p>","protected":false},"author":2,"featured_media":0,"comment_status":"closed","ping_status":"open","sticky":false,"template":"","format":"standard","meta":{"_acf_changed":false,"_jetpack_memberships_contains_paid_content":false,"footnotes":""},"categories":[111,112],"tags":[113,115],"class_list":["post-97","post","type-post","status-publish","format-standard","hentry","category-activity","category-conference","tag-conference","tag-seminar","entry"],"acf":[],"yoast_head":"<!-- This site is optimized with the Yoast SEO plugin v22.8 - https:\/\/yoast.com\/wordpress\/plugins\/seo\/ -->\n<title>International Conference &quot;Developing Our Territories Through Youth Participation in Decision Making&quot; - DYPALL Network<\/title>\n<meta name=\"robots\" content=\"index, follow, max-snippet:-1, max-image-preview:large, max-video-preview:-1\" \/>\n<link rel=\"canonical\" href=\"https:\/\/dypall.com\/tr\/activity\/international-conference-developing-our-territories-through-youth-participation-in-decision-making\/\" \/>\n<meta property=\"og:locale\" content=\"tr_TR\" \/>\n<meta property=\"og:type\" content=\"article\" \/>\n<meta property=\"og:title\" content=\"International Conference &quot;Developing Our Territories Through Youth Participation in Decision Making&quot; - DYPALL Network\" \/>\n<meta property=\"og:description\" content=\"&#8220;Participation in the democratic life of any community is about more than voting or standing for election, although these are important elements. Participation and active citizenship is about having the right, the means, the space and the opportunity and where necessary the support to participate in and influence decisions and engaging in actions and activities&hellip; Okumaya devam et International Conference &#8220;Developing Our Territories Through Youth Participation in Decision Making&#8221;\" \/>\n<meta property=\"og:url\" content=\"https:\/\/dypall.com\/tr\/activity\/international-conference-developing-our-territories-through-youth-participation-in-decision-making\/\" \/>\n<meta property=\"og:site_name\" content=\"DYPALL Network\" \/>\n<meta property=\"article:published_time\" content=\"2016-04-18T06:00:53+00:00\" \/>\n<meta name=\"author\" content=\"dypall\" \/>\n<meta name=\"twitter:card\" content=\"summary_large_image\" \/>\n<meta name=\"twitter:label1\" content=\"Written by\" \/>\n\t<meta name=\"twitter:data1\" content=\"dypall\" \/>\n\t<meta name=\"twitter:label2\" content=\"Est. reading time\" \/>\n\t<meta name=\"twitter:data2\" content=\"3 dakika\" \/>\n<script type=\"application\/ld+json\" class=\"yoast-schema-graph\">{\"@context\":\"https:\/\/schema.org\",\"@graph\":[{\"@type\":\"WebPage\",\"@id\":\"https:\/\/dypall.com\/activity\/international-conference-developing-our-territories-through-youth-participation-in-decision-making\/\",\"url\":\"https:\/\/dypall.com\/activity\/international-conference-developing-our-territories-through-youth-participation-in-decision-making\/\",\"name\":\"International Conference \\\"Developing Our Territories Through Youth Participation in Decision Making\\\" - DYPALL Network\",\"isPartOf\":{\"@id\":\"https:\/\/dypall.com\/#website\"},\"datePublished\":\"2016-04-18T06:00:53+00:00\",\"dateModified\":\"2016-04-18T06:00:53+00:00\",\"author\":{\"@id\":\"https:\/\/dypall.com\/#\/schema\/person\/206350efe851997fcdedef75d118766b\"},\"breadcrumb\":{\"@id\":\"https:\/\/dypall.com\/activity\/international-conference-developing-our-territories-through-youth-participation-in-decision-making\/#breadcrumb\"},\"inLanguage\":\"tr\",\"potentialAction\":[{\"@type\":\"ReadAction\",\"target\":[\"https:\/\/dypall.com\/activity\/international-conference-developing-our-territories-through-youth-participation-in-decision-making\/\"]}]},{\"@type\":\"BreadcrumbList\",\"@id\":\"https:\/\/dypall.com\/activity\/international-conference-developing-our-territories-through-youth-participation-in-decision-making\/#breadcrumb\",\"itemListElement\":[{\"@type\":\"ListItem\",\"position\":1,\"name\":\"Home\",\"item\":\"https:\/\/dypall.com\/\"},{\"@type\":\"ListItem\",\"position\":2,\"name\":\"International Conference &#8220;Developing Our Territories Through Youth Participation in Decision Making&#8221;\"}]},{\"@type\":\"WebSite\",\"@id\":\"https:\/\/dypall.com\/#website\",\"url\":\"https:\/\/dypall.com\/\",\"name\":\"DYPALL Network\",\"description\":\"We are a European network of civil society organisations, municipalities and research institutions dedicated to improving democracy through youth participation.\",\"potentialAction\":[{\"@type\":\"SearchAction\",\"target\":{\"@type\":\"EntryPoint\",\"urlTemplate\":\"https:\/\/dypall.com\/?s={search_term_string}\"},\"query-input\":\"required name=search_term_string\"}],\"inLanguage\":\"tr\"},{\"@type\":\"Person\",\"@id\":\"https:\/\/dypall.com\/#\/schema\/person\/206350efe851997fcdedef75d118766b\",\"name\":\"dypall\",\"image\":{\"@type\":\"ImageObject\",\"inLanguage\":\"tr\",\"@id\":\"https:\/\/dypall.com\/#\/schema\/person\/image\/\",\"url\":\"https:\/\/secure.gravatar.com\/avatar\/14e8d3d8841cd0bdf69915120bcf9fcfac1567f1dc7035664907322ac47efe29?s=96&d=mm&r=g\",\"contentUrl\":\"https:\/\/secure.gravatar.com\/avatar\/14e8d3d8841cd0bdf69915120bcf9fcfac1567f1dc7035664907322ac47efe29?s=96&d=mm&r=g\",\"caption\":\"dypall\"},\"url\":\"https:\/\/dypall.com\/tr\/author\/dypall_info\/\"}]}<\/script>\n<!-- \/ Yoast SEO plugin. -->","yoast_head_json":{"title":"International Conference \"Developing Our Territories Through Youth Participation in Decision Making\" - DYPALL Network","robots":{"index":"index","follow":"follow","max-snippet":"max-snippet:-1","max-image-preview":"max-image-preview:large","max-video-preview":"max-video-preview:-1"},"canonical":"https:\/\/dypall.com\/tr\/activity\/international-conference-developing-our-territories-through-youth-participation-in-decision-making\/","og_locale":"tr_TR","og_type":"article","og_title":"International Conference \"Developing Our Territories Through Youth Participation in Decision Making\" - DYPALL Network","og_description":"&#8220;Participation in the democratic life of any community is about more than voting or standing for election, although these are important elements. Participation and active citizenship is about having the right, the means, the space and the opportunity and where necessary the support to participate in and influence decisions and engaging in actions and activities&hellip; Okumaya devam et International Conference &#8220;Developing Our Territories Through Youth Participation in Decision Making&#8221;","og_url":"https:\/\/dypall.com\/tr\/activity\/international-conference-developing-our-territories-through-youth-participation-in-decision-making\/","og_site_name":"DYPALL Network","article_published_time":"2016-04-18T06:00:53+00:00","author":"dypall","twitter_card":"summary_large_image","twitter_misc":{"Written by":"dypall","Est. reading time":"3 dakika"},"schema":{"@context":"https:\/\/schema.org","@graph":[{"@type":"WebPage","@id":"https:\/\/dypall.com\/activity\/international-conference-developing-our-territories-through-youth-participation-in-decision-making\/","url":"https:\/\/dypall.com\/activity\/international-conference-developing-our-territories-through-youth-participation-in-decision-making\/","name":"International Conference \"Developing Our Territories Through Youth Participation in Decision Making\" - DYPALL Network","isPartOf":{"@id":"https:\/\/dypall.com\/#website"},"datePublished":"2016-04-18T06:00:53+00:00","dateModified":"2016-04-18T06:00:53+00:00","author":{"@id":"https:\/\/dypall.com\/#\/schema\/person\/206350efe851997fcdedef75d118766b"},"breadcrumb":{"@id":"https:\/\/dypall.com\/activity\/international-conference-developing-our-territories-through-youth-participation-in-decision-making\/#breadcrumb"},"inLanguage":"tr","potentialAction":[{"@type":"ReadAction","target":["https:\/\/dypall.com\/activity\/international-conference-developing-our-territories-through-youth-participation-in-decision-making\/"]}]},{"@type":"BreadcrumbList","@id":"https:\/\/dypall.com\/activity\/international-conference-developing-our-territories-through-youth-participation-in-decision-making\/#breadcrumb","itemListElement":[{"@type":"ListItem","position":1,"name":"Home","item":"https:\/\/dypall.com\/"},{"@type":"ListItem","position":2,"name":"International Conference &#8220;Developing Our Territories Through Youth Participation in Decision Making&#8221;"}]},{"@type":"WebSite","@id":"https:\/\/dypall.com\/#website","url":"https:\/\/dypall.com\/","name":"DYPALL Network","description":"We are a European network of civil society organisations, municipalities and research institutions dedicated to improving democracy through youth participation.","potentialAction":[{"@type":"SearchAction","target":{"@type":"EntryPoint","urlTemplate":"https:\/\/dypall.com\/?s={search_term_string}"},"query-input":"required name=search_term_string"}],"inLanguage":"tr"},{"@type":"Person","@id":"https:\/\/dypall.com\/#\/schema\/person\/206350efe851997fcdedef75d118766b","name":"dypall","image":{"@type":"ImageObject","inLanguage":"tr","@id":"https:\/\/dypall.com\/#\/schema\/person\/image\/","url":"https:\/\/secure.gravatar.com\/avatar\/14e8d3d8841cd0bdf69915120bcf9fcfac1567f1dc7035664907322ac47efe29?s=96&d=mm&r=g","contentUrl":"https:\/\/secure.gravatar.com\/avatar\/14e8d3d8841cd0bdf69915120bcf9fcfac1567f1dc7035664907322ac47efe29?s=96&d=mm&r=g","caption":"dypall"},"url":"https:\/\/dypall.com\/tr\/author\/dypall_info\/"}]}},"jetpack_featured_media_url":"","jetpack_sharing_enabled":true,"_links":{"self":[{"href":"https:\/\/dypall.com\/tr\/wp-json\/wp\/v2\/posts\/97","targetHints":{"allow":["GET"]}}],"collection":[{"href":"https:\/\/dypall.com\/tr\/wp-json\/wp\/v2\/posts"}],"about":[{"href":"https:\/\/dypall.com\/tr\/wp-json\/wp\/v2\/types\/post"}],"author":[{"embeddable":true,"href":"https:\/\/dypall.com\/tr\/wp-json\/wp\/v2\/users\/2"}],"replies":[{"embeddable":true,"href":"https:\/\/dypall.com\/tr\/wp-json\/wp\/v2\/comments?post=97"}],"version-history":[{"count":0,"href":"https:\/\/dypall.com\/tr\/wp-json\/wp\/v2\/posts\/97\/revisions"}],"wp:attachment":[{"href":"https:\/\/dypall.com\/tr\/wp-json\/wp\/v2\/media?parent=97"}],"wp:term":[{"taxonomy":"category","embeddable":true,"href":"https:\/\/dypall.com\/tr\/wp-json\/wp\/v2\/categories?post=97"},{"taxonomy":"post_tag","embeddable":true,"href":"https:\/\/dypall.com\/tr\/wp-json\/wp\/v2\/tags?post=97"}],"curies":[{"name":"wp","href":"https:\/\/api.w.org\/{rel}","templated":true}]}}