{"id":8313,"date":"2025-05-28T14:58:58","date_gmt":"2025-05-28T14:58:58","guid":{"rendered":"https:\/\/dypall.com\/?p=8313"},"modified":"2025-05-28T14:58:59","modified_gmt":"2025-05-28T14:58:59","slug":"partnership-building-activity-building-synergies-for-quality-local-democracies-and-study-visit-youth-participation-for-quality-local-democracies-in-braga-portugal","status":"publish","type":"post","link":"https:\/\/dypall.com\/tr\/activity\/partnership-building-activity-building-synergies-for-quality-local-democracies-and-study-visit-youth-participation-for-quality-local-democracies-in-braga-portugal\/","title":{"rendered":"Ortakl\u0131k kurma etkinli\u011fi  \u2047 Kaliteli yerel demokrasiler i\u00e7in sinerji olu\u015fturma \u2047  ve \u00c7al\u0131\u015fma ziyareti  \u2047 Portekiz, Braga'da kaliteli yerel demokrasiler i\u00e7in gen\u00e7lik kat\u0131l\u0131m\u0131 \u2047 ."},"content":{"rendered":"<p>Ortakl\u0131k kurma faaliyeti <strong><em>\u2047 Kaliteli yerel demokrasiler i\u00e7in sinerji olu\u015fturma  \u2047<\/em><\/strong> \u00c7al\u0131\u015fma Ziyareti <strong><em>Kaliteli yerel demokrasiler i\u00e7in gen\u00e7lik kat\u0131l\u0131m\u0131<\/em><\/strong>, DYPALL Network taraf\u0131ndan Braga belediyesi ile i\u015fbirli\u011fi i\u00e7inde d\u00fczenlenen iki paralel etkinlik, 12-17 May\u0131s tarihleri aras\u0131nda Portekiz'in Braga kentinde ger\u00e7ekle\u015fti.<\/p>\n\n\n\n<p><br>Hafta boyunca, 18 \u00fclkeden kat\u0131l\u0131mc\u0131lar Avrupa gen\u00e7lik politikas\u0131 \u00e7er\u00e7evelerini ke\u015ffetmek i\u00e7in bir araya geldi. \u00c7al\u0131\u015fma ziyareti in\u015fa etmeyi ama\u00e7lad\u0131 <strong>g\u00fc\u00e7l\u00fc ortakl\u0131klar<\/strong> aras\u0131nda <strong>Kategori: Gen\u00e7lik \u00f6rg\u00fctleri<\/strong> ve <strong>Kategori: Gen\u00e7lik i\u015f\u00e7ileri<\/strong> PBA, yeni projeler i\u00e7in alan a\u00e7arken, farkl\u0131 ger\u00e7ekleri de\u011fi\u015f toku\u015f etmek, iyi uygulamalar\u0131, metodolojileri ve ara\u00e7lar\u0131 te\u015fvik etmek ve gen\u00e7lerin yerel d\u00fczeyde karar alma s\u00fcrecine kat\u0131l\u0131m\u0131 konusunda i\u015fbirli\u011fi projeleri geli\u015ftirmek i\u00e7in bir alan yaratmay\u0131 ama\u00e7lam\u0131\u015ft\u0131r. <strong>2019-2027 AB Gen\u00e7lik Stratejisi<\/strong> ve <strong>Erasmus+ Program\u0131<\/strong>.<\/p>\n\n\n\n<p><br>\u00c7al\u0131\u015fma ziyareti kat\u0131l\u0131mc\u0131lar\u0131 ke\u015ffetmeye getirdi <strong>Kategori: Sinerji<\/strong>, Engelli \u00e7ocuklara ve ya\u015fl\u0131lara bo\u015f zaman ve aktivite alanlar\u0131 sunarak onlar\u0131 destekleyen bir organizasyondur. Braga'daki en b\u00fcy\u00fck organizasyonlardan biridir ve farkl\u0131 faaliyetler i\u00e7in kullan\u0131lan bir t\u0131bbi alan da dahil olmak \u00fczere \u00e7e\u015fitli kamusal alanlar\u0131 y\u00f6netir.<br><\/p>\n\n\n\n<p>Ziyaret ettikleri bir di\u011fer organizasyon ise okuldur. <strong>Dona Radyo'nun<\/strong>, Braga'n\u0131n en b\u00fcy\u00fcklerinden biri. M\u00fczik \u00e7alarak ve duyurular yaparak okul tatillerini daha e\u011flenceli hale getirmeye yard\u0131mc\u0131 olan kapsay\u0131c\u0131 bir radyo projeleri var. Bir dahil etme projesinin bir par\u00e7as\u0131 olarak, bu TV'leri sa\u011f\u0131r \u00f6\u011frenciler i\u00e7in i\u00e7erik g\u00f6r\u00fcnt\u00fclemek i\u00e7in kullan\u0131rlar.<\/p>\n\n\n\n<p><br>Son olarak, ziyaret <strong>K\u0131z\u0131l Ha\u00e7'\u0131n Braga<\/strong> Roman halk\u0131n\u0131 topluma entegre olmalar\u0131 i\u00e7in nas\u0131l desteklediklerini, i\u015f bulmalar\u0131n\u0131, yer almalar\u0131n\u0131 ve k\u00fclt\u00fcrel etkinliklere kat\u0131lmalar\u0131n\u0131 te\u015fvik ettiklerini g\u00f6sterdi. Ayr\u0131ca gen\u00e7lerle birlikte \u00e7al\u0131\u015f\u0131rlar, g\u00f6n\u00fcll\u00fcl\u00fc\u011f\u00fc ve siyasi kat\u0131l\u0131m\u0131 te\u015fvik ederler ve \u00f6\u011frenci dernekleriyle i\u015fbirli\u011fi yaparlar.<\/p>\n\n\n\n<p><br>DYPALL Network \u00fcyeleri i\u00e7in \u00f6zel olarak tasarlanan PBA etkinli\u011fi, gen\u00e7lerin yerel politikalar tasarlamaya kat\u0131l\u0131m\u0131n\u0131 te\u015fvik edebilecek ve demokrasinin durumuna yans\u0131tabilecek projeler geli\u015ftirmek i\u00e7in alanda \u00e7al\u0131\u015fan di\u011fer Avrupa kurulu\u015flar\u0131n\u0131 tan\u0131mak ve tan\u0131mak i\u00e7in bir platform olarak hizmet etti. Kat\u0131l\u0131mc\u0131lar, Erasmus+ program\u0131 kapsam\u0131nda sa\u011flanan destek \u00e7er\u00e7evesini ara\u015ft\u0131rd\u0131lar ve proje fikirlerini desteklemek i\u00e7in ara\u00e7lar olarak sundu\u011fu \u00f6nceliklere ve kilit eylemlere daha yak\u0131ndan bakt\u0131lar.<\/p>\n\n\n\n<p><br>Faaliyetler, Portekiz Ulusal Ajans\u0131 arac\u0131l\u0131\u011f\u0131yla Avrupa Birli\u011fi Erasmus + Program\u0131 taraf\u0131ndan ortakla\u015fa finanse edildi ve a\u015fa\u011f\u0131daki kurulu\u015flar\u0131n kat\u0131l\u0131m\u0131n\u0131 g\u00f6rd\u00fcler:<br>Yerel Konseyler \u2047  Association Malta, Centar E8, Youth Horizon, CARE Caucasus, INEDNET Information and Education Development Network Armenia, Habitat Association, Agenzia per la Promozione dei Giovani APS, Youth for Democracy (Georgia), Asociatia Nuclee, Democracy and Law Youth Association, Danimarka yerel gen\u00e7lik konseyleri a\u011f\u0131, Donum Animus, Rural Development Foundation, disINFORMED Foundation, Nationale Jeugdraad (Hollanda Ulusal Gen\u00e7lik Konseyi), Mitrovica Belediyesi, Uygulamal\u0131 Teknik ve Okul \u00d6ncesi \u00c7al\u0131\u015fmalar\u0131 Akademisi, Euro-Med Jugendverband e.V., Berlin \u015eiddetsiz \u0130leti\u015fim Enstit\u00fcs\u00fc, Level-Up Ukraine: Open Hub for Development and Initiatives (Kalk\u0131nma ve Giri\u015fimler i\u00e7in A\u00e7\u0131k Merkez), Paris Gen\u00e7lik Konseyi, Yerel Demokrasi ve Kalk\u0131nma Vakf\u0131, Odak ve Gen\u00e7lik Merkezi Veles, Kooperatif Bir Avrupa Hareketi.<\/p>\n\n\n\n<figure class=\"wp-block-gallery has-nested-images columns-default is-cropped wp-block-gallery-1 is-layout-flex wp-block-gallery-is-layout-flex\">\n<figure class=\"wp-block-image size-large\"><img loading=\"lazy\" decoding=\"async\" width=\"2560\" height=\"1707\" data-id=\"8321\" src=\"https:\/\/dypall.com\/wp-content\/uploads\/2025\/05\/DSC_0020-scaled.jpg\" alt=\"\" class=\"wp-image-8321\" srcset=\"https:\/\/dypall.com\/wp-content\/uploads\/2025\/05\/DSC_0020-scaled.jpg 2560w, https:\/\/dypall.com\/wp-content\/uploads\/2025\/05\/DSC_0020-768x512.jpg 768w, https:\/\/dypall.com\/wp-content\/uploads\/2025\/05\/DSC_0020-1536x1024.jpg 1536w, https:\/\/dypall.com\/wp-content\/uploads\/2025\/05\/DSC_0020-2048x1365.jpg 2048w, https:\/\/dypall.com\/wp-content\/uploads\/2025\/05\/DSC_0020-1568x1045.jpg 1568w\" sizes=\"auto, (max-width: 2560px) 100vw, 2560px\" \/><\/figure>\n\n\n\n<figure class=\"wp-block-image size-large\"><img loading=\"lazy\" decoding=\"async\" width=\"2560\" height=\"1707\" data-id=\"8320\" src=\"https:\/\/dypall.com\/wp-content\/uploads\/2025\/05\/DSC_0992-scaled.jpg\" alt=\"\" class=\"wp-image-8320\" srcset=\"https:\/\/dypall.com\/wp-content\/uploads\/2025\/05\/DSC_0992-scaled.jpg 2560w, https:\/\/dypall.com\/wp-content\/uploads\/2025\/05\/DSC_0992-768x512.jpg 768w, https:\/\/dypall.com\/wp-content\/uploads\/2025\/05\/DSC_0992-1536x1024.jpg 1536w, https:\/\/dypall.com\/wp-content\/uploads\/2025\/05\/DSC_0992-2048x1365.jpg 2048w, https:\/\/dypall.com\/wp-content\/uploads\/2025\/05\/DSC_0992-1568x1045.jpg 1568w\" sizes=\"auto, (max-width: 2560px) 100vw, 2560px\" \/><\/figure>\n\n\n\n<figure class=\"wp-block-image size-large\"><img loading=\"lazy\" decoding=\"async\" width=\"2560\" height=\"1707\" data-id=\"8319\" src=\"https:\/\/dypall.com\/wp-content\/uploads\/2025\/05\/DSC_1017-scaled.jpg\" alt=\"\" class=\"wp-image-8319\" srcset=\"https:\/\/dypall.com\/wp-content\/uploads\/2025\/05\/DSC_1017-scaled.jpg 2560w, https:\/\/dypall.com\/wp-content\/uploads\/2025\/05\/DSC_1017-768x512.jpg 768w, https:\/\/dypall.com\/wp-content\/uploads\/2025\/05\/DSC_1017-1536x1024.jpg 1536w, https:\/\/dypall.com\/wp-content\/uploads\/2025\/05\/DSC_1017-2048x1365.jpg 2048w, https:\/\/dypall.com\/wp-content\/uploads\/2025\/05\/DSC_1017-1568x1045.jpg 1568w\" sizes=\"auto, (max-width: 2560px) 100vw, 2560px\" \/><\/figure>\n\n\n\n<figure class=\"wp-block-image size-large\"><img loading=\"lazy\" decoding=\"async\" width=\"2560\" height=\"1707\" data-id=\"8318\" src=\"https:\/\/dypall.com\/wp-content\/uploads\/2025\/05\/DSC_1034-scaled.jpg\" alt=\"\" class=\"wp-image-8318\" srcset=\"https:\/\/dypall.com\/wp-content\/uploads\/2025\/05\/DSC_1034-scaled.jpg 2560w, https:\/\/dypall.com\/wp-content\/uploads\/2025\/05\/DSC_1034-768x512.jpg 768w, https:\/\/dypall.com\/wp-content\/uploads\/2025\/05\/DSC_1034-1536x1024.jpg 1536w, https:\/\/dypall.com\/wp-content\/uploads\/2025\/05\/DSC_1034-2048x1365.jpg 2048w, https:\/\/dypall.com\/wp-content\/uploads\/2025\/05\/DSC_1034-1568x1045.jpg 1568w\" sizes=\"auto, (max-width: 2560px) 100vw, 2560px\" \/><\/figure>\n\n\n\n<figure class=\"wp-block-image size-large\"><img loading=\"lazy\" decoding=\"async\" width=\"2560\" height=\"1707\" data-id=\"8317\" src=\"https:\/\/dypall.com\/wp-content\/uploads\/2025\/05\/DSC09157-scaled.jpg\" alt=\"\" class=\"wp-image-8317\" srcset=\"https:\/\/dypall.com\/wp-content\/uploads\/2025\/05\/DSC09157-scaled.jpg 2560w, https:\/\/dypall.com\/wp-content\/uploads\/2025\/05\/DSC09157-768x512.jpg 768w, https:\/\/dypall.com\/wp-content\/uploads\/2025\/05\/DSC09157-1536x1024.jpg 1536w, https:\/\/dypall.com\/wp-content\/uploads\/2025\/05\/DSC09157-2048x1365.jpg 2048w, https:\/\/dypall.com\/wp-content\/uploads\/2025\/05\/DSC09157-1568x1045.jpg 1568w\" sizes=\"auto, (max-width: 2560px) 100vw, 2560px\" \/><\/figure>\n\n\n\n<figure class=\"wp-block-image size-large\"><img loading=\"lazy\" decoding=\"async\" width=\"2560\" height=\"1707\" data-id=\"8316\" src=\"https:\/\/dypall.com\/wp-content\/uploads\/2025\/05\/DSC09189-scaled.jpg\" alt=\"\" class=\"wp-image-8316\" srcset=\"https:\/\/dypall.com\/wp-content\/uploads\/2025\/05\/DSC09189-scaled.jpg 2560w, https:\/\/dypall.com\/wp-content\/uploads\/2025\/05\/DSC09189-768x512.jpg 768w, https:\/\/dypall.com\/wp-content\/uploads\/2025\/05\/DSC09189-1536x1024.jpg 1536w, https:\/\/dypall.com\/wp-content\/uploads\/2025\/05\/DSC09189-2048x1365.jpg 2048w, https:\/\/dypall.com\/wp-content\/uploads\/2025\/05\/DSC09189-1568x1045.jpg 1568w\" sizes=\"auto, (max-width: 2560px) 100vw, 2560px\" \/><\/figure>\n\n\n\n<figure class=\"wp-block-image size-large\"><img loading=\"lazy\" decoding=\"async\" width=\"2560\" height=\"1707\" data-id=\"8315\" src=\"https:\/\/dypall.com\/wp-content\/uploads\/2025\/05\/DSC09227-scaled.jpg\" alt=\"\" class=\"wp-image-8315\" srcset=\"https:\/\/dypall.com\/wp-content\/uploads\/2025\/05\/DSC09227-scaled.jpg 2560w, https:\/\/dypall.com\/wp-content\/uploads\/2025\/05\/DSC09227-768x512.jpg 768w, https:\/\/dypall.com\/wp-content\/uploads\/2025\/05\/DSC09227-1536x1024.jpg 1536w, https:\/\/dypall.com\/wp-content\/uploads\/2025\/05\/DSC09227-2048x1365.jpg 2048w, https:\/\/dypall.com\/wp-content\/uploads\/2025\/05\/DSC09227-1568x1045.jpg 1568w\" sizes=\"auto, (max-width: 2560px) 100vw, 2560px\" \/><\/figure>\n\n\n\n<figure class=\"wp-block-image size-large\"><img loading=\"lazy\" decoding=\"async\" width=\"2560\" height=\"1920\" data-id=\"8314\" src=\"https:\/\/dypall.com\/wp-content\/uploads\/2025\/05\/IMG_1280-scaled.jpg\" alt=\"\" class=\"wp-image-8314\" srcset=\"https:\/\/dypall.com\/wp-content\/uploads\/2025\/05\/IMG_1280-scaled.jpg 2560w, https:\/\/dypall.com\/wp-content\/uploads\/2025\/05\/IMG_1280-768x576.jpg 768w, https:\/\/dypall.com\/wp-content\/uploads\/2025\/05\/IMG_1280-1536x1152.jpg 1536w, https:\/\/dypall.com\/wp-content\/uploads\/2025\/05\/IMG_1280-2048x1536.jpg 2048w, https:\/\/dypall.com\/wp-content\/uploads\/2025\/05\/IMG_1280-1568x1176.jpg 1568w\" sizes=\"auto, (max-width: 2560px) 100vw, 2560px\" \/><\/figure>\n<\/figure>","protected":false},"excerpt":{"rendered":"<p>DYPALL Network taraf\u0131ndan Braga belediyesi ile i\u015fbirli\u011fi i\u00e7inde d\u00fczenlenen iki paralel etkinlik olan  \u2047 Building synergies for quality local democracies \u2047  Ortakl\u0131k kurma etkinli\u011fi ve  \u2047 Youth participation for quality local democracies \u2047  \u00c7al\u0131\u015fma ziyareti 12-17 May\u0131s tarihleri aras\u0131nda Portekiz'in Braga kentinde ger\u00e7ekle\u015fti. Hafta boyunca, 18 \u00fclkeden kat\u0131l\u0131mc\u0131lar Avrupa'y\u0131 ke\u015ffetmek i\u00e7in bir araya geldi... <a class=\"more-link\" href=\"https:\/\/dypall.com\/tr\/activity\/partnership-building-activity-building-synergies-for-quality-local-democracies-and-study-visit-youth-participation-for-quality-local-democracies-in-braga-portugal\/\">Okumaya devam et <span class=\"screen-reader-text\">Ortakl\u0131k kurma etkinli\u011fi  \u2047 Kaliteli yerel demokrasiler i\u00e7in sinerji olu\u015fturma \u2047  ve \u00c7al\u0131\u015fma ziyareti  \u2047 Portekiz, Braga'da kaliteli yerel demokrasiler i\u00e7in gen\u00e7lik kat\u0131l\u0131m\u0131 \u2047 .<\/span><\/a><\/p>","protected":false},"author":5,"featured_media":8319,"comment_status":"closed","ping_status":"open","sticky":false,"template":"","format":"standard","meta":{"_acf_changed":false,"_jetpack_memberships_contains_paid_content":false,"footnotes":""},"categories":[111,152],"tags":[],"class_list":["post-8313","post","type-post","status-publish","format-standard","has-post-thumbnail","hentry","category-activity","category-study-visits","entry"],"acf":[],"yoast_head":"<!-- This site is optimized with the Yoast SEO plugin v22.8 - https:\/\/yoast.com\/wordpress\/plugins\/seo\/ -->\n<title>Partnership building activity \u201cBuilding synergies for quality local democracies\u201d and Study visit \u201cYouth participation for quality local democracies\u201d in Braga, Portugal. - DYPALL Network<\/title>\n<meta name=\"robots\" content=\"index, follow, max-snippet:-1, max-image-preview:large, max-video-preview:-1\" \/>\n<link rel=\"canonical\" href=\"https:\/\/dypall.com\/tr\/activity\/partnership-building-activity-building-synergies-for-quality-local-democracies-and-study-visit-youth-participation-for-quality-local-democracies-in-braga-portugal\/\" \/>\n<meta property=\"og:locale\" content=\"tr_TR\" \/>\n<meta property=\"og:type\" content=\"article\" \/>\n<meta property=\"og:title\" content=\"Partnership building activity \u201cBuilding synergies for quality local democracies\u201d and Study visit \u201cYouth participation for quality local democracies\u201d in Braga, Portugal. - DYPALL Network\" \/>\n<meta property=\"og:description\" content=\"The Partnership building activity \u201cBuilding synergies for quality local democracies\u201d and the Study visit \u201cYouth participation for quality local democracies\u201d, two parallel events organised by DYPALL Network in cooperation with Braga municipality, took place from 12th to 17th May in Braga, Portugal. Over the week, participants from 18 countries came together to explore the European&hellip; Okumaya devam et Partnership building activity \u201cBuilding synergies for quality local democracies\u201d and Study visit \u201cYouth participation for quality local democracies\u201d in Braga, Portugal.\" \/>\n<meta property=\"og:url\" content=\"https:\/\/dypall.com\/tr\/activity\/partnership-building-activity-building-synergies-for-quality-local-democracies-and-study-visit-youth-participation-for-quality-local-democracies-in-braga-portugal\/\" \/>\n<meta property=\"og:site_name\" content=\"DYPALL Network\" \/>\n<meta property=\"article:published_time\" content=\"2025-05-28T14:58:58+00:00\" \/>\n<meta property=\"article:modified_time\" content=\"2025-05-28T14:58:59+00:00\" \/>\n<meta property=\"og:image\" content=\"https:\/\/dypall.com\/wp-content\/uploads\/2025\/05\/DSC_1017-scaled.jpg\" \/>\n\t<meta property=\"og:image:width\" content=\"2560\" \/>\n\t<meta property=\"og:image:height\" content=\"1707\" \/>\n\t<meta property=\"og:image:type\" content=\"image\/jpeg\" \/>\n<meta name=\"author\" content=\"DYPALL Network\" \/>\n<meta name=\"twitter:card\" content=\"summary_large_image\" \/>\n<meta name=\"twitter:label1\" content=\"Written by\" \/>\n\t<meta name=\"twitter:data1\" content=\"DYPALL Network\" \/>\n\t<meta name=\"twitter:label2\" content=\"Est. reading time\" \/>\n\t<meta name=\"twitter:data2\" content=\"4 dakika\" \/>\n<script type=\"application\/ld+json\" class=\"yoast-schema-graph\">{\"@context\":\"https:\/\/schema.org\",\"@graph\":[{\"@type\":\"WebPage\",\"@id\":\"https:\/\/dypall.com\/activity\/partnership-building-activity-building-synergies-for-quality-local-democracies-and-study-visit-youth-participation-for-quality-local-democracies-in-braga-portugal\/\",\"url\":\"https:\/\/dypall.com\/activity\/partnership-building-activity-building-synergies-for-quality-local-democracies-and-study-visit-youth-participation-for-quality-local-democracies-in-braga-portugal\/\",\"name\":\"Partnership building activity \u201cBuilding synergies for quality local democracies\u201d and Study visit \u201cYouth participation for quality local democracies\u201d in Braga, Portugal. - DYPALL Network\",\"isPartOf\":{\"@id\":\"https:\/\/dypall.com\/#website\"},\"primaryImageOfPage\":{\"@id\":\"https:\/\/dypall.com\/activity\/partnership-building-activity-building-synergies-for-quality-local-democracies-and-study-visit-youth-participation-for-quality-local-democracies-in-braga-portugal\/#primaryimage\"},\"image\":{\"@id\":\"https:\/\/dypall.com\/activity\/partnership-building-activity-building-synergies-for-quality-local-democracies-and-study-visit-youth-participation-for-quality-local-democracies-in-braga-portugal\/#primaryimage\"},\"thumbnailUrl\":\"https:\/\/dypall.com\/wp-content\/uploads\/2025\/05\/DSC_1017-scaled.jpg\",\"datePublished\":\"2025-05-28T14:58:58+00:00\",\"dateModified\":\"2025-05-28T14:58:59+00:00\",\"author\":{\"@id\":\"https:\/\/dypall.com\/#\/schema\/person\/e87206094ce8bcf88449b35f00e40fb1\"},\"breadcrumb\":{\"@id\":\"https:\/\/dypall.com\/activity\/partnership-building-activity-building-synergies-for-quality-local-democracies-and-study-visit-youth-participation-for-quality-local-democracies-in-braga-portugal\/#breadcrumb\"},\"inLanguage\":\"tr\",\"potentialAction\":[{\"@type\":\"ReadAction\",\"target\":[\"https:\/\/dypall.com\/activity\/partnership-building-activity-building-synergies-for-quality-local-democracies-and-study-visit-youth-participation-for-quality-local-democracies-in-braga-portugal\/\"]}]},{\"@type\":\"ImageObject\",\"inLanguage\":\"tr\",\"@id\":\"https:\/\/dypall.com\/activity\/partnership-building-activity-building-synergies-for-quality-local-democracies-and-study-visit-youth-participation-for-quality-local-democracies-in-braga-portugal\/#primaryimage\",\"url\":\"https:\/\/dypall.com\/wp-content\/uploads\/2025\/05\/DSC_1017-scaled.jpg\",\"contentUrl\":\"https:\/\/dypall.com\/wp-content\/uploads\/2025\/05\/DSC_1017-scaled.jpg\",\"width\":2560,\"height\":1707},{\"@type\":\"BreadcrumbList\",\"@id\":\"https:\/\/dypall.com\/activity\/partnership-building-activity-building-synergies-for-quality-local-democracies-and-study-visit-youth-participation-for-quality-local-democracies-in-braga-portugal\/#breadcrumb\",\"itemListElement\":[{\"@type\":\"ListItem\",\"position\":1,\"name\":\"Home\",\"item\":\"https:\/\/dypall.com\/\"},{\"@type\":\"ListItem\",\"position\":2,\"name\":\"Partnership building activity \u201cBuilding synergies for quality local democracies\u201d and Study visit \u201cYouth participation for quality local democracies\u201d in Braga, Portugal.\"}]},{\"@type\":\"WebSite\",\"@id\":\"https:\/\/dypall.com\/#website\",\"url\":\"https:\/\/dypall.com\/\",\"name\":\"DYPALL Network\",\"description\":\"We are a European network of civil society organisations, municipalities and research institutions dedicated to improving democracy through youth participation.\",\"potentialAction\":[{\"@type\":\"SearchAction\",\"target\":{\"@type\":\"EntryPoint\",\"urlTemplate\":\"https:\/\/dypall.com\/?s={search_term_string}\"},\"query-input\":\"required name=search_term_string\"}],\"inLanguage\":\"tr\"},{\"@type\":\"Person\",\"@id\":\"https:\/\/dypall.com\/#\/schema\/person\/e87206094ce8bcf88449b35f00e40fb1\",\"name\":\"DYPALL Network\",\"image\":{\"@type\":\"ImageObject\",\"inLanguage\":\"tr\",\"@id\":\"https:\/\/dypall.com\/#\/schema\/person\/image\/\",\"url\":\"https:\/\/secure.gravatar.com\/avatar\/1061d2d4c9b4f1a9b496774795b5deac1200dfd1d3abecb8f85cf8b580e6963b?s=96&d=mm&r=g\",\"contentUrl\":\"https:\/\/secure.gravatar.com\/avatar\/1061d2d4c9b4f1a9b496774795b5deac1200dfd1d3abecb8f85cf8b580e6963b?s=96&d=mm&r=g\",\"caption\":\"DYPALL Network\"},\"sameAs\":[\"https:\/\/dypall.com\/\"],\"url\":\"https:\/\/dypall.com\/tr\/author\/dypallonsteroids\/\"}]}<\/script>\n<!-- \/ Yoast SEO plugin. -->","yoast_head_json":{"title":"Partnership building activity \u201cBuilding synergies for quality local democracies\u201d and Study visit \u201cYouth participation for quality local democracies\u201d in Braga, Portugal. - DYPALL Network","robots":{"index":"index","follow":"follow","max-snippet":"max-snippet:-1","max-image-preview":"max-image-preview:large","max-video-preview":"max-video-preview:-1"},"canonical":"https:\/\/dypall.com\/tr\/activity\/partnership-building-activity-building-synergies-for-quality-local-democracies-and-study-visit-youth-participation-for-quality-local-democracies-in-braga-portugal\/","og_locale":"tr_TR","og_type":"article","og_title":"Partnership building activity \u201cBuilding synergies for quality local democracies\u201d and Study visit \u201cYouth participation for quality local democracies\u201d in Braga, Portugal. - DYPALL Network","og_description":"The Partnership building activity \u201cBuilding synergies for quality local democracies\u201d and the Study visit \u201cYouth participation for quality local democracies\u201d, two parallel events organised by DYPALL Network in cooperation with Braga municipality, took place from 12th to 17th May in Braga, Portugal. Over the week, participants from 18 countries came together to explore the European&hellip; Okumaya devam et Partnership building activity \u201cBuilding synergies for quality local democracies\u201d and Study visit \u201cYouth participation for quality local democracies\u201d in Braga, Portugal.","og_url":"https:\/\/dypall.com\/tr\/activity\/partnership-building-activity-building-synergies-for-quality-local-democracies-and-study-visit-youth-participation-for-quality-local-democracies-in-braga-portugal\/","og_site_name":"DYPALL Network","article_published_time":"2025-05-28T14:58:58+00:00","article_modified_time":"2025-05-28T14:58:59+00:00","og_image":[{"width":2560,"height":1707,"url":"https:\/\/dypall.com\/wp-content\/uploads\/2025\/05\/DSC_1017-scaled.jpg","type":"image\/jpeg"}],"author":"DYPALL Network","twitter_card":"summary_large_image","twitter_misc":{"Written by":"DYPALL Network","Est. reading time":"4 dakika"},"schema":{"@context":"https:\/\/schema.org","@graph":[{"@type":"WebPage","@id":"https:\/\/dypall.com\/activity\/partnership-building-activity-building-synergies-for-quality-local-democracies-and-study-visit-youth-participation-for-quality-local-democracies-in-braga-portugal\/","url":"https:\/\/dypall.com\/activity\/partnership-building-activity-building-synergies-for-quality-local-democracies-and-study-visit-youth-participation-for-quality-local-democracies-in-braga-portugal\/","name":"Partnership building activity \u201cBuilding synergies for quality local democracies\u201d and Study visit \u201cYouth participation for quality local democracies\u201d in Braga, Portugal. - DYPALL Network","isPartOf":{"@id":"https:\/\/dypall.com\/#website"},"primaryImageOfPage":{"@id":"https:\/\/dypall.com\/activity\/partnership-building-activity-building-synergies-for-quality-local-democracies-and-study-visit-youth-participation-for-quality-local-democracies-in-braga-portugal\/#primaryimage"},"image":{"@id":"https:\/\/dypall.com\/activity\/partnership-building-activity-building-synergies-for-quality-local-democracies-and-study-visit-youth-participation-for-quality-local-democracies-in-braga-portugal\/#primaryimage"},"thumbnailUrl":"https:\/\/dypall.com\/wp-content\/uploads\/2025\/05\/DSC_1017-scaled.jpg","datePublished":"2025-05-28T14:58:58+00:00","dateModified":"2025-05-28T14:58:59+00:00","author":{"@id":"https:\/\/dypall.com\/#\/schema\/person\/e87206094ce8bcf88449b35f00e40fb1"},"breadcrumb":{"@id":"https:\/\/dypall.com\/activity\/partnership-building-activity-building-synergies-for-quality-local-democracies-and-study-visit-youth-participation-for-quality-local-democracies-in-braga-portugal\/#breadcrumb"},"inLanguage":"tr","potentialAction":[{"@type":"ReadAction","target":["https:\/\/dypall.com\/activity\/partnership-building-activity-building-synergies-for-quality-local-democracies-and-study-visit-youth-participation-for-quality-local-democracies-in-braga-portugal\/"]}]},{"@type":"ImageObject","inLanguage":"tr","@id":"https:\/\/dypall.com\/activity\/partnership-building-activity-building-synergies-for-quality-local-democracies-and-study-visit-youth-participation-for-quality-local-democracies-in-braga-portugal\/#primaryimage","url":"https:\/\/dypall.com\/wp-content\/uploads\/2025\/05\/DSC_1017-scaled.jpg","contentUrl":"https:\/\/dypall.com\/wp-content\/uploads\/2025\/05\/DSC_1017-scaled.jpg","width":2560,"height":1707},{"@type":"BreadcrumbList","@id":"https:\/\/dypall.com\/activity\/partnership-building-activity-building-synergies-for-quality-local-democracies-and-study-visit-youth-participation-for-quality-local-democracies-in-braga-portugal\/#breadcrumb","itemListElement":[{"@type":"ListItem","position":1,"name":"Home","item":"https:\/\/dypall.com\/"},{"@type":"ListItem","position":2,"name":"Partnership building activity \u201cBuilding synergies for quality local democracies\u201d and Study visit \u201cYouth participation for quality local democracies\u201d in Braga, Portugal."}]},{"@type":"WebSite","@id":"https:\/\/dypall.com\/#website","url":"https:\/\/dypall.com\/","name":"DYPALL Network","description":"We are a European network of civil society organisations, municipalities and research institutions dedicated to improving democracy through youth participation.","potentialAction":[{"@type":"SearchAction","target":{"@type":"EntryPoint","urlTemplate":"https:\/\/dypall.com\/?s={search_term_string}"},"query-input":"required name=search_term_string"}],"inLanguage":"tr"},{"@type":"Person","@id":"https:\/\/dypall.com\/#\/schema\/person\/e87206094ce8bcf88449b35f00e40fb1","name":"DYPALL Network","image":{"@type":"ImageObject","inLanguage":"tr","@id":"https:\/\/dypall.com\/#\/schema\/person\/image\/","url":"https:\/\/secure.gravatar.com\/avatar\/1061d2d4c9b4f1a9b496774795b5deac1200dfd1d3abecb8f85cf8b580e6963b?s=96&d=mm&r=g","contentUrl":"https:\/\/secure.gravatar.com\/avatar\/1061d2d4c9b4f1a9b496774795b5deac1200dfd1d3abecb8f85cf8b580e6963b?s=96&d=mm&r=g","caption":"DYPALL Network"},"sameAs":["https:\/\/dypall.com\/"],"url":"https:\/\/dypall.com\/tr\/author\/dypallonsteroids\/"}]}},"jetpack_featured_media_url":"https:\/\/dypall.com\/wp-content\/uploads\/2025\/05\/DSC_1017-scaled.jpg","jetpack_sharing_enabled":true,"_links":{"self":[{"href":"https:\/\/dypall.com\/tr\/wp-json\/wp\/v2\/posts\/8313","targetHints":{"allow":["GET"]}}],"collection":[{"href":"https:\/\/dypall.com\/tr\/wp-json\/wp\/v2\/posts"}],"about":[{"href":"https:\/\/dypall.com\/tr\/wp-json\/wp\/v2\/types\/post"}],"author":[{"embeddable":true,"href":"https:\/\/dypall.com\/tr\/wp-json\/wp\/v2\/users\/5"}],"replies":[{"embeddable":true,"href":"https:\/\/dypall.com\/tr\/wp-json\/wp\/v2\/comments?post=8313"}],"version-history":[{"count":1,"href":"https:\/\/dypall.com\/tr\/wp-json\/wp\/v2\/posts\/8313\/revisions"}],"predecessor-version":[{"id":8322,"href":"https:\/\/dypall.com\/tr\/wp-json\/wp\/v2\/posts\/8313\/revisions\/8322"}],"wp:featuredmedia":[{"embeddable":true,"href":"https:\/\/dypall.com\/tr\/wp-json\/wp\/v2\/media\/8319"}],"wp:attachment":[{"href":"https:\/\/dypall.com\/tr\/wp-json\/wp\/v2\/media?parent=8313"}],"wp:term":[{"taxonomy":"category","embeddable":true,"href":"https:\/\/dypall.com\/tr\/wp-json\/wp\/v2\/categories?post=8313"},{"taxonomy":"post_tag","embeddable":true,"href":"https:\/\/dypall.com\/tr\/wp-json\/wp\/v2\/tags?post=8313"}],"curies":[{"name":"wp","href":"https:\/\/api.w.org\/{rel}","templated":true}]}}