{"id":8169,"date":"2025-01-10T10:15:46","date_gmt":"2025-01-10T10:15:46","guid":{"rendered":"https:\/\/dypall.com\/?p=8169"},"modified":"2025-01-10T10:16:39","modified_gmt":"2025-01-10T10:16:39","slug":"human-2nd-transnational-partnership-council-in-athens-greece","status":"publish","type":"post","link":"https:\/\/dypall.com\/tr\/activity\/human-2nd-transnational-partnership-council-in-athens-greece\/","title":{"rendered":"\u2047 HUMAN \u2047  2. Ulus\u00f6tesi Ortakl\u0131k Konseyi, Atina, Yunanistan"},"content":{"rendered":"<p>\u0130NSAN projesi ortaklar\u0131 &amp; amp; payda\u015flar 3. ve 4. Aral\u0131k 2024'te Atina, Yunanistan'da 2. Ulus\u00f6tesi Ortakl\u0131k Konseyi i\u00e7in bir araya gelirken, paralel olarak Uluslararas\u0131 konferansa kat\u0131ld\u0131lar <strong><em>\u2047  Re\u015fit olmayanlar aras\u0131nda zorbal\u0131\u011f\u0131 ve \u015fiddeti \u00f6nleme ve ele alma  \u2047<\/em><\/strong> Yunanistan E\u011fitim, Diyanet \u0130\u015fleri ve Spor Bakanl\u0131\u011f\u0131 ve K\u0131br\u0131s E\u011fitim, Spor ve Gen\u00e7lik Bakanl\u0131\u011f\u0131'n\u0131n himayesinde Avrupa Zorbal\u0131kla M\u00fccadele A\u011f\u0131 ve \u00c7ocu\u011fun G\u00fcl\u00fcmsemesi taraf\u0131ndan ortakla\u015fa d\u00fczenlendi.<\/p>\n\n\n\n<p>Uluslararas\u0131 konferans, 3 Aral\u0131k Sal\u0131 g\u00fcn\u00fc Atina'n\u0131n merkezindeki Novotel Athens Hotel'de, Yunanistan'dan ve Avrupa'n\u0131n \u00e7e\u015fitli \u00fclkelerinden (H\u0131rvatistan, K\u0131br\u0131s, \u0130zlanda, \u0130rlanda, \u0130talya, Litvanya, Norve\u00e7, Slovenya, \u0130spanya, \u0130sve\u00e7 ve \u0130ngiltere, a.o.) 100'den fazla kat\u0131l\u0131mc\u0131yla ger\u00e7ekle\u015ftirildi. \u00f6\u011fretmenler, e\u011fitimciler, sivil toplum akt\u00f6rleri, devlet yetkilileri ve di\u011fer payda\u015flar. Konferans, \u0130NSAN projesi \u00e7er\u00e7evesinde Yunanistan'da \u00c7e\u015fitlilik i\u00e7in Gen\u00e7lik Paneli'nden olu\u015fan  \u2047 The Smile of the Child \u2047  Avrupa \u00d6\u011frenci G\u00f6n\u00fcll\u00fc A\u011f\u0131 YouSmile temsilcileri taraf\u0131ndan a\u00e7\u0131ld\u0131.<\/p>\n\n\n\n<p>Uluslararas\u0131 konferans s\u0131ras\u0131nda, HUMAN projesi ve HIT &amp; YCREATE gibi ge\u00e7mi\u015f AB taraf\u0131ndan finanse edilen projeler, Rinova M\u00e1laga S.L.'den profesyonellerin e\u011fitimine yat\u0131r\u0131m yapman\u0131n gen\u00e7lerin \u00e7evrimi\u00e7i ve amp; \u00e7evrimd\u0131\u015f\u0131 nefret s\u00f6ylemine kar\u015f\u0131 direncini g\u00fc\u00e7lendirmeye nas\u0131l yol a\u00e7abilece\u011fine odaklanarak sunuldu. \u0130NSAN proje ortaklar\u0131 &amp; amp; payda\u015flar, gen\u00e7lik \u015fiddeti ve amp ile m\u00fccadele i\u00e7in \u00e7e\u015fitli \u00f6nleme eylemleri ve \u00f6\u011frenme, uygulamaya dayal\u0131 programlar sundu; Slovenya, \u0130sve\u00e7, Portekiz, \u0130spanya ve Yunanistan'da kar\u015f\u0131 nefret s\u00f6ylemi, e\u011fitim toplulu\u011funa, sivil toplum akt\u00f6rlerine, devlet yetkililerine ve konferansa kat\u0131lan di\u011fer payda\u015flara ilham verdi.<\/p>\n\n\n\n<p>TPC'nin 2. g\u00fcn\u00fcnde, \u0130NSAN projesinin ortaklar\u0131 ve amp; payda\u015flar\u0131 <strong>Panhellenic Operasyon Merkezi  \u2047<em>Andreas Yannopoulos<\/em><\/strong>\u2047  Proje Koordinat\u00f6r\u00fc  \u2047 The Smile of the Child \u2047  at Aghia Paraskevi for monitoring and validation of HUMAN project \u2047 s deliverables and activities \u2047  progress until then.<\/p>\n\n\n\n<p>Proje Koordinat\u00f6r\u00fc  \u2047 \u00c7ocu\u011fun G\u00fcl\u00fcmsemesi \u2047 , TSoC \u2047 s Yard\u0131m Hatlar\u0131 Operasyon Merkezi'nin kar\u015f\u0131lama selamlar\u0131 ve k\u0131sa bir y\u00fcz y\u00fcze sunumu ile toplant\u0131ya ba\u015flad\u0131; YouSmile Network \u2047 s St\u00fcdyosu; SOSYAL POL\u0130KL\u0130N\u0130K; Aghia Paraskevi'de g\u00f6n\u00fcll\u00fcler vb.<\/p>\n\n\n\n<p>Daha sonra, WP2 \u2047 s lideri olarak Rinova M\u00e1laga S.L., son s\u00fcr\u00fcm\u00fcn\u00fc sundu <strong>Dijital Nefret Kesici Aktivizm i\u00e7in D2.1 K\u0131lavuzu<\/strong> ve dinlenme ortaklar\u0131 bunu do\u011frulad\u0131. Ayr\u0131ca, Rinova M\u00e1laga S.L. <strong>D2.2 Dijital Nefret Kesici Aktivizm \u00c7evrimi\u00e7i \u00d6\u011frenme Platformu<\/strong> Y\u0131l sonundan \u00f6nce piyasaya s\u00fcr\u00fclecek. Devam\u0131nda , WP3 \u2047 s lideri olarak MuLaB ile ilgili g\u00f6revleri sundu <strong>D3.1 Dan\u0131\u015fma Raporu<\/strong>, <strong>D3.2 \u00c7evrimi\u00e7i ulus\u00f6tesi Mesleki Geli\u015fim Seminerleri<\/strong> ve <strong>D3.3 \u00dclkeye \u00f6zel \u00f6\u011frenme faaliyetleri<\/strong> t\u00fcm ortak \u00fclkelerde.<\/p>\n\n\n\n<p>T\u00fcm ortaklar, \u0130NSAN projesinin kendi \u00fclkelerindeki faaliyetlerinin ilerlemesini sundular ve \u015fimdiye kadar ortaya \u00e7\u0131kan sonu\u00e7lar i\u00e7in geri bildirimde bulundular. Bunu takiben WP5 \u2047 s &amp; WP1 \u2047 s sunumlar\u0131 ger\u00e7ekle\u015ftirildi<br>DYPALL Network taraf\u0131ndan.,  \u2047 \u00c7ocu\u011fun G\u00fcl\u00fcmsemesi \u2047  ve Rinova M\u00e1laga S.L. odakland\u0131 <strong>Yayg\u0131nla\u015ft\u0131rma eylemleri<\/strong>, <strong>project \u2047 s kalite de\u011ferlendirmesi<\/strong> &amp; amp; amp; <strong>etki de\u011ferlendirmesi<\/strong>.<\/p>\n\n\n\n<p>Toplant\u0131n\u0131n sonunda, projenin zaman \u00e7izelgesine uygun olarak, yap\u0131lacak sonraki ad\u0131mlar \u0130NSAN Konsorsiyumu taraf\u0131ndan belirlendi.<\/p>\n\n\n\n<p>Proje, Rinova M\u00e1laga S.L., Folkuniversitetet , Sosyal \u0130novasyon Merkezi  \u2047  CSI, Universidade NOVA de Lisboa, Znanstveno-raziskovalno sredi\u0161\u010de Koper , Mulab, Avrupa Zorbal\u0131k Kar\u015f\u0131t\u0131 A\u011f\u0131 ve DYPALL A\u011f\u0131 ile ortakla\u015fa  \u2047  The Smile of the Child taraf\u0131ndan koordine edilmektedir.<\/p>\n\n\n\n<p>Avrupa Birli\u011fi taraf\u0131ndan finanse edilmektedir. Bununla birlikte, ifade edilen g\u00f6r\u00fc\u015fler ve g\u00f6r\u00fc\u015fler yaln\u0131zca yazar(lar)a aittir ve mutlaka Avrupa Birli\u011fi veya Avrupa Komisyonu'nun g\u00f6r\u00fc\u015flerini yans\u0131tmaz. Ne Avrupa Birli\u011fi ne de Avrupa Komisyonu bunlardan sorumlu tutulamaz.<\/p>\n\n\n\n<figure class=\"wp-block-gallery has-nested-images columns-default is-cropped wp-block-gallery-1 is-layout-flex wp-block-gallery-is-layout-flex\">\n<figure class=\"wp-block-image size-large\"><img loading=\"lazy\" decoding=\"async\" width=\"2560\" height=\"1920\" data-id=\"8173\" src=\"https:\/\/dypall.com\/wp-content\/uploads\/2025\/01\/IMG_8115-1-scaled.jpg\" alt=\"\" class=\"wp-image-8173\" srcset=\"https:\/\/dypall.com\/wp-content\/uploads\/2025\/01\/IMG_8115-1-scaled.jpg 2560w, https:\/\/dypall.com\/wp-content\/uploads\/2025\/01\/IMG_8115-1-768x576.jpg 768w, https:\/\/dypall.com\/wp-content\/uploads\/2025\/01\/IMG_8115-1-1536x1152.jpg 1536w, https:\/\/dypall.com\/wp-content\/uploads\/2025\/01\/IMG_8115-1-2048x1536.jpg 2048w, https:\/\/dypall.com\/wp-content\/uploads\/2025\/01\/IMG_8115-1-1568x1176.jpg 1568w\" sizes=\"auto, (max-width: 2560px) 100vw, 2560px\" \/><\/figure>\n\n\n\n<figure class=\"wp-block-image size-large\"><img loading=\"lazy\" decoding=\"async\" width=\"1600\" height=\"778\" data-id=\"8172\" src=\"https:\/\/dypall.com\/wp-content\/uploads\/2025\/01\/IMG_8104-1.jpg\" alt=\"\" class=\"wp-image-8172\" srcset=\"https:\/\/dypall.com\/wp-content\/uploads\/2025\/01\/IMG_8104-1.jpg 1600w, https:\/\/dypall.com\/wp-content\/uploads\/2025\/01\/IMG_8104-1-768x373.jpg 768w, https:\/\/dypall.com\/wp-content\/uploads\/2025\/01\/IMG_8104-1-1536x747.jpg 1536w, https:\/\/dypall.com\/wp-content\/uploads\/2025\/01\/IMG_8104-1-1568x762.jpg 1568w\" sizes=\"auto, (max-width: 1600px) 100vw, 1600px\" \/><\/figure>\n<\/figure>\n\n\n\n<figure class=\"wp-block-gallery has-nested-images columns-default is-cropped wp-block-gallery-2 is-layout-flex wp-block-gallery-is-layout-flex\">\n<figure class=\"wp-block-image size-large\"><img loading=\"lazy\" decoding=\"async\" width=\"1205\" height=\"802\" data-id=\"8175\" src=\"https:\/\/dypall.com\/wp-content\/uploads\/2025\/01\/Screenshot-2025-01-10-101356.png\" alt=\"\" class=\"wp-image-8175\" srcset=\"https:\/\/dypall.com\/wp-content\/uploads\/2025\/01\/Screenshot-2025-01-10-101356.png 1205w, https:\/\/dypall.com\/wp-content\/uploads\/2025\/01\/Screenshot-2025-01-10-101356-768x511.png 768w\" sizes=\"auto, (max-width: 1205px) 100vw, 1205px\" \/><\/figure>\n\n\n\n<figure class=\"wp-block-image size-large\"><img loading=\"lazy\" decoding=\"async\" width=\"1062\" height=\"710\" data-id=\"8174\" src=\"https:\/\/dypall.com\/wp-content\/uploads\/2025\/01\/Screenshot-2025-01-10-101412.png\" alt=\"\" class=\"wp-image-8174\" srcset=\"https:\/\/dypall.com\/wp-content\/uploads\/2025\/01\/Screenshot-2025-01-10-101412.png 1062w, https:\/\/dypall.com\/wp-content\/uploads\/2025\/01\/Screenshot-2025-01-10-101412-768x513.png 768w\" sizes=\"auto, (max-width: 1062px) 100vw, 1062px\" \/><\/figure>\n<\/figure>","protected":false},"excerpt":{"rendered":"<p>\u0130NSAN proje ortaklar\u0131 &amp; amp; payda\u015flar, 2. Ulus\u00f6tesi Ortakl\u0131k Konseyi i\u00e7in 3 ve 4 Aral\u0131k 2024'te Atina, Yunanistan'da bir araya gelirken, paralel olarak Avrupa Zorbal\u0131k Kar\u015f\u0131t\u0131 A\u011f\u0131 ve \u00c7ocu\u011fun G\u00fcl\u00fcmsemesi taraf\u0131ndan ortakla\u015fa d\u00fczenlenen Uluslararas\u0131 konferansa kat\u0131ld\u0131lar. <a class=\"more-link\" href=\"https:\/\/dypall.com\/tr\/activity\/human-2nd-transnational-partnership-council-in-athens-greece\/\">Okumaya devam et <span class=\"screen-reader-text\">\u2047 HUMAN \u2047  2. Ulus\u00f6tesi Ortakl\u0131k Konseyi, Atina, Yunanistan<\/span><\/a><\/p>","protected":false},"author":5,"featured_media":8173,"comment_status":"open","ping_status":"open","sticky":false,"template":"","format":"standard","meta":{"_acf_changed":false,"_jetpack_memberships_contains_paid_content":false,"footnotes":""},"categories":[111],"tags":[113,235],"class_list":["post-8169","post","type-post","status-publish","format-standard","has-post-thumbnail","hentry","category-activity","tag-conference","tag-transnational-partnership-council","entry"],"acf":[],"yoast_head":"<!-- This site is optimized with the Yoast SEO plugin v22.8 - https:\/\/yoast.com\/wordpress\/plugins\/seo\/ -->\n<title>&quot;HUMAN&quot; 2nd Transnational Partnership Council in Athens, Greece - DYPALL Network<\/title>\n<meta name=\"robots\" content=\"index, follow, max-snippet:-1, max-image-preview:large, max-video-preview:-1\" \/>\n<link rel=\"canonical\" href=\"https:\/\/dypall.com\/tr\/activity\/human-2nd-transnational-partnership-council-in-athens-greece\/\" \/>\n<meta property=\"og:locale\" content=\"tr_TR\" \/>\n<meta property=\"og:type\" content=\"article\" \/>\n<meta property=\"og:title\" content=\"&quot;HUMAN&quot; 2nd Transnational Partnership Council in Athens, Greece - DYPALL Network\" \/>\n<meta property=\"og:description\" content=\"HUMAN project\u2019s partners &amp; stakeholders met at Athens, Greece in 3rd and 4th December 2024 for the 2nd Transnational Partnership Council while in parallel they participated in the International conference &#8220;Preventing and addressing bullying and violence among minors&#8221; which was co-organized by European Antibullying Network and The Smile of the Child, under the auspices of&hellip; Okumaya devam et &#8220;HUMAN&#8221; 2nd Transnational Partnership Council in Athens, Greece\" \/>\n<meta property=\"og:url\" content=\"https:\/\/dypall.com\/tr\/activity\/human-2nd-transnational-partnership-council-in-athens-greece\/\" \/>\n<meta property=\"og:site_name\" content=\"DYPALL Network\" \/>\n<meta property=\"article:published_time\" content=\"2025-01-10T10:15:46+00:00\" \/>\n<meta property=\"article:modified_time\" content=\"2025-01-10T10:16:39+00:00\" \/>\n<meta name=\"author\" content=\"DYPALL Network\" \/>\n<meta name=\"twitter:card\" content=\"summary_large_image\" \/>\n<meta name=\"twitter:label1\" content=\"Written by\" \/>\n\t<meta name=\"twitter:data1\" content=\"DYPALL Network\" \/>\n\t<meta name=\"twitter:label2\" content=\"Est. reading time\" \/>\n\t<meta name=\"twitter:data2\" content=\"4 dakika\" \/>\n<script type=\"application\/ld+json\" class=\"yoast-schema-graph\">{\"@context\":\"https:\/\/schema.org\",\"@graph\":[{\"@type\":\"WebPage\",\"@id\":\"https:\/\/dypall.com\/activity\/human-2nd-transnational-partnership-council-in-athens-greece\/\",\"url\":\"https:\/\/dypall.com\/activity\/human-2nd-transnational-partnership-council-in-athens-greece\/\",\"name\":\"\\\"HUMAN\\\" 2nd Transnational Partnership Council in Athens, Greece - DYPALL Network\",\"isPartOf\":{\"@id\":\"https:\/\/dypall.com\/#website\"},\"primaryImageOfPage\":{\"@id\":\"https:\/\/dypall.com\/activity\/human-2nd-transnational-partnership-council-in-athens-greece\/#primaryimage\"},\"image\":{\"@id\":\"https:\/\/dypall.com\/activity\/human-2nd-transnational-partnership-council-in-athens-greece\/#primaryimage\"},\"thumbnailUrl\":\"https:\/\/dypall.com\/wp-content\/uploads\/2025\/01\/IMG_8115-1-scaled.jpg\",\"datePublished\":\"2025-01-10T10:15:46+00:00\",\"dateModified\":\"2025-01-10T10:16:39+00:00\",\"author\":{\"@id\":\"https:\/\/dypall.com\/#\/schema\/person\/e87206094ce8bcf88449b35f00e40fb1\"},\"breadcrumb\":{\"@id\":\"https:\/\/dypall.com\/activity\/human-2nd-transnational-partnership-council-in-athens-greece\/#breadcrumb\"},\"inLanguage\":\"tr\",\"potentialAction\":[{\"@type\":\"ReadAction\",\"target\":[\"https:\/\/dypall.com\/activity\/human-2nd-transnational-partnership-council-in-athens-greece\/\"]}]},{\"@type\":\"ImageObject\",\"inLanguage\":\"tr\",\"@id\":\"https:\/\/dypall.com\/activity\/human-2nd-transnational-partnership-council-in-athens-greece\/#primaryimage\",\"url\":\"https:\/\/dypall.com\/wp-content\/uploads\/2025\/01\/IMG_8115-1-scaled.jpg\",\"contentUrl\":\"https:\/\/dypall.com\/wp-content\/uploads\/2025\/01\/IMG_8115-1-scaled.jpg\",\"width\":2560,\"height\":1920},{\"@type\":\"BreadcrumbList\",\"@id\":\"https:\/\/dypall.com\/activity\/human-2nd-transnational-partnership-council-in-athens-greece\/#breadcrumb\",\"itemListElement\":[{\"@type\":\"ListItem\",\"position\":1,\"name\":\"Home\",\"item\":\"https:\/\/dypall.com\/\"},{\"@type\":\"ListItem\",\"position\":2,\"name\":\"&#8220;HUMAN&#8221; 2nd Transnational Partnership Council in Athens, Greece\"}]},{\"@type\":\"WebSite\",\"@id\":\"https:\/\/dypall.com\/#website\",\"url\":\"https:\/\/dypall.com\/\",\"name\":\"DYPALL Network\",\"description\":\"We are a European network of civil society organisations, municipalities and research institutions dedicated to improving democracy through youth participation.\",\"potentialAction\":[{\"@type\":\"SearchAction\",\"target\":{\"@type\":\"EntryPoint\",\"urlTemplate\":\"https:\/\/dypall.com\/?s={search_term_string}\"},\"query-input\":\"required name=search_term_string\"}],\"inLanguage\":\"tr\"},{\"@type\":\"Person\",\"@id\":\"https:\/\/dypall.com\/#\/schema\/person\/e87206094ce8bcf88449b35f00e40fb1\",\"name\":\"DYPALL Network\",\"image\":{\"@type\":\"ImageObject\",\"inLanguage\":\"tr\",\"@id\":\"https:\/\/dypall.com\/#\/schema\/person\/image\/\",\"url\":\"https:\/\/secure.gravatar.com\/avatar\/1061d2d4c9b4f1a9b496774795b5deac1200dfd1d3abecb8f85cf8b580e6963b?s=96&d=mm&r=g\",\"contentUrl\":\"https:\/\/secure.gravatar.com\/avatar\/1061d2d4c9b4f1a9b496774795b5deac1200dfd1d3abecb8f85cf8b580e6963b?s=96&d=mm&r=g\",\"caption\":\"DYPALL Network\"},\"sameAs\":[\"https:\/\/dypall.com\/\"],\"url\":\"https:\/\/dypall.com\/tr\/author\/dypallonsteroids\/\"}]}<\/script>\n<!-- \/ Yoast SEO plugin. -->","yoast_head_json":{"title":"\"HUMAN\" 2nd Transnational Partnership Council in Athens, Greece - DYPALL Network","robots":{"index":"index","follow":"follow","max-snippet":"max-snippet:-1","max-image-preview":"max-image-preview:large","max-video-preview":"max-video-preview:-1"},"canonical":"https:\/\/dypall.com\/tr\/activity\/human-2nd-transnational-partnership-council-in-athens-greece\/","og_locale":"tr_TR","og_type":"article","og_title":"\"HUMAN\" 2nd Transnational Partnership Council in Athens, Greece - DYPALL Network","og_description":"HUMAN project\u2019s partners &amp; stakeholders met at Athens, Greece in 3rd and 4th December 2024 for the 2nd Transnational Partnership Council while in parallel they participated in the International conference &#8220;Preventing and addressing bullying and violence among minors&#8221; which was co-organized by European Antibullying Network and The Smile of the Child, under the auspices of&hellip; Okumaya devam et &#8220;HUMAN&#8221; 2nd Transnational Partnership Council in Athens, Greece","og_url":"https:\/\/dypall.com\/tr\/activity\/human-2nd-transnational-partnership-council-in-athens-greece\/","og_site_name":"DYPALL Network","article_published_time":"2025-01-10T10:15:46+00:00","article_modified_time":"2025-01-10T10:16:39+00:00","author":"DYPALL Network","twitter_card":"summary_large_image","twitter_misc":{"Written by":"DYPALL Network","Est. reading time":"4 dakika"},"schema":{"@context":"https:\/\/schema.org","@graph":[{"@type":"WebPage","@id":"https:\/\/dypall.com\/activity\/human-2nd-transnational-partnership-council-in-athens-greece\/","url":"https:\/\/dypall.com\/activity\/human-2nd-transnational-partnership-council-in-athens-greece\/","name":"\"HUMAN\" 2nd Transnational Partnership Council in Athens, Greece - DYPALL Network","isPartOf":{"@id":"https:\/\/dypall.com\/#website"},"primaryImageOfPage":{"@id":"https:\/\/dypall.com\/activity\/human-2nd-transnational-partnership-council-in-athens-greece\/#primaryimage"},"image":{"@id":"https:\/\/dypall.com\/activity\/human-2nd-transnational-partnership-council-in-athens-greece\/#primaryimage"},"thumbnailUrl":"https:\/\/dypall.com\/wp-content\/uploads\/2025\/01\/IMG_8115-1-scaled.jpg","datePublished":"2025-01-10T10:15:46+00:00","dateModified":"2025-01-10T10:16:39+00:00","author":{"@id":"https:\/\/dypall.com\/#\/schema\/person\/e87206094ce8bcf88449b35f00e40fb1"},"breadcrumb":{"@id":"https:\/\/dypall.com\/activity\/human-2nd-transnational-partnership-council-in-athens-greece\/#breadcrumb"},"inLanguage":"tr","potentialAction":[{"@type":"ReadAction","target":["https:\/\/dypall.com\/activity\/human-2nd-transnational-partnership-council-in-athens-greece\/"]}]},{"@type":"ImageObject","inLanguage":"tr","@id":"https:\/\/dypall.com\/activity\/human-2nd-transnational-partnership-council-in-athens-greece\/#primaryimage","url":"https:\/\/dypall.com\/wp-content\/uploads\/2025\/01\/IMG_8115-1-scaled.jpg","contentUrl":"https:\/\/dypall.com\/wp-content\/uploads\/2025\/01\/IMG_8115-1-scaled.jpg","width":2560,"height":1920},{"@type":"BreadcrumbList","@id":"https:\/\/dypall.com\/activity\/human-2nd-transnational-partnership-council-in-athens-greece\/#breadcrumb","itemListElement":[{"@type":"ListItem","position":1,"name":"Home","item":"https:\/\/dypall.com\/"},{"@type":"ListItem","position":2,"name":"&#8220;HUMAN&#8221; 2nd Transnational Partnership Council in Athens, Greece"}]},{"@type":"WebSite","@id":"https:\/\/dypall.com\/#website","url":"https:\/\/dypall.com\/","name":"DYPALL Network","description":"We are a European network of civil society organisations, municipalities and research institutions dedicated to improving democracy through youth participation.","potentialAction":[{"@type":"SearchAction","target":{"@type":"EntryPoint","urlTemplate":"https:\/\/dypall.com\/?s={search_term_string}"},"query-input":"required name=search_term_string"}],"inLanguage":"tr"},{"@type":"Person","@id":"https:\/\/dypall.com\/#\/schema\/person\/e87206094ce8bcf88449b35f00e40fb1","name":"DYPALL Network","image":{"@type":"ImageObject","inLanguage":"tr","@id":"https:\/\/dypall.com\/#\/schema\/person\/image\/","url":"https:\/\/secure.gravatar.com\/avatar\/1061d2d4c9b4f1a9b496774795b5deac1200dfd1d3abecb8f85cf8b580e6963b?s=96&d=mm&r=g","contentUrl":"https:\/\/secure.gravatar.com\/avatar\/1061d2d4c9b4f1a9b496774795b5deac1200dfd1d3abecb8f85cf8b580e6963b?s=96&d=mm&r=g","caption":"DYPALL Network"},"sameAs":["https:\/\/dypall.com\/"],"url":"https:\/\/dypall.com\/tr\/author\/dypallonsteroids\/"}]}},"jetpack_featured_media_url":"https:\/\/dypall.com\/wp-content\/uploads\/2025\/01\/IMG_8115-1-scaled.jpg","jetpack_sharing_enabled":true,"_links":{"self":[{"href":"https:\/\/dypall.com\/tr\/wp-json\/wp\/v2\/posts\/8169","targetHints":{"allow":["GET"]}}],"collection":[{"href":"https:\/\/dypall.com\/tr\/wp-json\/wp\/v2\/posts"}],"about":[{"href":"https:\/\/dypall.com\/tr\/wp-json\/wp\/v2\/types\/post"}],"author":[{"embeddable":true,"href":"https:\/\/dypall.com\/tr\/wp-json\/wp\/v2\/users\/5"}],"replies":[{"embeddable":true,"href":"https:\/\/dypall.com\/tr\/wp-json\/wp\/v2\/comments?post=8169"}],"version-history":[{"count":2,"href":"https:\/\/dypall.com\/tr\/wp-json\/wp\/v2\/posts\/8169\/revisions"}],"predecessor-version":[{"id":8177,"href":"https:\/\/dypall.com\/tr\/wp-json\/wp\/v2\/posts\/8169\/revisions\/8177"}],"wp:featuredmedia":[{"embeddable":true,"href":"https:\/\/dypall.com\/tr\/wp-json\/wp\/v2\/media\/8173"}],"wp:attachment":[{"href":"https:\/\/dypall.com\/tr\/wp-json\/wp\/v2\/media?parent=8169"}],"wp:term":[{"taxonomy":"category","embeddable":true,"href":"https:\/\/dypall.com\/tr\/wp-json\/wp\/v2\/categories?post=8169"},{"taxonomy":"post_tag","embeddable":true,"href":"https:\/\/dypall.com\/tr\/wp-json\/wp\/v2\/tags?post=8169"}],"curies":[{"name":"wp","href":"https:\/\/api.w.org\/{rel}","templated":true}]}}