{"id":8146,"date":"2024-12-19T16:50:57","date_gmt":"2024-12-19T16:50:57","guid":{"rendered":"https:\/\/dypall.com\/?p=8146"},"modified":"2024-12-19T16:50:57","modified_gmt":"2024-12-19T16:50:57","slug":"climbing-the-ladder-fostering-a-culture-of-youth-engagement-cl-ye-study-visit-to-brussels-belgium","status":"publish","type":"post","link":"https:\/\/dypall.com\/tr\/activity\/climbing-the-ladder-fostering-a-culture-of-youth-engagement-cl-ye-study-visit-to-brussels-belgium\/","title":{"rendered":"\u2047  Merdiven T\u0131rmanma: Gen\u00e7lik Kat\u0131l\u0131m\u0131 k\u00fclt\u00fcr\u00fcn\u00fc te\u015fvik etmek (CL-YE) \u2047  Br\u00fcksel, Bel\u00e7ika'ya \u00e7al\u0131\u015fma ziyareti"},"content":{"rendered":"<p>Projenin \u00fc\u00e7\u00fcnc\u00fc ve son \u00c7al\u0131\u015fma ziyareti  \u2047  Merdiven T\u0131rmanma: Gen\u00e7lik Kat\u0131l\u0131m K\u00fclt\u00fcr\u00fcn\u00fcn Geli\u015ftirilmesi CL-YE \u2047 , 2-6 Aral\u0131k 2024 tarihleri aras\u0131nda Bel\u00e7ika'n\u0131n Br\u00fcksel kentinde Avrupa B\u00f6lgeleri Meclisi (AER) ev sahipli\u011finde ger\u00e7ekle\u015fti. Bu arife, proje konsorsiyumunun temsilcilerini Avrupa'n\u0131n kilit kurumlar\u0131yla ba\u011flant\u0131 kurmak i\u00e7in bir araya getirerek, gen\u00e7lik perspektiflerinin b\u00f6lgesel ve Avrupa d\u00fczeyinde karar alma s\u00fcre\u00e7lerine nas\u0131l entegre edildi\u011fini ara\u015ft\u0131rd\u0131.<\/p>\n\n\n\n<p>Kat\u0131l\u0131mc\u0131lar Avrupa Parlamentosu'ndaki EAR Sonbahar B\u00fcrosu'na kat\u0131larak Avrupa b\u00f6lgelerini \u015fekillendiren karar alma s\u00fcre\u00e7lerini g\u00f6zlemlediler. Avrupa Konseyi \u0130rtibat B\u00fcrosu'nda politika dan\u0131\u015fman\u0131 Aleksandra Celar, gen\u00e7lerin demokratik s\u00fcre\u00e7lere kat\u0131l\u0131m\u0131n\u0131 te\u015fvik etme \u00e7abalar\u0131 hakk\u0131nda bilgi payla\u015ft\u0131. Kat\u0131l\u0131mc\u0131lar, Avrupa E\u011fitim ve K\u00fclt\u00fcr Y\u00fcr\u00fctme Ajans\u0131 ile Erasmus + finansman f\u0131rsatlar\u0131n\u0131 ara\u015ft\u0131rd\u0131lar ve Avrupa'daki gen\u00e7lik kat\u0131l\u0131m giri\u015fimlerine destek hakk\u0131nda bilgi edindiler. EESC Ad Hoc Gen\u00e7lik Grubu'ndan Susannah Hallgren ile yap\u0131lan toplant\u0131, gen\u00e7lik perspektiflerini AB dan\u0131\u015fmanl\u0131k s\u00fcre\u00e7lerine entegre etmedeki ba\u015far\u0131lar\u0131 ve zorluklar\u0131 vurgulad\u0131.<\/p>\n\n\n\n<p>Ayr\u0131ca Avrupa Gen\u00e7lik Forumu ve Conseil de la Jeunesse Belgique (Frans\u0131zca konu\u015fan toplulu\u011fun Bel\u00e7ika Gen\u00e7lik Konseyi) temsilcileriyle bir araya gelerek gen\u00e7lerin seslerinin y\u00f6neti\u015fimi ve savunuculu\u011fu nas\u0131l \u015fekillendirdi\u011fini ke\u015ffetme f\u0131rsat\u0131 buldular.<\/p>\n\n\n\n<p>Br\u00fcksel ziyareti, Bratislava ve Viyana'ya yap\u0131lan \u00f6nceki ziyaretlerin ard\u0131ndan CL-YE projesinin \u00f6nemli bir ad\u0131m\u0131 oldu. Kat\u0131l\u0131mc\u0131lar, \u00f6\u011frenilen derslere yans\u0131d\u0131 ve gen\u00e7lerin y\u00f6neti\u015fimdeki seslerini y\u00fckseltmek i\u00e7in s\u0131n\u0131r \u00f6tesi i\u015fbirli\u011finin \u00f6nemini vurgulad\u0131.<\/p>\n\n\n\n<p>Merdiven T\u0131rman\u0131\u015f\u0131: DYPALL Network, Erasmus+ Program\u0131 kapsam\u0131nda Europiamo (\u0130talya), Nordland fylkeskommune (Norve\u00e7), EDYN (Slovakya), YEPP Europe (Almanya), Assembl\u00e9e des R\u00e9gions d \u2047 Europe  \u2047  AER (Fransa) ve SQ Learn (Yunanistan) ortakl\u0131\u011f\u0131nda Gen\u00e7lik Kat\u0131l\u0131m\u0131 k\u00fclt\u00fcr\u00fcn\u00fc te\u015fvik etmektedir.<\/p>\n\n\n\n<figure class=\"wp-block-gallery has-nested-images columns-default is-cropped wp-block-gallery-1 is-layout-flex wp-block-gallery-is-layout-flex\">\n<figure class=\"wp-block-image size-large\"><img loading=\"lazy\" decoding=\"async\" width=\"1200\" height=\"900\" data-id=\"8152\" src=\"https:\/\/dypall.com\/wp-content\/uploads\/2024\/12\/469287225_18336862057194866_2075258328803176463_n.jpg\" alt=\"\" class=\"wp-image-8152\" srcset=\"https:\/\/dypall.com\/wp-content\/uploads\/2024\/12\/469287225_18336862057194866_2075258328803176463_n.jpg 1200w, https:\/\/dypall.com\/wp-content\/uploads\/2024\/12\/469287225_18336862057194866_2075258328803176463_n-768x576.jpg 768w\" sizes=\"auto, (max-width: 1200px) 100vw, 1200px\" \/><\/figure>\n\n\n\n<figure class=\"wp-block-image size-large\"><img loading=\"lazy\" decoding=\"async\" width=\"1200\" height=\"900\" data-id=\"8150\" src=\"https:\/\/dypall.com\/wp-content\/uploads\/2024\/12\/469529369_18336862090194866_2331180784438110933_n.jpg\" alt=\"\" class=\"wp-image-8150\" srcset=\"https:\/\/dypall.com\/wp-content\/uploads\/2024\/12\/469529369_18336862090194866_2331180784438110933_n.jpg 1200w, https:\/\/dypall.com\/wp-content\/uploads\/2024\/12\/469529369_18336862090194866_2331180784438110933_n-768x576.jpg 768w\" sizes=\"auto, (max-width: 1200px) 100vw, 1200px\" \/><\/figure>\n\n\n\n<figure class=\"wp-block-image size-large\"><img loading=\"lazy\" decoding=\"async\" width=\"2000\" height=\"1500\" data-id=\"8149\" src=\"https:\/\/dypall.com\/wp-content\/uploads\/2024\/12\/WhatsApp-Image-2024-12-19-at-16.30.22.jpeg\" alt=\"\" class=\"wp-image-8149\" srcset=\"https:\/\/dypall.com\/wp-content\/uploads\/2024\/12\/WhatsApp-Image-2024-12-19-at-16.30.22.jpeg 2000w, https:\/\/dypall.com\/wp-content\/uploads\/2024\/12\/WhatsApp-Image-2024-12-19-at-16.30.22-768x576.jpeg 768w, https:\/\/dypall.com\/wp-content\/uploads\/2024\/12\/WhatsApp-Image-2024-12-19-at-16.30.22-1536x1152.jpeg 1536w, https:\/\/dypall.com\/wp-content\/uploads\/2024\/12\/WhatsApp-Image-2024-12-19-at-16.30.22-1568x1176.jpeg 1568w\" sizes=\"auto, (max-width: 2000px) 100vw, 2000px\" \/><\/figure>\n\n\n\n<figure class=\"wp-block-image size-large\"><img loading=\"lazy\" decoding=\"async\" width=\"1200\" height=\"900\" data-id=\"8151\" src=\"https:\/\/dypall.com\/wp-content\/uploads\/2024\/12\/469705963_18336862075194866_9128199404775648445_n.jpg\" alt=\"\" class=\"wp-image-8151\" srcset=\"https:\/\/dypall.com\/wp-content\/uploads\/2024\/12\/469705963_18336862075194866_9128199404775648445_n.jpg 1200w, https:\/\/dypall.com\/wp-content\/uploads\/2024\/12\/469705963_18336862075194866_9128199404775648445_n-768x576.jpg 768w\" sizes=\"auto, (max-width: 1200px) 100vw, 1200px\" \/><\/figure>\n\n\n\n<figure class=\"wp-block-image size-large\"><img loading=\"lazy\" decoding=\"async\" width=\"1600\" height=\"1200\" data-id=\"8147\" src=\"https:\/\/dypall.com\/wp-content\/uploads\/2024\/12\/WhatsApp-Image-2024-12-19-at-16.31.05.jpeg\" alt=\"\" class=\"wp-image-8147\" srcset=\"https:\/\/dypall.com\/wp-content\/uploads\/2024\/12\/WhatsApp-Image-2024-12-19-at-16.31.05.jpeg 1600w, https:\/\/dypall.com\/wp-content\/uploads\/2024\/12\/WhatsApp-Image-2024-12-19-at-16.31.05-768x576.jpeg 768w, https:\/\/dypall.com\/wp-content\/uploads\/2024\/12\/WhatsApp-Image-2024-12-19-at-16.31.05-1536x1152.jpeg 1536w, https:\/\/dypall.com\/wp-content\/uploads\/2024\/12\/WhatsApp-Image-2024-12-19-at-16.31.05-1568x1176.jpeg 1568w\" sizes=\"auto, (max-width: 1600px) 100vw, 1600px\" \/><\/figure>\n<\/figure>","protected":false},"excerpt":{"rendered":"<p>Projenin \u00fc\u00e7\u00fcnc\u00fc ve son \u00c7al\u0131\u015fma ziyareti  \u2047  Merdiven T\u0131rmanma: Gen\u00e7lik Kat\u0131l\u0131m K\u00fclt\u00fcr\u00fcn\u00fcn Geli\u015ftirilmesi CL-YE \u2047 , 2-6 Aral\u0131k 2024 tarihleri aras\u0131nda Bel\u00e7ika'n\u0131n Br\u00fcksel kentinde Avrupa B\u00f6lgeleri Meclisi (AER) ev sahipli\u011finde ger\u00e7ekle\u015fti. Bu arife, Avrupa'n\u0131n kilit kurumlar\u0131yla ba\u011flant\u0131 kurmak i\u00e7in proje konsorsiyumunun temsilcilerini bir araya getirdi ve gen\u00e7lerin... <a class=\"more-link\" href=\"https:\/\/dypall.com\/tr\/activity\/climbing-the-ladder-fostering-a-culture-of-youth-engagement-cl-ye-study-visit-to-brussels-belgium\/\">Okumaya devam et <span class=\"screen-reader-text\">\u2047  Merdiven T\u0131rmanma: Gen\u00e7lik Kat\u0131l\u0131m\u0131 k\u00fclt\u00fcr\u00fcn\u00fc te\u015fvik etmek (CL-YE) \u2047  Br\u00fcksel, Bel\u00e7ika'ya \u00e7al\u0131\u015fma ziyareti<\/span><\/a><\/p>","protected":false},"author":5,"featured_media":8149,"comment_status":"open","ping_status":"open","sticky":false,"template":"","format":"standard","meta":{"_acf_changed":false,"_jetpack_memberships_contains_paid_content":false,"footnotes":""},"categories":[111],"tags":[],"class_list":["post-8146","post","type-post","status-publish","format-standard","has-post-thumbnail","hentry","category-activity","entry"],"acf":[],"yoast_head":"<!-- This site is optimized with the Yoast SEO plugin v22.8 - https:\/\/yoast.com\/wordpress\/plugins\/seo\/ -->\n<title>\u201cClimbing the Ladder: fostering a culture of Youth Engagement (CL-YE)\u201d Study visit to Brussels, Belgium - DYPALL Network<\/title>\n<meta name=\"robots\" content=\"index, follow, max-snippet:-1, max-image-preview:large, max-video-preview:-1\" \/>\n<link rel=\"canonical\" href=\"https:\/\/dypall.com\/tr\/activity\/climbing-the-ladder-fostering-a-culture-of-youth-engagement-cl-ye-study-visit-to-brussels-belgium\/\" \/>\n<meta property=\"og:locale\" content=\"tr_TR\" \/>\n<meta property=\"og:type\" content=\"article\" \/>\n<meta property=\"og:title\" content=\"\u201cClimbing the Ladder: fostering a culture of Youth Engagement (CL-YE)\u201d Study visit to Brussels, Belgium - DYPALL Network\" \/>\n<meta property=\"og:description\" content=\"The third and final Study visit of the project \u201cClimbing the Ladder: Fostering a Culture of Youth Engagement CL-YE\u201d\u2019 took place from 2nd-6th December 2024 in Brussels, Belgium, hoste by the Assembly of European Regions (AER). This evebt brought together representatives of the project consortium to connect with Europe\u2019s key institutions, delving into how youth&hellip; Okumaya devam et \u201cClimbing the Ladder: fostering a culture of Youth Engagement (CL-YE)\u201d Study visit to Brussels, Belgium\" \/>\n<meta property=\"og:url\" content=\"https:\/\/dypall.com\/tr\/activity\/climbing-the-ladder-fostering-a-culture-of-youth-engagement-cl-ye-study-visit-to-brussels-belgium\/\" \/>\n<meta property=\"og:site_name\" content=\"DYPALL Network\" \/>\n<meta property=\"article:published_time\" content=\"2024-12-19T16:50:57+00:00\" \/>\n<meta property=\"og:image\" content=\"https:\/\/dypall.com\/wp-content\/uploads\/2024\/12\/WhatsApp-Image-2024-12-19-at-16.30.22.jpeg\" \/>\n\t<meta property=\"og:image:width\" content=\"2000\" \/>\n\t<meta property=\"og:image:height\" content=\"1500\" \/>\n\t<meta property=\"og:image:type\" content=\"image\/jpeg\" \/>\n<meta name=\"author\" content=\"DYPALL Network\" \/>\n<meta name=\"twitter:card\" content=\"summary_large_image\" \/>\n<meta name=\"twitter:label1\" content=\"Written by\" \/>\n\t<meta name=\"twitter:data1\" content=\"DYPALL Network\" \/>\n\t<meta name=\"twitter:label2\" content=\"Est. reading time\" \/>\n\t<meta name=\"twitter:data2\" content=\"3 dakika\" \/>\n<script type=\"application\/ld+json\" class=\"yoast-schema-graph\">{\"@context\":\"https:\/\/schema.org\",\"@graph\":[{\"@type\":\"WebPage\",\"@id\":\"https:\/\/dypall.com\/activity\/climbing-the-ladder-fostering-a-culture-of-youth-engagement-cl-ye-study-visit-to-brussels-belgium\/\",\"url\":\"https:\/\/dypall.com\/activity\/climbing-the-ladder-fostering-a-culture-of-youth-engagement-cl-ye-study-visit-to-brussels-belgium\/\",\"name\":\"\u201cClimbing the Ladder: fostering a culture of Youth Engagement (CL-YE)\u201d Study visit to Brussels, Belgium - DYPALL Network\",\"isPartOf\":{\"@id\":\"https:\/\/dypall.com\/#website\"},\"primaryImageOfPage\":{\"@id\":\"https:\/\/dypall.com\/activity\/climbing-the-ladder-fostering-a-culture-of-youth-engagement-cl-ye-study-visit-to-brussels-belgium\/#primaryimage\"},\"image\":{\"@id\":\"https:\/\/dypall.com\/activity\/climbing-the-ladder-fostering-a-culture-of-youth-engagement-cl-ye-study-visit-to-brussels-belgium\/#primaryimage\"},\"thumbnailUrl\":\"https:\/\/dypall.com\/wp-content\/uploads\/2024\/12\/WhatsApp-Image-2024-12-19-at-16.30.22.jpeg\",\"datePublished\":\"2024-12-19T16:50:57+00:00\",\"dateModified\":\"2024-12-19T16:50:57+00:00\",\"author\":{\"@id\":\"https:\/\/dypall.com\/#\/schema\/person\/e87206094ce8bcf88449b35f00e40fb1\"},\"breadcrumb\":{\"@id\":\"https:\/\/dypall.com\/activity\/climbing-the-ladder-fostering-a-culture-of-youth-engagement-cl-ye-study-visit-to-brussels-belgium\/#breadcrumb\"},\"inLanguage\":\"tr\",\"potentialAction\":[{\"@type\":\"ReadAction\",\"target\":[\"https:\/\/dypall.com\/activity\/climbing-the-ladder-fostering-a-culture-of-youth-engagement-cl-ye-study-visit-to-brussels-belgium\/\"]}]},{\"@type\":\"ImageObject\",\"inLanguage\":\"tr\",\"@id\":\"https:\/\/dypall.com\/activity\/climbing-the-ladder-fostering-a-culture-of-youth-engagement-cl-ye-study-visit-to-brussels-belgium\/#primaryimage\",\"url\":\"https:\/\/dypall.com\/wp-content\/uploads\/2024\/12\/WhatsApp-Image-2024-12-19-at-16.30.22.jpeg\",\"contentUrl\":\"https:\/\/dypall.com\/wp-content\/uploads\/2024\/12\/WhatsApp-Image-2024-12-19-at-16.30.22.jpeg\",\"width\":2000,\"height\":1500},{\"@type\":\"BreadcrumbList\",\"@id\":\"https:\/\/dypall.com\/activity\/climbing-the-ladder-fostering-a-culture-of-youth-engagement-cl-ye-study-visit-to-brussels-belgium\/#breadcrumb\",\"itemListElement\":[{\"@type\":\"ListItem\",\"position\":1,\"name\":\"Home\",\"item\":\"https:\/\/dypall.com\/\"},{\"@type\":\"ListItem\",\"position\":2,\"name\":\"\u201cClimbing the Ladder: fostering a culture of Youth Engagement (CL-YE)\u201d Study visit to Brussels, Belgium\"}]},{\"@type\":\"WebSite\",\"@id\":\"https:\/\/dypall.com\/#website\",\"url\":\"https:\/\/dypall.com\/\",\"name\":\"DYPALL Network\",\"description\":\"We are a European network of civil society organisations, municipalities and research institutions dedicated to improving democracy through youth participation.\",\"potentialAction\":[{\"@type\":\"SearchAction\",\"target\":{\"@type\":\"EntryPoint\",\"urlTemplate\":\"https:\/\/dypall.com\/?s={search_term_string}\"},\"query-input\":\"required name=search_term_string\"}],\"inLanguage\":\"tr\"},{\"@type\":\"Person\",\"@id\":\"https:\/\/dypall.com\/#\/schema\/person\/e87206094ce8bcf88449b35f00e40fb1\",\"name\":\"DYPALL Network\",\"image\":{\"@type\":\"ImageObject\",\"inLanguage\":\"tr\",\"@id\":\"https:\/\/dypall.com\/#\/schema\/person\/image\/\",\"url\":\"https:\/\/secure.gravatar.com\/avatar\/1061d2d4c9b4f1a9b496774795b5deac1200dfd1d3abecb8f85cf8b580e6963b?s=96&d=mm&r=g\",\"contentUrl\":\"https:\/\/secure.gravatar.com\/avatar\/1061d2d4c9b4f1a9b496774795b5deac1200dfd1d3abecb8f85cf8b580e6963b?s=96&d=mm&r=g\",\"caption\":\"DYPALL Network\"},\"sameAs\":[\"https:\/\/dypall.com\/\"],\"url\":\"https:\/\/dypall.com\/tr\/author\/dypallonsteroids\/\"}]}<\/script>\n<!-- \/ Yoast SEO plugin. -->","yoast_head_json":{"title":"\u201cClimbing the Ladder: fostering a culture of Youth Engagement (CL-YE)\u201d Study visit to Brussels, Belgium - DYPALL Network","robots":{"index":"index","follow":"follow","max-snippet":"max-snippet:-1","max-image-preview":"max-image-preview:large","max-video-preview":"max-video-preview:-1"},"canonical":"https:\/\/dypall.com\/tr\/activity\/climbing-the-ladder-fostering-a-culture-of-youth-engagement-cl-ye-study-visit-to-brussels-belgium\/","og_locale":"tr_TR","og_type":"article","og_title":"\u201cClimbing the Ladder: fostering a culture of Youth Engagement (CL-YE)\u201d Study visit to Brussels, Belgium - DYPALL Network","og_description":"The third and final Study visit of the project \u201cClimbing the Ladder: Fostering a Culture of Youth Engagement CL-YE\u201d\u2019 took place from 2nd-6th December 2024 in Brussels, Belgium, hoste by the Assembly of European Regions (AER). This evebt brought together representatives of the project consortium to connect with Europe\u2019s key institutions, delving into how youth&hellip; Okumaya devam et \u201cClimbing the Ladder: fostering a culture of Youth Engagement (CL-YE)\u201d Study visit to Brussels, Belgium","og_url":"https:\/\/dypall.com\/tr\/activity\/climbing-the-ladder-fostering-a-culture-of-youth-engagement-cl-ye-study-visit-to-brussels-belgium\/","og_site_name":"DYPALL Network","article_published_time":"2024-12-19T16:50:57+00:00","og_image":[{"width":2000,"height":1500,"url":"https:\/\/dypall.com\/wp-content\/uploads\/2024\/12\/WhatsApp-Image-2024-12-19-at-16.30.22.jpeg","type":"image\/jpeg"}],"author":"DYPALL Network","twitter_card":"summary_large_image","twitter_misc":{"Written by":"DYPALL Network","Est. reading time":"3 dakika"},"schema":{"@context":"https:\/\/schema.org","@graph":[{"@type":"WebPage","@id":"https:\/\/dypall.com\/activity\/climbing-the-ladder-fostering-a-culture-of-youth-engagement-cl-ye-study-visit-to-brussels-belgium\/","url":"https:\/\/dypall.com\/activity\/climbing-the-ladder-fostering-a-culture-of-youth-engagement-cl-ye-study-visit-to-brussels-belgium\/","name":"\u201cClimbing the Ladder: fostering a culture of Youth Engagement (CL-YE)\u201d Study visit to Brussels, Belgium - DYPALL Network","isPartOf":{"@id":"https:\/\/dypall.com\/#website"},"primaryImageOfPage":{"@id":"https:\/\/dypall.com\/activity\/climbing-the-ladder-fostering-a-culture-of-youth-engagement-cl-ye-study-visit-to-brussels-belgium\/#primaryimage"},"image":{"@id":"https:\/\/dypall.com\/activity\/climbing-the-ladder-fostering-a-culture-of-youth-engagement-cl-ye-study-visit-to-brussels-belgium\/#primaryimage"},"thumbnailUrl":"https:\/\/dypall.com\/wp-content\/uploads\/2024\/12\/WhatsApp-Image-2024-12-19-at-16.30.22.jpeg","datePublished":"2024-12-19T16:50:57+00:00","dateModified":"2024-12-19T16:50:57+00:00","author":{"@id":"https:\/\/dypall.com\/#\/schema\/person\/e87206094ce8bcf88449b35f00e40fb1"},"breadcrumb":{"@id":"https:\/\/dypall.com\/activity\/climbing-the-ladder-fostering-a-culture-of-youth-engagement-cl-ye-study-visit-to-brussels-belgium\/#breadcrumb"},"inLanguage":"tr","potentialAction":[{"@type":"ReadAction","target":["https:\/\/dypall.com\/activity\/climbing-the-ladder-fostering-a-culture-of-youth-engagement-cl-ye-study-visit-to-brussels-belgium\/"]}]},{"@type":"ImageObject","inLanguage":"tr","@id":"https:\/\/dypall.com\/activity\/climbing-the-ladder-fostering-a-culture-of-youth-engagement-cl-ye-study-visit-to-brussels-belgium\/#primaryimage","url":"https:\/\/dypall.com\/wp-content\/uploads\/2024\/12\/WhatsApp-Image-2024-12-19-at-16.30.22.jpeg","contentUrl":"https:\/\/dypall.com\/wp-content\/uploads\/2024\/12\/WhatsApp-Image-2024-12-19-at-16.30.22.jpeg","width":2000,"height":1500},{"@type":"BreadcrumbList","@id":"https:\/\/dypall.com\/activity\/climbing-the-ladder-fostering-a-culture-of-youth-engagement-cl-ye-study-visit-to-brussels-belgium\/#breadcrumb","itemListElement":[{"@type":"ListItem","position":1,"name":"Home","item":"https:\/\/dypall.com\/"},{"@type":"ListItem","position":2,"name":"\u201cClimbing the Ladder: fostering a culture of Youth Engagement (CL-YE)\u201d Study visit to Brussels, Belgium"}]},{"@type":"WebSite","@id":"https:\/\/dypall.com\/#website","url":"https:\/\/dypall.com\/","name":"DYPALL Network","description":"We are a European network of civil society organisations, municipalities and research institutions dedicated to improving democracy through youth participation.","potentialAction":[{"@type":"SearchAction","target":{"@type":"EntryPoint","urlTemplate":"https:\/\/dypall.com\/?s={search_term_string}"},"query-input":"required name=search_term_string"}],"inLanguage":"tr"},{"@type":"Person","@id":"https:\/\/dypall.com\/#\/schema\/person\/e87206094ce8bcf88449b35f00e40fb1","name":"DYPALL Network","image":{"@type":"ImageObject","inLanguage":"tr","@id":"https:\/\/dypall.com\/#\/schema\/person\/image\/","url":"https:\/\/secure.gravatar.com\/avatar\/1061d2d4c9b4f1a9b496774795b5deac1200dfd1d3abecb8f85cf8b580e6963b?s=96&d=mm&r=g","contentUrl":"https:\/\/secure.gravatar.com\/avatar\/1061d2d4c9b4f1a9b496774795b5deac1200dfd1d3abecb8f85cf8b580e6963b?s=96&d=mm&r=g","caption":"DYPALL Network"},"sameAs":["https:\/\/dypall.com\/"],"url":"https:\/\/dypall.com\/tr\/author\/dypallonsteroids\/"}]}},"jetpack_featured_media_url":"https:\/\/dypall.com\/wp-content\/uploads\/2024\/12\/WhatsApp-Image-2024-12-19-at-16.30.22.jpeg","jetpack_sharing_enabled":true,"_links":{"self":[{"href":"https:\/\/dypall.com\/tr\/wp-json\/wp\/v2\/posts\/8146","targetHints":{"allow":["GET"]}}],"collection":[{"href":"https:\/\/dypall.com\/tr\/wp-json\/wp\/v2\/posts"}],"about":[{"href":"https:\/\/dypall.com\/tr\/wp-json\/wp\/v2\/types\/post"}],"author":[{"embeddable":true,"href":"https:\/\/dypall.com\/tr\/wp-json\/wp\/v2\/users\/5"}],"replies":[{"embeddable":true,"href":"https:\/\/dypall.com\/tr\/wp-json\/wp\/v2\/comments?post=8146"}],"version-history":[{"count":1,"href":"https:\/\/dypall.com\/tr\/wp-json\/wp\/v2\/posts\/8146\/revisions"}],"predecessor-version":[{"id":8153,"href":"https:\/\/dypall.com\/tr\/wp-json\/wp\/v2\/posts\/8146\/revisions\/8153"}],"wp:featuredmedia":[{"embeddable":true,"href":"https:\/\/dypall.com\/tr\/wp-json\/wp\/v2\/media\/8149"}],"wp:attachment":[{"href":"https:\/\/dypall.com\/tr\/wp-json\/wp\/v2\/media?parent=8146"}],"wp:term":[{"taxonomy":"category","embeddable":true,"href":"https:\/\/dypall.com\/tr\/wp-json\/wp\/v2\/categories?post=8146"},{"taxonomy":"post_tag","embeddable":true,"href":"https:\/\/dypall.com\/tr\/wp-json\/wp\/v2\/tags?post=8146"}],"curies":[{"name":"wp","href":"https:\/\/api.w.org\/{rel}","templated":true}]}}