{"id":8142,"date":"2024-11-25T14:22:39","date_gmt":"2024-11-25T14:22:39","guid":{"rendered":"https:\/\/dypall.com\/?p=8142"},"modified":"2024-12-19T14:36:24","modified_gmt":"2024-12-19T14:36:24","slug":"second-transnational-meeting-of-the-climbing-the-ladder-fostering-a-culture-of-youth-engagement-cl-ye-in-athens-greece","status":"publish","type":"post","link":"https:\/\/dypall.com\/tr\/activity\/second-transnational-meeting-of-the-climbing-the-ladder-fostering-a-culture-of-youth-engagement-cl-ye-in-athens-greece\/","title":{"rendered":"\u2047  Merdiven T\u0131rman\u0131\u015f\u0131'n\u0131n ikinci ulus\u00f6tesi toplant\u0131s\u0131: Atina, Yunanistan'da bir Gen\u00e7lik Kat\u0131l\u0131m\u0131 (CL-YE) k\u00fclt\u00fcr\u00fcn\u00fc te\u015fvik etmek"},"content":{"rendered":"<p>The <strong>\u0130kinci Ulus\u00f6tesi Ortak Toplant\u0131s\u0131<\/strong> (TPM) taraf\u0131ndan <strong><em>\u2047  Merdiven T\u0131rmanma: Gen\u00e7lik Kat\u0131l\u0131m\u0131 k\u00fclt\u00fcr\u00fcn\u00fc te\u015fvik etmek (CL-YE)  \u2047 <\/em><\/strong>Proje ger\u00e7ekle\u015fti <strong>Atina (anlam ayr\u0131m\u0131)<\/strong> 19-22 Kas\u0131m aras\u0131. Bu toplant\u0131, ortaklar\u0131 y\u00fcz y\u00fcze yeniden ba\u011flant\u0131 kurmak, ilerlemeyi de\u011ferlendirmek ve projenin sonraki a\u015famalar\u0131n\u0131 planlamak i\u00e7in bir araya getirdi.<\/p>\n\n\n\n<p>Toplant\u0131da, yakla\u015fmakta olan birka\u00e7 \u00f6nemli giri\u015fim \u00fczerinde duruldu. Kat\u0131l\u0131mc\u0131lar ilham verici organizasyonu tart\u0131\u015ft\u0131 <strong>y\u00fcz y\u00fcze etkinlikler<\/strong> Gen\u00e7lerin kat\u0131l\u0131m\u0131n\u0131 ve sivil kat\u0131l\u0131m\u0131n\u0131 te\u015fvik etmeyi ama\u00e7l\u0131yordu. Bilgilendirici yay\u0131n i\u00e7in planlar <strong>Kategori: Yay\u0131nlar <\/strong>karar alma s\u00fcre\u00e7lerinde gen\u00e7lerin kat\u0131l\u0131m\u0131n\u0131 art\u0131rmada politika yap\u0131c\u0131lara, uygulay\u0131c\u0131lara ve gen\u00e7 liderlere rehberlik edecek kaynaklar sa\u011flamaya odaklanarak ana hatlar\u0131yla belirtilmi\u015ftir. Buna ek olarak, yenilik\u00e7i bir <strong>Kategori: Dijital platform <\/strong>SQLearn taraf\u0131ndan vurgulanm\u0131\u015ft\u0131r. Bu platform, ST\u00d6'lerin, belediyelerin, gen\u00e7lik \u00e7al\u0131\u015fanlar\u0131n\u0131n, gen\u00e7lerin ve di\u011ferlerinin \u00f6zel ihtiya\u00e7lar\u0131 i\u00e7in gen\u00e7lik kat\u0131l\u0131m modelleri \u00f6nerecek ve gen\u00e7lerin kat\u0131l\u0131m\u0131 i\u00e7in en uygun stratejileri belirlemelerini sa\u011flayacakt\u0131r.<\/p>\n\n\n\n<p>\u0130leriye bakt\u0131\u011f\u0131m\u0131zda, projenin bir sonraki b\u00fcy\u00fck etkinli\u011fi bir <strong>Br\u00fcksel'e \u00e7al\u0131\u015fma ziyareti<\/strong>. Bu ziyaret s\u0131ras\u0131nda kat\u0131l\u0131mc\u0131lar, Avrupa d\u00fczeyinde gen\u00e7lerin kat\u0131l\u0131m\u0131 konusundaki anlay\u0131\u015flar\u0131n\u0131 derinle\u015ftirmek i\u00e7in Avrupa Parlamentosu \u00dcyeleri ve kilit AB kurumlar\u0131yla g\u00f6r\u00fc\u015feceklerdir.<\/p>\n\n\n\n<p>Merdiven T\u0131rman\u0131\u015f\u0131: DYPALL Network, Erasmus+ Program\u0131 kapsam\u0131nda Europiamo (\u0130talya), Nordland fylkeskommune (Norve\u00e7), EDYN (Slovakya), YEPP Europe (Almanya), Assembl\u00e9e des R\u00e9gions d \u2047 Europe  \u2047  AER (Fransa) ve SQ Learn (Yunanistan) ortakl\u0131\u011f\u0131nda Gen\u00e7lik Kat\u0131l\u0131m\u0131 k\u00fclt\u00fcr\u00fcn\u00fc te\u015fvik etmektedir.<\/p>\n\n\n\n<figure class=\"wp-block-gallery has-nested-images columns-default is-cropped wp-block-gallery-1 is-layout-flex wp-block-gallery-is-layout-flex\">\n<figure class=\"wp-block-image size-large\"><img loading=\"lazy\" decoding=\"async\" width=\"1080\" height=\"1080\" data-id=\"8143\" src=\"https:\/\/dypall.com\/wp-content\/uploads\/2024\/12\/468309079_18335296333194866_7871663511584675092_n.jpg\" alt=\"\" class=\"wp-image-8143\" srcset=\"https:\/\/dypall.com\/wp-content\/uploads\/2024\/12\/468309079_18335296333194866_7871663511584675092_n.jpg 1080w, https:\/\/dypall.com\/wp-content\/uploads\/2024\/12\/468309079_18335296333194866_7871663511584675092_n-768x768.jpg 768w\" sizes=\"auto, (max-width: 1080px) 100vw, 1080px\" \/><\/figure>\n<\/figure>\n\n\n\n<p><\/p>","protected":false},"excerpt":{"rendered":"<p>\u2047  Merdiven T\u0131rman\u0131\u015f\u0131n\u0131n \u0130kinci Ulus\u00f6tesi Ortak Toplant\u0131s\u0131 (TPM): Gen\u00e7lik Kat\u0131l\u0131m\u0131 k\u00fclt\u00fcr\u00fcn\u00fcn te\u015fvik edilmesi (CL-YE)  \u2047  projesi 19-22 Kas\u0131m tarihleri aras\u0131nda Yunanistan'\u0131n Atina kentinde ger\u00e7ekle\u015fti. Bu toplant\u0131, ortaklar\u0131 y\u00fcz y\u00fcze yeniden ba\u011flant\u0131 kurmak, ilerlemeyi de\u011ferlendirmek ve projenin sonraki a\u015famalar\u0131n\u0131 planlamak i\u00e7in bir araya getirdi. Toplant\u0131da yakla\u015fmakta olan baz\u0131 \u00f6nemli giri\u015fimler vurguland\u0131.... <a class=\"more-link\" href=\"https:\/\/dypall.com\/tr\/activity\/second-transnational-meeting-of-the-climbing-the-ladder-fostering-a-culture-of-youth-engagement-cl-ye-in-athens-greece\/\">Okumaya devam et <span class=\"screen-reader-text\">\u2047  Merdiven T\u0131rman\u0131\u015f\u0131'n\u0131n ikinci ulus\u00f6tesi toplant\u0131s\u0131: Atina, Yunanistan'da bir Gen\u00e7lik Kat\u0131l\u0131m\u0131 (CL-YE) k\u00fclt\u00fcr\u00fcn\u00fc te\u015fvik etmek<\/span><\/a><\/p>","protected":false},"author":5,"featured_media":8144,"comment_status":"open","ping_status":"open","sticky":false,"template":"","format":"standard","meta":{"_acf_changed":false,"_jetpack_memberships_contains_paid_content":false,"footnotes":""},"categories":[111],"tags":[],"class_list":["post-8142","post","type-post","status-publish","format-standard","has-post-thumbnail","hentry","category-activity","entry"],"acf":[],"yoast_head":"<!-- This site is optimized with the Yoast SEO plugin v22.8 - https:\/\/yoast.com\/wordpress\/plugins\/seo\/ -->\n<title>Second transnational meeting of the \u201cClimbing the Ladder: fostering a culture of Youth Engagement (CL-YE)\u201d in Athens, Greece - DYPALL Network<\/title>\n<meta name=\"robots\" content=\"index, follow, max-snippet:-1, max-image-preview:large, max-video-preview:-1\" \/>\n<link rel=\"canonical\" href=\"https:\/\/dypall.com\/tr\/activity\/second-transnational-meeting-of-the-climbing-the-ladder-fostering-a-culture-of-youth-engagement-cl-ye-in-athens-greece\/\" \/>\n<meta property=\"og:locale\" content=\"tr_TR\" \/>\n<meta property=\"og:type\" content=\"article\" \/>\n<meta property=\"og:title\" content=\"Second transnational meeting of the \u201cClimbing the Ladder: fostering a culture of Youth Engagement (CL-YE)\u201d in Athens, Greece - DYPALL Network\" \/>\n<meta property=\"og:description\" content=\"The second Transnational Partner Meeting (TPM) of the &#8220;Climbing the Ladder: fostering a culture of Youth Engagement (CL-YE)&#8221; project took place in Athens, Greece from 19th to 22nd November. This meeting brought together partners to reconnect in person, evaluate progress, and plan the next phases of the project. The meeting emphasized several key upcoming initiatives.&hellip; Okumaya devam et Second transnational meeting of the \u201cClimbing the Ladder: fostering a culture of Youth Engagement (CL-YE)\u201d in Athens, Greece\" \/>\n<meta property=\"og:url\" content=\"https:\/\/dypall.com\/tr\/activity\/second-transnational-meeting-of-the-climbing-the-ladder-fostering-a-culture-of-youth-engagement-cl-ye-in-athens-greece\/\" \/>\n<meta property=\"og:site_name\" content=\"DYPALL Network\" \/>\n<meta property=\"article:published_time\" content=\"2024-11-25T14:22:39+00:00\" \/>\n<meta property=\"article:modified_time\" content=\"2024-12-19T14:36:24+00:00\" \/>\n<meta property=\"og:image\" content=\"https:\/\/dypall.com\/wp-content\/uploads\/2024\/12\/468820894_18335296318194866_2150788644051790505_n.jpg\" \/>\n\t<meta property=\"og:image:width\" content=\"1080\" \/>\n\t<meta property=\"og:image:height\" content=\"1080\" \/>\n\t<meta property=\"og:image:type\" content=\"image\/jpeg\" \/>\n<meta name=\"author\" content=\"DYPALL Network\" \/>\n<meta name=\"twitter:card\" content=\"summary_large_image\" \/>\n<meta name=\"twitter:label1\" content=\"Written by\" \/>\n\t<meta name=\"twitter:data1\" content=\"DYPALL Network\" \/>\n\t<meta name=\"twitter:label2\" content=\"Est. reading time\" \/>\n\t<meta name=\"twitter:data2\" content=\"2 dakika\" \/>\n<script type=\"application\/ld+json\" class=\"yoast-schema-graph\">{\"@context\":\"https:\/\/schema.org\",\"@graph\":[{\"@type\":\"WebPage\",\"@id\":\"https:\/\/dypall.com\/activity\/second-transnational-meeting-of-the-climbing-the-ladder-fostering-a-culture-of-youth-engagement-cl-ye-in-athens-greece\/\",\"url\":\"https:\/\/dypall.com\/activity\/second-transnational-meeting-of-the-climbing-the-ladder-fostering-a-culture-of-youth-engagement-cl-ye-in-athens-greece\/\",\"name\":\"Second transnational meeting of the \u201cClimbing the Ladder: fostering a culture of Youth Engagement (CL-YE)\u201d in Athens, Greece - DYPALL Network\",\"isPartOf\":{\"@id\":\"https:\/\/dypall.com\/#website\"},\"primaryImageOfPage\":{\"@id\":\"https:\/\/dypall.com\/activity\/second-transnational-meeting-of-the-climbing-the-ladder-fostering-a-culture-of-youth-engagement-cl-ye-in-athens-greece\/#primaryimage\"},\"image\":{\"@id\":\"https:\/\/dypall.com\/activity\/second-transnational-meeting-of-the-climbing-the-ladder-fostering-a-culture-of-youth-engagement-cl-ye-in-athens-greece\/#primaryimage\"},\"thumbnailUrl\":\"https:\/\/dypall.com\/wp-content\/uploads\/2024\/12\/468820894_18335296318194866_2150788644051790505_n.jpg\",\"datePublished\":\"2024-11-25T14:22:39+00:00\",\"dateModified\":\"2024-12-19T14:36:24+00:00\",\"author\":{\"@id\":\"https:\/\/dypall.com\/#\/schema\/person\/e87206094ce8bcf88449b35f00e40fb1\"},\"breadcrumb\":{\"@id\":\"https:\/\/dypall.com\/activity\/second-transnational-meeting-of-the-climbing-the-ladder-fostering-a-culture-of-youth-engagement-cl-ye-in-athens-greece\/#breadcrumb\"},\"inLanguage\":\"tr\",\"potentialAction\":[{\"@type\":\"ReadAction\",\"target\":[\"https:\/\/dypall.com\/activity\/second-transnational-meeting-of-the-climbing-the-ladder-fostering-a-culture-of-youth-engagement-cl-ye-in-athens-greece\/\"]}]},{\"@type\":\"ImageObject\",\"inLanguage\":\"tr\",\"@id\":\"https:\/\/dypall.com\/activity\/second-transnational-meeting-of-the-climbing-the-ladder-fostering-a-culture-of-youth-engagement-cl-ye-in-athens-greece\/#primaryimage\",\"url\":\"https:\/\/dypall.com\/wp-content\/uploads\/2024\/12\/468820894_18335296318194866_2150788644051790505_n.jpg\",\"contentUrl\":\"https:\/\/dypall.com\/wp-content\/uploads\/2024\/12\/468820894_18335296318194866_2150788644051790505_n.jpg\",\"width\":1080,\"height\":1080},{\"@type\":\"BreadcrumbList\",\"@id\":\"https:\/\/dypall.com\/activity\/second-transnational-meeting-of-the-climbing-the-ladder-fostering-a-culture-of-youth-engagement-cl-ye-in-athens-greece\/#breadcrumb\",\"itemListElement\":[{\"@type\":\"ListItem\",\"position\":1,\"name\":\"Home\",\"item\":\"https:\/\/dypall.com\/\"},{\"@type\":\"ListItem\",\"position\":2,\"name\":\"Second transnational meeting of the \u201cClimbing the Ladder: fostering a culture of Youth Engagement (CL-YE)\u201d in Athens, Greece\"}]},{\"@type\":\"WebSite\",\"@id\":\"https:\/\/dypall.com\/#website\",\"url\":\"https:\/\/dypall.com\/\",\"name\":\"DYPALL Network\",\"description\":\"We are a European network of civil society organisations, municipalities and research institutions dedicated to improving democracy through youth participation.\",\"potentialAction\":[{\"@type\":\"SearchAction\",\"target\":{\"@type\":\"EntryPoint\",\"urlTemplate\":\"https:\/\/dypall.com\/?s={search_term_string}\"},\"query-input\":\"required name=search_term_string\"}],\"inLanguage\":\"tr\"},{\"@type\":\"Person\",\"@id\":\"https:\/\/dypall.com\/#\/schema\/person\/e87206094ce8bcf88449b35f00e40fb1\",\"name\":\"DYPALL Network\",\"image\":{\"@type\":\"ImageObject\",\"inLanguage\":\"tr\",\"@id\":\"https:\/\/dypall.com\/#\/schema\/person\/image\/\",\"url\":\"https:\/\/secure.gravatar.com\/avatar\/1061d2d4c9b4f1a9b496774795b5deac1200dfd1d3abecb8f85cf8b580e6963b?s=96&d=mm&r=g\",\"contentUrl\":\"https:\/\/secure.gravatar.com\/avatar\/1061d2d4c9b4f1a9b496774795b5deac1200dfd1d3abecb8f85cf8b580e6963b?s=96&d=mm&r=g\",\"caption\":\"DYPALL Network\"},\"sameAs\":[\"https:\/\/dypall.com\/\"],\"url\":\"https:\/\/dypall.com\/tr\/author\/dypallonsteroids\/\"}]}<\/script>\n<!-- \/ Yoast SEO plugin. -->","yoast_head_json":{"title":"Second transnational meeting of the \u201cClimbing the Ladder: fostering a culture of Youth Engagement (CL-YE)\u201d in Athens, Greece - DYPALL Network","robots":{"index":"index","follow":"follow","max-snippet":"max-snippet:-1","max-image-preview":"max-image-preview:large","max-video-preview":"max-video-preview:-1"},"canonical":"https:\/\/dypall.com\/tr\/activity\/second-transnational-meeting-of-the-climbing-the-ladder-fostering-a-culture-of-youth-engagement-cl-ye-in-athens-greece\/","og_locale":"tr_TR","og_type":"article","og_title":"Second transnational meeting of the \u201cClimbing the Ladder: fostering a culture of Youth Engagement (CL-YE)\u201d in Athens, Greece - DYPALL Network","og_description":"The second Transnational Partner Meeting (TPM) of the &#8220;Climbing the Ladder: fostering a culture of Youth Engagement (CL-YE)&#8221; project took place in Athens, Greece from 19th to 22nd November. This meeting brought together partners to reconnect in person, evaluate progress, and plan the next phases of the project. The meeting emphasized several key upcoming initiatives.&hellip; Okumaya devam et Second transnational meeting of the \u201cClimbing the Ladder: fostering a culture of Youth Engagement (CL-YE)\u201d in Athens, Greece","og_url":"https:\/\/dypall.com\/tr\/activity\/second-transnational-meeting-of-the-climbing-the-ladder-fostering-a-culture-of-youth-engagement-cl-ye-in-athens-greece\/","og_site_name":"DYPALL Network","article_published_time":"2024-11-25T14:22:39+00:00","article_modified_time":"2024-12-19T14:36:24+00:00","og_image":[{"width":1080,"height":1080,"url":"https:\/\/dypall.com\/wp-content\/uploads\/2024\/12\/468820894_18335296318194866_2150788644051790505_n.jpg","type":"image\/jpeg"}],"author":"DYPALL Network","twitter_card":"summary_large_image","twitter_misc":{"Written by":"DYPALL Network","Est. reading time":"2 dakika"},"schema":{"@context":"https:\/\/schema.org","@graph":[{"@type":"WebPage","@id":"https:\/\/dypall.com\/activity\/second-transnational-meeting-of-the-climbing-the-ladder-fostering-a-culture-of-youth-engagement-cl-ye-in-athens-greece\/","url":"https:\/\/dypall.com\/activity\/second-transnational-meeting-of-the-climbing-the-ladder-fostering-a-culture-of-youth-engagement-cl-ye-in-athens-greece\/","name":"Second transnational meeting of the \u201cClimbing the Ladder: fostering a culture of Youth Engagement (CL-YE)\u201d in Athens, Greece - DYPALL Network","isPartOf":{"@id":"https:\/\/dypall.com\/#website"},"primaryImageOfPage":{"@id":"https:\/\/dypall.com\/activity\/second-transnational-meeting-of-the-climbing-the-ladder-fostering-a-culture-of-youth-engagement-cl-ye-in-athens-greece\/#primaryimage"},"image":{"@id":"https:\/\/dypall.com\/activity\/second-transnational-meeting-of-the-climbing-the-ladder-fostering-a-culture-of-youth-engagement-cl-ye-in-athens-greece\/#primaryimage"},"thumbnailUrl":"https:\/\/dypall.com\/wp-content\/uploads\/2024\/12\/468820894_18335296318194866_2150788644051790505_n.jpg","datePublished":"2024-11-25T14:22:39+00:00","dateModified":"2024-12-19T14:36:24+00:00","author":{"@id":"https:\/\/dypall.com\/#\/schema\/person\/e87206094ce8bcf88449b35f00e40fb1"},"breadcrumb":{"@id":"https:\/\/dypall.com\/activity\/second-transnational-meeting-of-the-climbing-the-ladder-fostering-a-culture-of-youth-engagement-cl-ye-in-athens-greece\/#breadcrumb"},"inLanguage":"tr","potentialAction":[{"@type":"ReadAction","target":["https:\/\/dypall.com\/activity\/second-transnational-meeting-of-the-climbing-the-ladder-fostering-a-culture-of-youth-engagement-cl-ye-in-athens-greece\/"]}]},{"@type":"ImageObject","inLanguage":"tr","@id":"https:\/\/dypall.com\/activity\/second-transnational-meeting-of-the-climbing-the-ladder-fostering-a-culture-of-youth-engagement-cl-ye-in-athens-greece\/#primaryimage","url":"https:\/\/dypall.com\/wp-content\/uploads\/2024\/12\/468820894_18335296318194866_2150788644051790505_n.jpg","contentUrl":"https:\/\/dypall.com\/wp-content\/uploads\/2024\/12\/468820894_18335296318194866_2150788644051790505_n.jpg","width":1080,"height":1080},{"@type":"BreadcrumbList","@id":"https:\/\/dypall.com\/activity\/second-transnational-meeting-of-the-climbing-the-ladder-fostering-a-culture-of-youth-engagement-cl-ye-in-athens-greece\/#breadcrumb","itemListElement":[{"@type":"ListItem","position":1,"name":"Home","item":"https:\/\/dypall.com\/"},{"@type":"ListItem","position":2,"name":"Second transnational meeting of the \u201cClimbing the Ladder: fostering a culture of Youth Engagement (CL-YE)\u201d in Athens, Greece"}]},{"@type":"WebSite","@id":"https:\/\/dypall.com\/#website","url":"https:\/\/dypall.com\/","name":"DYPALL Network","description":"We are a European network of civil society organisations, municipalities and research institutions dedicated to improving democracy through youth participation.","potentialAction":[{"@type":"SearchAction","target":{"@type":"EntryPoint","urlTemplate":"https:\/\/dypall.com\/?s={search_term_string}"},"query-input":"required name=search_term_string"}],"inLanguage":"tr"},{"@type":"Person","@id":"https:\/\/dypall.com\/#\/schema\/person\/e87206094ce8bcf88449b35f00e40fb1","name":"DYPALL Network","image":{"@type":"ImageObject","inLanguage":"tr","@id":"https:\/\/dypall.com\/#\/schema\/person\/image\/","url":"https:\/\/secure.gravatar.com\/avatar\/1061d2d4c9b4f1a9b496774795b5deac1200dfd1d3abecb8f85cf8b580e6963b?s=96&d=mm&r=g","contentUrl":"https:\/\/secure.gravatar.com\/avatar\/1061d2d4c9b4f1a9b496774795b5deac1200dfd1d3abecb8f85cf8b580e6963b?s=96&d=mm&r=g","caption":"DYPALL Network"},"sameAs":["https:\/\/dypall.com\/"],"url":"https:\/\/dypall.com\/tr\/author\/dypallonsteroids\/"}]}},"jetpack_featured_media_url":"https:\/\/dypall.com\/wp-content\/uploads\/2024\/12\/468820894_18335296318194866_2150788644051790505_n.jpg","jetpack_sharing_enabled":true,"_links":{"self":[{"href":"https:\/\/dypall.com\/tr\/wp-json\/wp\/v2\/posts\/8142","targetHints":{"allow":["GET"]}}],"collection":[{"href":"https:\/\/dypall.com\/tr\/wp-json\/wp\/v2\/posts"}],"about":[{"href":"https:\/\/dypall.com\/tr\/wp-json\/wp\/v2\/types\/post"}],"author":[{"embeddable":true,"href":"https:\/\/dypall.com\/tr\/wp-json\/wp\/v2\/users\/5"}],"replies":[{"embeddable":true,"href":"https:\/\/dypall.com\/tr\/wp-json\/wp\/v2\/comments?post=8142"}],"version-history":[{"count":1,"href":"https:\/\/dypall.com\/tr\/wp-json\/wp\/v2\/posts\/8142\/revisions"}],"predecessor-version":[{"id":8145,"href":"https:\/\/dypall.com\/tr\/wp-json\/wp\/v2\/posts\/8142\/revisions\/8145"}],"wp:featuredmedia":[{"embeddable":true,"href":"https:\/\/dypall.com\/tr\/wp-json\/wp\/v2\/media\/8144"}],"wp:attachment":[{"href":"https:\/\/dypall.com\/tr\/wp-json\/wp\/v2\/media?parent=8142"}],"wp:term":[{"taxonomy":"category","embeddable":true,"href":"https:\/\/dypall.com\/tr\/wp-json\/wp\/v2\/categories?post=8142"},{"taxonomy":"post_tag","embeddable":true,"href":"https:\/\/dypall.com\/tr\/wp-json\/wp\/v2\/tags?post=8142"}],"curies":[{"name":"wp","href":"https:\/\/api.w.org\/{rel}","templated":true}]}}