{"id":8132,"date":"2024-12-18T15:39:15","date_gmt":"2024-12-18T15:39:15","guid":{"rendered":"https:\/\/dypall.com\/?p=8132"},"modified":"2024-12-19T14:22:07","modified_gmt":"2024-12-19T14:22:07","slug":"participation-forum-2024-advancing-democratic-participation-through-erasmus-andeuropean-solidarity-corps","status":"publish","type":"post","link":"https:\/\/dypall.com\/tr\/conference\/participation-forum-2024-advancing-democratic-participation-through-erasmus-andeuropean-solidarity-corps\/","title":{"rendered":"Kat\u0131l\u0131m Forumu 2024: Erasmus+ ve Avrupa Dayan\u0131\u015fma Kolordusu ile Demokratik Kat\u0131l\u0131m\u0131n Geli\u015ftirilmesi"},"content":{"rendered":"<p>27 ve 28 Kas\u0131m 2024'te DYPALL Network, <strong>Kat\u0131l\u0131m Forumu 2024'te<\/strong>, i\u00e7inde <strong>Kategori: Tallin, Estonya<\/strong> \u2047  Erasmus+ ve European Solidarity Corps'un demokratik kat\u0131l\u0131m\u0131 ve sivil kat\u0131l\u0131m\u0131 te\u015fvik etmedeki rol\u00fc \u00fczerine diyalog ve d\u00fc\u015f\u00fcnceyi te\u015fvik etmeyi ama\u00e7layan \u00f6nemli bir etkinlik. Forum, Erasmus+ ve Avrupa Dayan\u0131\u015fma Birlikleri Ulusal Ajanslar\u0131, sivil toplum kurulu\u015flar\u0131 ve AB'den temsilciler de dahil olmak \u00fczere 150 kat\u0131l\u0131mc\u0131y\u0131 bir araya getirdi.<br>Kurumlar\u0131n bir par\u00e7as\u0131.<br><\/p>\n\n\n\n<p>Forum, programlar\u0131n orta vadedeki ilerlemesini de\u011ferlendirmek ve demokratik kat\u0131l\u0131m, sivil kat\u0131l\u0131m ve ortak Avrupa de\u011ferlerinin te\u015fviki \u00fczerindeki etkilerini art\u0131rmaya y\u00f6nelik stratejileri ara\u015ft\u0131rmak i\u00e7in yap\u0131land\u0131r\u0131lm\u0131\u015f bir f\u0131rsat sa\u011flad\u0131. Tart\u0131\u015fmalar, bu programlar\u0131n aktif vatanda\u015fl\u0131\u011fa nas\u0131l katk\u0131da bulundu\u011funa ve gen\u00e7leri ve \u00f6rg\u00fctleri yerel, ulusal ve Avrupa d\u00fczeyinde demokratik s\u00fcre\u00e7lere nas\u0131l dahil etti\u011fine odakland\u0131. <\/p>\n\n\n\n<p>Kat\u0131l\u0131mc\u0131lar, programlar\u0131n uygulanmas\u0131nda hem ba\u015far\u0131lar\u0131 hem de iyile\u015ftirme alanlar\u0131n\u0131 vurgulayan panel tart\u0131\u015fmalar\u0131na ve \u00e7al\u0131\u015ftaylara kat\u0131ld\u0131lar. Etkinlik ayn\u0131 zamanda kat\u0131l\u0131m\u0131 g\u00fc\u00e7lendirmek i\u00e7in iyi uygulamalar ve yenilik\u00e7i yakla\u015f\u0131mlar al\u0131\u015fveri\u015fi i\u00e7in i\u015fbirlik\u00e7i bir alan sa\u011flad\u0131 ve ayn\u0131 zamanda <span style=\"text-decoration: underline;\"><a href=\"https:\/\/participationpool.eu\/resource\/youth-participation-strategy\/\"><strong>Gen\u00e7lik kat\u0131l\u0131m stratejisi<\/strong><\/a><\/span>. <\/p>\n\n\n\n<p>Forumun merkezi odak noktas\u0131, Ulusal Ajanslar, sivil toplum kurulu\u015flar\u0131 ve SALTO Kat\u0131l\u0131m ve amp; Bilgi Kaynaklar\u0131 Merkezi i\u00e7in \u00f6nerilerin olu\u015fturulmas\u0131yd\u0131. Bu \u00f6neriler, demokratik hayata aktif kat\u0131l\u0131m\u0131 te\u015fvik etme ortak hedefine ula\u015fmak i\u00e7in \u00e7aba ve kaynaklar\u0131 daha etkili bir \u015fekilde hizalamay\u0131 ama\u00e7lamaktad\u0131r. <\/p>\n\n\n\n<p>Bu etkinlik SALTO Participation &amp; Information taraf\u0131ndan organize edilmi\u015ftir.<\/p>\n\n\n\n<figure class=\"wp-block-gallery has-nested-images columns-default is-cropped wp-block-gallery-1 is-layout-flex wp-block-gallery-is-layout-flex\">\n<figure class=\"wp-block-image size-large\"><img loading=\"lazy\" decoding=\"async\" width=\"2560\" height=\"1707\" data-id=\"8133\" src=\"https:\/\/dypall.com\/wp-content\/uploads\/2024\/12\/b-57-scaled.jpg\" alt=\"\" class=\"wp-image-8133\" srcset=\"https:\/\/dypall.com\/wp-content\/uploads\/2024\/12\/b-57-scaled.jpg 2560w, https:\/\/dypall.com\/wp-content\/uploads\/2024\/12\/b-57-768x512.jpg 768w, https:\/\/dypall.com\/wp-content\/uploads\/2024\/12\/b-57-1536x1024.jpg 1536w, https:\/\/dypall.com\/wp-content\/uploads\/2024\/12\/b-57-2048x1365.jpg 2048w, https:\/\/dypall.com\/wp-content\/uploads\/2024\/12\/b-57-1568x1045.jpg 1568w\" sizes=\"auto, (max-width: 2560px) 100vw, 2560px\" \/><\/figure>\n\n\n\n<figure class=\"wp-block-image size-large\"><img loading=\"lazy\" decoding=\"async\" width=\"2560\" height=\"1707\" data-id=\"8134\" src=\"https:\/\/dypall.com\/wp-content\/uploads\/2024\/12\/b-71-scaled.jpg\" alt=\"\" class=\"wp-image-8134\" srcset=\"https:\/\/dypall.com\/wp-content\/uploads\/2024\/12\/b-71-scaled.jpg 2560w, https:\/\/dypall.com\/wp-content\/uploads\/2024\/12\/b-71-768x512.jpg 768w, https:\/\/dypall.com\/wp-content\/uploads\/2024\/12\/b-71-1536x1024.jpg 1536w, https:\/\/dypall.com\/wp-content\/uploads\/2024\/12\/b-71-2048x1365.jpg 2048w, https:\/\/dypall.com\/wp-content\/uploads\/2024\/12\/b-71-1568x1045.jpg 1568w\" sizes=\"auto, (max-width: 2560px) 100vw, 2560px\" \/><\/figure>\n\n\n\n<figure class=\"wp-block-image size-large\"><img loading=\"lazy\" decoding=\"async\" width=\"2560\" height=\"1707\" data-id=\"8137\" src=\"https:\/\/dypall.com\/wp-content\/uploads\/2024\/12\/c-29-scaled.jpg\" alt=\"\" class=\"wp-image-8137\" srcset=\"https:\/\/dypall.com\/wp-content\/uploads\/2024\/12\/c-29-scaled.jpg 2560w, https:\/\/dypall.com\/wp-content\/uploads\/2024\/12\/c-29-768x512.jpg 768w, https:\/\/dypall.com\/wp-content\/uploads\/2024\/12\/c-29-1536x1024.jpg 1536w, https:\/\/dypall.com\/wp-content\/uploads\/2024\/12\/c-29-2048x1365.jpg 2048w, https:\/\/dypall.com\/wp-content\/uploads\/2024\/12\/c-29-1568x1045.jpg 1568w\" sizes=\"auto, (max-width: 2560px) 100vw, 2560px\" \/><\/figure>\n\n\n\n<figure class=\"wp-block-image size-large\"><img loading=\"lazy\" decoding=\"async\" width=\"2560\" height=\"1707\" data-id=\"8136\" src=\"https:\/\/dypall.com\/wp-content\/uploads\/2024\/12\/c-35-scaled.jpg\" alt=\"\" class=\"wp-image-8136\" srcset=\"https:\/\/dypall.com\/wp-content\/uploads\/2024\/12\/c-35-scaled.jpg 2560w, https:\/\/dypall.com\/wp-content\/uploads\/2024\/12\/c-35-768x512.jpg 768w, https:\/\/dypall.com\/wp-content\/uploads\/2024\/12\/c-35-1536x1024.jpg 1536w, https:\/\/dypall.com\/wp-content\/uploads\/2024\/12\/c-35-2048x1365.jpg 2048w, https:\/\/dypall.com\/wp-content\/uploads\/2024\/12\/c-35-1568x1045.jpg 1568w\" sizes=\"auto, (max-width: 2560px) 100vw, 2560px\" \/><\/figure>\n\n\n\n<figure class=\"wp-block-image size-large\"><img loading=\"lazy\" decoding=\"async\" width=\"2560\" height=\"1534\" data-id=\"8138\" src=\"https:\/\/dypall.com\/wp-content\/uploads\/2024\/12\/b-94-scaled.jpg\" alt=\"\" class=\"wp-image-8138\" srcset=\"https:\/\/dypall.com\/wp-content\/uploads\/2024\/12\/b-94-scaled.jpg 2560w, https:\/\/dypall.com\/wp-content\/uploads\/2024\/12\/b-94-768x460.jpg 768w, https:\/\/dypall.com\/wp-content\/uploads\/2024\/12\/b-94-1536x921.jpg 1536w, https:\/\/dypall.com\/wp-content\/uploads\/2024\/12\/b-94-2048x1227.jpg 2048w, https:\/\/dypall.com\/wp-content\/uploads\/2024\/12\/b-94-1568x940.jpg 1568w\" sizes=\"auto, (max-width: 2560px) 100vw, 2560px\" \/><\/figure>\n<\/figure>","protected":false},"excerpt":{"rendered":"<p>27 ve 28 Kas\u0131m 2024'te DYPALL Network, Tallin, Estonya'daki Kat\u0131l\u0131m Forumu 2024'e kat\u0131ld\u0131  \u2047  Erasmus + ve Avrupa Dayan\u0131\u015fma Birlikleri'nin demokratik kat\u0131l\u0131m\u0131 ve sivil kat\u0131l\u0131m\u0131 te\u015fvik etmedeki rol\u00fc \u00fczerine diyalog ve d\u00fc\u015f\u00fcnceyi te\u015fvik etmeyi ama\u00e7layan \u00f6nemli bir etkinlik. Forum, Erasmus+ ve Erasmus+ temsilcileri de dahil olmak \u00fczere 150 kat\u0131l\u0131mc\u0131y\u0131 bir araya getirdi. <a class=\"more-link\" href=\"https:\/\/dypall.com\/tr\/conference\/participation-forum-2024-advancing-democratic-participation-through-erasmus-andeuropean-solidarity-corps\/\">Okumaya devam et <span class=\"screen-reader-text\">Kat\u0131l\u0131m Forumu 2024: Erasmus+ ve Avrupa Dayan\u0131\u015fma Kolordusu ile Demokratik Kat\u0131l\u0131m\u0131n Geli\u015ftirilmesi<\/span><\/a><\/p>","protected":false},"author":5,"featured_media":8138,"comment_status":"open","ping_status":"open","sticky":false,"template":"","format":"standard","meta":{"_acf_changed":false,"_jetpack_memberships_contains_paid_content":false,"footnotes":""},"categories":[112],"tags":[],"class_list":["post-8132","post","type-post","status-publish","format-standard","has-post-thumbnail","hentry","category-conference","entry"],"acf":[],"yoast_head":"<!-- This site is optimized with the Yoast SEO plugin v22.8 - https:\/\/yoast.com\/wordpress\/plugins\/seo\/ -->\n<title>Participation Forum 2024: Advancing Democratic Participation Through Erasmus+ andEuropean Solidarity Corps - DYPALL Network<\/title>\n<meta name=\"robots\" content=\"index, follow, max-snippet:-1, max-image-preview:large, max-video-preview:-1\" \/>\n<link rel=\"canonical\" href=\"https:\/\/dypall.com\/tr\/conference\/participation-forum-2024-advancing-democratic-participation-through-erasmus-andeuropean-solidarity-corps\/\" \/>\n<meta property=\"og:locale\" content=\"tr_TR\" \/>\n<meta property=\"og:type\" content=\"article\" \/>\n<meta property=\"og:title\" content=\"Participation Forum 2024: Advancing Democratic Participation Through Erasmus+ andEuropean Solidarity Corps - DYPALL Network\" \/>\n<meta property=\"og:description\" content=\"On 27 and 28 November 2024, DYPALL Network participated in the Participation Forum 2024, in Tallin, Estonia &#8211; a key event aimed at fostering dialogue and reflection on the role of Erasmus+ and the European Solidarity Corps in promoting democratic participation and civic engagement. The forum brought together 150 participants, including representatives from Erasmus+ and&hellip; Okumaya devam et Participation Forum 2024: Advancing Democratic Participation Through Erasmus+ andEuropean Solidarity Corps\" \/>\n<meta property=\"og:url\" content=\"https:\/\/dypall.com\/tr\/conference\/participation-forum-2024-advancing-democratic-participation-through-erasmus-andeuropean-solidarity-corps\/\" \/>\n<meta property=\"og:site_name\" content=\"DYPALL Network\" \/>\n<meta property=\"article:published_time\" content=\"2024-12-18T15:39:15+00:00\" \/>\n<meta property=\"article:modified_time\" content=\"2024-12-19T14:22:07+00:00\" \/>\n<meta property=\"og:image\" content=\"https:\/\/dypall.com\/wp-content\/uploads\/2024\/12\/b-94-scaled.jpg\" \/>\n\t<meta property=\"og:image:width\" content=\"2560\" \/>\n\t<meta property=\"og:image:height\" content=\"1534\" \/>\n\t<meta property=\"og:image:type\" content=\"image\/jpeg\" \/>\n<meta name=\"author\" content=\"DYPALL Network\" \/>\n<meta name=\"twitter:card\" content=\"summary_large_image\" \/>\n<meta name=\"twitter:label1\" content=\"Written by\" \/>\n\t<meta name=\"twitter:data1\" content=\"DYPALL Network\" \/>\n\t<meta name=\"twitter:label2\" content=\"Est. reading time\" \/>\n\t<meta name=\"twitter:data2\" content=\"3 dakika\" \/>\n<script type=\"application\/ld+json\" class=\"yoast-schema-graph\">{\"@context\":\"https:\/\/schema.org\",\"@graph\":[{\"@type\":\"WebPage\",\"@id\":\"https:\/\/dypall.com\/conference\/participation-forum-2024-advancing-democratic-participation-through-erasmus-andeuropean-solidarity-corps\/\",\"url\":\"https:\/\/dypall.com\/conference\/participation-forum-2024-advancing-democratic-participation-through-erasmus-andeuropean-solidarity-corps\/\",\"name\":\"Participation Forum 2024: Advancing Democratic Participation Through Erasmus+ andEuropean Solidarity Corps - DYPALL Network\",\"isPartOf\":{\"@id\":\"https:\/\/dypall.com\/#website\"},\"primaryImageOfPage\":{\"@id\":\"https:\/\/dypall.com\/conference\/participation-forum-2024-advancing-democratic-participation-through-erasmus-andeuropean-solidarity-corps\/#primaryimage\"},\"image\":{\"@id\":\"https:\/\/dypall.com\/conference\/participation-forum-2024-advancing-democratic-participation-through-erasmus-andeuropean-solidarity-corps\/#primaryimage\"},\"thumbnailUrl\":\"https:\/\/dypall.com\/wp-content\/uploads\/2024\/12\/b-94-scaled.jpg\",\"datePublished\":\"2024-12-18T15:39:15+00:00\",\"dateModified\":\"2024-12-19T14:22:07+00:00\",\"author\":{\"@id\":\"https:\/\/dypall.com\/#\/schema\/person\/e87206094ce8bcf88449b35f00e40fb1\"},\"breadcrumb\":{\"@id\":\"https:\/\/dypall.com\/conference\/participation-forum-2024-advancing-democratic-participation-through-erasmus-andeuropean-solidarity-corps\/#breadcrumb\"},\"inLanguage\":\"tr\",\"potentialAction\":[{\"@type\":\"ReadAction\",\"target\":[\"https:\/\/dypall.com\/conference\/participation-forum-2024-advancing-democratic-participation-through-erasmus-andeuropean-solidarity-corps\/\"]}]},{\"@type\":\"ImageObject\",\"inLanguage\":\"tr\",\"@id\":\"https:\/\/dypall.com\/conference\/participation-forum-2024-advancing-democratic-participation-through-erasmus-andeuropean-solidarity-corps\/#primaryimage\",\"url\":\"https:\/\/dypall.com\/wp-content\/uploads\/2024\/12\/b-94-scaled.jpg\",\"contentUrl\":\"https:\/\/dypall.com\/wp-content\/uploads\/2024\/12\/b-94-scaled.jpg\",\"width\":2560,\"height\":1534},{\"@type\":\"BreadcrumbList\",\"@id\":\"https:\/\/dypall.com\/conference\/participation-forum-2024-advancing-democratic-participation-through-erasmus-andeuropean-solidarity-corps\/#breadcrumb\",\"itemListElement\":[{\"@type\":\"ListItem\",\"position\":1,\"name\":\"Home\",\"item\":\"https:\/\/dypall.com\/\"},{\"@type\":\"ListItem\",\"position\":2,\"name\":\"Participation Forum 2024: Advancing Democratic Participation Through Erasmus+ andEuropean Solidarity Corps\"}]},{\"@type\":\"WebSite\",\"@id\":\"https:\/\/dypall.com\/#website\",\"url\":\"https:\/\/dypall.com\/\",\"name\":\"DYPALL Network\",\"description\":\"We are a European network of civil society organisations, municipalities and research institutions dedicated to improving democracy through youth participation.\",\"potentialAction\":[{\"@type\":\"SearchAction\",\"target\":{\"@type\":\"EntryPoint\",\"urlTemplate\":\"https:\/\/dypall.com\/?s={search_term_string}\"},\"query-input\":\"required name=search_term_string\"}],\"inLanguage\":\"tr\"},{\"@type\":\"Person\",\"@id\":\"https:\/\/dypall.com\/#\/schema\/person\/e87206094ce8bcf88449b35f00e40fb1\",\"name\":\"DYPALL Network\",\"image\":{\"@type\":\"ImageObject\",\"inLanguage\":\"tr\",\"@id\":\"https:\/\/dypall.com\/#\/schema\/person\/image\/\",\"url\":\"https:\/\/secure.gravatar.com\/avatar\/1061d2d4c9b4f1a9b496774795b5deac1200dfd1d3abecb8f85cf8b580e6963b?s=96&d=mm&r=g\",\"contentUrl\":\"https:\/\/secure.gravatar.com\/avatar\/1061d2d4c9b4f1a9b496774795b5deac1200dfd1d3abecb8f85cf8b580e6963b?s=96&d=mm&r=g\",\"caption\":\"DYPALL Network\"},\"sameAs\":[\"https:\/\/dypall.com\/\"],\"url\":\"https:\/\/dypall.com\/tr\/author\/dypallonsteroids\/\"}]}<\/script>\n<!-- \/ Yoast SEO plugin. -->","yoast_head_json":{"title":"Participation Forum 2024: Advancing Democratic Participation Through Erasmus+ andEuropean Solidarity Corps - DYPALL Network","robots":{"index":"index","follow":"follow","max-snippet":"max-snippet:-1","max-image-preview":"max-image-preview:large","max-video-preview":"max-video-preview:-1"},"canonical":"https:\/\/dypall.com\/tr\/conference\/participation-forum-2024-advancing-democratic-participation-through-erasmus-andeuropean-solidarity-corps\/","og_locale":"tr_TR","og_type":"article","og_title":"Participation Forum 2024: Advancing Democratic Participation Through Erasmus+ andEuropean Solidarity Corps - DYPALL Network","og_description":"On 27 and 28 November 2024, DYPALL Network participated in the Participation Forum 2024, in Tallin, Estonia &#8211; a key event aimed at fostering dialogue and reflection on the role of Erasmus+ and the European Solidarity Corps in promoting democratic participation and civic engagement. The forum brought together 150 participants, including representatives from Erasmus+ and&hellip; Okumaya devam et Participation Forum 2024: Advancing Democratic Participation Through Erasmus+ andEuropean Solidarity Corps","og_url":"https:\/\/dypall.com\/tr\/conference\/participation-forum-2024-advancing-democratic-participation-through-erasmus-andeuropean-solidarity-corps\/","og_site_name":"DYPALL Network","article_published_time":"2024-12-18T15:39:15+00:00","article_modified_time":"2024-12-19T14:22:07+00:00","og_image":[{"width":2560,"height":1534,"url":"https:\/\/dypall.com\/wp-content\/uploads\/2024\/12\/b-94-scaled.jpg","type":"image\/jpeg"}],"author":"DYPALL Network","twitter_card":"summary_large_image","twitter_misc":{"Written by":"DYPALL Network","Est. reading time":"3 dakika"},"schema":{"@context":"https:\/\/schema.org","@graph":[{"@type":"WebPage","@id":"https:\/\/dypall.com\/conference\/participation-forum-2024-advancing-democratic-participation-through-erasmus-andeuropean-solidarity-corps\/","url":"https:\/\/dypall.com\/conference\/participation-forum-2024-advancing-democratic-participation-through-erasmus-andeuropean-solidarity-corps\/","name":"Participation Forum 2024: Advancing Democratic Participation Through Erasmus+ andEuropean Solidarity Corps - DYPALL Network","isPartOf":{"@id":"https:\/\/dypall.com\/#website"},"primaryImageOfPage":{"@id":"https:\/\/dypall.com\/conference\/participation-forum-2024-advancing-democratic-participation-through-erasmus-andeuropean-solidarity-corps\/#primaryimage"},"image":{"@id":"https:\/\/dypall.com\/conference\/participation-forum-2024-advancing-democratic-participation-through-erasmus-andeuropean-solidarity-corps\/#primaryimage"},"thumbnailUrl":"https:\/\/dypall.com\/wp-content\/uploads\/2024\/12\/b-94-scaled.jpg","datePublished":"2024-12-18T15:39:15+00:00","dateModified":"2024-12-19T14:22:07+00:00","author":{"@id":"https:\/\/dypall.com\/#\/schema\/person\/e87206094ce8bcf88449b35f00e40fb1"},"breadcrumb":{"@id":"https:\/\/dypall.com\/conference\/participation-forum-2024-advancing-democratic-participation-through-erasmus-andeuropean-solidarity-corps\/#breadcrumb"},"inLanguage":"tr","potentialAction":[{"@type":"ReadAction","target":["https:\/\/dypall.com\/conference\/participation-forum-2024-advancing-democratic-participation-through-erasmus-andeuropean-solidarity-corps\/"]}]},{"@type":"ImageObject","inLanguage":"tr","@id":"https:\/\/dypall.com\/conference\/participation-forum-2024-advancing-democratic-participation-through-erasmus-andeuropean-solidarity-corps\/#primaryimage","url":"https:\/\/dypall.com\/wp-content\/uploads\/2024\/12\/b-94-scaled.jpg","contentUrl":"https:\/\/dypall.com\/wp-content\/uploads\/2024\/12\/b-94-scaled.jpg","width":2560,"height":1534},{"@type":"BreadcrumbList","@id":"https:\/\/dypall.com\/conference\/participation-forum-2024-advancing-democratic-participation-through-erasmus-andeuropean-solidarity-corps\/#breadcrumb","itemListElement":[{"@type":"ListItem","position":1,"name":"Home","item":"https:\/\/dypall.com\/"},{"@type":"ListItem","position":2,"name":"Participation Forum 2024: Advancing Democratic Participation Through Erasmus+ andEuropean Solidarity Corps"}]},{"@type":"WebSite","@id":"https:\/\/dypall.com\/#website","url":"https:\/\/dypall.com\/","name":"DYPALL Network","description":"We are a European network of civil society organisations, municipalities and research institutions dedicated to improving democracy through youth participation.","potentialAction":[{"@type":"SearchAction","target":{"@type":"EntryPoint","urlTemplate":"https:\/\/dypall.com\/?s={search_term_string}"},"query-input":"required name=search_term_string"}],"inLanguage":"tr"},{"@type":"Person","@id":"https:\/\/dypall.com\/#\/schema\/person\/e87206094ce8bcf88449b35f00e40fb1","name":"DYPALL Network","image":{"@type":"ImageObject","inLanguage":"tr","@id":"https:\/\/dypall.com\/#\/schema\/person\/image\/","url":"https:\/\/secure.gravatar.com\/avatar\/1061d2d4c9b4f1a9b496774795b5deac1200dfd1d3abecb8f85cf8b580e6963b?s=96&d=mm&r=g","contentUrl":"https:\/\/secure.gravatar.com\/avatar\/1061d2d4c9b4f1a9b496774795b5deac1200dfd1d3abecb8f85cf8b580e6963b?s=96&d=mm&r=g","caption":"DYPALL Network"},"sameAs":["https:\/\/dypall.com\/"],"url":"https:\/\/dypall.com\/tr\/author\/dypallonsteroids\/"}]}},"jetpack_featured_media_url":"https:\/\/dypall.com\/wp-content\/uploads\/2024\/12\/b-94-scaled.jpg","jetpack_sharing_enabled":true,"_links":{"self":[{"href":"https:\/\/dypall.com\/tr\/wp-json\/wp\/v2\/posts\/8132","targetHints":{"allow":["GET"]}}],"collection":[{"href":"https:\/\/dypall.com\/tr\/wp-json\/wp\/v2\/posts"}],"about":[{"href":"https:\/\/dypall.com\/tr\/wp-json\/wp\/v2\/types\/post"}],"author":[{"embeddable":true,"href":"https:\/\/dypall.com\/tr\/wp-json\/wp\/v2\/users\/5"}],"replies":[{"embeddable":true,"href":"https:\/\/dypall.com\/tr\/wp-json\/wp\/v2\/comments?post=8132"}],"version-history":[{"count":1,"href":"https:\/\/dypall.com\/tr\/wp-json\/wp\/v2\/posts\/8132\/revisions"}],"predecessor-version":[{"id":8140,"href":"https:\/\/dypall.com\/tr\/wp-json\/wp\/v2\/posts\/8132\/revisions\/8140"}],"wp:featuredmedia":[{"embeddable":true,"href":"https:\/\/dypall.com\/tr\/wp-json\/wp\/v2\/media\/8138"}],"wp:attachment":[{"href":"https:\/\/dypall.com\/tr\/wp-json\/wp\/v2\/media?parent=8132"}],"wp:term":[{"taxonomy":"category","embeddable":true,"href":"https:\/\/dypall.com\/tr\/wp-json\/wp\/v2\/categories?post=8132"},{"taxonomy":"post_tag","embeddable":true,"href":"https:\/\/dypall.com\/tr\/wp-json\/wp\/v2\/tags?post=8132"}],"curies":[{"name":"wp","href":"https:\/\/api.w.org\/{rel}","templated":true}]}}