{"id":8067,"date":"2024-11-11T11:23:48","date_gmt":"2024-11-11T11:23:48","guid":{"rendered":"https:\/\/dypall.com\/?p=8067"},"modified":"2024-12-19T14:22:21","modified_gmt":"2024-12-19T14:22:21","slug":"europe-goes-local-steering-group-and-advisory-board-in-madeira-portugal","status":"publish","type":"post","link":"https:\/\/dypall.com\/tr\/activity\/europe-goes-local-steering-group-and-advisory-board-in-madeira-portugal\/","title":{"rendered":"\u2047 Europe Goes Local \u2047  Y\u00f6nlendirme grubu ve Dan\u0131\u015fma Kurulu, Madeira, Portekiz"},"content":{"rendered":"<p>5-7 Kas\u0131m 2024 tarihleri aras\u0131nda Portekiz'in Madeira adas\u0131, <strong>Direksiyon grubu<\/strong> ve <strong>Dan\u0131\u015fma Kurulu'nun<\/strong> \u00d6rne\u011fin;<strong> \u2047 Avrupa Yerelle\u015fiyor \u2047  (EGL)<\/strong>, DYPALL A\u011f\u0131 ve JINT taraf\u0131ndan, Madeira B\u00f6lge Gen\u00e7lik M\u00fcd\u00fcrl\u00fc\u011f\u00fc'n\u00fcn deste\u011fiyle organize edilmi\u015ftir.<\/p>\n\n\n\n<p>Madeira'daki toplant\u0131lar birka\u00e7 nedenden dolay\u0131 \u00f6nemliydi:<\/p>\n\n\n\n<ol class=\"wp-block-list\">\n<li>2024-2027 d\u00f6nemi i\u00e7in stratejik planlama; <\/li>\n\n\n\n<li>\u2047  EGL \u2047  \u00c7al\u0131\u015fma Bi\u00e7imlerini ke\u015ffetmek ve kabul etmek;<\/li>\n\n\n\n<li>\u00dc\u00e7 y\u0131ll\u0131k plan i\u00e7in faaliyetler tart\u0131\u015f\u0131l\u0131yor.<\/li>\n<\/ol>\n\n\n\n<p><a href=\"https:\/\/europegoeslocal.eu\/home\/\">Avrupa yerelle\u015fiyor<\/a> Yerel gen\u00e7lik \u00e7al\u0131\u015fmalar\u0131n\u0131 geli\u015ftirmek ve g\u00fc\u00e7lendirmek i\u00e7in bir Avrupa i\u015fbirli\u011fi projesidir. Erasmus+ ve European Solidarity Corps programlar\u0131 arac\u0131l\u0131\u011f\u0131yla kat\u0131l\u0131mc\u0131 Ulusal Ajanslar taraf\u0131ndan finanse edilmektedir.<\/p>\n\n\n\n<p>EGL, ana hedeflerini denetleyen Y\u00f6nlendirme Grubu ve Avrupa ve ulusal faaliyetleri planlayan Dan\u0131\u015fma Kurulu taraf\u0131ndan y\u00f6netilmektedir. Uzmanlar\u0131, politika yap\u0131c\u0131lar\u0131 ve uygulay\u0131c\u0131lar\u0131 bir araya getirerek EGL, Avrupa genelinde gen\u00e7lik \u00e7al\u0131\u015fma uygulamalar\u0131n\u0131 ve politikalar\u0131n\u0131 g\u00fc\u00e7lendirmeye katk\u0131da bulunur.<\/p>\n\n\n\n<p><\/p>\n\n\n\n<figure class=\"wp-block-gallery has-nested-images columns-default is-cropped wp-block-gallery-1 is-layout-flex wp-block-gallery-is-layout-flex\">\n<figure class=\"wp-block-image size-large\"><img loading=\"lazy\" decoding=\"async\" width=\"2048\" height=\"1537\" data-id=\"8068\" src=\"https:\/\/dypall.com\/wp-content\/uploads\/2024\/11\/WhatsApp-Image-2024-11-06-at-15.46.42-11.jpeg\" alt=\"\" class=\"wp-image-8068\" srcset=\"https:\/\/dypall.com\/wp-content\/uploads\/2024\/11\/WhatsApp-Image-2024-11-06-at-15.46.42-11.jpeg 2048w, https:\/\/dypall.com\/wp-content\/uploads\/2024\/11\/WhatsApp-Image-2024-11-06-at-15.46.42-11-768x576.jpeg 768w, https:\/\/dypall.com\/wp-content\/uploads\/2024\/11\/WhatsApp-Image-2024-11-06-at-15.46.42-11-1536x1153.jpeg 1536w, https:\/\/dypall.com\/wp-content\/uploads\/2024\/11\/WhatsApp-Image-2024-11-06-at-15.46.42-11-1568x1177.jpeg 1568w\" sizes=\"auto, (max-width: 2048px) 100vw, 2048px\" \/><\/figure>\n\n\n\n<figure class=\"wp-block-image size-large\"><img loading=\"lazy\" decoding=\"async\" width=\"2048\" height=\"1537\" data-id=\"8069\" src=\"https:\/\/dypall.com\/wp-content\/uploads\/2024\/11\/WhatsApp-Image-2024-11-06-at-15.46.42-10.jpeg\" alt=\"\" class=\"wp-image-8069\" srcset=\"https:\/\/dypall.com\/wp-content\/uploads\/2024\/11\/WhatsApp-Image-2024-11-06-at-15.46.42-10.jpeg 2048w, https:\/\/dypall.com\/wp-content\/uploads\/2024\/11\/WhatsApp-Image-2024-11-06-at-15.46.42-10-768x576.jpeg 768w, https:\/\/dypall.com\/wp-content\/uploads\/2024\/11\/WhatsApp-Image-2024-11-06-at-15.46.42-10-1536x1153.jpeg 1536w, https:\/\/dypall.com\/wp-content\/uploads\/2024\/11\/WhatsApp-Image-2024-11-06-at-15.46.42-10-1568x1177.jpeg 1568w\" sizes=\"auto, (max-width: 2048px) 100vw, 2048px\" \/><\/figure>\n\n\n\n<figure class=\"wp-block-image size-large\"><img loading=\"lazy\" decoding=\"async\" width=\"2048\" height=\"1537\" data-id=\"8071\" src=\"https:\/\/dypall.com\/wp-content\/uploads\/2024\/11\/WhatsApp-Image-2024-11-06-at-15.46.42-8.jpeg\" alt=\"\" class=\"wp-image-8071\" srcset=\"https:\/\/dypall.com\/wp-content\/uploads\/2024\/11\/WhatsApp-Image-2024-11-06-at-15.46.42-8.jpeg 2048w, https:\/\/dypall.com\/wp-content\/uploads\/2024\/11\/WhatsApp-Image-2024-11-06-at-15.46.42-8-768x576.jpeg 768w, https:\/\/dypall.com\/wp-content\/uploads\/2024\/11\/WhatsApp-Image-2024-11-06-at-15.46.42-8-1536x1153.jpeg 1536w, https:\/\/dypall.com\/wp-content\/uploads\/2024\/11\/WhatsApp-Image-2024-11-06-at-15.46.42-8-1568x1177.jpeg 1568w\" sizes=\"auto, (max-width: 2048px) 100vw, 2048px\" \/><\/figure>\n\n\n\n<figure class=\"wp-block-image size-large\"><img loading=\"lazy\" decoding=\"async\" width=\"2048\" height=\"1537\" data-id=\"8072\" src=\"https:\/\/dypall.com\/wp-content\/uploads\/2024\/11\/WhatsApp-Image-2024-11-06-at-15.46.42-7.jpeg\" alt=\"\" class=\"wp-image-8072\" srcset=\"https:\/\/dypall.com\/wp-content\/uploads\/2024\/11\/WhatsApp-Image-2024-11-06-at-15.46.42-7.jpeg 2048w, https:\/\/dypall.com\/wp-content\/uploads\/2024\/11\/WhatsApp-Image-2024-11-06-at-15.46.42-7-768x576.jpeg 768w, https:\/\/dypall.com\/wp-content\/uploads\/2024\/11\/WhatsApp-Image-2024-11-06-at-15.46.42-7-1536x1153.jpeg 1536w, https:\/\/dypall.com\/wp-content\/uploads\/2024\/11\/WhatsApp-Image-2024-11-06-at-15.46.42-7-1568x1177.jpeg 1568w\" sizes=\"auto, (max-width: 2048px) 100vw, 2048px\" \/><\/figure>\n\n\n\n<figure class=\"wp-block-image size-large\"><img loading=\"lazy\" decoding=\"async\" width=\"2048\" height=\"1537\" data-id=\"8073\" src=\"https:\/\/dypall.com\/wp-content\/uploads\/2024\/11\/WhatsApp-Image-2024-11-06-at-15.46.42-6.jpeg\" alt=\"\" class=\"wp-image-8073\" srcset=\"https:\/\/dypall.com\/wp-content\/uploads\/2024\/11\/WhatsApp-Image-2024-11-06-at-15.46.42-6.jpeg 2048w, https:\/\/dypall.com\/wp-content\/uploads\/2024\/11\/WhatsApp-Image-2024-11-06-at-15.46.42-6-768x576.jpeg 768w, https:\/\/dypall.com\/wp-content\/uploads\/2024\/11\/WhatsApp-Image-2024-11-06-at-15.46.42-6-1536x1153.jpeg 1536w, https:\/\/dypall.com\/wp-content\/uploads\/2024\/11\/WhatsApp-Image-2024-11-06-at-15.46.42-6-1568x1177.jpeg 1568w\" sizes=\"auto, (max-width: 2048px) 100vw, 2048px\" \/><\/figure>\n<\/figure>","protected":false},"excerpt":{"rendered":"<p>5-7 Kas\u0131m 2024 tarihleri aras\u0131nda Portekiz'in Madeira adas\u0131, DYPALL Network ve JINT taraf\u0131ndan Madeira B\u00f6lge Gen\u00e7lik M\u00fcd\u00fcrl\u00fc\u011f\u00fc'n\u00fcn deste\u011fiyle d\u00fczenlenen  \u2047 Europe Goes Local \u2047  (EGL) Y\u00f6nlendirme Grubu ve Dan\u0131\u015fma Kurulu toplant\u0131lar\u0131na ev sahipli\u011fi yapt\u0131. Madeira'daki toplant\u0131lar birka\u00e7 nedenden dolay\u0131 \u00f6nemliydi: Europe Goes Local Altyaz\u0131lar\u0131 <a class=\"more-link\" href=\"https:\/\/dypall.com\/tr\/activity\/europe-goes-local-steering-group-and-advisory-board-in-madeira-portugal\/\">Okumaya devam et <span class=\"screen-reader-text\">\u2047 Europe Goes Local \u2047  Y\u00f6nlendirme grubu ve Dan\u0131\u015fma Kurulu, Madeira, Portekiz<\/span><\/a><\/p>","protected":false},"author":5,"featured_media":8071,"comment_status":"open","ping_status":"open","sticky":false,"template":"","format":"standard","meta":{"_acf_changed":false,"_jetpack_memberships_contains_paid_content":false,"footnotes":""},"categories":[111],"tags":[],"class_list":["post-8067","post","type-post","status-publish","format-standard","has-post-thumbnail","hentry","category-activity","entry"],"acf":[],"yoast_head":"<!-- This site is optimized with the Yoast SEO plugin v22.8 - https:\/\/yoast.com\/wordpress\/plugins\/seo\/ -->\n<title>\u201cEurope Goes Local\u201d Steering group and Advisory Board in Madeira, Portugal - DYPALL Network<\/title>\n<meta name=\"robots\" content=\"index, follow, max-snippet:-1, max-image-preview:large, max-video-preview:-1\" \/>\n<link rel=\"canonical\" href=\"https:\/\/dypall.com\/tr\/activity\/europe-goes-local-steering-group-and-advisory-board-in-madeira-portugal\/\" \/>\n<meta property=\"og:locale\" content=\"tr_TR\" \/>\n<meta property=\"og:type\" content=\"article\" \/>\n<meta property=\"og:title\" content=\"\u201cEurope Goes Local\u201d Steering group and Advisory Board in Madeira, Portugal - DYPALL Network\" \/>\n<meta property=\"og:description\" content=\"From 5 to 7 November 2024, the island of Madeira, Portugal, hosted the meetings of the Steering Group and Advisory Board of \u2018Europe Goes Local\u2019 (EGL), organised by the DYPALL Network and JINT, with the support of the Madeira Regional Youth Directorate. The meetings in Madeira were significant for several reasons: Europe Goes Local is&hellip; Okumaya devam et \u201cEurope Goes Local\u201d Steering group and Advisory Board in Madeira, Portugal\" \/>\n<meta property=\"og:url\" content=\"https:\/\/dypall.com\/tr\/activity\/europe-goes-local-steering-group-and-advisory-board-in-madeira-portugal\/\" \/>\n<meta property=\"og:site_name\" content=\"DYPALL Network\" \/>\n<meta property=\"article:published_time\" content=\"2024-11-11T11:23:48+00:00\" \/>\n<meta property=\"article:modified_time\" content=\"2024-12-19T14:22:21+00:00\" \/>\n<meta property=\"og:image\" content=\"https:\/\/dypall.com\/wp-content\/uploads\/2024\/11\/WhatsApp-Image-2024-11-06-at-15.46.42-8.jpeg\" \/>\n\t<meta property=\"og:image:width\" content=\"2048\" \/>\n\t<meta property=\"og:image:height\" content=\"1537\" \/>\n\t<meta property=\"og:image:type\" content=\"image\/jpeg\" \/>\n<meta name=\"author\" content=\"DYPALL Network\" \/>\n<meta name=\"twitter:card\" content=\"summary_large_image\" \/>\n<meta name=\"twitter:label1\" content=\"Written by\" \/>\n\t<meta name=\"twitter:data1\" content=\"DYPALL Network\" \/>\n\t<meta name=\"twitter:label2\" content=\"Est. reading time\" \/>\n\t<meta name=\"twitter:data2\" content=\"2 dakika\" \/>\n<script type=\"application\/ld+json\" class=\"yoast-schema-graph\">{\"@context\":\"https:\/\/schema.org\",\"@graph\":[{\"@type\":\"WebPage\",\"@id\":\"https:\/\/dypall.com\/activity\/europe-goes-local-steering-group-and-advisory-board-in-madeira-portugal\/\",\"url\":\"https:\/\/dypall.com\/activity\/europe-goes-local-steering-group-and-advisory-board-in-madeira-portugal\/\",\"name\":\"\u201cEurope Goes Local\u201d Steering group and Advisory Board in Madeira, Portugal - DYPALL Network\",\"isPartOf\":{\"@id\":\"https:\/\/dypall.com\/#website\"},\"primaryImageOfPage\":{\"@id\":\"https:\/\/dypall.com\/activity\/europe-goes-local-steering-group-and-advisory-board-in-madeira-portugal\/#primaryimage\"},\"image\":{\"@id\":\"https:\/\/dypall.com\/activity\/europe-goes-local-steering-group-and-advisory-board-in-madeira-portugal\/#primaryimage\"},\"thumbnailUrl\":\"https:\/\/dypall.com\/wp-content\/uploads\/2024\/11\/WhatsApp-Image-2024-11-06-at-15.46.42-8.jpeg\",\"datePublished\":\"2024-11-11T11:23:48+00:00\",\"dateModified\":\"2024-12-19T14:22:21+00:00\",\"author\":{\"@id\":\"https:\/\/dypall.com\/#\/schema\/person\/e87206094ce8bcf88449b35f00e40fb1\"},\"breadcrumb\":{\"@id\":\"https:\/\/dypall.com\/activity\/europe-goes-local-steering-group-and-advisory-board-in-madeira-portugal\/#breadcrumb\"},\"inLanguage\":\"tr\",\"potentialAction\":[{\"@type\":\"ReadAction\",\"target\":[\"https:\/\/dypall.com\/activity\/europe-goes-local-steering-group-and-advisory-board-in-madeira-portugal\/\"]}]},{\"@type\":\"ImageObject\",\"inLanguage\":\"tr\",\"@id\":\"https:\/\/dypall.com\/activity\/europe-goes-local-steering-group-and-advisory-board-in-madeira-portugal\/#primaryimage\",\"url\":\"https:\/\/dypall.com\/wp-content\/uploads\/2024\/11\/WhatsApp-Image-2024-11-06-at-15.46.42-8.jpeg\",\"contentUrl\":\"https:\/\/dypall.com\/wp-content\/uploads\/2024\/11\/WhatsApp-Image-2024-11-06-at-15.46.42-8.jpeg\",\"width\":2048,\"height\":1537},{\"@type\":\"BreadcrumbList\",\"@id\":\"https:\/\/dypall.com\/activity\/europe-goes-local-steering-group-and-advisory-board-in-madeira-portugal\/#breadcrumb\",\"itemListElement\":[{\"@type\":\"ListItem\",\"position\":1,\"name\":\"Home\",\"item\":\"https:\/\/dypall.com\/\"},{\"@type\":\"ListItem\",\"position\":2,\"name\":\"\u201cEurope Goes Local\u201d Steering group and Advisory Board in Madeira, Portugal\"}]},{\"@type\":\"WebSite\",\"@id\":\"https:\/\/dypall.com\/#website\",\"url\":\"https:\/\/dypall.com\/\",\"name\":\"DYPALL Network\",\"description\":\"We are a European network of civil society organisations, municipalities and research institutions dedicated to improving democracy through youth participation.\",\"potentialAction\":[{\"@type\":\"SearchAction\",\"target\":{\"@type\":\"EntryPoint\",\"urlTemplate\":\"https:\/\/dypall.com\/?s={search_term_string}\"},\"query-input\":\"required name=search_term_string\"}],\"inLanguage\":\"tr\"},{\"@type\":\"Person\",\"@id\":\"https:\/\/dypall.com\/#\/schema\/person\/e87206094ce8bcf88449b35f00e40fb1\",\"name\":\"DYPALL Network\",\"image\":{\"@type\":\"ImageObject\",\"inLanguage\":\"tr\",\"@id\":\"https:\/\/dypall.com\/#\/schema\/person\/image\/\",\"url\":\"https:\/\/secure.gravatar.com\/avatar\/1061d2d4c9b4f1a9b496774795b5deac1200dfd1d3abecb8f85cf8b580e6963b?s=96&d=mm&r=g\",\"contentUrl\":\"https:\/\/secure.gravatar.com\/avatar\/1061d2d4c9b4f1a9b496774795b5deac1200dfd1d3abecb8f85cf8b580e6963b?s=96&d=mm&r=g\",\"caption\":\"DYPALL Network\"},\"sameAs\":[\"https:\/\/dypall.com\/\"],\"url\":\"https:\/\/dypall.com\/tr\/author\/dypallonsteroids\/\"}]}<\/script>\n<!-- \/ Yoast SEO plugin. -->","yoast_head_json":{"title":"\u201cEurope Goes Local\u201d Steering group and Advisory Board in Madeira, Portugal - DYPALL Network","robots":{"index":"index","follow":"follow","max-snippet":"max-snippet:-1","max-image-preview":"max-image-preview:large","max-video-preview":"max-video-preview:-1"},"canonical":"https:\/\/dypall.com\/tr\/activity\/europe-goes-local-steering-group-and-advisory-board-in-madeira-portugal\/","og_locale":"tr_TR","og_type":"article","og_title":"\u201cEurope Goes Local\u201d Steering group and Advisory Board in Madeira, Portugal - DYPALL Network","og_description":"From 5 to 7 November 2024, the island of Madeira, Portugal, hosted the meetings of the Steering Group and Advisory Board of \u2018Europe Goes Local\u2019 (EGL), organised by the DYPALL Network and JINT, with the support of the Madeira Regional Youth Directorate. The meetings in Madeira were significant for several reasons: Europe Goes Local is&hellip; Okumaya devam et \u201cEurope Goes Local\u201d Steering group and Advisory Board in Madeira, Portugal","og_url":"https:\/\/dypall.com\/tr\/activity\/europe-goes-local-steering-group-and-advisory-board-in-madeira-portugal\/","og_site_name":"DYPALL Network","article_published_time":"2024-11-11T11:23:48+00:00","article_modified_time":"2024-12-19T14:22:21+00:00","og_image":[{"width":2048,"height":1537,"url":"https:\/\/dypall.com\/wp-content\/uploads\/2024\/11\/WhatsApp-Image-2024-11-06-at-15.46.42-8.jpeg","type":"image\/jpeg"}],"author":"DYPALL Network","twitter_card":"summary_large_image","twitter_misc":{"Written by":"DYPALL Network","Est. reading time":"2 dakika"},"schema":{"@context":"https:\/\/schema.org","@graph":[{"@type":"WebPage","@id":"https:\/\/dypall.com\/activity\/europe-goes-local-steering-group-and-advisory-board-in-madeira-portugal\/","url":"https:\/\/dypall.com\/activity\/europe-goes-local-steering-group-and-advisory-board-in-madeira-portugal\/","name":"\u201cEurope Goes Local\u201d Steering group and Advisory Board in Madeira, Portugal - DYPALL Network","isPartOf":{"@id":"https:\/\/dypall.com\/#website"},"primaryImageOfPage":{"@id":"https:\/\/dypall.com\/activity\/europe-goes-local-steering-group-and-advisory-board-in-madeira-portugal\/#primaryimage"},"image":{"@id":"https:\/\/dypall.com\/activity\/europe-goes-local-steering-group-and-advisory-board-in-madeira-portugal\/#primaryimage"},"thumbnailUrl":"https:\/\/dypall.com\/wp-content\/uploads\/2024\/11\/WhatsApp-Image-2024-11-06-at-15.46.42-8.jpeg","datePublished":"2024-11-11T11:23:48+00:00","dateModified":"2024-12-19T14:22:21+00:00","author":{"@id":"https:\/\/dypall.com\/#\/schema\/person\/e87206094ce8bcf88449b35f00e40fb1"},"breadcrumb":{"@id":"https:\/\/dypall.com\/activity\/europe-goes-local-steering-group-and-advisory-board-in-madeira-portugal\/#breadcrumb"},"inLanguage":"tr","potentialAction":[{"@type":"ReadAction","target":["https:\/\/dypall.com\/activity\/europe-goes-local-steering-group-and-advisory-board-in-madeira-portugal\/"]}]},{"@type":"ImageObject","inLanguage":"tr","@id":"https:\/\/dypall.com\/activity\/europe-goes-local-steering-group-and-advisory-board-in-madeira-portugal\/#primaryimage","url":"https:\/\/dypall.com\/wp-content\/uploads\/2024\/11\/WhatsApp-Image-2024-11-06-at-15.46.42-8.jpeg","contentUrl":"https:\/\/dypall.com\/wp-content\/uploads\/2024\/11\/WhatsApp-Image-2024-11-06-at-15.46.42-8.jpeg","width":2048,"height":1537},{"@type":"BreadcrumbList","@id":"https:\/\/dypall.com\/activity\/europe-goes-local-steering-group-and-advisory-board-in-madeira-portugal\/#breadcrumb","itemListElement":[{"@type":"ListItem","position":1,"name":"Home","item":"https:\/\/dypall.com\/"},{"@type":"ListItem","position":2,"name":"\u201cEurope Goes Local\u201d Steering group and Advisory Board in Madeira, Portugal"}]},{"@type":"WebSite","@id":"https:\/\/dypall.com\/#website","url":"https:\/\/dypall.com\/","name":"DYPALL Network","description":"We are a European network of civil society organisations, municipalities and research institutions dedicated to improving democracy through youth participation.","potentialAction":[{"@type":"SearchAction","target":{"@type":"EntryPoint","urlTemplate":"https:\/\/dypall.com\/?s={search_term_string}"},"query-input":"required name=search_term_string"}],"inLanguage":"tr"},{"@type":"Person","@id":"https:\/\/dypall.com\/#\/schema\/person\/e87206094ce8bcf88449b35f00e40fb1","name":"DYPALL Network","image":{"@type":"ImageObject","inLanguage":"tr","@id":"https:\/\/dypall.com\/#\/schema\/person\/image\/","url":"https:\/\/secure.gravatar.com\/avatar\/1061d2d4c9b4f1a9b496774795b5deac1200dfd1d3abecb8f85cf8b580e6963b?s=96&d=mm&r=g","contentUrl":"https:\/\/secure.gravatar.com\/avatar\/1061d2d4c9b4f1a9b496774795b5deac1200dfd1d3abecb8f85cf8b580e6963b?s=96&d=mm&r=g","caption":"DYPALL Network"},"sameAs":["https:\/\/dypall.com\/"],"url":"https:\/\/dypall.com\/tr\/author\/dypallonsteroids\/"}]}},"jetpack_featured_media_url":"https:\/\/dypall.com\/wp-content\/uploads\/2024\/11\/WhatsApp-Image-2024-11-06-at-15.46.42-8.jpeg","jetpack_sharing_enabled":true,"_links":{"self":[{"href":"https:\/\/dypall.com\/tr\/wp-json\/wp\/v2\/posts\/8067","targetHints":{"allow":["GET"]}}],"collection":[{"href":"https:\/\/dypall.com\/tr\/wp-json\/wp\/v2\/posts"}],"about":[{"href":"https:\/\/dypall.com\/tr\/wp-json\/wp\/v2\/types\/post"}],"author":[{"embeddable":true,"href":"https:\/\/dypall.com\/tr\/wp-json\/wp\/v2\/users\/5"}],"replies":[{"embeddable":true,"href":"https:\/\/dypall.com\/tr\/wp-json\/wp\/v2\/comments?post=8067"}],"version-history":[{"count":1,"href":"https:\/\/dypall.com\/tr\/wp-json\/wp\/v2\/posts\/8067\/revisions"}],"predecessor-version":[{"id":8074,"href":"https:\/\/dypall.com\/tr\/wp-json\/wp\/v2\/posts\/8067\/revisions\/8074"}],"wp:featuredmedia":[{"embeddable":true,"href":"https:\/\/dypall.com\/tr\/wp-json\/wp\/v2\/media\/8071"}],"wp:attachment":[{"href":"https:\/\/dypall.com\/tr\/wp-json\/wp\/v2\/media?parent=8067"}],"wp:term":[{"taxonomy":"category","embeddable":true,"href":"https:\/\/dypall.com\/tr\/wp-json\/wp\/v2\/categories?post=8067"},{"taxonomy":"post_tag","embeddable":true,"href":"https:\/\/dypall.com\/tr\/wp-json\/wp\/v2\/tags?post=8067"}],"curies":[{"name":"wp","href":"https:\/\/api.w.org\/{rel}","templated":true}]}}