{"id":7885,"date":"2024-10-17T11:05:45","date_gmt":"2024-10-17T11:05:45","guid":{"rendered":"https:\/\/dypall.com\/?p=7885"},"modified":"2024-10-17T15:13:51","modified_gmt":"2024-10-17T15:13:51","slug":"dypall-network-at-the-symposium-on-youth-democracy-and-climate-action","status":"publish","type":"post","link":"https:\/\/dypall.com\/tr\/activity\/dypall-network-at-the-symposium-on-youth-democracy-and-climate-action\/","title":{"rendered":"Gen\u00e7lik, Demokrasi ve \u0130klim Eylemi Sempozyumu'nda DYPALL A\u011f\u0131"},"content":{"rendered":"<p>DYPALL Network, DYPALL Network'e kat\u0131lmaktan gurur duyuyordu. <strong>Gen\u00e7lik, Demokrasi ve \u0130klim Eylemi Sempozyumu<\/strong>, taraf\u0131ndan d\u00fczenlenen <a href=\"https:\/\/pjp-eu.coe.int\/en\/web\/youth-partnership\">AB-Avrupa Konseyi Gen\u00e7lik Ortakl\u0131\u011f\u0131<\/a> 24 - 26 Eyl\u00fcl 2024 tarihleri aras\u0131nda Strasbourg, Fransa'daki Avrupa Gen\u00e7lik Merkezi'nde. Heyetimiz \u0130cra Direkt\u00f6r\u00fcm\u00fcz Bruno Antonio ve iki gen\u00e7 temsilci, Jo\u00e3o Bras ve Afonso Borges'i i\u00e7eriyordu.<\/p>\n\n\n\n<p>Sempozyum, kritik konular\u0131 tart\u0131\u015fmak ve olumlu de\u011fi\u015fim stratejilerini ara\u015ft\u0131rmak i\u00e7in de\u011ferli bir platform sa\u011flad\u0131. Temsilcilerimiz etkinli\u011fe aktif olarak kat\u0131ld\u0131lar, yerel aktivizmin ve savunuculu\u011fun sahip olabilece\u011fi etkiye odaklanan at\u00f6lye \u00e7al\u0131\u015fmalar\u0131na kat\u0131ld\u0131lar ve kolayla\u015ft\u0131rd\u0131lar, yayg\u0131n e\u011fitimi bir kapasite geli\u015ftirme arac\u0131 olarak kulland\u0131lar. Bu \u00e7al\u0131\u015ftaylar, gen\u00e7leri de\u011fi\u015fimin ajanlar\u0131 olmalar\u0131 ve yerel, ulusal veya uluslararas\u0131 d\u00fczeyde gezegenimizin refah\u0131n\u0131 \u00f6nceliklendiren daha sa\u011fl\u0131kl\u0131 demokrasilere katk\u0131da bulunmalar\u0131 i\u00e7in g\u00fc\u00e7lendirmenin \u00f6nemini vurgulad\u0131.<\/p>\n\n\n\n<p>Bu \u00f6nemli etkinli\u011fe kat\u0131lmak ve gen\u00e7lik kat\u0131l\u0131m\u0131, demokrasi ve iklim eylemi konusunda devam eden diyalo\u011fa katk\u0131da bulunmak bir onurdu.<\/p>\n\n\n\n<p>Etkinlik hakk\u0131nda daha fazla bilgi edinin <a href=\"https:\/\/pjp-eu.coe.int\/en\/web\/youth-partnership\/symposium-2024\">burada<\/a>. <\/p>\n\n\n\n<p>Foto\u011fraf kredisi: Gen\u00e7lik Ortakl\u0131\u011f\u0131 \/ Outdoor360<\/p>\n\n\n\n<p><\/p>\n\n\n\n<figure class=\"wp-block-gallery has-nested-images columns-default is-cropped wp-block-gallery-1 is-layout-flex wp-block-gallery-is-layout-flex\">\n<figure class=\"wp-block-image size-large\"><img loading=\"lazy\" decoding=\"async\" width=\"2560\" height=\"1707\" data-id=\"7925\" src=\"https:\/\/dypall.com\/wp-content\/uploads\/2024\/10\/WhatsApp-Image-2024-10-17-at-11.55.36-2-scaled.jpeg\" alt=\"\" class=\"wp-image-7925\" srcset=\"https:\/\/dypall.com\/wp-content\/uploads\/2024\/10\/WhatsApp-Image-2024-10-17-at-11.55.36-2-scaled.jpeg 2560w, https:\/\/dypall.com\/wp-content\/uploads\/2024\/10\/WhatsApp-Image-2024-10-17-at-11.55.36-2-768x512.jpeg 768w, https:\/\/dypall.com\/wp-content\/uploads\/2024\/10\/WhatsApp-Image-2024-10-17-at-11.55.36-2-1536x1024.jpeg 1536w, https:\/\/dypall.com\/wp-content\/uploads\/2024\/10\/WhatsApp-Image-2024-10-17-at-11.55.36-2-2048x1365.jpeg 2048w, https:\/\/dypall.com\/wp-content\/uploads\/2024\/10\/WhatsApp-Image-2024-10-17-at-11.55.36-2-1568x1045.jpeg 1568w\" sizes=\"auto, (max-width: 2560px) 100vw, 2560px\" \/><\/figure>\n\n\n\n<figure class=\"wp-block-image size-large\"><img loading=\"lazy\" decoding=\"async\" width=\"2560\" height=\"1707\" data-id=\"7914\" src=\"https:\/\/dypall.com\/wp-content\/uploads\/2024\/10\/WhatsApp-Image-2024-10-17-at-11.55.24-1-scaled.jpeg\" alt=\"\" class=\"wp-image-7914\" srcset=\"https:\/\/dypall.com\/wp-content\/uploads\/2024\/10\/WhatsApp-Image-2024-10-17-at-11.55.24-1-scaled.jpeg 2560w, https:\/\/dypall.com\/wp-content\/uploads\/2024\/10\/WhatsApp-Image-2024-10-17-at-11.55.24-1-768x512.jpeg 768w, https:\/\/dypall.com\/wp-content\/uploads\/2024\/10\/WhatsApp-Image-2024-10-17-at-11.55.24-1-1536x1024.jpeg 1536w, https:\/\/dypall.com\/wp-content\/uploads\/2024\/10\/WhatsApp-Image-2024-10-17-at-11.55.24-1-2048x1365.jpeg 2048w, https:\/\/dypall.com\/wp-content\/uploads\/2024\/10\/WhatsApp-Image-2024-10-17-at-11.55.24-1-1568x1045.jpeg 1568w\" sizes=\"auto, (max-width: 2560px) 100vw, 2560px\" \/><\/figure>\n\n\n\n<figure class=\"wp-block-image size-large\"><img loading=\"lazy\" decoding=\"async\" width=\"2560\" height=\"1707\" data-id=\"7913\" src=\"https:\/\/dypall.com\/wp-content\/uploads\/2024\/10\/WhatsApp-Image-2024-10-17-at-11.55.37-1-1-scaled.jpeg\" alt=\"\" class=\"wp-image-7913\" srcset=\"https:\/\/dypall.com\/wp-content\/uploads\/2024\/10\/WhatsApp-Image-2024-10-17-at-11.55.37-1-1-scaled.jpeg 2560w, https:\/\/dypall.com\/wp-content\/uploads\/2024\/10\/WhatsApp-Image-2024-10-17-at-11.55.37-1-1-768x512.jpeg 768w, https:\/\/dypall.com\/wp-content\/uploads\/2024\/10\/WhatsApp-Image-2024-10-17-at-11.55.37-1-1-1536x1024.jpeg 1536w, https:\/\/dypall.com\/wp-content\/uploads\/2024\/10\/WhatsApp-Image-2024-10-17-at-11.55.37-1-1-2048x1365.jpeg 2048w, https:\/\/dypall.com\/wp-content\/uploads\/2024\/10\/WhatsApp-Image-2024-10-17-at-11.55.37-1-1-1568x1045.jpeg 1568w\" sizes=\"auto, (max-width: 2560px) 100vw, 2560px\" \/><\/figure>\n\n\n\n<figure class=\"wp-block-image size-large\"><img loading=\"lazy\" decoding=\"async\" width=\"2560\" height=\"1707\" data-id=\"7923\" src=\"https:\/\/dypall.com\/wp-content\/uploads\/2024\/10\/WhatsApp-Image-2024-10-17-at-11.55.37-3-scaled.jpeg\" alt=\"\" class=\"wp-image-7923\" srcset=\"https:\/\/dypall.com\/wp-content\/uploads\/2024\/10\/WhatsApp-Image-2024-10-17-at-11.55.37-3-scaled.jpeg 2560w, https:\/\/dypall.com\/wp-content\/uploads\/2024\/10\/WhatsApp-Image-2024-10-17-at-11.55.37-3-768x512.jpeg 768w, https:\/\/dypall.com\/wp-content\/uploads\/2024\/10\/WhatsApp-Image-2024-10-17-at-11.55.37-3-1536x1024.jpeg 1536w, https:\/\/dypall.com\/wp-content\/uploads\/2024\/10\/WhatsApp-Image-2024-10-17-at-11.55.37-3-2048x1365.jpeg 2048w, https:\/\/dypall.com\/wp-content\/uploads\/2024\/10\/WhatsApp-Image-2024-10-17-at-11.55.37-3-1568x1045.jpeg 1568w\" sizes=\"auto, (max-width: 2560px) 100vw, 2560px\" \/><\/figure>\n\n\n\n<figure class=\"wp-block-image size-large\"><img loading=\"lazy\" decoding=\"async\" width=\"2560\" height=\"1707\" data-id=\"7921\" src=\"https:\/\/dypall.com\/wp-content\/uploads\/2024\/10\/WhatsApp-Image-2024-10-17-at-11.55.44-1-scaled.jpeg\" alt=\"\" class=\"wp-image-7921\" srcset=\"https:\/\/dypall.com\/wp-content\/uploads\/2024\/10\/WhatsApp-Image-2024-10-17-at-11.55.44-1-scaled.jpeg 2560w, https:\/\/dypall.com\/wp-content\/uploads\/2024\/10\/WhatsApp-Image-2024-10-17-at-11.55.44-1-768x512.jpeg 768w, https:\/\/dypall.com\/wp-content\/uploads\/2024\/10\/WhatsApp-Image-2024-10-17-at-11.55.44-1-1536x1024.jpeg 1536w, https:\/\/dypall.com\/wp-content\/uploads\/2024\/10\/WhatsApp-Image-2024-10-17-at-11.55.44-1-2048x1365.jpeg 2048w, https:\/\/dypall.com\/wp-content\/uploads\/2024\/10\/WhatsApp-Image-2024-10-17-at-11.55.44-1-1568x1045.jpeg 1568w\" sizes=\"auto, (max-width: 2560px) 100vw, 2560px\" \/><\/figure>\n\n\n\n<figure class=\"wp-block-image size-large\"><img loading=\"lazy\" decoding=\"async\" width=\"2560\" height=\"1707\" data-id=\"7922\" src=\"https:\/\/dypall.com\/wp-content\/uploads\/2024\/10\/WhatsApp-Image-2024-10-17-at-11.55.45-1-1-scaled.jpeg\" alt=\"\" class=\"wp-image-7922\" srcset=\"https:\/\/dypall.com\/wp-content\/uploads\/2024\/10\/WhatsApp-Image-2024-10-17-at-11.55.45-1-1-scaled.jpeg 2560w, https:\/\/dypall.com\/wp-content\/uploads\/2024\/10\/WhatsApp-Image-2024-10-17-at-11.55.45-1-1-768x512.jpeg 768w, https:\/\/dypall.com\/wp-content\/uploads\/2024\/10\/WhatsApp-Image-2024-10-17-at-11.55.45-1-1-1536x1024.jpeg 1536w, https:\/\/dypall.com\/wp-content\/uploads\/2024\/10\/WhatsApp-Image-2024-10-17-at-11.55.45-1-1-2048x1365.jpeg 2048w, https:\/\/dypall.com\/wp-content\/uploads\/2024\/10\/WhatsApp-Image-2024-10-17-at-11.55.45-1-1-1568x1045.jpeg 1568w\" sizes=\"auto, (max-width: 2560px) 100vw, 2560px\" \/><\/figure>\n\n\n\n<figure class=\"wp-block-image size-large\"><img loading=\"lazy\" decoding=\"async\" width=\"2560\" height=\"1707\" data-id=\"7917\" src=\"https:\/\/dypall.com\/wp-content\/uploads\/2024\/10\/WhatsApp-Image-2024-10-17-at-11.55.45-3-scaled.jpeg\" alt=\"\" class=\"wp-image-7917\" srcset=\"https:\/\/dypall.com\/wp-content\/uploads\/2024\/10\/WhatsApp-Image-2024-10-17-at-11.55.45-3-scaled.jpeg 2560w, https:\/\/dypall.com\/wp-content\/uploads\/2024\/10\/WhatsApp-Image-2024-10-17-at-11.55.45-3-768x512.jpeg 768w, https:\/\/dypall.com\/wp-content\/uploads\/2024\/10\/WhatsApp-Image-2024-10-17-at-11.55.45-3-1536x1024.jpeg 1536w, https:\/\/dypall.com\/wp-content\/uploads\/2024\/10\/WhatsApp-Image-2024-10-17-at-11.55.45-3-2048x1365.jpeg 2048w, https:\/\/dypall.com\/wp-content\/uploads\/2024\/10\/WhatsApp-Image-2024-10-17-at-11.55.45-3-1568x1045.jpeg 1568w\" sizes=\"auto, (max-width: 2560px) 100vw, 2560px\" \/><\/figure>\n\n\n\n<figure class=\"wp-block-image size-large\"><img loading=\"lazy\" decoding=\"async\" width=\"2560\" height=\"1707\" data-id=\"7926\" src=\"https:\/\/dypall.com\/wp-content\/uploads\/2024\/10\/WhatsApp-Image-2024-10-17-at-11.55.38-2-1-scaled.jpeg\" alt=\"\" class=\"wp-image-7926\" srcset=\"https:\/\/dypall.com\/wp-content\/uploads\/2024\/10\/WhatsApp-Image-2024-10-17-at-11.55.38-2-1-scaled.jpeg 2560w, https:\/\/dypall.com\/wp-content\/uploads\/2024\/10\/WhatsApp-Image-2024-10-17-at-11.55.38-2-1-768x512.jpeg 768w, https:\/\/dypall.com\/wp-content\/uploads\/2024\/10\/WhatsApp-Image-2024-10-17-at-11.55.38-2-1-1536x1024.jpeg 1536w, https:\/\/dypall.com\/wp-content\/uploads\/2024\/10\/WhatsApp-Image-2024-10-17-at-11.55.38-2-1-2048x1365.jpeg 2048w, https:\/\/dypall.com\/wp-content\/uploads\/2024\/10\/WhatsApp-Image-2024-10-17-at-11.55.38-2-1-1568x1045.jpeg 1568w\" sizes=\"auto, (max-width: 2560px) 100vw, 2560px\" \/><\/figure>\n\n\n\n<figure class=\"wp-block-image size-large\"><img loading=\"lazy\" decoding=\"async\" width=\"2560\" height=\"1707\" data-id=\"7919\" src=\"https:\/\/dypall.com\/wp-content\/uploads\/2024\/10\/WhatsApp-Image-2024-10-17-at-11.55.38-1-1-scaled.jpeg\" alt=\"\" class=\"wp-image-7919\" srcset=\"https:\/\/dypall.com\/wp-content\/uploads\/2024\/10\/WhatsApp-Image-2024-10-17-at-11.55.38-1-1-scaled.jpeg 2560w, https:\/\/dypall.com\/wp-content\/uploads\/2024\/10\/WhatsApp-Image-2024-10-17-at-11.55.38-1-1-768x512.jpeg 768w, https:\/\/dypall.com\/wp-content\/uploads\/2024\/10\/WhatsApp-Image-2024-10-17-at-11.55.38-1-1-1536x1024.jpeg 1536w, https:\/\/dypall.com\/wp-content\/uploads\/2024\/10\/WhatsApp-Image-2024-10-17-at-11.55.38-1-1-2048x1365.jpeg 2048w, https:\/\/dypall.com\/wp-content\/uploads\/2024\/10\/WhatsApp-Image-2024-10-17-at-11.55.38-1-1-1568x1045.jpeg 1568w\" sizes=\"auto, (max-width: 2560px) 100vw, 2560px\" \/><\/figure>\n\n\n\n<figure class=\"wp-block-image size-large\"><img loading=\"lazy\" decoding=\"async\" width=\"2560\" height=\"1707\" data-id=\"7928\" src=\"https:\/\/dypall.com\/wp-content\/uploads\/2024\/10\/WhatsApp-Image-2024-10-17-at-11.55.46-1-4-scaled.jpeg\" alt=\"\" class=\"wp-image-7928\" srcset=\"https:\/\/dypall.com\/wp-content\/uploads\/2024\/10\/WhatsApp-Image-2024-10-17-at-11.55.46-1-4-scaled.jpeg 2560w, https:\/\/dypall.com\/wp-content\/uploads\/2024\/10\/WhatsApp-Image-2024-10-17-at-11.55.46-1-4-768x512.jpeg 768w, https:\/\/dypall.com\/wp-content\/uploads\/2024\/10\/WhatsApp-Image-2024-10-17-at-11.55.46-1-4-1536x1024.jpeg 1536w, https:\/\/dypall.com\/wp-content\/uploads\/2024\/10\/WhatsApp-Image-2024-10-17-at-11.55.46-1-4-2048x1365.jpeg 2048w, https:\/\/dypall.com\/wp-content\/uploads\/2024\/10\/WhatsApp-Image-2024-10-17-at-11.55.46-1-4-1568x1045.jpeg 1568w\" sizes=\"auto, (max-width: 2560px) 100vw, 2560px\" \/><\/figure>\n\n\n\n<figure class=\"wp-block-image size-large\"><img loading=\"lazy\" decoding=\"async\" width=\"2560\" height=\"1707\" data-id=\"7920\" src=\"https:\/\/dypall.com\/wp-content\/uploads\/2024\/10\/WhatsApp-Image-2024-10-17-at-11.55.46-3-scaled.jpeg\" alt=\"\" class=\"wp-image-7920\" srcset=\"https:\/\/dypall.com\/wp-content\/uploads\/2024\/10\/WhatsApp-Image-2024-10-17-at-11.55.46-3-scaled.jpeg 2560w, https:\/\/dypall.com\/wp-content\/uploads\/2024\/10\/WhatsApp-Image-2024-10-17-at-11.55.46-3-768x512.jpeg 768w, https:\/\/dypall.com\/wp-content\/uploads\/2024\/10\/WhatsApp-Image-2024-10-17-at-11.55.46-3-1536x1024.jpeg 1536w, https:\/\/dypall.com\/wp-content\/uploads\/2024\/10\/WhatsApp-Image-2024-10-17-at-11.55.46-3-2048x1365.jpeg 2048w, https:\/\/dypall.com\/wp-content\/uploads\/2024\/10\/WhatsApp-Image-2024-10-17-at-11.55.46-3-1568x1045.jpeg 1568w\" sizes=\"auto, (max-width: 2560px) 100vw, 2560px\" \/><\/figure>\n\n\n\n<figure class=\"wp-block-image size-large\"><img loading=\"lazy\" decoding=\"async\" width=\"2560\" height=\"1707\" data-id=\"7927\" src=\"https:\/\/dypall.com\/wp-content\/uploads\/2024\/10\/WhatsApp-Image-2024-10-17-at-11.55.38-4-scaled.jpeg\" alt=\"\" class=\"wp-image-7927\" srcset=\"https:\/\/dypall.com\/wp-content\/uploads\/2024\/10\/WhatsApp-Image-2024-10-17-at-11.55.38-4-scaled.jpeg 2560w, https:\/\/dypall.com\/wp-content\/uploads\/2024\/10\/WhatsApp-Image-2024-10-17-at-11.55.38-4-768x512.jpeg 768w, https:\/\/dypall.com\/wp-content\/uploads\/2024\/10\/WhatsApp-Image-2024-10-17-at-11.55.38-4-1536x1024.jpeg 1536w, https:\/\/dypall.com\/wp-content\/uploads\/2024\/10\/WhatsApp-Image-2024-10-17-at-11.55.38-4-2048x1365.jpeg 2048w, https:\/\/dypall.com\/wp-content\/uploads\/2024\/10\/WhatsApp-Image-2024-10-17-at-11.55.38-4-1568x1045.jpeg 1568w\" sizes=\"auto, (max-width: 2560px) 100vw, 2560px\" \/><\/figure>\n<\/figure>","protected":false},"excerpt":{"rendered":"<p>DYPALL Network, AB-Avrupa Konseyi Gen\u00e7lik Ortakl\u0131\u011f\u0131 taraf\u0131ndan 24 - 26 Eyl\u00fcl 2024 tarihleri aras\u0131nda Fransa'n\u0131n Strazburg kentindeki Avrupa Gen\u00e7lik Merkezi'nde d\u00fczenlenen Gen\u00e7lik, Demokrasi ve \u0130klim Eylemi Sempozyumu'na kat\u0131lmaktan gurur duyuyordu. Heyetimiz \u0130cra Direkt\u00f6r\u00fcm\u00fcz Bruno Antonio ve iki gen\u00e7 temsilci, Jo\u00e3o Bras ve Afonso Borges'i i\u00e7eriyordu. Sempozyum... <a class=\"more-link\" href=\"https:\/\/dypall.com\/tr\/activity\/dypall-network-at-the-symposium-on-youth-democracy-and-climate-action\/\">Okumaya devam et <span class=\"screen-reader-text\">Gen\u00e7lik, Demokrasi ve \u0130klim Eylemi Sempozyumu'nda DYPALL A\u011f\u0131<\/span><\/a><\/p>","protected":false},"author":5,"featured_media":7905,"comment_status":"open","ping_status":"open","sticky":false,"template":"","format":"standard","meta":{"_acf_changed":false,"_jetpack_memberships_contains_paid_content":false,"footnotes":""},"categories":[111],"tags":[],"class_list":["post-7885","post","type-post","status-publish","format-standard","has-post-thumbnail","hentry","category-activity","entry"],"acf":[],"yoast_head":"<!-- This site is optimized with the Yoast SEO plugin v22.8 - https:\/\/yoast.com\/wordpress\/plugins\/seo\/ -->\n<title>DYPALL Network at the Symposium on Youth, Democracy and Climate Action - DYPALL Network<\/title>\n<meta name=\"robots\" content=\"index, follow, max-snippet:-1, max-image-preview:large, max-video-preview:-1\" \/>\n<link rel=\"canonical\" href=\"https:\/\/dypall.com\/tr\/activity\/dypall-network-at-the-symposium-on-youth-democracy-and-climate-action\/\" \/>\n<meta property=\"og:locale\" content=\"tr_TR\" \/>\n<meta property=\"og:type\" content=\"article\" \/>\n<meta property=\"og:title\" content=\"DYPALL Network at the Symposium on Youth, Democracy and Climate Action - DYPALL Network\" \/>\n<meta property=\"og:description\" content=\"DYPALL Network was proud to participate in the Symposium on Youth, Democracy and Climate Action, organised by the EU-Council of Europe Youth Partnership from September 24 to 26, 2024, at the European Youth Centre Strasbourg, France. Our delegation included our Executive Director, Bruno Antonio, and two young representatives, Jo\u00e3o Bras and Afonso Borges. The symposium&hellip; Okumaya devam et DYPALL Network at the Symposium on Youth, Democracy and Climate Action\" \/>\n<meta property=\"og:url\" content=\"https:\/\/dypall.com\/tr\/activity\/dypall-network-at-the-symposium-on-youth-democracy-and-climate-action\/\" \/>\n<meta property=\"og:site_name\" content=\"DYPALL Network\" \/>\n<meta property=\"article:published_time\" content=\"2024-10-17T11:05:45+00:00\" \/>\n<meta property=\"article:modified_time\" content=\"2024-10-17T15:13:51+00:00\" \/>\n<meta property=\"og:image\" content=\"https:\/\/dypall.com\/wp-content\/uploads\/2024\/10\/WhatsApp-Image-2024-10-17-at-11.55.38-3-scaled.jpeg\" \/>\n\t<meta property=\"og:image:width\" content=\"2560\" \/>\n\t<meta property=\"og:image:height\" content=\"1707\" \/>\n\t<meta property=\"og:image:type\" content=\"image\/jpeg\" \/>\n<meta name=\"author\" content=\"DYPALL Network\" \/>\n<meta name=\"twitter:card\" content=\"summary_large_image\" \/>\n<meta name=\"twitter:label1\" content=\"Written by\" \/>\n\t<meta name=\"twitter:data1\" content=\"DYPALL Network\" \/>\n\t<meta name=\"twitter:label2\" content=\"Est. reading time\" \/>\n\t<meta name=\"twitter:data2\" content=\"4 dakika\" \/>\n<script type=\"application\/ld+json\" class=\"yoast-schema-graph\">{\"@context\":\"https:\/\/schema.org\",\"@graph\":[{\"@type\":\"WebPage\",\"@id\":\"https:\/\/dypall.com\/activity\/dypall-network-at-the-symposium-on-youth-democracy-and-climate-action\/\",\"url\":\"https:\/\/dypall.com\/activity\/dypall-network-at-the-symposium-on-youth-democracy-and-climate-action\/\",\"name\":\"DYPALL Network at the Symposium on Youth, Democracy and Climate Action - DYPALL Network\",\"isPartOf\":{\"@id\":\"https:\/\/dypall.com\/#website\"},\"primaryImageOfPage\":{\"@id\":\"https:\/\/dypall.com\/activity\/dypall-network-at-the-symposium-on-youth-democracy-and-climate-action\/#primaryimage\"},\"image\":{\"@id\":\"https:\/\/dypall.com\/activity\/dypall-network-at-the-symposium-on-youth-democracy-and-climate-action\/#primaryimage\"},\"thumbnailUrl\":\"https:\/\/dypall.com\/wp-content\/uploads\/2024\/10\/WhatsApp-Image-2024-10-17-at-11.55.38-3-scaled.jpeg\",\"datePublished\":\"2024-10-17T11:05:45+00:00\",\"dateModified\":\"2024-10-17T15:13:51+00:00\",\"author\":{\"@id\":\"https:\/\/dypall.com\/#\/schema\/person\/e87206094ce8bcf88449b35f00e40fb1\"},\"breadcrumb\":{\"@id\":\"https:\/\/dypall.com\/activity\/dypall-network-at-the-symposium-on-youth-democracy-and-climate-action\/#breadcrumb\"},\"inLanguage\":\"tr\",\"potentialAction\":[{\"@type\":\"ReadAction\",\"target\":[\"https:\/\/dypall.com\/activity\/dypall-network-at-the-symposium-on-youth-democracy-and-climate-action\/\"]}]},{\"@type\":\"ImageObject\",\"inLanguage\":\"tr\",\"@id\":\"https:\/\/dypall.com\/activity\/dypall-network-at-the-symposium-on-youth-democracy-and-climate-action\/#primaryimage\",\"url\":\"https:\/\/dypall.com\/wp-content\/uploads\/2024\/10\/WhatsApp-Image-2024-10-17-at-11.55.38-3-scaled.jpeg\",\"contentUrl\":\"https:\/\/dypall.com\/wp-content\/uploads\/2024\/10\/WhatsApp-Image-2024-10-17-at-11.55.38-3-scaled.jpeg\",\"width\":2560,\"height\":1707},{\"@type\":\"BreadcrumbList\",\"@id\":\"https:\/\/dypall.com\/activity\/dypall-network-at-the-symposium-on-youth-democracy-and-climate-action\/#breadcrumb\",\"itemListElement\":[{\"@type\":\"ListItem\",\"position\":1,\"name\":\"Home\",\"item\":\"https:\/\/dypall.com\/\"},{\"@type\":\"ListItem\",\"position\":2,\"name\":\"DYPALL Network at the Symposium on Youth, Democracy and Climate Action\"}]},{\"@type\":\"WebSite\",\"@id\":\"https:\/\/dypall.com\/#website\",\"url\":\"https:\/\/dypall.com\/\",\"name\":\"DYPALL Network\",\"description\":\"We are a European network of civil society organisations, municipalities and research institutions dedicated to improving democracy through youth participation.\",\"potentialAction\":[{\"@type\":\"SearchAction\",\"target\":{\"@type\":\"EntryPoint\",\"urlTemplate\":\"https:\/\/dypall.com\/?s={search_term_string}\"},\"query-input\":\"required name=search_term_string\"}],\"inLanguage\":\"tr\"},{\"@type\":\"Person\",\"@id\":\"https:\/\/dypall.com\/#\/schema\/person\/e87206094ce8bcf88449b35f00e40fb1\",\"name\":\"DYPALL Network\",\"image\":{\"@type\":\"ImageObject\",\"inLanguage\":\"tr\",\"@id\":\"https:\/\/dypall.com\/#\/schema\/person\/image\/\",\"url\":\"https:\/\/secure.gravatar.com\/avatar\/1061d2d4c9b4f1a9b496774795b5deac1200dfd1d3abecb8f85cf8b580e6963b?s=96&d=mm&r=g\",\"contentUrl\":\"https:\/\/secure.gravatar.com\/avatar\/1061d2d4c9b4f1a9b496774795b5deac1200dfd1d3abecb8f85cf8b580e6963b?s=96&d=mm&r=g\",\"caption\":\"DYPALL Network\"},\"sameAs\":[\"https:\/\/dypall.com\/\"],\"url\":\"https:\/\/dypall.com\/tr\/author\/dypallonsteroids\/\"}]}<\/script>\n<!-- \/ Yoast SEO plugin. -->","yoast_head_json":{"title":"DYPALL Network at the Symposium on Youth, Democracy and Climate Action - DYPALL Network","robots":{"index":"index","follow":"follow","max-snippet":"max-snippet:-1","max-image-preview":"max-image-preview:large","max-video-preview":"max-video-preview:-1"},"canonical":"https:\/\/dypall.com\/tr\/activity\/dypall-network-at-the-symposium-on-youth-democracy-and-climate-action\/","og_locale":"tr_TR","og_type":"article","og_title":"DYPALL Network at the Symposium on Youth, Democracy and Climate Action - DYPALL Network","og_description":"DYPALL Network was proud to participate in the Symposium on Youth, Democracy and Climate Action, organised by the EU-Council of Europe Youth Partnership from September 24 to 26, 2024, at the European Youth Centre Strasbourg, France. Our delegation included our Executive Director, Bruno Antonio, and two young representatives, Jo\u00e3o Bras and Afonso Borges. The symposium&hellip; Okumaya devam et DYPALL Network at the Symposium on Youth, Democracy and Climate Action","og_url":"https:\/\/dypall.com\/tr\/activity\/dypall-network-at-the-symposium-on-youth-democracy-and-climate-action\/","og_site_name":"DYPALL Network","article_published_time":"2024-10-17T11:05:45+00:00","article_modified_time":"2024-10-17T15:13:51+00:00","og_image":[{"width":2560,"height":1707,"url":"https:\/\/dypall.com\/wp-content\/uploads\/2024\/10\/WhatsApp-Image-2024-10-17-at-11.55.38-3-scaled.jpeg","type":"image\/jpeg"}],"author":"DYPALL Network","twitter_card":"summary_large_image","twitter_misc":{"Written by":"DYPALL Network","Est. reading time":"4 dakika"},"schema":{"@context":"https:\/\/schema.org","@graph":[{"@type":"WebPage","@id":"https:\/\/dypall.com\/activity\/dypall-network-at-the-symposium-on-youth-democracy-and-climate-action\/","url":"https:\/\/dypall.com\/activity\/dypall-network-at-the-symposium-on-youth-democracy-and-climate-action\/","name":"DYPALL Network at the Symposium on Youth, Democracy and Climate Action - DYPALL Network","isPartOf":{"@id":"https:\/\/dypall.com\/#website"},"primaryImageOfPage":{"@id":"https:\/\/dypall.com\/activity\/dypall-network-at-the-symposium-on-youth-democracy-and-climate-action\/#primaryimage"},"image":{"@id":"https:\/\/dypall.com\/activity\/dypall-network-at-the-symposium-on-youth-democracy-and-climate-action\/#primaryimage"},"thumbnailUrl":"https:\/\/dypall.com\/wp-content\/uploads\/2024\/10\/WhatsApp-Image-2024-10-17-at-11.55.38-3-scaled.jpeg","datePublished":"2024-10-17T11:05:45+00:00","dateModified":"2024-10-17T15:13:51+00:00","author":{"@id":"https:\/\/dypall.com\/#\/schema\/person\/e87206094ce8bcf88449b35f00e40fb1"},"breadcrumb":{"@id":"https:\/\/dypall.com\/activity\/dypall-network-at-the-symposium-on-youth-democracy-and-climate-action\/#breadcrumb"},"inLanguage":"tr","potentialAction":[{"@type":"ReadAction","target":["https:\/\/dypall.com\/activity\/dypall-network-at-the-symposium-on-youth-democracy-and-climate-action\/"]}]},{"@type":"ImageObject","inLanguage":"tr","@id":"https:\/\/dypall.com\/activity\/dypall-network-at-the-symposium-on-youth-democracy-and-climate-action\/#primaryimage","url":"https:\/\/dypall.com\/wp-content\/uploads\/2024\/10\/WhatsApp-Image-2024-10-17-at-11.55.38-3-scaled.jpeg","contentUrl":"https:\/\/dypall.com\/wp-content\/uploads\/2024\/10\/WhatsApp-Image-2024-10-17-at-11.55.38-3-scaled.jpeg","width":2560,"height":1707},{"@type":"BreadcrumbList","@id":"https:\/\/dypall.com\/activity\/dypall-network-at-the-symposium-on-youth-democracy-and-climate-action\/#breadcrumb","itemListElement":[{"@type":"ListItem","position":1,"name":"Home","item":"https:\/\/dypall.com\/"},{"@type":"ListItem","position":2,"name":"DYPALL Network at the Symposium on Youth, Democracy and Climate Action"}]},{"@type":"WebSite","@id":"https:\/\/dypall.com\/#website","url":"https:\/\/dypall.com\/","name":"DYPALL Network","description":"We are a European network of civil society organisations, municipalities and research institutions dedicated to improving democracy through youth participation.","potentialAction":[{"@type":"SearchAction","target":{"@type":"EntryPoint","urlTemplate":"https:\/\/dypall.com\/?s={search_term_string}"},"query-input":"required name=search_term_string"}],"inLanguage":"tr"},{"@type":"Person","@id":"https:\/\/dypall.com\/#\/schema\/person\/e87206094ce8bcf88449b35f00e40fb1","name":"DYPALL Network","image":{"@type":"ImageObject","inLanguage":"tr","@id":"https:\/\/dypall.com\/#\/schema\/person\/image\/","url":"https:\/\/secure.gravatar.com\/avatar\/1061d2d4c9b4f1a9b496774795b5deac1200dfd1d3abecb8f85cf8b580e6963b?s=96&d=mm&r=g","contentUrl":"https:\/\/secure.gravatar.com\/avatar\/1061d2d4c9b4f1a9b496774795b5deac1200dfd1d3abecb8f85cf8b580e6963b?s=96&d=mm&r=g","caption":"DYPALL Network"},"sameAs":["https:\/\/dypall.com\/"],"url":"https:\/\/dypall.com\/tr\/author\/dypallonsteroids\/"}]}},"jetpack_featured_media_url":"https:\/\/dypall.com\/wp-content\/uploads\/2024\/10\/WhatsApp-Image-2024-10-17-at-11.55.38-3-scaled.jpeg","jetpack_sharing_enabled":true,"_links":{"self":[{"href":"https:\/\/dypall.com\/tr\/wp-json\/wp\/v2\/posts\/7885","targetHints":{"allow":["GET"]}}],"collection":[{"href":"https:\/\/dypall.com\/tr\/wp-json\/wp\/v2\/posts"}],"about":[{"href":"https:\/\/dypall.com\/tr\/wp-json\/wp\/v2\/types\/post"}],"author":[{"embeddable":true,"href":"https:\/\/dypall.com\/tr\/wp-json\/wp\/v2\/users\/5"}],"replies":[{"embeddable":true,"href":"https:\/\/dypall.com\/tr\/wp-json\/wp\/v2\/comments?post=7885"}],"version-history":[{"count":1,"href":"https:\/\/dypall.com\/tr\/wp-json\/wp\/v2\/posts\/7885\/revisions"}],"predecessor-version":[{"id":7929,"href":"https:\/\/dypall.com\/tr\/wp-json\/wp\/v2\/posts\/7885\/revisions\/7929"}],"wp:featuredmedia":[{"embeddable":true,"href":"https:\/\/dypall.com\/tr\/wp-json\/wp\/v2\/media\/7905"}],"wp:attachment":[{"href":"https:\/\/dypall.com\/tr\/wp-json\/wp\/v2\/media?parent=7885"}],"wp:term":[{"taxonomy":"category","embeddable":true,"href":"https:\/\/dypall.com\/tr\/wp-json\/wp\/v2\/categories?post=7885"},{"taxonomy":"post_tag","embeddable":true,"href":"https:\/\/dypall.com\/tr\/wp-json\/wp\/v2\/tags?post=7885"}],"curies":[{"name":"wp","href":"https:\/\/api.w.org\/{rel}","templated":true}]}}