{"id":7742,"date":"2024-09-27T15:16:28","date_gmt":"2024-09-27T15:16:28","guid":{"rendered":"https:\/\/dypall.com\/?p=7742"},"modified":"2024-09-27T15:16:28","modified_gmt":"2024-09-27T15:16:28","slug":"empowereu-academy-in-santa-cruz-portugal","status":"publish","type":"post","link":"https:\/\/dypall.com\/tr\/activity\/empowereu-academy-in-santa-cruz-portugal\/","title":{"rendered":"EmpowerEU Academy, Santa Cruz, Portekiz"},"content":{"rendered":"<p>DYPALL Network, 19-21 Eyl\u00fcl 2024 tarihleri aras\u0131nda Portekiz'in Santa Cruz kentinde EmpowerEU Academy'yi d\u00fczenledi.<\/p>\n\n\n\n<p>Akademi, AB kurumlar\u0131n\u0131n yap\u0131s\u0131n\u0131 ve i\u015flevlerini, gen\u00e7lik kat\u0131l\u0131m\u0131n\u0131n \u00f6nemini ve ele\u015ftirel d\u00fc\u015f\u00fcnme becerilerinin geli\u015fimini ara\u015ft\u0131ran anlay\u0131\u015fl\u0131 oturumlara kat\u0131lan Portekiz'in d\u00f6rt bir yan\u0131ndan 15'ten fazla kat\u0131l\u0131mc\u0131y\u0131 bir araya getirdi. Program, etkile\u015fimli \u00f6\u011frenmeyi ve gen\u00e7lerin aktif kat\u0131l\u0131m\u0131n\u0131 te\u015fvik etmek i\u00e7in yayg\u0131n e\u011fitim y\u00f6ntemlerini kullanan  \u2047 Educate for Democracy \u2047  ara\u00e7 setine dayan\u0131yordu.<\/p>\n\n\n\n<p>\u00d6nemli bir vurgu, kat\u0131l\u0131mc\u0131lar\u0131n farkl\u0131 AB \u00fclkelerinden bakanlar\u0131 canland\u0131rd\u0131\u011f\u0131 ve Avrupa Birli\u011fi Konseyi'nin nas\u0131l \u00e7al\u0131\u015ft\u0131\u011f\u0131 hakk\u0131nda pratik bilgi edindikleri uygulamal\u0131 bir sim\u00fclasyondu.<\/p>\n\n\n\n<p>Ayr\u0131ca, Portekiz'deki Avrupa Komisyonu'nu temsil eden ve varl\u0131\u011f\u0131 tart\u0131\u015fmalara ve faaliyetlere daha fazla derinlik katan Felso da bize kat\u0131ld\u0131.<\/p>\n\n\n\n<p>EmpowerEU Hakk\u0131nda: Demokrasi i\u00e7in Gen\u00e7 \u00c7arpanlar projesi  \u2047 Citizens \u2047  Voice'un bir par\u00e7as\u0131n\u0131 olu\u015fturmaktad\u0131r: ALDA taraf\u0131ndan y\u00f6netilen ve CERV Program\u0131 kapsam\u0131nda Avrupa Komisyonu taraf\u0131ndan finanse edilen AB De\u011ferleri ve Politikalar\u0131  \u2047  giri\u015fimine Nas\u0131l Kat\u0131l\u0131m Sa\u011flan\u0131r?<\/p>\n\n\n\n<p><\/p>\n\n\n\n<figure class=\"wp-block-gallery has-nested-images columns-default is-cropped wp-block-gallery-1 is-layout-flex wp-block-gallery-is-layout-flex\">\n<figure class=\"wp-block-image size-large\"><img loading=\"lazy\" decoding=\"async\" width=\"2560\" height=\"1920\" data-id=\"7743\" src=\"https:\/\/dypall.com\/wp-content\/uploads\/2024\/09\/image00031-scaled.jpeg\" alt=\"\" class=\"wp-image-7743\" srcset=\"https:\/\/dypall.com\/wp-content\/uploads\/2024\/09\/image00031-scaled.jpeg 2560w, https:\/\/dypall.com\/wp-content\/uploads\/2024\/09\/image00031-768x576.jpeg 768w, https:\/\/dypall.com\/wp-content\/uploads\/2024\/09\/image00031-1536x1152.jpeg 1536w, https:\/\/dypall.com\/wp-content\/uploads\/2024\/09\/image00031-2048x1536.jpeg 2048w, https:\/\/dypall.com\/wp-content\/uploads\/2024\/09\/image00031-1568x1176.jpeg 1568w\" sizes=\"auto, (max-width: 2560px) 100vw, 2560px\" \/><\/figure>\n\n\n\n<figure class=\"wp-block-image size-large\"><img loading=\"lazy\" decoding=\"async\" width=\"1200\" height=\"1600\" data-id=\"7744\" src=\"https:\/\/dypall.com\/wp-content\/uploads\/2024\/09\/image00005.jpeg\" alt=\"\" class=\"wp-image-7744\" srcset=\"https:\/\/dypall.com\/wp-content\/uploads\/2024\/09\/image00005.jpeg 1200w, https:\/\/dypall.com\/wp-content\/uploads\/2024\/09\/image00005-768x1024.jpeg 768w, https:\/\/dypall.com\/wp-content\/uploads\/2024\/09\/image00005-1152x1536.jpeg 1152w\" sizes=\"auto, (max-width: 1200px) 100vw, 1200px\" \/><\/figure>\n\n\n\n<figure class=\"wp-block-image size-large\"><img loading=\"lazy\" decoding=\"async\" width=\"2560\" height=\"1440\" data-id=\"7746\" src=\"https:\/\/dypall.com\/wp-content\/uploads\/2024\/09\/image00042-scaled.jpeg\" alt=\"\" class=\"wp-image-7746\" srcset=\"https:\/\/dypall.com\/wp-content\/uploads\/2024\/09\/image00042-scaled.jpeg 2560w, https:\/\/dypall.com\/wp-content\/uploads\/2024\/09\/image00042-768x432.jpeg 768w, https:\/\/dypall.com\/wp-content\/uploads\/2024\/09\/image00042-1536x864.jpeg 1536w, https:\/\/dypall.com\/wp-content\/uploads\/2024\/09\/image00042-2048x1152.jpeg 2048w, https:\/\/dypall.com\/wp-content\/uploads\/2024\/09\/image00042-1568x882.jpeg 1568w\" sizes=\"auto, (max-width: 2560px) 100vw, 2560px\" \/><\/figure>\n\n\n\n<figure class=\"wp-block-image size-large\"><img loading=\"lazy\" decoding=\"async\" width=\"2560\" height=\"1920\" data-id=\"7745\" src=\"https:\/\/dypall.com\/wp-content\/uploads\/2024\/09\/image00023-scaled.jpeg\" alt=\"\" class=\"wp-image-7745\" srcset=\"https:\/\/dypall.com\/wp-content\/uploads\/2024\/09\/image00023-scaled.jpeg 2560w, https:\/\/dypall.com\/wp-content\/uploads\/2024\/09\/image00023-768x576.jpeg 768w, https:\/\/dypall.com\/wp-content\/uploads\/2024\/09\/image00023-1536x1152.jpeg 1536w, https:\/\/dypall.com\/wp-content\/uploads\/2024\/09\/image00023-2048x1536.jpeg 2048w, https:\/\/dypall.com\/wp-content\/uploads\/2024\/09\/image00023-1568x1176.jpeg 1568w\" sizes=\"auto, (max-width: 2560px) 100vw, 2560px\" \/><\/figure>\n<\/figure>","protected":false},"excerpt":{"rendered":"<p>DYPALL Network, 19-21 Eyl\u00fcl 2024 tarihleri aras\u0131nda Portekiz'in Santa Cruz kentinde EmpowerEU Academy'yi d\u00fczenledi. Akademi, AB kurumlar\u0131n\u0131n yap\u0131s\u0131n\u0131 ve i\u015flevlerini, gen\u00e7lik kat\u0131l\u0131m\u0131n\u0131n \u00f6nemini ve ele\u015ftirel d\u00fc\u015f\u00fcnme becerilerinin geli\u015fimini ara\u015ft\u0131ran anlay\u0131\u015fl\u0131 oturumlara kat\u0131lan Portekiz'in d\u00f6rt bir yan\u0131ndan 15'ten fazla kat\u0131l\u0131mc\u0131y\u0131 bir araya getirdi. Program... - Evet. <a class=\"more-link\" href=\"https:\/\/dypall.com\/tr\/activity\/empowereu-academy-in-santa-cruz-portugal\/\">Okumaya devam et <span class=\"screen-reader-text\">EmpowerEU Academy, Santa Cruz, Portekiz<\/span><\/a><\/p>","protected":false},"author":5,"featured_media":7743,"comment_status":"open","ping_status":"open","sticky":false,"template":"","format":"standard","meta":{"_acf_changed":false,"_jetpack_memberships_contains_paid_content":false,"footnotes":""},"categories":[111],"tags":[],"class_list":["post-7742","post","type-post","status-publish","format-standard","has-post-thumbnail","hentry","category-activity","entry"],"acf":[],"yoast_head":"<!-- This site is optimized with the Yoast SEO plugin v22.8 - https:\/\/yoast.com\/wordpress\/plugins\/seo\/ -->\n<title>EmpowerEU Academy in Santa Cruz, Portugal - DYPALL Network<\/title>\n<meta name=\"description\" content=\"DYPALL Network organised the EmpowerEU Academy in Santa Cruz, Portugal, from 19th - 21st September 2024.The academy brought together more than 15 participants from across Portugal, who took part in insightful sessions exploring the structure and functions of EU institutions, the significance of youth engagement, and the development of critical thinking skills.\" \/>\n<meta name=\"robots\" content=\"index, follow, max-snippet:-1, max-image-preview:large, max-video-preview:-1\" \/>\n<link rel=\"canonical\" href=\"https:\/\/dypall.com\/tr\/activity\/empowereu-academy-in-santa-cruz-portugal\/\" \/>\n<meta property=\"og:locale\" content=\"tr_TR\" \/>\n<meta property=\"og:type\" content=\"article\" \/>\n<meta property=\"og:title\" content=\"EmpowerEU Academy in Santa Cruz, Portugal - DYPALL Network\" \/>\n<meta property=\"og:description\" content=\"DYPALL Network organised the EmpowerEU Academy in Santa Cruz, Portugal, from 19th - 21st September 2024.The academy brought together more than 15 participants from across Portugal, who took part in insightful sessions exploring the structure and functions of EU institutions, the significance of youth engagement, and the development of critical thinking skills.\" \/>\n<meta property=\"og:url\" content=\"https:\/\/dypall.com\/tr\/activity\/empowereu-academy-in-santa-cruz-portugal\/\" \/>\n<meta property=\"og:site_name\" content=\"DYPALL Network\" \/>\n<meta property=\"article:published_time\" content=\"2024-09-27T15:16:28+00:00\" \/>\n<meta property=\"og:image\" content=\"https:\/\/dypall.com\/wp-content\/uploads\/2024\/09\/image00031-scaled.jpeg\" \/>\n\t<meta property=\"og:image:width\" content=\"2560\" \/>\n\t<meta property=\"og:image:height\" content=\"1920\" \/>\n\t<meta property=\"og:image:type\" content=\"image\/jpeg\" \/>\n<meta name=\"author\" content=\"DYPALL Network\" \/>\n<meta name=\"twitter:card\" content=\"summary_large_image\" \/>\n<meta name=\"twitter:label1\" content=\"Written by\" \/>\n\t<meta name=\"twitter:data1\" content=\"DYPALL Network\" \/>\n\t<meta name=\"twitter:label2\" content=\"Est. reading time\" \/>\n\t<meta name=\"twitter:data2\" content=\"2 dakika\" \/>\n<script type=\"application\/ld+json\" class=\"yoast-schema-graph\">{\"@context\":\"https:\/\/schema.org\",\"@graph\":[{\"@type\":\"WebPage\",\"@id\":\"https:\/\/dypall.com\/activity\/empowereu-academy-in-santa-cruz-portugal\/\",\"url\":\"https:\/\/dypall.com\/activity\/empowereu-academy-in-santa-cruz-portugal\/\",\"name\":\"EmpowerEU Academy in Santa Cruz, Portugal - DYPALL Network\",\"isPartOf\":{\"@id\":\"https:\/\/dypall.com\/#website\"},\"primaryImageOfPage\":{\"@id\":\"https:\/\/dypall.com\/activity\/empowereu-academy-in-santa-cruz-portugal\/#primaryimage\"},\"image\":{\"@id\":\"https:\/\/dypall.com\/activity\/empowereu-academy-in-santa-cruz-portugal\/#primaryimage\"},\"thumbnailUrl\":\"https:\/\/dypall.com\/wp-content\/uploads\/2024\/09\/image00031-scaled.jpeg\",\"datePublished\":\"2024-09-27T15:16:28+00:00\",\"dateModified\":\"2024-09-27T15:16:28+00:00\",\"author\":{\"@id\":\"https:\/\/dypall.com\/#\/schema\/person\/e87206094ce8bcf88449b35f00e40fb1\"},\"description\":\"DYPALL Network organised the EmpowerEU Academy in Santa Cruz, Portugal, from 19th - 21st September 2024.The academy brought together more than 15 participants from across Portugal, who took part in insightful sessions exploring the structure and functions of EU institutions, the significance of youth engagement, and the development of critical thinking skills.\",\"breadcrumb\":{\"@id\":\"https:\/\/dypall.com\/activity\/empowereu-academy-in-santa-cruz-portugal\/#breadcrumb\"},\"inLanguage\":\"tr\",\"potentialAction\":[{\"@type\":\"ReadAction\",\"target\":[\"https:\/\/dypall.com\/activity\/empowereu-academy-in-santa-cruz-portugal\/\"]}]},{\"@type\":\"ImageObject\",\"inLanguage\":\"tr\",\"@id\":\"https:\/\/dypall.com\/activity\/empowereu-academy-in-santa-cruz-portugal\/#primaryimage\",\"url\":\"https:\/\/dypall.com\/wp-content\/uploads\/2024\/09\/image00031-scaled.jpeg\",\"contentUrl\":\"https:\/\/dypall.com\/wp-content\/uploads\/2024\/09\/image00031-scaled.jpeg\",\"width\":2560,\"height\":1920},{\"@type\":\"BreadcrumbList\",\"@id\":\"https:\/\/dypall.com\/activity\/empowereu-academy-in-santa-cruz-portugal\/#breadcrumb\",\"itemListElement\":[{\"@type\":\"ListItem\",\"position\":1,\"name\":\"Home\",\"item\":\"https:\/\/dypall.com\/\"},{\"@type\":\"ListItem\",\"position\":2,\"name\":\"EmpowerEU Academy in Santa Cruz, Portugal\"}]},{\"@type\":\"WebSite\",\"@id\":\"https:\/\/dypall.com\/#website\",\"url\":\"https:\/\/dypall.com\/\",\"name\":\"DYPALL Network\",\"description\":\"We are a European network of civil society organisations, municipalities and research institutions dedicated to improving democracy through youth participation.\",\"potentialAction\":[{\"@type\":\"SearchAction\",\"target\":{\"@type\":\"EntryPoint\",\"urlTemplate\":\"https:\/\/dypall.com\/?s={search_term_string}\"},\"query-input\":\"required name=search_term_string\"}],\"inLanguage\":\"tr\"},{\"@type\":\"Person\",\"@id\":\"https:\/\/dypall.com\/#\/schema\/person\/e87206094ce8bcf88449b35f00e40fb1\",\"name\":\"DYPALL Network\",\"image\":{\"@type\":\"ImageObject\",\"inLanguage\":\"tr\",\"@id\":\"https:\/\/dypall.com\/#\/schema\/person\/image\/\",\"url\":\"https:\/\/secure.gravatar.com\/avatar\/1061d2d4c9b4f1a9b496774795b5deac1200dfd1d3abecb8f85cf8b580e6963b?s=96&d=mm&r=g\",\"contentUrl\":\"https:\/\/secure.gravatar.com\/avatar\/1061d2d4c9b4f1a9b496774795b5deac1200dfd1d3abecb8f85cf8b580e6963b?s=96&d=mm&r=g\",\"caption\":\"DYPALL Network\"},\"sameAs\":[\"https:\/\/dypall.com\/\"],\"url\":\"https:\/\/dypall.com\/tr\/author\/dypallonsteroids\/\"}]}<\/script>\n<!-- \/ Yoast SEO plugin. -->","yoast_head_json":{"title":"EmpowerEU Academy in Santa Cruz, Portugal - DYPALL Network","description":"DYPALL Network organised the EmpowerEU Academy in Santa Cruz, Portugal, from 19th - 21st September 2024.The academy brought together more than 15 participants from across Portugal, who took part in insightful sessions exploring the structure and functions of EU institutions, the significance of youth engagement, and the development of critical thinking skills.","robots":{"index":"index","follow":"follow","max-snippet":"max-snippet:-1","max-image-preview":"max-image-preview:large","max-video-preview":"max-video-preview:-1"},"canonical":"https:\/\/dypall.com\/tr\/activity\/empowereu-academy-in-santa-cruz-portugal\/","og_locale":"tr_TR","og_type":"article","og_title":"EmpowerEU Academy in Santa Cruz, Portugal - DYPALL Network","og_description":"DYPALL Network organised the EmpowerEU Academy in Santa Cruz, Portugal, from 19th - 21st September 2024.The academy brought together more than 15 participants from across Portugal, who took part in insightful sessions exploring the structure and functions of EU institutions, the significance of youth engagement, and the development of critical thinking skills.","og_url":"https:\/\/dypall.com\/tr\/activity\/empowereu-academy-in-santa-cruz-portugal\/","og_site_name":"DYPALL Network","article_published_time":"2024-09-27T15:16:28+00:00","og_image":[{"width":2560,"height":1920,"url":"https:\/\/dypall.com\/wp-content\/uploads\/2024\/09\/image00031-scaled.jpeg","type":"image\/jpeg"}],"author":"DYPALL Network","twitter_card":"summary_large_image","twitter_misc":{"Written by":"DYPALL Network","Est. reading time":"2 dakika"},"schema":{"@context":"https:\/\/schema.org","@graph":[{"@type":"WebPage","@id":"https:\/\/dypall.com\/activity\/empowereu-academy-in-santa-cruz-portugal\/","url":"https:\/\/dypall.com\/activity\/empowereu-academy-in-santa-cruz-portugal\/","name":"EmpowerEU Academy in Santa Cruz, Portugal - DYPALL Network","isPartOf":{"@id":"https:\/\/dypall.com\/#website"},"primaryImageOfPage":{"@id":"https:\/\/dypall.com\/activity\/empowereu-academy-in-santa-cruz-portugal\/#primaryimage"},"image":{"@id":"https:\/\/dypall.com\/activity\/empowereu-academy-in-santa-cruz-portugal\/#primaryimage"},"thumbnailUrl":"https:\/\/dypall.com\/wp-content\/uploads\/2024\/09\/image00031-scaled.jpeg","datePublished":"2024-09-27T15:16:28+00:00","dateModified":"2024-09-27T15:16:28+00:00","author":{"@id":"https:\/\/dypall.com\/#\/schema\/person\/e87206094ce8bcf88449b35f00e40fb1"},"description":"DYPALL Network organised the EmpowerEU Academy in Santa Cruz, Portugal, from 19th - 21st September 2024.The academy brought together more than 15 participants from across Portugal, who took part in insightful sessions exploring the structure and functions of EU institutions, the significance of youth engagement, and the development of critical thinking skills.","breadcrumb":{"@id":"https:\/\/dypall.com\/activity\/empowereu-academy-in-santa-cruz-portugal\/#breadcrumb"},"inLanguage":"tr","potentialAction":[{"@type":"ReadAction","target":["https:\/\/dypall.com\/activity\/empowereu-academy-in-santa-cruz-portugal\/"]}]},{"@type":"ImageObject","inLanguage":"tr","@id":"https:\/\/dypall.com\/activity\/empowereu-academy-in-santa-cruz-portugal\/#primaryimage","url":"https:\/\/dypall.com\/wp-content\/uploads\/2024\/09\/image00031-scaled.jpeg","contentUrl":"https:\/\/dypall.com\/wp-content\/uploads\/2024\/09\/image00031-scaled.jpeg","width":2560,"height":1920},{"@type":"BreadcrumbList","@id":"https:\/\/dypall.com\/activity\/empowereu-academy-in-santa-cruz-portugal\/#breadcrumb","itemListElement":[{"@type":"ListItem","position":1,"name":"Home","item":"https:\/\/dypall.com\/"},{"@type":"ListItem","position":2,"name":"EmpowerEU Academy in Santa Cruz, Portugal"}]},{"@type":"WebSite","@id":"https:\/\/dypall.com\/#website","url":"https:\/\/dypall.com\/","name":"DYPALL Network","description":"We are a European network of civil society organisations, municipalities and research institutions dedicated to improving democracy through youth participation.","potentialAction":[{"@type":"SearchAction","target":{"@type":"EntryPoint","urlTemplate":"https:\/\/dypall.com\/?s={search_term_string}"},"query-input":"required name=search_term_string"}],"inLanguage":"tr"},{"@type":"Person","@id":"https:\/\/dypall.com\/#\/schema\/person\/e87206094ce8bcf88449b35f00e40fb1","name":"DYPALL Network","image":{"@type":"ImageObject","inLanguage":"tr","@id":"https:\/\/dypall.com\/#\/schema\/person\/image\/","url":"https:\/\/secure.gravatar.com\/avatar\/1061d2d4c9b4f1a9b496774795b5deac1200dfd1d3abecb8f85cf8b580e6963b?s=96&d=mm&r=g","contentUrl":"https:\/\/secure.gravatar.com\/avatar\/1061d2d4c9b4f1a9b496774795b5deac1200dfd1d3abecb8f85cf8b580e6963b?s=96&d=mm&r=g","caption":"DYPALL Network"},"sameAs":["https:\/\/dypall.com\/"],"url":"https:\/\/dypall.com\/tr\/author\/dypallonsteroids\/"}]}},"jetpack_featured_media_url":"https:\/\/dypall.com\/wp-content\/uploads\/2024\/09\/image00031-scaled.jpeg","jetpack_sharing_enabled":true,"_links":{"self":[{"href":"https:\/\/dypall.com\/tr\/wp-json\/wp\/v2\/posts\/7742","targetHints":{"allow":["GET"]}}],"collection":[{"href":"https:\/\/dypall.com\/tr\/wp-json\/wp\/v2\/posts"}],"about":[{"href":"https:\/\/dypall.com\/tr\/wp-json\/wp\/v2\/types\/post"}],"author":[{"embeddable":true,"href":"https:\/\/dypall.com\/tr\/wp-json\/wp\/v2\/users\/5"}],"replies":[{"embeddable":true,"href":"https:\/\/dypall.com\/tr\/wp-json\/wp\/v2\/comments?post=7742"}],"version-history":[{"count":1,"href":"https:\/\/dypall.com\/tr\/wp-json\/wp\/v2\/posts\/7742\/revisions"}],"predecessor-version":[{"id":7747,"href":"https:\/\/dypall.com\/tr\/wp-json\/wp\/v2\/posts\/7742\/revisions\/7747"}],"wp:featuredmedia":[{"embeddable":true,"href":"https:\/\/dypall.com\/tr\/wp-json\/wp\/v2\/media\/7743"}],"wp:attachment":[{"href":"https:\/\/dypall.com\/tr\/wp-json\/wp\/v2\/media?parent=7742"}],"wp:term":[{"taxonomy":"category","embeddable":true,"href":"https:\/\/dypall.com\/tr\/wp-json\/wp\/v2\/categories?post=7742"},{"taxonomy":"post_tag","embeddable":true,"href":"https:\/\/dypall.com\/tr\/wp-json\/wp\/v2\/tags?post=7742"}],"curies":[{"name":"wp","href":"https:\/\/api.w.org\/{rel}","templated":true}]}}