{"id":7009,"date":"2024-03-15T15:03:43","date_gmt":"2024-03-15T15:03:43","guid":{"rendered":"https:\/\/dypall.com\/?p=7009"},"modified":"2024-06-06T11:19:22","modified_gmt":"2024-06-06T11:19:22","slug":"local-youth-councils-at-international-scale-lycis-third-transnational-project-meeting-and-final-conference","status":"publish","type":"post","link":"https:\/\/dypall.com\/tr\/activity\/local-youth-councils-at-international-scale-lycis-third-transnational-project-meeting-and-final-conference\/","title":{"rendered":"\u2047 Uluslararas\u0131 \u00d6l\u00e7ekte Yerel Gen\u00e7lik Konseyleri (LYCIS) \u2047  \u00dc\u00e7\u00fcnc\u00fc Ulus\u00f6tesi Proje Toplant\u0131s\u0131 ve Final Konferans\u0131"},"content":{"rendered":"<p>DYPALL Network, 3. Ulus\u00f6tesi Proje Toplant\u0131s\u0131 ve Final Konferans\u0131'na 3-8 Mart 2024 tarihleri aras\u0131nda kat\u0131ld\u0131. <strong>Uluslararas\u0131 \u00d6l\u00e7ekli Yerel Gen\u00e7lik Konseyleri (LYCIS)<\/strong> Bu bir proje. Her iki etkinlik de \u0130talya'n\u0131n Torino kentinde Europiamo taraf\u0131ndan organize edildi ve ev sahipli\u011fi yapt\u0131.<\/p>\n<p>\u0130lk 2 g\u00fcn boyunca, proje koordinat\u00f6rleri ve proje konsorsiyumu i\u00e7indeki ortaklar\u0131n temsilcileri, projenin ilerlemesini de\u011ferlendirmek ve son ad\u0131mlar\u0131 planlamak i\u00e7in son y\u00fcz y\u00fcze toplant\u0131 i\u00e7in bir araya geldi.<\/p>\n<p>6 ve 7 Mart'ta, <strong>Final Konferans\u0131'nda<\/strong>, <em><strong>\u2047 K\u00fcresel olarak daha kapsay\u0131c\u0131 bir topluma do\u011fru  \u2047 Yerel olarak gen\u00e7lik konseylerinden ba\u015flayarak \u2047 , <\/strong><\/em>\u0130talya'dan yerel payda\u015flar\u0131n yan\u0131 s\u0131ra proje orta\u011f\u0131 \u00fclkelerden proje orta\u011f\u0131 temsilcileri ve payda\u015flar\u0131 olarak \u00e7ok say\u0131da uluslararas\u0131 kat\u0131l\u0131mc\u0131 da dahil olmak \u00fczere 40 kat\u0131l\u0131mc\u0131y\u0131 bir araya getiren proje sonu\u00e7lar\u0131n\u0131n b\u00fcy\u00fck \u00f6l\u00e7ekli bir yayg\u0131nla\u015ft\u0131rma etkinli\u011fi olarak ger\u00e7ekle\u015fti. Konferans tarz\u0131 anlar\u0131n yan\u0131 s\u0131ra yayg\u0131n e\u011fitim metodolojileri i\u00e7eren at\u00f6lye \u00e7al\u0131\u015fmalar\u0131 ile kat\u0131l\u0131mc\u0131lara a\u015fa\u011f\u0131daki proje sonu\u00e7lar\u0131 sunuldu: <a href=\"https:\/\/u.pcloud.link\/publink\/show?code=XZQjvGVZjLaH4TBVhVVhBtFEuzOLuSEyprEk\"><em><strong>Kat\u0131l\u0131mc\u0131 ve Kapsay\u0131c\u0131 Yerel Gen\u00e7lik Konseyleri Kalite \u015eart\u0131<\/strong><\/em><\/a>, <a href=\"https:\/\/u.pcloud.link\/publink\/show?code=XZQXkaVZMQmGoAjmT27DbPDC2d4U2VIHls7y\"><em><strong>Yerel gen\u00e7lik konseylerini y\u00fckseltmek i\u00e7in ara\u00e7 seti<\/strong><\/em><\/a> ve <a href=\"https:\/\/l.facebook.com\/l.php?u=https%3A%2F%2Fhop.salto-youth.net%2Fcourses%2FYouthParticipationLocalCouncils%3Ffbclid%3DIwAR0ZPQSxbgYYmHjaeWrgDkpWFv42LT-H8DDHaUkVI7_sNmsHplzpRTsrJDk&amp;h=AT1fLQO34wiona9ykQTlz-5JydI6C4DeP8lbRJkFi9kpFjlcs-XIxegVFbQQFjhGnfo3bTo1ol5sh69PFT6zgC58U0VTgFewcQPy6eC6BE4ON66sQEOnDU4_JKOS_0zUw9kAU5o&amp;__tn__=-UK-R&amp;c[0]=AT0_03LmBNSbhJJ3lni5vTt5l3YdL4Z8h0gxwJLoCLis3O4NfEqpR6F4TrGP8EtOn_JTaW0j6tpPT6Z_-emgSQ02c6JAEkiwpfNsTnY_xAf4gbGHW0CKGtv_9RkYzX2O5Yn8sqpxoL2TZKA4w5FdJ6k406sFJlva3JH7pJGhAPx6BvRHgggqkIpeq3jyfWGGa7x7XFtwYaOy\"><em><strong>Gen\u00e7lik kat\u0131l\u0131m\u0131 ve yerel gen\u00e7lik konseyleri \u00fczerine MOOC<\/strong><\/em><\/a>.<\/p>\n<p>Konferans ayr\u0131ca, d\u00fcnyan\u0131n farkl\u0131 b\u00f6lgelerinden gen\u00e7ler aras\u0131nda yerel d\u00fczeyde karar alma s\u00fcrecine gen\u00e7lerin kat\u0131l\u0131m\u0131 ile ilgili uygulamalar\u0131n payla\u015f\u0131lmas\u0131 ve payla\u015f\u0131lmas\u0131 i\u00e7in bir alan olarak hizmet etti. Kat\u0131lan gen\u00e7lerden baz\u0131lar\u0131 <strong>i\u015f g\u00f6lgeleme faaliyetleri<\/strong> veya <strong>Gen\u00e7 \u00e7arpanlar i\u00e7in uluslararas\u0131 e\u011fitim<\/strong> ve daha sonra yerel bir e\u011fitim d\u00fczenledi, konferansta haz\u0131r bulundu ve deneyimlerini ilk elden payla\u015ft\u0131.<\/p>\n<p>The <strong>Uluslararas\u0131 \u00d6l\u00e7ekli Yerel Gen\u00e7lik Konseyleri (LYCIS)<\/strong> Proje, DYPALL Network ile ortakla\u015fa koordine edilmektedir.\u00a0 <a href=\"https:\/\/www.europiamo.org\/\">Europiamo ETS<\/a> \u00a0(\u0130talya'da) <a href=\"https:\/\/youthonboard.com.mk\/\">G\u00fcvertede Gen\u00e7lik<\/a> (Kuzey Makedonya'da) <a href=\"https:\/\/ysfi.ps\/En\/index.php\/en\/\">Student \u2047 s Forum Enstit\u00fcs\u00fc<\/a> (Filistin'in ba\u015fkenti) <a href=\"https:\/\/www.facebook.com\/fjmtm\">\u00dc\u00e7\u00fcnc\u00fc Biny\u0131l i\u00e7in Gen\u00e7 Fasl\u0131lar Forumu<\/a> (Fas'a ba\u011fl\u0131 olarak) <a href=\"https:\/\/www.facebook.com\/Fhird.tn\/\">Farhat Hached Ara\u015ft\u0131rma ve Demokrasi Enstit\u00fcs\u00fc<\/a> (Tunus'un ba\u015fkenti) Avrupa E\u011fitim ve K\u00fclt\u00fcr Y\u00fcr\u00fctme Ajans\u0131 taraf\u0131ndan Gen\u00e7lik Alan\u0131nda Erasmus+ Kapasite Geli\u015ftirme program\u0131 kapsam\u0131nda finanse edilmektedir.<\/p>\n<p><a href=\"https:\/\/dypall.com\/tr\/2024\/03\/15\/local-youth-councils-at-international-scale-lycis-third-transnational-project-meeting-and-final-conference\/image_20240304_171513_596\/#main\" rel=\"attachment wp-att-7010\"><img loading=\"lazy\" decoding=\"async\" class=\"wp-image-7010 aligncenter\" src=\"https:\/\/dypall.com\/wp-content\/uploads\/2024\/03\/Image_20240304_171513_596-scaled.jpeg\" alt=\"\" width=\"1208\" height=\"906\" \/><\/a><\/p>\n<p><a href=\"https:\/\/dypall.com\/tr\/2024\/03\/15\/local-youth-councils-at-international-scale-lycis-third-transnational-project-meeting-and-final-conference\/image_20240304_171514_041\/#main\" rel=\"attachment wp-att-7011\"><img loading=\"lazy\" decoding=\"async\" class=\"wp-image-7011 aligncenter\" src=\"https:\/\/dypall.com\/wp-content\/uploads\/2024\/03\/Image_20240304_171514_041-scaled.jpeg\" alt=\"\" width=\"1207\" height=\"1609\" \/><\/a><\/p>\n<p><a href=\"https:\/\/dypall.com\/tr\/2024\/03\/15\/local-youth-councils-at-international-scale-lycis-third-transnational-project-meeting-and-final-conference\/image_20240305_161113_358-1\/#main\" rel=\"attachment wp-att-7012\"><img loading=\"lazy\" decoding=\"async\" class=\"wp-image-7012 aligncenter\" src=\"https:\/\/dypall.com\/wp-content\/uploads\/2024\/03\/Image_20240305_161113_358-1-scaled.jpeg\" alt=\"\" width=\"1190\" height=\"892\" \/><\/a><\/p>\n<p><a href=\"https:\/\/dypall.com\/tr\/2024\/03\/15\/local-youth-councils-at-international-scale-lycis-third-transnational-project-meeting-and-final-conference\/img_3053\/#main\" rel=\"attachment wp-att-7014\"><img loading=\"lazy\" decoding=\"async\" class=\"wp-image-7014 aligncenter\" src=\"https:\/\/dypall.com\/wp-content\/uploads\/2024\/03\/IMG_3053.jpeg\" alt=\"\" width=\"1192\" height=\"894\" \/><\/a><\/p>\n<p><a href=\"https:\/\/dypall.com\/tr\/2024\/03\/15\/local-youth-councils-at-international-scale-lycis-third-transnational-project-meeting-and-final-conference\/img_3132\/#main\" rel=\"attachment wp-att-7015\"><img loading=\"lazy\" decoding=\"async\" class=\"wp-image-7015 aligncenter\" src=\"https:\/\/dypall.com\/wp-content\/uploads\/2024\/03\/IMG_3132.jpeg\" alt=\"\" width=\"1189\" height=\"1585\" \/><\/a><\/p>\n<p><a href=\"https:\/\/dypall.com\/tr\/2024\/03\/15\/local-youth-councils-at-international-scale-lycis-third-transnational-project-meeting-and-final-conference\/img_3183\/#main\" rel=\"attachment wp-att-7016\"><img loading=\"lazy\" decoding=\"async\" class=\"wp-image-7016 aligncenter\" src=\"https:\/\/dypall.com\/wp-content\/uploads\/2024\/03\/IMG_3183.jpeg\" alt=\"\" width=\"1183\" height=\"1578\" \/><\/a><\/p>\n<p><a href=\"https:\/\/dypall.com\/tr\/2024\/03\/15\/local-youth-councils-at-international-scale-lycis-third-transnational-project-meeting-and-final-conference\/img_3196\/#main\" rel=\"attachment wp-att-7017\"><img loading=\"lazy\" decoding=\"async\" class=\"wp-image-7017 aligncenter\" src=\"https:\/\/dypall.com\/wp-content\/uploads\/2024\/03\/IMG_3196.jpeg\" alt=\"\" width=\"1183\" height=\"1577\" \/><\/a><\/p>\n<p><a href=\"https:\/\/dypall.com\/tr\/2024\/03\/15\/local-youth-councils-at-international-scale-lycis-third-transnational-project-meeting-and-final-conference\/img_3278\/#main\" rel=\"attachment wp-att-7019\"><img loading=\"lazy\" decoding=\"async\" class=\"wp-image-7019 aligncenter\" src=\"https:\/\/dypall.com\/wp-content\/uploads\/2024\/03\/IMG_3278.jpeg\" alt=\"\" width=\"1178\" height=\"1570\" \/><\/a><\/p>\n<p><a href=\"https:\/\/dypall.com\/tr\/2024\/03\/15\/local-youth-councils-at-international-scale-lycis-third-transnational-project-meeting-and-final-conference\/img_3295-2\/#main\" rel=\"attachment wp-att-7020\"><img loading=\"lazy\" decoding=\"async\" class=\"wp-image-7020 aligncenter\" src=\"https:\/\/dypall.com\/wp-content\/uploads\/2024\/03\/IMG_3295.jpeg\" alt=\"\" width=\"1170\" height=\"1560\" \/><\/a><\/p>\n<p><a href=\"https:\/\/dypall.com\/tr\/2024\/03\/15\/local-youth-councils-at-international-scale-lycis-third-transnational-project-meeting-and-final-conference\/img_3337\/#main\" rel=\"attachment wp-att-7022\"><img loading=\"lazy\" decoding=\"async\" class=\"wp-image-7022 aligncenter\" src=\"https:\/\/dypall.com\/wp-content\/uploads\/2024\/03\/IMG_3337.jpeg\" alt=\"\" width=\"1169\" height=\"877\" \/><\/a><\/p>\n<p><a href=\"https:\/\/dypall.com\/tr\/2024\/03\/15\/local-youth-councils-at-international-scale-lycis-third-transnational-project-meeting-and-final-conference\/img_3346\/#main\" rel=\"attachment wp-att-7024\"><img loading=\"lazy\" decoding=\"async\" class=\"wp-image-7024 aligncenter\" src=\"https:\/\/dypall.com\/wp-content\/uploads\/2024\/03\/IMG_3346.jpeg\" alt=\"\" width=\"1160\" height=\"870\" \/><\/a><\/p>\n<p><a href=\"https:\/\/dypall.com\/tr\/2024\/03\/15\/local-youth-councils-at-international-scale-lycis-third-transnational-project-meeting-and-final-conference\/img_3516-2\/#main\" rel=\"attachment wp-att-7026\"><img loading=\"lazy\" decoding=\"async\" class=\"wp-image-7026 aligncenter\" src=\"https:\/\/dypall.com\/wp-content\/uploads\/2024\/03\/IMG_3516.jpeg\" alt=\"\" width=\"1143\" height=\"857\" \/><\/a><\/p>\n<p><a href=\"https:\/\/dypall.com\/tr\/2024\/03\/15\/local-youth-councils-at-international-scale-lycis-third-transnational-project-meeting-and-final-conference\/img_3528\/#main\" rel=\"attachment wp-att-7027\"><img loading=\"lazy\" decoding=\"async\" class=\"wp-image-7027 aligncenter\" src=\"https:\/\/dypall.com\/wp-content\/uploads\/2024\/03\/IMG_3528.jpeg\" alt=\"\" width=\"1140\" height=\"1520\" \/><\/a><\/p>","protected":false},"excerpt":{"rendered":"<p>DYPALL Network, 3.  \u2047  8 Mart 2024'te Uluslararas\u0131 \u00d6l\u00e7ekte Yerel Gen\u00e7lik Konseyleri (LYCIS)  \u2047  projesi i\u00e7in \u00dc\u00e7\u00fcnc\u00fc Ulus\u00f6tesi Proje Toplant\u0131s\u0131 ve Final Konferans\u0131'na kat\u0131ld\u0131. Her iki etkinlik de \u0130talya'n\u0131n Torino kentinde Europiamo taraf\u0131ndan organize edildi ve ev sahipli\u011fi yapt\u0131. \u0130lk 2 g\u00fcn boyunca, proje koordinat\u00f6rleri ve ortaklar\u0131n temsilcileri... <a class=\"more-link\" href=\"https:\/\/dypall.com\/tr\/activity\/local-youth-councils-at-international-scale-lycis-third-transnational-project-meeting-and-final-conference\/\">Okumaya devam et <span class=\"screen-reader-text\">\u2047 Uluslararas\u0131 \u00d6l\u00e7ekte Yerel Gen\u00e7lik Konseyleri (LYCIS) \u2047  \u00dc\u00e7\u00fcnc\u00fc Ulus\u00f6tesi Proje Toplant\u0131s\u0131 ve Final Konferans\u0131<\/span><\/a><\/p>","protected":false},"author":1,"featured_media":7131,"comment_status":"closed","ping_status":"open","sticky":false,"template":"","format":"standard","meta":{"_acf_changed":false,"_jetpack_memberships_contains_paid_content":false,"footnotes":""},"categories":[111],"tags":[],"class_list":["post-7009","post","type-post","status-publish","format-standard","has-post-thumbnail","hentry","category-activity","entry"],"acf":[],"yoast_head":"<!-- This site is optimized with the Yoast SEO plugin v22.8 - https:\/\/yoast.com\/wordpress\/plugins\/seo\/ -->\n<title>\u2018Local Youth Councils at International Scale (LYCIS)\u2019 Third Transnational Project Meeting and Final Conference - DYPALL Network<\/title>\n<meta name=\"robots\" content=\"index, follow, max-snippet:-1, max-image-preview:large, max-video-preview:-1\" \/>\n<link rel=\"canonical\" href=\"https:\/\/dypall.com\/tr\/activity\/local-youth-councils-at-international-scale-lycis-third-transnational-project-meeting-and-final-conference\/\" \/>\n<meta property=\"og:locale\" content=\"tr_TR\" \/>\n<meta property=\"og:type\" content=\"article\" \/>\n<meta property=\"og:title\" content=\"\u2018Local Youth Councils at International Scale (LYCIS)\u2019 Third Transnational Project Meeting and Final Conference - DYPALL Network\" \/>\n<meta property=\"og:description\" content=\"DYPALL Network participated from 3rd &#8211; 8th March 2024, in the Third Transnational Project Meeting and Final Conference for the \u2018Local Youth Councils at International Scale (LYCIS)\u2019 project. Both events were organised and hosted by Europiamo in Turin, Italy. During the first 2 days, the project coordinators and the representatives of the partners within the&hellip; Okumaya devam et \u2018Local Youth Councils at International Scale (LYCIS)\u2019 Third Transnational Project Meeting and Final Conference\" \/>\n<meta property=\"og:url\" content=\"https:\/\/dypall.com\/tr\/activity\/local-youth-councils-at-international-scale-lycis-third-transnational-project-meeting-and-final-conference\/\" \/>\n<meta property=\"og:site_name\" content=\"DYPALL Network\" \/>\n<meta property=\"article:published_time\" content=\"2024-03-15T15:03:43+00:00\" \/>\n<meta property=\"article:modified_time\" content=\"2024-06-06T11:19:22+00:00\" \/>\n<meta property=\"og:image\" content=\"https:\/\/dypall.com\/wp-content\/uploads\/2024\/03\/IMG_3196-1.jpeg\" \/>\n\t<meta property=\"og:image:width\" content=\"1536\" \/>\n\t<meta property=\"og:image:height\" content=\"2048\" \/>\n\t<meta property=\"og:image:type\" content=\"image\/jpeg\" \/>\n<meta name=\"author\" content=\"DYPALL Network\" \/>\n<meta name=\"twitter:card\" content=\"summary_large_image\" \/>\n<meta name=\"twitter:label1\" content=\"Written by\" \/>\n\t<meta name=\"twitter:data1\" content=\"DYPALL Network\" \/>\n\t<meta name=\"twitter:label2\" content=\"Est. reading time\" \/>\n\t<meta name=\"twitter:data2\" content=\"2 dakika\" \/>\n<script type=\"application\/ld+json\" class=\"yoast-schema-graph\">{\"@context\":\"https:\/\/schema.org\",\"@graph\":[{\"@type\":\"WebPage\",\"@id\":\"https:\/\/dypall.com\/activity\/local-youth-councils-at-international-scale-lycis-third-transnational-project-meeting-and-final-conference\/\",\"url\":\"https:\/\/dypall.com\/activity\/local-youth-councils-at-international-scale-lycis-third-transnational-project-meeting-and-final-conference\/\",\"name\":\"\u2018Local Youth Councils at International Scale (LYCIS)\u2019 Third Transnational Project Meeting and Final Conference - DYPALL Network\",\"isPartOf\":{\"@id\":\"https:\/\/dypall.com\/#website\"},\"primaryImageOfPage\":{\"@id\":\"https:\/\/dypall.com\/activity\/local-youth-councils-at-international-scale-lycis-third-transnational-project-meeting-and-final-conference\/#primaryimage\"},\"image\":{\"@id\":\"https:\/\/dypall.com\/activity\/local-youth-councils-at-international-scale-lycis-third-transnational-project-meeting-and-final-conference\/#primaryimage\"},\"thumbnailUrl\":\"https:\/\/dypall.com\/wp-content\/uploads\/2024\/03\/IMG_3196-1.jpeg\",\"datePublished\":\"2024-03-15T15:03:43+00:00\",\"dateModified\":\"2024-06-06T11:19:22+00:00\",\"author\":{\"@id\":\"https:\/\/dypall.com\/#\/schema\/person\/f92e08aa15c8ba711a9d153129f03377\"},\"breadcrumb\":{\"@id\":\"https:\/\/dypall.com\/activity\/local-youth-councils-at-international-scale-lycis-third-transnational-project-meeting-and-final-conference\/#breadcrumb\"},\"inLanguage\":\"tr\",\"potentialAction\":[{\"@type\":\"ReadAction\",\"target\":[\"https:\/\/dypall.com\/activity\/local-youth-councils-at-international-scale-lycis-third-transnational-project-meeting-and-final-conference\/\"]}]},{\"@type\":\"ImageObject\",\"inLanguage\":\"tr\",\"@id\":\"https:\/\/dypall.com\/activity\/local-youth-councils-at-international-scale-lycis-third-transnational-project-meeting-and-final-conference\/#primaryimage\",\"url\":\"https:\/\/dypall.com\/wp-content\/uploads\/2024\/03\/IMG_3196-1.jpeg\",\"contentUrl\":\"https:\/\/dypall.com\/wp-content\/uploads\/2024\/03\/IMG_3196-1.jpeg\",\"width\":1536,\"height\":2048},{\"@type\":\"BreadcrumbList\",\"@id\":\"https:\/\/dypall.com\/activity\/local-youth-councils-at-international-scale-lycis-third-transnational-project-meeting-and-final-conference\/#breadcrumb\",\"itemListElement\":[{\"@type\":\"ListItem\",\"position\":1,\"name\":\"Home\",\"item\":\"https:\/\/dypall.com\/\"},{\"@type\":\"ListItem\",\"position\":2,\"name\":\"\u2018Local Youth Councils at International Scale (LYCIS)\u2019 Third Transnational Project Meeting and Final Conference\"}]},{\"@type\":\"WebSite\",\"@id\":\"https:\/\/dypall.com\/#website\",\"url\":\"https:\/\/dypall.com\/\",\"name\":\"DYPALL Network\",\"description\":\"We are a European network of civil society organisations, municipalities and research institutions dedicated to improving democracy through youth participation.\",\"potentialAction\":[{\"@type\":\"SearchAction\",\"target\":{\"@type\":\"EntryPoint\",\"urlTemplate\":\"https:\/\/dypall.com\/?s={search_term_string}\"},\"query-input\":\"required name=search_term_string\"}],\"inLanguage\":\"tr\"},{\"@type\":\"Person\",\"@id\":\"https:\/\/dypall.com\/#\/schema\/person\/f92e08aa15c8ba711a9d153129f03377\",\"name\":\"DYPALL Network\",\"image\":{\"@type\":\"ImageObject\",\"inLanguage\":\"tr\",\"@id\":\"https:\/\/dypall.com\/#\/schema\/person\/image\/\",\"url\":\"https:\/\/secure.gravatar.com\/avatar\/9c39e299279800c6d69c5e02cf613e7bab060889f373052a03d7ac399e8f0d3c?s=96&d=mm&r=g\",\"contentUrl\":\"https:\/\/secure.gravatar.com\/avatar\/9c39e299279800c6d69c5e02cf613e7bab060889f373052a03d7ac399e8f0d3c?s=96&d=mm&r=g\",\"caption\":\"DYPALL Network\"},\"sameAs\":[\"https:\/\/dypall.com\"],\"url\":\"https:\/\/dypall.com\/tr\/author\/dypall\/\"}]}<\/script>\n<!-- \/ Yoast SEO plugin. -->","yoast_head_json":{"title":"\u2018Local Youth Councils at International Scale (LYCIS)\u2019 Third Transnational Project Meeting and Final Conference - DYPALL Network","robots":{"index":"index","follow":"follow","max-snippet":"max-snippet:-1","max-image-preview":"max-image-preview:large","max-video-preview":"max-video-preview:-1"},"canonical":"https:\/\/dypall.com\/tr\/activity\/local-youth-councils-at-international-scale-lycis-third-transnational-project-meeting-and-final-conference\/","og_locale":"tr_TR","og_type":"article","og_title":"\u2018Local Youth Councils at International Scale (LYCIS)\u2019 Third Transnational Project Meeting and Final Conference - DYPALL Network","og_description":"DYPALL Network participated from 3rd &#8211; 8th March 2024, in the Third Transnational Project Meeting and Final Conference for the \u2018Local Youth Councils at International Scale (LYCIS)\u2019 project. Both events were organised and hosted by Europiamo in Turin, Italy. During the first 2 days, the project coordinators and the representatives of the partners within the&hellip; Okumaya devam et \u2018Local Youth Councils at International Scale (LYCIS)\u2019 Third Transnational Project Meeting and Final Conference","og_url":"https:\/\/dypall.com\/tr\/activity\/local-youth-councils-at-international-scale-lycis-third-transnational-project-meeting-and-final-conference\/","og_site_name":"DYPALL Network","article_published_time":"2024-03-15T15:03:43+00:00","article_modified_time":"2024-06-06T11:19:22+00:00","og_image":[{"width":1536,"height":2048,"url":"https:\/\/dypall.com\/wp-content\/uploads\/2024\/03\/IMG_3196-1.jpeg","type":"image\/jpeg"}],"author":"DYPALL Network","twitter_card":"summary_large_image","twitter_misc":{"Written by":"DYPALL Network","Est. reading time":"2 dakika"},"schema":{"@context":"https:\/\/schema.org","@graph":[{"@type":"WebPage","@id":"https:\/\/dypall.com\/activity\/local-youth-councils-at-international-scale-lycis-third-transnational-project-meeting-and-final-conference\/","url":"https:\/\/dypall.com\/activity\/local-youth-councils-at-international-scale-lycis-third-transnational-project-meeting-and-final-conference\/","name":"\u2018Local Youth Councils at International Scale (LYCIS)\u2019 Third Transnational Project Meeting and Final Conference - DYPALL Network","isPartOf":{"@id":"https:\/\/dypall.com\/#website"},"primaryImageOfPage":{"@id":"https:\/\/dypall.com\/activity\/local-youth-councils-at-international-scale-lycis-third-transnational-project-meeting-and-final-conference\/#primaryimage"},"image":{"@id":"https:\/\/dypall.com\/activity\/local-youth-councils-at-international-scale-lycis-third-transnational-project-meeting-and-final-conference\/#primaryimage"},"thumbnailUrl":"https:\/\/dypall.com\/wp-content\/uploads\/2024\/03\/IMG_3196-1.jpeg","datePublished":"2024-03-15T15:03:43+00:00","dateModified":"2024-06-06T11:19:22+00:00","author":{"@id":"https:\/\/dypall.com\/#\/schema\/person\/f92e08aa15c8ba711a9d153129f03377"},"breadcrumb":{"@id":"https:\/\/dypall.com\/activity\/local-youth-councils-at-international-scale-lycis-third-transnational-project-meeting-and-final-conference\/#breadcrumb"},"inLanguage":"tr","potentialAction":[{"@type":"ReadAction","target":["https:\/\/dypall.com\/activity\/local-youth-councils-at-international-scale-lycis-third-transnational-project-meeting-and-final-conference\/"]}]},{"@type":"ImageObject","inLanguage":"tr","@id":"https:\/\/dypall.com\/activity\/local-youth-councils-at-international-scale-lycis-third-transnational-project-meeting-and-final-conference\/#primaryimage","url":"https:\/\/dypall.com\/wp-content\/uploads\/2024\/03\/IMG_3196-1.jpeg","contentUrl":"https:\/\/dypall.com\/wp-content\/uploads\/2024\/03\/IMG_3196-1.jpeg","width":1536,"height":2048},{"@type":"BreadcrumbList","@id":"https:\/\/dypall.com\/activity\/local-youth-councils-at-international-scale-lycis-third-transnational-project-meeting-and-final-conference\/#breadcrumb","itemListElement":[{"@type":"ListItem","position":1,"name":"Home","item":"https:\/\/dypall.com\/"},{"@type":"ListItem","position":2,"name":"\u2018Local Youth Councils at International Scale (LYCIS)\u2019 Third Transnational Project Meeting and Final Conference"}]},{"@type":"WebSite","@id":"https:\/\/dypall.com\/#website","url":"https:\/\/dypall.com\/","name":"DYPALL Network","description":"We are a European network of civil society organisations, municipalities and research institutions dedicated to improving democracy through youth participation.","potentialAction":[{"@type":"SearchAction","target":{"@type":"EntryPoint","urlTemplate":"https:\/\/dypall.com\/?s={search_term_string}"},"query-input":"required name=search_term_string"}],"inLanguage":"tr"},{"@type":"Person","@id":"https:\/\/dypall.com\/#\/schema\/person\/f92e08aa15c8ba711a9d153129f03377","name":"DYPALL Network","image":{"@type":"ImageObject","inLanguage":"tr","@id":"https:\/\/dypall.com\/#\/schema\/person\/image\/","url":"https:\/\/secure.gravatar.com\/avatar\/9c39e299279800c6d69c5e02cf613e7bab060889f373052a03d7ac399e8f0d3c?s=96&d=mm&r=g","contentUrl":"https:\/\/secure.gravatar.com\/avatar\/9c39e299279800c6d69c5e02cf613e7bab060889f373052a03d7ac399e8f0d3c?s=96&d=mm&r=g","caption":"DYPALL Network"},"sameAs":["https:\/\/dypall.com"],"url":"https:\/\/dypall.com\/tr\/author\/dypall\/"}]}},"jetpack_featured_media_url":"https:\/\/dypall.com\/wp-content\/uploads\/2024\/03\/IMG_3196-1.jpeg","jetpack_sharing_enabled":true,"_links":{"self":[{"href":"https:\/\/dypall.com\/tr\/wp-json\/wp\/v2\/posts\/7009","targetHints":{"allow":["GET"]}}],"collection":[{"href":"https:\/\/dypall.com\/tr\/wp-json\/wp\/v2\/posts"}],"about":[{"href":"https:\/\/dypall.com\/tr\/wp-json\/wp\/v2\/types\/post"}],"author":[{"embeddable":true,"href":"https:\/\/dypall.com\/tr\/wp-json\/wp\/v2\/users\/1"}],"replies":[{"embeddable":true,"href":"https:\/\/dypall.com\/tr\/wp-json\/wp\/v2\/comments?post=7009"}],"version-history":[{"count":2,"href":"https:\/\/dypall.com\/tr\/wp-json\/wp\/v2\/posts\/7009\/revisions"}],"predecessor-version":[{"id":7228,"href":"https:\/\/dypall.com\/tr\/wp-json\/wp\/v2\/posts\/7009\/revisions\/7228"}],"wp:featuredmedia":[{"embeddable":true,"href":"https:\/\/dypall.com\/tr\/wp-json\/wp\/v2\/media\/7131"}],"wp:attachment":[{"href":"https:\/\/dypall.com\/tr\/wp-json\/wp\/v2\/media?parent=7009"}],"wp:term":[{"taxonomy":"category","embeddable":true,"href":"https:\/\/dypall.com\/tr\/wp-json\/wp\/v2\/categories?post=7009"},{"taxonomy":"post_tag","embeddable":true,"href":"https:\/\/dypall.com\/tr\/wp-json\/wp\/v2\/tags?post=7009"}],"curies":[{"name":"wp","href":"https:\/\/api.w.org\/{rel}","templated":true}]}}