{"id":6986,"date":"2024-03-06T12:50:26","date_gmt":"2024-03-06T12:50:26","guid":{"rendered":"https:\/\/dypall.com\/?p=6986"},"modified":"2024-06-06T08:57:38","modified_gmt":"2024-06-06T08:57:38","slug":"dypall-network-at-the-european-conference-on-local-youth-work-and-democracy","status":"publish","type":"post","link":"https:\/\/dypall.com\/tr\/activity\/dypall-network-at-the-european-conference-on-local-youth-work-and-democracy\/","title":{"rendered":"Avrupa Yerel Gen\u00e7lik \u00c7al\u0131\u015fmalar\u0131 ve Demokrasi Konferans\u0131'nda DYPALL A\u011f\u0131"},"content":{"rendered":"<p><span style=\"font-weight: 400;\">DYPALL A\u011f\u0131 son zamanlarda \u00f6nemli bir rol oynad\u0131 <strong>Avrupa Yerel Gen\u00e7lik \u00c7al\u0131\u015fmalar\u0131 ve Demokrasi Konferans\u0131<\/strong>, taraf\u0131ndan d\u00fczenlenen<strong> AB Bel\u00e7ika Ba\u015fkanl\u0131\u011f\u0131<\/strong>\u00a020-23 \u015eubat tarihleri aras\u0131nda Br\u00fcksel'de ger\u00e7ekle\u015ftirildi. Bu toplant\u0131, birlikte organize <strong>Stratejik ulusal ajanslar i\u015fbirli\u011fi<\/strong> Kategori: Projeler <a href=\"https:\/\/europegoeslocal.eu\/home\/\"><em><strong>Avrupa yerelle\u015fiyor<\/strong><\/em><\/a> ve <a href=\"https:\/\/democracy-reloading.eu\/\"><em><strong>DEMOKRAS\u0130 YEN\u0130DEN Y\u00dcKLEN\u0130YOR<\/strong><\/em><\/a>, Gen\u00e7lik \u00e7al\u0131\u015fmalar\u0131n\u0131n kalitesini art\u0131rmay\u0131 ve gen\u00e7lerin yerel d\u00fczeyde kat\u0131l\u0131m\u0131n\u0131 art\u0131rmay\u0131 ama\u00e7lam\u0131\u015ft\u0131r. 300'den fazla kat\u0131l\u0131mc\u0131 ile etkinlikte d\u00f6rt ilgi \u00e7ekici konu\u015fma, 30 etkile\u015fimli at\u00f6lye \u00e7al\u0131\u015fmas\u0131 ve 15 bilgilendirici saha ziyareti yer ald\u0131.<\/span><\/p>\n<p><span style=\"font-weight: 400;\">Konferans, ilham verici uygulamalar\u0131 ve rehberli tart\u0131\u015fmalar\u0131 vurgulayan paralel oturumlar da dahil olmak \u00fczere \u00e7e\u015fitli bir programa yer verdi. Ayn\u0131 anda d\u00fczenlenen tematik \u00e7al\u0131\u015fma gruplar\u0131, kat\u0131l\u0131mc\u0131lara temel konular\u0131n derinlemesine ara\u015ft\u0131r\u0131lmas\u0131n\u0131 sa\u011flad\u0131. Ek olarak, gayri resmi a\u011f f\u0131rsatlar\u0131 ve serbest zaman etkinlikleri, kat\u0131l\u0131mc\u0131lar\u0131n ba\u011flant\u0131 kurmas\u0131na ve fikir al\u0131\u015fveri\u015finde bulunmas\u0131na izin verdi. <\/span><span style=\"font-weight: 400;\">Konferans\u0131n \u00f6ne \u00e7\u0131kan noktalar\u0131ndan biri, Br\u00fcksel'deki \u00e7e\u015fitli gen\u00e7lik \u00f6rg\u00fctlerinin ve projelerinin ev sahipli\u011fi yapt\u0131\u011f\u0131 bir dizi saha ziyaretiydi. Bu ziyaretler, yerel gen\u00e7lik giri\u015fimleri hakk\u0131nda ilk elden bilgi sa\u011flad\u0131 ve kat\u0131l\u0131mc\u0131lara pratik bilgi ve ilham verdi. <\/span><span style=\"font-weight: 400;\">Ayr\u0131ca konferans, kat\u0131l\u0131mc\u0131lar\u0131n tart\u0131\u015fmalar\u0131n\u0131n ve projelerinin sonu\u00e7lar\u0131n\u0131 sergileyebilecekleri, i\u015fbirli\u011fini ve bilgi payla\u015f\u0131m\u0131n\u0131 te\u015fvik edebilecekleri bir pazar yeri i\u00e7eriyordu.<\/span><\/p>\n<p><span style=\"font-weight: 400;\">DYPALL Network'\u00fcn \u0130cra Direkt\u00f6r\u00fc ve Direkt\u00f6r Yard\u0131mc\u0131s\u0131 konferansa aktif olarak kat\u0131ld\u0131, oturumlar\u0131 kolayla\u015ft\u0131rd\u0131 ve panel tart\u0131\u015fmalar\u0131na katk\u0131da bulundu. Onlar\u0131n kat\u0131l\u0131m\u0131, a\u011f\u0131n Avrupa genelinde gen\u00e7lerin g\u00fc\u00e7lendirilmesini ve demokrasiyi te\u015fvik etme taahh\u00fcd\u00fcn\u00fcn alt\u0131n\u0131 \u00e7izdi.<\/span><\/p>\n<p><a href=\"https:\/\/dypall.com\/tr\/2024\/03\/06\/dypall-network-at-the-european-conference-on-local-youth-work-and-democracy\/417532917_804798851684473_2540614781800823317_n\/#main\" rel=\"attachment wp-att-6989\"><img loading=\"lazy\" decoding=\"async\" class=\"wp-image-6989 aligncenter\" src=\"https:\/\/dypall.com\/wp-content\/uploads\/2024\/03\/417532917_804798851684473_2540614781800823317_n.jpeg\" alt=\"\" width=\"951\" height=\"633\" \/><\/a><\/p>\n<p><a href=\"https:\/\/dypall.com\/tr\/2024\/03\/06\/dypall-network-at-the-european-conference-on-local-youth-work-and-democracy\/417534083_804798481684510_6317943543760295635_n\/#main\" rel=\"attachment wp-att-6990\"><img loading=\"lazy\" decoding=\"async\" class=\"wp-image-6990 aligncenter\" src=\"https:\/\/dypall.com\/wp-content\/uploads\/2024\/03\/417534083_804798481684510_6317943543760295635_n.jpeg\" alt=\"\" width=\"959\" height=\"632\" \/><\/a><\/p>\n<p><a href=\"https:\/\/dypall.com\/tr\/2024\/03\/06\/dypall-network-at-the-european-conference-on-local-youth-work-and-democracy\/417457850_804798868351138_112812676494029527_n\/#main\" rel=\"attachment wp-att-6994\"><img loading=\"lazy\" decoding=\"async\" class=\"wp-image-6994 aligncenter\" src=\"https:\/\/dypall.com\/wp-content\/uploads\/2024\/03\/417457850_804798868351138_112812676494029527_n.jpeg\" alt=\"\" width=\"961\" height=\"630\" \/><\/a><\/p>\n<p><a href=\"https:\/\/dypall.com\/tr\/2024\/03\/06\/dypall-network-at-the-european-conference-on-local-youth-work-and-democracy\/417487665_804798551684503_4831559460121571976_n\/#main\" rel=\"attachment wp-att-6993\"><img loading=\"lazy\" decoding=\"async\" class=\"wp-image-6993 aligncenter\" src=\"https:\/\/dypall.com\/wp-content\/uploads\/2024\/03\/417487665_804798551684503_4831559460121571976_n.jpeg\" alt=\"\" width=\"959\" height=\"632\" \/><\/a><a href=\"https:\/\/dypall.com\/tr\/2024\/03\/06\/dypall-network-at-the-european-conference-on-local-youth-work-and-democracy\/420690777_804798611684497_3478108380284599581_n\/#main\" rel=\"attachment wp-att-6992\"><img loading=\"lazy\" decoding=\"async\" class=\"wp-image-6992 aligncenter\" src=\"https:\/\/dypall.com\/wp-content\/uploads\/2024\/03\/420690777_804798611684497_3478108380284599581_n.jpeg\" alt=\"\" width=\"955\" height=\"712\" \/><\/a><\/p>\n<p><a href=\"https:\/\/dypall.com\/tr\/2024\/03\/06\/dypall-network-at-the-european-conference-on-local-youth-work-and-democracy\/417507214_804798661684492_3166452125619035026_n\/#main\" rel=\"attachment wp-att-6988\"><img loading=\"lazy\" decoding=\"async\" class=\"wp-image-6988 aligncenter\" src=\"https:\/\/dypall.com\/wp-content\/uploads\/2024\/03\/417507214_804798661684492_3166452125619035026_n.jpeg\" alt=\"\" width=\"956\" height=\"718\" \/><\/a><\/p>\n<p><a href=\"https:\/\/dypall.com\/tr\/2024\/03\/06\/dypall-network-at-the-european-conference-on-local-youth-work-and-democracy\/419303235_804798728351152_1640241227939080436_n\/#main\" rel=\"attachment wp-att-6991\"><img loading=\"lazy\" decoding=\"async\" class=\"wp-image-6991 aligncenter\" src=\"https:\/\/dypall.com\/wp-content\/uploads\/2024\/03\/419303235_804798728351152_1640241227939080436_n.jpeg\" alt=\"\" width=\"956\" height=\"630\" \/><\/a><\/p>","protected":false},"excerpt":{"rendered":"<p>DYPALL A\u011f\u0131, AB Bel\u00e7ika Ba\u015fkanl\u0131\u011f\u0131 taraf\u0131ndan d\u00fczenlenen ve 20-23 \u015eubat tarihleri aras\u0131nda Br\u00fcksel'de d\u00fczenlenen son Avrupa Yerel Gen\u00e7lik \u00c7al\u0131\u015fmalar\u0131 ve Demokrasi Konferans\u0131'nda \u00f6nemli bir rol oynad\u0131. Stratejik Ulusal Ajanslar \u0130\u015fbirli\u011fi projeleri ile birlikte d\u00fczenlenen bu toplant\u0131, gen\u00e7lik \u00e7al\u0131\u015fmalar\u0131n\u0131n kalitesini art\u0131rmay\u0131 ama\u00e7layan Avrupa Yerel ve Demokrasi Yeniden Y\u00fcklemeye Gidiyor... <a class=\"more-link\" href=\"https:\/\/dypall.com\/tr\/activity\/dypall-network-at-the-european-conference-on-local-youth-work-and-democracy\/\">Okumaya devam et <span class=\"screen-reader-text\">Avrupa Yerel Gen\u00e7lik \u00c7al\u0131\u015fmalar\u0131 ve Demokrasi Konferans\u0131'nda DYPALL A\u011f\u0131<\/span><\/a><\/p>","protected":false},"author":1,"featured_media":7136,"comment_status":"closed","ping_status":"open","sticky":false,"template":"","format":"standard","meta":{"_acf_changed":false,"_jetpack_memberships_contains_paid_content":false,"footnotes":""},"categories":[111,112],"tags":[],"class_list":["post-6986","post","type-post","status-publish","format-standard","has-post-thumbnail","hentry","category-activity","category-conference","entry"],"acf":[],"yoast_head":"<!-- This site is optimized with the Yoast SEO plugin v22.8 - https:\/\/yoast.com\/wordpress\/plugins\/seo\/ -->\n<title>DYPALL Network at the European Conference on Local Youth Work and Democracy - DYPALL Network<\/title>\n<meta name=\"robots\" content=\"index, follow, max-snippet:-1, max-image-preview:large, max-video-preview:-1\" \/>\n<link rel=\"canonical\" href=\"https:\/\/dypall.com\/tr\/activity\/dypall-network-at-the-european-conference-on-local-youth-work-and-democracy\/\" \/>\n<meta property=\"og:locale\" content=\"tr_TR\" \/>\n<meta property=\"og:type\" content=\"article\" \/>\n<meta property=\"og:title\" content=\"DYPALL Network at the European Conference on Local Youth Work and Democracy - DYPALL Network\" \/>\n<meta property=\"og:description\" content=\"DYPALL Network played a significant role in the recent European Conference on Local Youth Work and Democracy, organised by the EU Belgium Presidency\u00a0and held in Brussels from 20th to 23rd February. This gathering, organised alongside the Strategic National Agencies Cooperation projects Europe Goes Local and Democracy Reloading, aimed to boost the quality of youth work&hellip; Okumaya devam et DYPALL Network at the European Conference on Local Youth Work and Democracy\" \/>\n<meta property=\"og:url\" content=\"https:\/\/dypall.com\/tr\/activity\/dypall-network-at-the-european-conference-on-local-youth-work-and-democracy\/\" \/>\n<meta property=\"og:site_name\" content=\"DYPALL Network\" \/>\n<meta property=\"article:published_time\" content=\"2024-03-06T12:50:26+00:00\" \/>\n<meta property=\"article:modified_time\" content=\"2024-06-06T08:57:38+00:00\" \/>\n<meta property=\"og:image\" content=\"https:\/\/dypall.com\/wp-content\/uploads\/2024\/03\/417532917_804798851684473_2540614781800823317_n-1.jpeg\" \/>\n\t<meta property=\"og:image:width\" content=\"1080\" \/>\n\t<meta property=\"og:image:height\" content=\"719\" \/>\n\t<meta property=\"og:image:type\" content=\"image\/jpeg\" \/>\n<meta name=\"author\" content=\"DYPALL Network\" \/>\n<meta name=\"twitter:card\" content=\"summary_large_image\" \/>\n<meta name=\"twitter:label1\" content=\"Written by\" \/>\n\t<meta name=\"twitter:data1\" content=\"DYPALL Network\" \/>\n\t<meta name=\"twitter:label2\" content=\"Est. reading time\" \/>\n\t<meta name=\"twitter:data2\" content=\"1 dakika\" \/>\n<script type=\"application\/ld+json\" class=\"yoast-schema-graph\">{\"@context\":\"https:\/\/schema.org\",\"@graph\":[{\"@type\":\"WebPage\",\"@id\":\"https:\/\/dypall.com\/activity\/dypall-network-at-the-european-conference-on-local-youth-work-and-democracy\/\",\"url\":\"https:\/\/dypall.com\/activity\/dypall-network-at-the-european-conference-on-local-youth-work-and-democracy\/\",\"name\":\"DYPALL Network at the European Conference on Local Youth Work and Democracy - DYPALL Network\",\"isPartOf\":{\"@id\":\"https:\/\/dypall.com\/#website\"},\"primaryImageOfPage\":{\"@id\":\"https:\/\/dypall.com\/activity\/dypall-network-at-the-european-conference-on-local-youth-work-and-democracy\/#primaryimage\"},\"image\":{\"@id\":\"https:\/\/dypall.com\/activity\/dypall-network-at-the-european-conference-on-local-youth-work-and-democracy\/#primaryimage\"},\"thumbnailUrl\":\"https:\/\/dypall.com\/wp-content\/uploads\/2024\/03\/417532917_804798851684473_2540614781800823317_n-1.jpeg\",\"datePublished\":\"2024-03-06T12:50:26+00:00\",\"dateModified\":\"2024-06-06T08:57:38+00:00\",\"author\":{\"@id\":\"https:\/\/dypall.com\/#\/schema\/person\/f92e08aa15c8ba711a9d153129f03377\"},\"breadcrumb\":{\"@id\":\"https:\/\/dypall.com\/activity\/dypall-network-at-the-european-conference-on-local-youth-work-and-democracy\/#breadcrumb\"},\"inLanguage\":\"tr\",\"potentialAction\":[{\"@type\":\"ReadAction\",\"target\":[\"https:\/\/dypall.com\/activity\/dypall-network-at-the-european-conference-on-local-youth-work-and-democracy\/\"]}]},{\"@type\":\"ImageObject\",\"inLanguage\":\"tr\",\"@id\":\"https:\/\/dypall.com\/activity\/dypall-network-at-the-european-conference-on-local-youth-work-and-democracy\/#primaryimage\",\"url\":\"https:\/\/dypall.com\/wp-content\/uploads\/2024\/03\/417532917_804798851684473_2540614781800823317_n-1.jpeg\",\"contentUrl\":\"https:\/\/dypall.com\/wp-content\/uploads\/2024\/03\/417532917_804798851684473_2540614781800823317_n-1.jpeg\",\"width\":1080,\"height\":719},{\"@type\":\"BreadcrumbList\",\"@id\":\"https:\/\/dypall.com\/activity\/dypall-network-at-the-european-conference-on-local-youth-work-and-democracy\/#breadcrumb\",\"itemListElement\":[{\"@type\":\"ListItem\",\"position\":1,\"name\":\"Home\",\"item\":\"https:\/\/dypall.com\/\"},{\"@type\":\"ListItem\",\"position\":2,\"name\":\"DYPALL Network at the European Conference on Local Youth Work and Democracy\"}]},{\"@type\":\"WebSite\",\"@id\":\"https:\/\/dypall.com\/#website\",\"url\":\"https:\/\/dypall.com\/\",\"name\":\"DYPALL Network\",\"description\":\"We are a European network of civil society organisations, municipalities and research institutions dedicated to improving democracy through youth participation.\",\"potentialAction\":[{\"@type\":\"SearchAction\",\"target\":{\"@type\":\"EntryPoint\",\"urlTemplate\":\"https:\/\/dypall.com\/?s={search_term_string}\"},\"query-input\":\"required name=search_term_string\"}],\"inLanguage\":\"tr\"},{\"@type\":\"Person\",\"@id\":\"https:\/\/dypall.com\/#\/schema\/person\/f92e08aa15c8ba711a9d153129f03377\",\"name\":\"DYPALL Network\",\"image\":{\"@type\":\"ImageObject\",\"inLanguage\":\"tr\",\"@id\":\"https:\/\/dypall.com\/#\/schema\/person\/image\/\",\"url\":\"https:\/\/secure.gravatar.com\/avatar\/9c39e299279800c6d69c5e02cf613e7bab060889f373052a03d7ac399e8f0d3c?s=96&d=mm&r=g\",\"contentUrl\":\"https:\/\/secure.gravatar.com\/avatar\/9c39e299279800c6d69c5e02cf613e7bab060889f373052a03d7ac399e8f0d3c?s=96&d=mm&r=g\",\"caption\":\"DYPALL Network\"},\"sameAs\":[\"https:\/\/dypall.com\"],\"url\":\"https:\/\/dypall.com\/tr\/author\/dypall\/\"}]}<\/script>\n<!-- \/ Yoast SEO plugin. -->","yoast_head_json":{"title":"DYPALL Network at the European Conference on Local Youth Work and Democracy - DYPALL Network","robots":{"index":"index","follow":"follow","max-snippet":"max-snippet:-1","max-image-preview":"max-image-preview:large","max-video-preview":"max-video-preview:-1"},"canonical":"https:\/\/dypall.com\/tr\/activity\/dypall-network-at-the-european-conference-on-local-youth-work-and-democracy\/","og_locale":"tr_TR","og_type":"article","og_title":"DYPALL Network at the European Conference on Local Youth Work and Democracy - DYPALL Network","og_description":"DYPALL Network played a significant role in the recent European Conference on Local Youth Work and Democracy, organised by the EU Belgium Presidency\u00a0and held in Brussels from 20th to 23rd February. This gathering, organised alongside the Strategic National Agencies Cooperation projects Europe Goes Local and Democracy Reloading, aimed to boost the quality of youth work&hellip; Okumaya devam et DYPALL Network at the European Conference on Local Youth Work and Democracy","og_url":"https:\/\/dypall.com\/tr\/activity\/dypall-network-at-the-european-conference-on-local-youth-work-and-democracy\/","og_site_name":"DYPALL Network","article_published_time":"2024-03-06T12:50:26+00:00","article_modified_time":"2024-06-06T08:57:38+00:00","og_image":[{"width":1080,"height":719,"url":"https:\/\/dypall.com\/wp-content\/uploads\/2024\/03\/417532917_804798851684473_2540614781800823317_n-1.jpeg","type":"image\/jpeg"}],"author":"DYPALL Network","twitter_card":"summary_large_image","twitter_misc":{"Written by":"DYPALL Network","Est. reading time":"1 dakika"},"schema":{"@context":"https:\/\/schema.org","@graph":[{"@type":"WebPage","@id":"https:\/\/dypall.com\/activity\/dypall-network-at-the-european-conference-on-local-youth-work-and-democracy\/","url":"https:\/\/dypall.com\/activity\/dypall-network-at-the-european-conference-on-local-youth-work-and-democracy\/","name":"DYPALL Network at the European Conference on Local Youth Work and Democracy - DYPALL Network","isPartOf":{"@id":"https:\/\/dypall.com\/#website"},"primaryImageOfPage":{"@id":"https:\/\/dypall.com\/activity\/dypall-network-at-the-european-conference-on-local-youth-work-and-democracy\/#primaryimage"},"image":{"@id":"https:\/\/dypall.com\/activity\/dypall-network-at-the-european-conference-on-local-youth-work-and-democracy\/#primaryimage"},"thumbnailUrl":"https:\/\/dypall.com\/wp-content\/uploads\/2024\/03\/417532917_804798851684473_2540614781800823317_n-1.jpeg","datePublished":"2024-03-06T12:50:26+00:00","dateModified":"2024-06-06T08:57:38+00:00","author":{"@id":"https:\/\/dypall.com\/#\/schema\/person\/f92e08aa15c8ba711a9d153129f03377"},"breadcrumb":{"@id":"https:\/\/dypall.com\/activity\/dypall-network-at-the-european-conference-on-local-youth-work-and-democracy\/#breadcrumb"},"inLanguage":"tr","potentialAction":[{"@type":"ReadAction","target":["https:\/\/dypall.com\/activity\/dypall-network-at-the-european-conference-on-local-youth-work-and-democracy\/"]}]},{"@type":"ImageObject","inLanguage":"tr","@id":"https:\/\/dypall.com\/activity\/dypall-network-at-the-european-conference-on-local-youth-work-and-democracy\/#primaryimage","url":"https:\/\/dypall.com\/wp-content\/uploads\/2024\/03\/417532917_804798851684473_2540614781800823317_n-1.jpeg","contentUrl":"https:\/\/dypall.com\/wp-content\/uploads\/2024\/03\/417532917_804798851684473_2540614781800823317_n-1.jpeg","width":1080,"height":719},{"@type":"BreadcrumbList","@id":"https:\/\/dypall.com\/activity\/dypall-network-at-the-european-conference-on-local-youth-work-and-democracy\/#breadcrumb","itemListElement":[{"@type":"ListItem","position":1,"name":"Home","item":"https:\/\/dypall.com\/"},{"@type":"ListItem","position":2,"name":"DYPALL Network at the European Conference on Local Youth Work and Democracy"}]},{"@type":"WebSite","@id":"https:\/\/dypall.com\/#website","url":"https:\/\/dypall.com\/","name":"DYPALL Network","description":"We are a European network of civil society organisations, municipalities and research institutions dedicated to improving democracy through youth participation.","potentialAction":[{"@type":"SearchAction","target":{"@type":"EntryPoint","urlTemplate":"https:\/\/dypall.com\/?s={search_term_string}"},"query-input":"required name=search_term_string"}],"inLanguage":"tr"},{"@type":"Person","@id":"https:\/\/dypall.com\/#\/schema\/person\/f92e08aa15c8ba711a9d153129f03377","name":"DYPALL Network","image":{"@type":"ImageObject","inLanguage":"tr","@id":"https:\/\/dypall.com\/#\/schema\/person\/image\/","url":"https:\/\/secure.gravatar.com\/avatar\/9c39e299279800c6d69c5e02cf613e7bab060889f373052a03d7ac399e8f0d3c?s=96&d=mm&r=g","contentUrl":"https:\/\/secure.gravatar.com\/avatar\/9c39e299279800c6d69c5e02cf613e7bab060889f373052a03d7ac399e8f0d3c?s=96&d=mm&r=g","caption":"DYPALL Network"},"sameAs":["https:\/\/dypall.com"],"url":"https:\/\/dypall.com\/tr\/author\/dypall\/"}]}},"jetpack_featured_media_url":"https:\/\/dypall.com\/wp-content\/uploads\/2024\/03\/417532917_804798851684473_2540614781800823317_n-1.jpeg","jetpack_sharing_enabled":true,"_links":{"self":[{"href":"https:\/\/dypall.com\/tr\/wp-json\/wp\/v2\/posts\/6986","targetHints":{"allow":["GET"]}}],"collection":[{"href":"https:\/\/dypall.com\/tr\/wp-json\/wp\/v2\/posts"}],"about":[{"href":"https:\/\/dypall.com\/tr\/wp-json\/wp\/v2\/types\/post"}],"author":[{"embeddable":true,"href":"https:\/\/dypall.com\/tr\/wp-json\/wp\/v2\/users\/1"}],"replies":[{"embeddable":true,"href":"https:\/\/dypall.com\/tr\/wp-json\/wp\/v2\/comments?post=6986"}],"version-history":[{"count":3,"href":"https:\/\/dypall.com\/tr\/wp-json\/wp\/v2\/posts\/6986\/revisions"}],"predecessor-version":[{"id":7137,"href":"https:\/\/dypall.com\/tr\/wp-json\/wp\/v2\/posts\/6986\/revisions\/7137"}],"wp:featuredmedia":[{"embeddable":true,"href":"https:\/\/dypall.com\/tr\/wp-json\/wp\/v2\/media\/7136"}],"wp:attachment":[{"href":"https:\/\/dypall.com\/tr\/wp-json\/wp\/v2\/media?parent=6986"}],"wp:term":[{"taxonomy":"category","embeddable":true,"href":"https:\/\/dypall.com\/tr\/wp-json\/wp\/v2\/categories?post=6986"},{"taxonomy":"post_tag","embeddable":true,"href":"https:\/\/dypall.com\/tr\/wp-json\/wp\/v2\/tags?post=6986"}],"curies":[{"name":"wp","href":"https:\/\/api.w.org\/{rel}","templated":true}]}}