{"id":6935,"date":"2024-02-23T09:33:17","date_gmt":"2024-02-23T09:33:17","guid":{"rendered":"https:\/\/dypall.com\/?p=6935"},"modified":"2024-06-06T11:20:17","modified_gmt":"2024-06-06T11:20:17","slug":"kick-off-meeting-of-the-climbing-the-ladder-fostering-a-culture-of-youth-engagement-project","status":"publish","type":"post","link":"https:\/\/dypall.com\/tr\/activity\/kick-off-meeting-of-the-climbing-the-ladder-fostering-a-culture-of-youth-engagement-project\/","title":{"rendered":"\u2047  Merdiven T\u0131rman\u0131\u015f\u0131 Ba\u015flang\u0131\u00e7 Toplant\u0131s\u0131: Youth Engagement \u2047  projesinin k\u00fclt\u00fcr\u00fcn\u00fc te\u015fvik etmek"},"content":{"rendered":"<p>DYPALL Network a\u00e7\u0131l\u0131\u015f toplant\u0131s\u0131na kat\u0131ld\u0131 <strong>\u2047  Merdiven T\u0131rmanma: Gen\u00e7lik Kat\u0131l\u0131m\u0131 k\u00fclt\u00fcr\u00fcn\u00fc te\u015fvik etmek  \u2047<\/strong> 14  \u2047  17 \u015eubat'tan itibaren proje, ev sahipli\u011fi yapt\u0131<br \/>\nBerlin, Almanya, YEPP Europe taraf\u0131ndan.<\/p>\n<p>Bu toplant\u0131, konsorsiyumun proje uygulamas\u0131 i\u00e7in sa\u011flam zeminler olu\u015fturmaya ve proje i\u00e7inde y\u00fcksek etkili gen\u00e7lik kat\u0131l\u0131m\u0131 uygulamalar\u0131n\u0131 sa\u011flamaya y\u00f6nelik i\u015fbirli\u011fi \u00e7abalar\u0131n\u0131n ba\u015flang\u0131c\u0131n\u0131 i\u015faret etti.<\/p>\n<p>Projenin <strong>Ama\u00e7lar ve Hedefler<\/strong> \u015funlard\u0131r:<\/p>\n<ul>\n<li>Avrupa'da gen\u00e7lerin kat\u0131l\u0131m\u0131 i\u00e7in mevcut modellerin ve mekanizmalar\u0131n temel \u00f6zelliklerini analiz etmek ve anlamak;<\/li>\n<li>Gen\u00e7leri, politika yap\u0131c\u0131lar\u0131 ve uygulay\u0131c\u0131lar\u0131 gen\u00e7lik perspektifini politika yap\u0131m\u0131na dahil etmeye te\u015fvik etmek i\u00e7in ba\u015far\u0131l\u0131 uygulamalar toplamak;<\/li>\n<li>Gen\u00e7lerin kat\u0131l\u0131m\u0131 i\u00e7in mekanizmalar\u0131n olu\u015fturulmas\u0131nda uygulay\u0131c\u0131lara ve politika yap\u0131c\u0131lara rehberlik etmek i\u00e7in eri\u015filebilir bir dijital olu\u015fturmak;<\/li>\n<li>Avrupa \u00e7ap\u0131nda yerel ve b\u00f6lgesel d\u00fczeyde vatanda\u015f kat\u0131l\u0131m\u0131n\u0131 ve demokratik kat\u0131l\u0131m\u0131 te\u015fvik etmek i\u00e7in iki a\u011f kurmak (demokrasi i\u00e7in gen\u00e7 kolayla\u015ft\u0131r\u0131c\u0131lardan biri ve gen\u00e7 \u015fehir \/ b\u00f6lge meclis \u00fcyelerinden biri).<\/li>\n<\/ul>\n<p>Proje, Erasmus+ Program\u0131 kapsam\u0131nda Europiamo (\u0130talya), Nordland fylkeskommune (Norve\u00e7), EDYN (Slovakya), YEPP Europe (Almanya), Assembl\u00e9e desR\u00e9gions d \u2047 Europe  \u2047  ARE (Fransa) ve SQ Learn (Yunanistan) ortakl\u0131\u011f\u0131nda DYPALL Network taraf\u0131ndan y\u00f6netilmektedir.<\/p>\n<p><a href=\"https:\/\/dypall.com\/tr\/2024\/02\/23\/kick-off-meeting-of-the-climbing-the-ladder-fostering-a-culture-of-youth-engagement-project\/whatsapp-image-2024-02-16-at-16-31-18-1\/#main\" rel=\"attachment wp-att-6944\"><img loading=\"lazy\" decoding=\"async\" class=\"wp-image-6944 aligncenter\" src=\"https:\/\/dypall.com\/wp-content\/uploads\/2024\/02\/WhatsApp-Image-2024-02-16-at-16.31.18-1.jpeg\" alt=\"\" width=\"889\" height=\"667\" \/><\/a><\/p>\n<p><a href=\"https:\/\/dypall.com\/tr\/2024\/02\/23\/kick-off-meeting-of-the-climbing-the-ladder-fostering-a-culture-of-youth-engagement-project\/whatsapp-image-2024-02-16-at-16-31-17-1\/#main\" rel=\"attachment wp-att-6943\"><img loading=\"lazy\" decoding=\"async\" class=\"wp-image-6943 aligncenter\" src=\"https:\/\/dypall.com\/wp-content\/uploads\/2024\/02\/WhatsApp-Image-2024-02-16-at-16.31.17-1.jpeg\" alt=\"\" width=\"886\" height=\"664\" \/><\/a><\/p>\n<p><a href=\"https:\/\/dypall.com\/tr\/2024\/02\/23\/kick-off-meeting-of-the-climbing-the-ladder-fostering-a-culture-of-youth-engagement-project\/whatsapp-image-2024-02-15-at-13-43-45-1\/#main\" rel=\"attachment wp-att-6942\"><img loading=\"lazy\" decoding=\"async\" class=\"wp-image-6942 aligncenter\" src=\"https:\/\/dypall.com\/wp-content\/uploads\/2024\/02\/WhatsApp-Image-2024-02-15-at-13.43.45-1.jpeg\" alt=\"\" width=\"883\" height=\"663\" \/><\/a> <a href=\"https:\/\/dypall.com\/tr\/2024\/02\/23\/kick-off-meeting-of-the-climbing-the-ladder-fostering-a-culture-of-youth-engagement-project\/whatsapp-image-2024-02-15-at-13-43-36-1\/#main\" rel=\"attachment wp-att-6941\"><img loading=\"lazy\" decoding=\"async\" class=\"wp-image-6941 aligncenter\" src=\"https:\/\/dypall.com\/wp-content\/uploads\/2024\/02\/WhatsApp-Image-2024-02-15-at-13.43.36-1.jpeg\" alt=\"\" width=\"885\" height=\"664\" \/><\/a><\/p>\n<p>&nbsp;<\/p>","protected":false},"excerpt":{"rendered":"<p>DYPALL Network,  \u2047 Climbing the Ladder'\u0131n a\u00e7\u0131l\u0131\u015f toplant\u0131s\u0131na kat\u0131ld\u0131: YEPP Avrupa taraf\u0131ndan Almanya'n\u0131n Berlin kentinde d\u00fczenlenen 14-17 \u015eubat tarihleri aras\u0131nda bir Gen\u00e7lik Kat\u0131l\u0131m\u0131 k\u00fclt\u00fcr\u00fcn\u00fc te\u015fvik etmek. Bu toplant\u0131, konsorsiyumun proje uygulamas\u0131 i\u00e7in sa\u011flam zeminler olu\u015fturmaya ve y\u00fcksek etkili gen\u00e7lik kat\u0131l\u0131m\u0131 uygulamalar\u0131n\u0131 sa\u011flamaya y\u00f6nelik i\u015fbirli\u011fi \u00e7abalar\u0131n\u0131n ba\u015flang\u0131c\u0131n\u0131 i\u015faret etti... <a class=\"more-link\" href=\"https:\/\/dypall.com\/tr\/activity\/kick-off-meeting-of-the-climbing-the-ladder-fostering-a-culture-of-youth-engagement-project\/\">Okumaya devam et <span class=\"screen-reader-text\">\u2047  Merdiven T\u0131rman\u0131\u015f\u0131 Ba\u015flang\u0131\u00e7 Toplant\u0131s\u0131: Youth Engagement \u2047  projesinin k\u00fclt\u00fcr\u00fcn\u00fc te\u015fvik etmek<\/span><\/a><\/p>","protected":false},"author":1,"featured_media":7148,"comment_status":"closed","ping_status":"open","sticky":false,"template":"","format":"standard","meta":{"_acf_changed":false,"_jetpack_memberships_contains_paid_content":false,"footnotes":""},"categories":[111],"tags":[],"class_list":["post-6935","post","type-post","status-publish","format-standard","has-post-thumbnail","hentry","category-activity","entry"],"acf":[],"yoast_head":"<!-- This site is optimized with the Yoast SEO plugin v22.8 - https:\/\/yoast.com\/wordpress\/plugins\/seo\/ -->\n<title>Kick-off meeting of the &quot;Climbing the Ladder: fostering a culture of Youth Engagement\u201d project - DYPALL Network<\/title>\n<meta name=\"robots\" content=\"index, follow, max-snippet:-1, max-image-preview:large, max-video-preview:-1\" \/>\n<link rel=\"canonical\" href=\"https:\/\/dypall.com\/tr\/activity\/kick-off-meeting-of-the-climbing-the-ladder-fostering-a-culture-of-youth-engagement-project\/\" \/>\n<meta property=\"og:locale\" content=\"tr_TR\" \/>\n<meta property=\"og:type\" content=\"article\" \/>\n<meta property=\"og:title\" content=\"Kick-off meeting of the &quot;Climbing the Ladder: fostering a culture of Youth Engagement\u201d project - DYPALL Network\" \/>\n<meta property=\"og:description\" content=\"DYPALL Network participated in the kick-off meeting of the &#8220;Climbing the Ladder: fostering a culture of Youth Engagement\u201d project from 14th &#8211; 17th of February, hosted in Berlin, Germany, by YEPP Europe. This meeting marked the beginning of the consortium\u2019s collaborative efforts to set solid grounds for project implementation and ensure high-impact youth engagement practices&hellip; Okumaya devam et Kick-off meeting of the &#8220;Climbing the Ladder: fostering a culture of Youth Engagement\u201d project\" \/>\n<meta property=\"og:url\" content=\"https:\/\/dypall.com\/tr\/activity\/kick-off-meeting-of-the-climbing-the-ladder-fostering-a-culture-of-youth-engagement-project\/\" \/>\n<meta property=\"og:site_name\" content=\"DYPALL Network\" \/>\n<meta property=\"article:published_time\" content=\"2024-02-23T09:33:17+00:00\" \/>\n<meta property=\"article:modified_time\" content=\"2024-06-06T11:20:17+00:00\" \/>\n<meta property=\"og:image\" content=\"https:\/\/dypall.com\/wp-content\/uploads\/2024\/02\/WhatsApp-Image-2024-02-16-at-16.31.17-1-570x342-1.jpeg\" \/>\n\t<meta property=\"og:image:width\" content=\"570\" \/>\n\t<meta property=\"og:image:height\" content=\"342\" \/>\n\t<meta property=\"og:image:type\" content=\"image\/jpeg\" \/>\n<meta name=\"author\" content=\"DYPALL Network\" \/>\n<meta name=\"twitter:card\" content=\"summary_large_image\" \/>\n<meta name=\"twitter:label1\" content=\"Written by\" \/>\n\t<meta name=\"twitter:data1\" content=\"DYPALL Network\" \/>\n\t<meta name=\"twitter:label2\" content=\"Est. reading time\" \/>\n\t<meta name=\"twitter:data2\" content=\"1 dakika\" \/>\n<script type=\"application\/ld+json\" class=\"yoast-schema-graph\">{\"@context\":\"https:\/\/schema.org\",\"@graph\":[{\"@type\":\"WebPage\",\"@id\":\"https:\/\/dypall.com\/activity\/kick-off-meeting-of-the-climbing-the-ladder-fostering-a-culture-of-youth-engagement-project\/\",\"url\":\"https:\/\/dypall.com\/activity\/kick-off-meeting-of-the-climbing-the-ladder-fostering-a-culture-of-youth-engagement-project\/\",\"name\":\"Kick-off meeting of the \\\"Climbing the Ladder: fostering a culture of Youth Engagement\u201d project - DYPALL Network\",\"isPartOf\":{\"@id\":\"https:\/\/dypall.com\/#website\"},\"primaryImageOfPage\":{\"@id\":\"https:\/\/dypall.com\/activity\/kick-off-meeting-of-the-climbing-the-ladder-fostering-a-culture-of-youth-engagement-project\/#primaryimage\"},\"image\":{\"@id\":\"https:\/\/dypall.com\/activity\/kick-off-meeting-of-the-climbing-the-ladder-fostering-a-culture-of-youth-engagement-project\/#primaryimage\"},\"thumbnailUrl\":\"https:\/\/dypall.com\/wp-content\/uploads\/2024\/02\/WhatsApp-Image-2024-02-16-at-16.31.17-1-570x342-1.jpeg\",\"datePublished\":\"2024-02-23T09:33:17+00:00\",\"dateModified\":\"2024-06-06T11:20:17+00:00\",\"author\":{\"@id\":\"https:\/\/dypall.com\/#\/schema\/person\/f92e08aa15c8ba711a9d153129f03377\"},\"breadcrumb\":{\"@id\":\"https:\/\/dypall.com\/activity\/kick-off-meeting-of-the-climbing-the-ladder-fostering-a-culture-of-youth-engagement-project\/#breadcrumb\"},\"inLanguage\":\"tr\",\"potentialAction\":[{\"@type\":\"ReadAction\",\"target\":[\"https:\/\/dypall.com\/activity\/kick-off-meeting-of-the-climbing-the-ladder-fostering-a-culture-of-youth-engagement-project\/\"]}]},{\"@type\":\"ImageObject\",\"inLanguage\":\"tr\",\"@id\":\"https:\/\/dypall.com\/activity\/kick-off-meeting-of-the-climbing-the-ladder-fostering-a-culture-of-youth-engagement-project\/#primaryimage\",\"url\":\"https:\/\/dypall.com\/wp-content\/uploads\/2024\/02\/WhatsApp-Image-2024-02-16-at-16.31.17-1-570x342-1.jpeg\",\"contentUrl\":\"https:\/\/dypall.com\/wp-content\/uploads\/2024\/02\/WhatsApp-Image-2024-02-16-at-16.31.17-1-570x342-1.jpeg\",\"width\":570,\"height\":342},{\"@type\":\"BreadcrumbList\",\"@id\":\"https:\/\/dypall.com\/activity\/kick-off-meeting-of-the-climbing-the-ladder-fostering-a-culture-of-youth-engagement-project\/#breadcrumb\",\"itemListElement\":[{\"@type\":\"ListItem\",\"position\":1,\"name\":\"Home\",\"item\":\"https:\/\/dypall.com\/\"},{\"@type\":\"ListItem\",\"position\":2,\"name\":\"Kick-off meeting of the &#8220;Climbing the Ladder: fostering a culture of Youth Engagement\u201d project\"}]},{\"@type\":\"WebSite\",\"@id\":\"https:\/\/dypall.com\/#website\",\"url\":\"https:\/\/dypall.com\/\",\"name\":\"DYPALL Network\",\"description\":\"We are a European network of civil society organisations, municipalities and research institutions dedicated to improving democracy through youth participation.\",\"potentialAction\":[{\"@type\":\"SearchAction\",\"target\":{\"@type\":\"EntryPoint\",\"urlTemplate\":\"https:\/\/dypall.com\/?s={search_term_string}\"},\"query-input\":\"required name=search_term_string\"}],\"inLanguage\":\"tr\"},{\"@type\":\"Person\",\"@id\":\"https:\/\/dypall.com\/#\/schema\/person\/f92e08aa15c8ba711a9d153129f03377\",\"name\":\"DYPALL Network\",\"image\":{\"@type\":\"ImageObject\",\"inLanguage\":\"tr\",\"@id\":\"https:\/\/dypall.com\/#\/schema\/person\/image\/\",\"url\":\"https:\/\/secure.gravatar.com\/avatar\/9c39e299279800c6d69c5e02cf613e7bab060889f373052a03d7ac399e8f0d3c?s=96&d=mm&r=g\",\"contentUrl\":\"https:\/\/secure.gravatar.com\/avatar\/9c39e299279800c6d69c5e02cf613e7bab060889f373052a03d7ac399e8f0d3c?s=96&d=mm&r=g\",\"caption\":\"DYPALL Network\"},\"sameAs\":[\"https:\/\/dypall.com\"],\"url\":\"https:\/\/dypall.com\/tr\/author\/dypall\/\"}]}<\/script>\n<!-- \/ Yoast SEO plugin. -->","yoast_head_json":{"title":"Kick-off meeting of the \"Climbing the Ladder: fostering a culture of Youth Engagement\u201d project - DYPALL Network","robots":{"index":"index","follow":"follow","max-snippet":"max-snippet:-1","max-image-preview":"max-image-preview:large","max-video-preview":"max-video-preview:-1"},"canonical":"https:\/\/dypall.com\/tr\/activity\/kick-off-meeting-of-the-climbing-the-ladder-fostering-a-culture-of-youth-engagement-project\/","og_locale":"tr_TR","og_type":"article","og_title":"Kick-off meeting of the \"Climbing the Ladder: fostering a culture of Youth Engagement\u201d project - DYPALL Network","og_description":"DYPALL Network participated in the kick-off meeting of the &#8220;Climbing the Ladder: fostering a culture of Youth Engagement\u201d project from 14th &#8211; 17th of February, hosted in Berlin, Germany, by YEPP Europe. This meeting marked the beginning of the consortium\u2019s collaborative efforts to set solid grounds for project implementation and ensure high-impact youth engagement practices&hellip; Okumaya devam et Kick-off meeting of the &#8220;Climbing the Ladder: fostering a culture of Youth Engagement\u201d project","og_url":"https:\/\/dypall.com\/tr\/activity\/kick-off-meeting-of-the-climbing-the-ladder-fostering-a-culture-of-youth-engagement-project\/","og_site_name":"DYPALL Network","article_published_time":"2024-02-23T09:33:17+00:00","article_modified_time":"2024-06-06T11:20:17+00:00","og_image":[{"width":570,"height":342,"url":"https:\/\/dypall.com\/wp-content\/uploads\/2024\/02\/WhatsApp-Image-2024-02-16-at-16.31.17-1-570x342-1.jpeg","type":"image\/jpeg"}],"author":"DYPALL Network","twitter_card":"summary_large_image","twitter_misc":{"Written by":"DYPALL Network","Est. reading time":"1 dakika"},"schema":{"@context":"https:\/\/schema.org","@graph":[{"@type":"WebPage","@id":"https:\/\/dypall.com\/activity\/kick-off-meeting-of-the-climbing-the-ladder-fostering-a-culture-of-youth-engagement-project\/","url":"https:\/\/dypall.com\/activity\/kick-off-meeting-of-the-climbing-the-ladder-fostering-a-culture-of-youth-engagement-project\/","name":"Kick-off meeting of the \"Climbing the Ladder: fostering a culture of Youth Engagement\u201d project - DYPALL Network","isPartOf":{"@id":"https:\/\/dypall.com\/#website"},"primaryImageOfPage":{"@id":"https:\/\/dypall.com\/activity\/kick-off-meeting-of-the-climbing-the-ladder-fostering-a-culture-of-youth-engagement-project\/#primaryimage"},"image":{"@id":"https:\/\/dypall.com\/activity\/kick-off-meeting-of-the-climbing-the-ladder-fostering-a-culture-of-youth-engagement-project\/#primaryimage"},"thumbnailUrl":"https:\/\/dypall.com\/wp-content\/uploads\/2024\/02\/WhatsApp-Image-2024-02-16-at-16.31.17-1-570x342-1.jpeg","datePublished":"2024-02-23T09:33:17+00:00","dateModified":"2024-06-06T11:20:17+00:00","author":{"@id":"https:\/\/dypall.com\/#\/schema\/person\/f92e08aa15c8ba711a9d153129f03377"},"breadcrumb":{"@id":"https:\/\/dypall.com\/activity\/kick-off-meeting-of-the-climbing-the-ladder-fostering-a-culture-of-youth-engagement-project\/#breadcrumb"},"inLanguage":"tr","potentialAction":[{"@type":"ReadAction","target":["https:\/\/dypall.com\/activity\/kick-off-meeting-of-the-climbing-the-ladder-fostering-a-culture-of-youth-engagement-project\/"]}]},{"@type":"ImageObject","inLanguage":"tr","@id":"https:\/\/dypall.com\/activity\/kick-off-meeting-of-the-climbing-the-ladder-fostering-a-culture-of-youth-engagement-project\/#primaryimage","url":"https:\/\/dypall.com\/wp-content\/uploads\/2024\/02\/WhatsApp-Image-2024-02-16-at-16.31.17-1-570x342-1.jpeg","contentUrl":"https:\/\/dypall.com\/wp-content\/uploads\/2024\/02\/WhatsApp-Image-2024-02-16-at-16.31.17-1-570x342-1.jpeg","width":570,"height":342},{"@type":"BreadcrumbList","@id":"https:\/\/dypall.com\/activity\/kick-off-meeting-of-the-climbing-the-ladder-fostering-a-culture-of-youth-engagement-project\/#breadcrumb","itemListElement":[{"@type":"ListItem","position":1,"name":"Home","item":"https:\/\/dypall.com\/"},{"@type":"ListItem","position":2,"name":"Kick-off meeting of the &#8220;Climbing the Ladder: fostering a culture of Youth Engagement\u201d project"}]},{"@type":"WebSite","@id":"https:\/\/dypall.com\/#website","url":"https:\/\/dypall.com\/","name":"DYPALL Network","description":"We are a European network of civil society organisations, municipalities and research institutions dedicated to improving democracy through youth participation.","potentialAction":[{"@type":"SearchAction","target":{"@type":"EntryPoint","urlTemplate":"https:\/\/dypall.com\/?s={search_term_string}"},"query-input":"required name=search_term_string"}],"inLanguage":"tr"},{"@type":"Person","@id":"https:\/\/dypall.com\/#\/schema\/person\/f92e08aa15c8ba711a9d153129f03377","name":"DYPALL Network","image":{"@type":"ImageObject","inLanguage":"tr","@id":"https:\/\/dypall.com\/#\/schema\/person\/image\/","url":"https:\/\/secure.gravatar.com\/avatar\/9c39e299279800c6d69c5e02cf613e7bab060889f373052a03d7ac399e8f0d3c?s=96&d=mm&r=g","contentUrl":"https:\/\/secure.gravatar.com\/avatar\/9c39e299279800c6d69c5e02cf613e7bab060889f373052a03d7ac399e8f0d3c?s=96&d=mm&r=g","caption":"DYPALL Network"},"sameAs":["https:\/\/dypall.com"],"url":"https:\/\/dypall.com\/tr\/author\/dypall\/"}]}},"jetpack_featured_media_url":"https:\/\/dypall.com\/wp-content\/uploads\/2024\/02\/WhatsApp-Image-2024-02-16-at-16.31.17-1-570x342-1.jpeg","jetpack_sharing_enabled":true,"_links":{"self":[{"href":"https:\/\/dypall.com\/tr\/wp-json\/wp\/v2\/posts\/6935","targetHints":{"allow":["GET"]}}],"collection":[{"href":"https:\/\/dypall.com\/tr\/wp-json\/wp\/v2\/posts"}],"about":[{"href":"https:\/\/dypall.com\/tr\/wp-json\/wp\/v2\/types\/post"}],"author":[{"embeddable":true,"href":"https:\/\/dypall.com\/tr\/wp-json\/wp\/v2\/users\/1"}],"replies":[{"embeddable":true,"href":"https:\/\/dypall.com\/tr\/wp-json\/wp\/v2\/comments?post=6935"}],"version-history":[{"count":2,"href":"https:\/\/dypall.com\/tr\/wp-json\/wp\/v2\/posts\/6935\/revisions"}],"predecessor-version":[{"id":7231,"href":"https:\/\/dypall.com\/tr\/wp-json\/wp\/v2\/posts\/6935\/revisions\/7231"}],"wp:featuredmedia":[{"embeddable":true,"href":"https:\/\/dypall.com\/tr\/wp-json\/wp\/v2\/media\/7148"}],"wp:attachment":[{"href":"https:\/\/dypall.com\/tr\/wp-json\/wp\/v2\/media?parent=6935"}],"wp:term":[{"taxonomy":"category","embeddable":true,"href":"https:\/\/dypall.com\/tr\/wp-json\/wp\/v2\/categories?post=6935"},{"taxonomy":"post_tag","embeddable":true,"href":"https:\/\/dypall.com\/tr\/wp-json\/wp\/v2\/tags?post=6935"}],"curies":[{"name":"wp","href":"https:\/\/api.w.org\/{rel}","templated":true}]}}