{"id":6855,"date":"2024-01-09T14:29:53","date_gmt":"2024-01-09T14:29:53","guid":{"rendered":"https:\/\/dypall.com\/?p=6855"},"modified":"2024-10-31T09:57:17","modified_gmt":"2024-10-31T09:57:17","slug":"winter-democracy-academy-a-week-long-focus-on-youth-participation-for-stronger-local-democracies","status":"publish","type":"post","link":"https:\/\/dypall.com\/tr\/activity\/winter-democracy-academy-a-week-long-focus-on-youth-participation-for-stronger-local-democracies\/","title":{"rendered":"K\u0131\u015f Demokrasi Akademisi'nde: Daha G\u00fc\u00e7l\u00fc Yerel Demokrasiler i\u00e7in Gen\u00e7lik Kat\u0131l\u0131m\u0131na Odaklanan Bir Haftal\u0131k Etkinlik"},"content":{"rendered":"<p><span style=\"font-weight: 400;\">\u0130lk bask\u0131s\u0131 <em><strong>K\u0131\u015f Demokrasi Akademisi'nde<\/strong><\/em><strong> (WDA i\u00e7in)<\/strong> 10-16 Aral\u0131k 2023 tarihleri aras\u0131nda Portekiz'in Lizbon kentinde ger\u00e7ekle\u015fti. DYPALL A\u011f\u0131 ve Lizbon Gen\u00e7lik Merkezi taraf\u0131ndan organize edildi ve yerel demokrasinin temel direklerinden biri olarak gen\u00e7lik kat\u0131l\u0131m\u0131 konusunda \u00f6nemli \u00e7al\u0131\u015fmalar yapan \u00e7e\u015fitli kurumlarla i\u015fbirli\u011fi yapt\u0131. WDA, gen\u00e7lik \u00e7al\u0131\u015fanlar\u0131, karar vericiler, alandaki uzmanlar ve kurumsal temsilciler i\u00e7in bir referans olay\u0131 olmaya \u00e7al\u0131\u015farak, hepsine gen\u00e7lik kat\u0131l\u0131m\u0131 konular\u0131nda bulu\u015fma, tart\u0131\u015fma, kapasitelerini geli\u015ftirme ve i\u015fbirli\u011fi yapma alan\u0131 sa\u011flad\u0131. Bu iddial\u0131 hedefe ula\u015fmak i\u00e7in, etkinlik ayn\u0131 anda d\u00fczenlenen \u00e7e\u015fitli etkinlikleri i\u00e7eriyordu.\u00a0<\/span><\/p>\n<p><span style=\"font-weight: 400;\">The <strong>DYPALL Network Avrupa Y\u00f6nlendirme Grubu<\/strong> ve <strong>Network \u00fcyeleri toplant\u0131s\u0131<\/strong> etkinli\u011fin ilk g\u00fcnlerinde ger\u00e7ekle\u015fti. Y\u00f6nlendirme grubu toplant\u0131s\u0131, e\u011fitim kurslar\u0131, uluslararas\u0131 konferans, \u00e7al\u0131\u015fma ziyaretleri, ortakl\u0131k kurma faaliyetleri, gen\u00e7lik de\u011fi\u015fimleri, bir \u00e7al\u0131\u015fma oturumu vb. gibi \u00e7e\u015fitli uluslararas\u0131 projeleri kapsayan DYPALL Network'\u00fcn \u00e7al\u0131\u015fmalar\u0131na 2023 genel bak\u0131\u015f\u0131yla ba\u015flad\u0131. <\/span><span style=\"font-weight: 400;\">Toplant\u0131 s\u0131ras\u0131ndaki tart\u0131\u015fmalar, projelerin uyumlu hale getirilmesinin, kaynaklar\u0131n optimize edilmesinin ve payda\u015flar ve politika olu\u015fturma \u00fczerindeki etkinin \u00f6l\u00e7\u00fclmesinin \u00f6nemini vurgulad\u0131. Y\u00f6nlendirme grubu \u00fcyeleri, de\u011ferlendirme y\u00f6ntemlerini standartla\u015ft\u0131rman\u0131n, proje ba\u011flant\u0131s\u0131n\u0131 geli\u015ftirmenin ve geri bildirim ve kaliteli etkinlik planlamas\u0131 yoluyla etkiyi izlemenin \u00f6nemini vurgulad\u0131.<\/span><span style=\"font-weight: 400;\"> I<\/span><span style=\"font-weight: 400;\">2024'te DYPALL Network, ek \u00e7evrimi\u00e7i konferanslar d\u00fczenlemeyi, \u00e7al\u0131\u015fma ziyaretlerini geni\u015fletmeyi ve sosyal yard\u0131m ve etkimizi ilerletmek i\u00e7in s\u00fcrd\u00fcr\u00fclebilirlik at\u00f6lyelerine odaklanan bir \u00e7evresel eylem plan\u0131 uygulamay\u0131 ama\u00e7lamaktad\u0131r.<\/span><\/p>\n<p><span style=\"font-weight: 400;\">s\u0131ras\u0131nda <strong>\u00dcyeler Meclisi<\/strong> 12 Aral\u0131k'ta DYPALL Network Koordinat\u00f6r\u00fc Bruno Antonio, \u00f6rg\u00fct\u00fcn gen\u00e7lik kat\u0131l\u0131m\u0131n\u0131 te\u015fvik etmeye ve yerel d\u00fczeyde demokrasiyi ilerletmeye devam eden ba\u011fl\u0131l\u0131\u011f\u0131n\u0131 vurgulad\u0131. Di\u011ferlerinin yan\u0131 s\u0131ra, g\u00f6\u00e7men dostu \u015fehirler kurmak ve gen\u00e7lik kat\u0131l\u0131m alanlar\u0131n\u0131 geli\u015ftirmek i\u00e7in gen\u00e7lik g\u00f6\u00e7men kat\u0131l\u0131m\u0131 ve yerel gen\u00e7lik konseyleri hakk\u0131nda yay\u0131nlar olu\u015fturmay\u0131 da i\u00e7eriyordu. AB Etkileyicileri gibi e\u015fler aras\u0131 e\u011fitim projelerine ve etkili kapasite geli\u015ftirme f\u0131rsatlar\u0131 olarak \u00e7al\u0131\u015fma ziyaretlerine de vurgu yap\u0131ld\u0131. DYPALL Network'\u00fcn demokrasileri g\u00fc\u00e7lendirmeyi, gen\u00e7leri g\u00fc\u00e7lendirmeyi ve yerel gen\u00e7lik politikalar\u0131n\u0131 iyile\u015ftirmek i\u00e7in Portekiz belediyeleriyle daha yak\u0131n i\u015fbirli\u011fi yapmay\u0131 ama\u00e7layan yap\u0131sal giri\u015fimleri.\u00a0<\/span><span style=\"font-weight: 400;\">\u00dcyeler \u00e7e\u015fitli projeler sergilediler ve gen\u00e7lik kat\u0131l\u0131m\u0131n\u0131 ve s\u00fcrd\u00fcr\u00fclebilir demokrasileri vurgulayan oturumlara kat\u0131ld\u0131lar, a\u011f\u0131n uluslararas\u0131 etkinliklerini geli\u015ftirmek i\u00e7in tart\u0131\u015fmalar\u0131 te\u015fvik ettiler ve DYPALL A\u011f\u0131 i\u00e7indeki kapsay\u0131c\u0131 s\u00fcre\u00e7leri vurgulad\u0131lar.<\/span><\/p>\n<p><span style=\"font-weight: 400;\">The <strong>Ortakl\u0131k Kurma Faaliyeti (PBA) <em>\u2047 S\u00fcrd\u00fcr\u00fclebilir yerel demokrasiler i\u00e7in sinerji olu\u015fturma  \u2047<\/em><\/strong> Di\u011fer etkinliklere paralel olarak t\u00fcm hafta boyunca ger\u00e7ekle\u015ftirildi. PBA, ortak bir hedefi payla\u015fan Norve\u00e7, T\u00fcrkiye, H\u0131rvatistan, \u0130spanya, Kuzey Makedonya, Slovakya, Yunanistan, Portekiz, Ermenistan, G\u00fcrcistan, S\u0131rbistan, K\u0131br\u0131s ve \u0130talya'dan 24 kat\u0131l\u0131mc\u0131y\u0131 bir araya getirdi: Gen\u00e7lerin s\u00fcrd\u00fcr\u00fclebilir demokrasileri \u015fekillendirmedeki rol\u00fcn\u00fc g\u00fc\u00e7lendirmek. Yayg\u0131n e\u011fitim y\u00f6ntemlerine dayanan bir dizi oturum arac\u0131l\u0131\u011f\u0131yla kat\u0131l\u0131mc\u0131lar, gen\u00e7lik kat\u0131l\u0131m\u0131n\u0131n \u00e7e\u015fitli y\u00f6nlerini, Erasmus + Program\u0131n\u0131 ve s\u00fcrd\u00fcr\u00fclebilir projelerin olu\u015fturulmas\u0131 i\u00e7in i\u015fbirlik\u00e7i y\u00f6ntem ve ara\u00e7lar\u0131 ara\u015ft\u0131rd\u0131lar. Anahtar oturumlar, gen\u00e7lerin kat\u0131l\u0131m\u0131n\u0131 ve s\u00fcrd\u00fcr\u00fclebilir demokrasiler in\u015fa etmedeki rol\u00fcn\u00fc ele almak i\u00e7in \u00e7e\u015fitli \u00f6rg\u00fctsel ve k\u00fclt\u00fcrel perspektifleri b\u00fct\u00fcnle\u015ftirmeye odaklanan ortak bir tart\u0131\u015fmay\u0131 i\u00e7eriyordu.\u00a0<\/span><span style=\"font-weight: 400;\">Etkinlikte ayr\u0131ca, oylama kalitesini ve kat\u0131l\u0131m\u0131n\u0131 art\u0131rmak ve akran e\u011fitimini geli\u015ftirmek i\u00e7in yenilik\u00e7i giri\u015fimleri vurgulayan proje sunumlar\u0131 da yer ald\u0131. Her proje, kat\u0131l\u0131mc\u0131lar\u0131n topluluklar\u0131nda etkili de\u011fi\u015fiklikler yaratma taahh\u00fcd\u00fcn\u00fc g\u00f6sterdi.<\/span><\/p>\n<p><span style=\"font-weight: 400;\">Buna ek olarak, <strong>uluslararas\u0131 konferans<\/strong>, <em><strong>\u2047 Bug\u00fcn\u00fcn Demokrasi Zorluklar\u0131, \u2047<\/strong><\/em> 13 Aral\u0131k'ta ger\u00e7ekle\u015fti ve gen\u00e7lik liderleri, ara\u015ft\u0131rmac\u0131lar, sivil toplum kurulu\u015flar\u0131n\u0131n temsilcileri ve yerel makamlar aras\u0131nda yans\u0131ma ve de\u011fi\u015fim i\u00e7in bir alan sa\u011flad\u0131. Konferans s\u0131ras\u0131nda, onun <strong>a\u00e7\u0131l\u0131\u015f konu\u015fmas\u0131<\/strong>, ba\u015fl\u0131kl\u0131 <em><strong>\u2047 Bug\u00fcn\u00fcn Demokrasi Zorluklar\u0131, \u2047<\/strong><\/em>\u00a0taraf\u0131ndan teslim edildi <strong>Sofya'da Serra-Silva<\/strong>, Lizbon \u00dcniversitesi'nde siyaset bilimci ve profes\u00f6r. Sunumu,  \u2047 politik patolojiler \u2047 ,  \u2047 demokrasi a\u00e7\u0131\u011f\u0131 \u2047  ve modern demokrasileri tehdit eden me\u015fruiyet krizi kavram\u0131n\u0131 a\u00e7\u0131kl\u0131\u011fa kavu\u015fturdu. Bundan sonra, gen\u00e7lik liderleri, modern demokrasilerin durumunu ve gen\u00e7li\u011fin i\u00e7lerindeki yerini tart\u0131\u015fmak i\u00e7in bir alana sahipti. <strong>yuvarlak masa<\/strong> <em><strong>\u2047 Gen\u00e7lik Kat\u0131l\u0131m\u0131 Zorluklar\u0131 i\u00e7in Geli\u015fen \u00c7\u00f6z\u00fcmler \u2047<\/strong><\/em>. Konferans \u015fu \u015fekilde sonu\u00e7land\u0131r\u0131ld\u0131: <strong>uygulamada gen\u00e7lik \u00e7al\u0131\u015fmalar\u0131n\u0131n sunum serisi<\/strong>: <strong>\u2047 Avrupa Projeleri ve Uygulamalar\u0131 \u2047<\/strong>, \u00dc\u00e7 kat\u0131l\u0131mc\u0131 projenin sunuldu\u011fu yer: <em><strong>Benim Polis'im<\/strong><\/em>, <em><strong>Kategori: Transformat\u00f6rler<\/strong><\/em>, ve ayn\u0131 zamanda <em><strong>Yeni Nesil Akademi'nin<\/strong><\/em>.\u00a0<\/span><\/p>\n<p><span style=\"font-weight: 400;\">Konferans g\u00fcn\u00fc \u015f\u00f6yle devam etti: <strong>\u00c7al\u0131\u015fma ziyareti<\/strong>, <em><strong>\u2047  Ba\u015far\u0131l\u0131 Lizbon Gen\u00e7lik \u00c7al\u0131\u015fma Uygulamalar\u0131n\u0131 Ke\u015ffetmek, \u2047<\/strong><\/em>\u00a0i\u00e7in <strong>Gen\u00e7lik Merkezi'nde<\/strong> i\u00e7inde <strong>Almada Belediyesi<\/strong>. \u00c7al\u0131\u015fma Ziyareti, gen\u00e7leri demokratik s\u00fcre\u00e7lere dahil etmede pratik zorluklar\u0131 g\u00f6sterdi. Bu konferanstaki tart\u0131\u015fmalar ve g\u00f6zlemler, demokratik kat\u0131l\u0131m\u0131 art\u0131rmay\u0131 ve mevcut zorluklar\u0131 ele almay\u0131 ama\u00e7layan gelecekteki giri\u015fimler i\u00e7in de\u011ferli perspektifler sunmaktad\u0131r.\u00a0<\/span><\/p>\n<p><span style=\"font-weight: 400;\">Genel olarak, bir hafta s\u00fcren K\u0131\u015f Demokrasi Akademisi \u00e7e\u015fitli etkinliklere yer verdi ve gen\u00e7leri demokratik s\u00fcre\u00e7lere dahil etmenin ve yerel gen\u00e7lik politikalar\u0131n\u0131 geli\u015ftirerek s\u00fcrd\u00fcr\u00fclebilir demokrasileri te\u015fvik etmenin \u00f6nemini vurgulad\u0131. The <strong>K\u0131\u015f Demokrasi Akademisi haftas\u0131<\/strong> ve <strong>Uluslararas\u0131 Konferans  \u2047 Bug\u00fcnk\u00fc Demokrasi Sorunlar\u0131  \u2047<\/strong> Portekiz Ulusal Ajans\u0131 ve Avrupa Komisyonu arac\u0131l\u0131\u011f\u0131yla Erasmus + Program\u0131'n\u0131n deste\u011fiyle, <a href=\"https:\/\/cjl.ipdj.gov.pt\/\">Lizbon Gen\u00e7lik Merkezi (CJL)<\/a> veya <a href=\"https:\/\/ipdj.gov.pt\/\">Portekiz Spor ve Gen\u00e7lik Enstit\u00fcs\u00fc<\/a>.<\/span><\/p>\n<p><em><span style=\"font-weight: 400;\">Avrupa Birli\u011fi taraf\u0131ndan finanse edilmektedir. Bununla birlikte, ifade edilen g\u00f6r\u00fc\u015fler ve g\u00f6r\u00fc\u015fler yaln\u0131zca yazar(lar)\u0131n g\u00f6r\u00fc\u015fleridir ve mutlaka Avrupa Birli\u011fi veya Avrupa Komisyonu'nun g\u00f6r\u00fc\u015flerini yans\u0131tmaz. Ne Avrupa Birli\u011fi ne de yetki veren makam bunlardan sorumlu tutulamaz.<\/span><\/em><\/p>\n<p>\u00a0<\/p>\n\n\n<figure class=\"wp-block-gallery has-nested-images columns-default is-cropped wp-block-gallery-1 is-layout-flex wp-block-gallery-is-layout-flex\">\n<figure class=\"wp-block-image size-large\"><img loading=\"lazy\" decoding=\"async\" width=\"2560\" height=\"1707\" data-id=\"7984\" src=\"https:\/\/dypall.com\/wp-content\/uploads\/2024\/01\/DSC_0020-min-1-scaled.jpg\" alt=\"\" class=\"wp-image-7984\" srcset=\"https:\/\/dypall.com\/wp-content\/uploads\/2024\/01\/DSC_0020-min-1-scaled.jpg 2560w, https:\/\/dypall.com\/wp-content\/uploads\/2024\/01\/DSC_0020-min-1-768x512.jpg 768w, https:\/\/dypall.com\/wp-content\/uploads\/2024\/01\/DSC_0020-min-1-1536x1024.jpg 1536w, https:\/\/dypall.com\/wp-content\/uploads\/2024\/01\/DSC_0020-min-1-2048x1365.jpg 2048w, https:\/\/dypall.com\/wp-content\/uploads\/2024\/01\/DSC_0020-min-1-1568x1045.jpg 1568w\" sizes=\"auto, (max-width: 2560px) 100vw, 2560px\" \/><\/figure>\n\n\n\n<figure class=\"wp-block-image size-large\"><img loading=\"lazy\" decoding=\"async\" width=\"2560\" height=\"1707\" data-id=\"7985\" src=\"https:\/\/dypall.com\/wp-content\/uploads\/2024\/01\/DSC_0023-min-1-scaled.jpg\" alt=\"\" class=\"wp-image-7985\" srcset=\"https:\/\/dypall.com\/wp-content\/uploads\/2024\/01\/DSC_0023-min-1-scaled.jpg 2560w, https:\/\/dypall.com\/wp-content\/uploads\/2024\/01\/DSC_0023-min-1-768x512.jpg 768w, https:\/\/dypall.com\/wp-content\/uploads\/2024\/01\/DSC_0023-min-1-1536x1024.jpg 1536w, https:\/\/dypall.com\/wp-content\/uploads\/2024\/01\/DSC_0023-min-1-2048x1365.jpg 2048w, https:\/\/dypall.com\/wp-content\/uploads\/2024\/01\/DSC_0023-min-1-1568x1045.jpg 1568w\" sizes=\"auto, (max-width: 2560px) 100vw, 2560px\" \/><\/figure>\n\n\n\n<figure class=\"wp-block-image size-large\"><img loading=\"lazy\" decoding=\"async\" width=\"2560\" height=\"1707\" data-id=\"7986\" src=\"https:\/\/dypall.com\/wp-content\/uploads\/2024\/01\/DSC_0052-min-1-scaled.jpg\" alt=\"\" class=\"wp-image-7986\" srcset=\"https:\/\/dypall.com\/wp-content\/uploads\/2024\/01\/DSC_0052-min-1-scaled.jpg 2560w, https:\/\/dypall.com\/wp-content\/uploads\/2024\/01\/DSC_0052-min-1-768x512.jpg 768w, https:\/\/dypall.com\/wp-content\/uploads\/2024\/01\/DSC_0052-min-1-1536x1024.jpg 1536w, https:\/\/dypall.com\/wp-content\/uploads\/2024\/01\/DSC_0052-min-1-2048x1365.jpg 2048w, https:\/\/dypall.com\/wp-content\/uploads\/2024\/01\/DSC_0052-min-1-1568x1045.jpg 1568w\" sizes=\"auto, (max-width: 2560px) 100vw, 2560px\" \/><\/figure>\n\n\n\n<figure class=\"wp-block-image size-large\"><img loading=\"lazy\" decoding=\"async\" width=\"2560\" height=\"1707\" data-id=\"7987\" src=\"https:\/\/dypall.com\/wp-content\/uploads\/2024\/01\/DSC_0917-min-2-scaled.jpg\" alt=\"\" class=\"wp-image-7987\" srcset=\"https:\/\/dypall.com\/wp-content\/uploads\/2024\/01\/DSC_0917-min-2-scaled.jpg 2560w, https:\/\/dypall.com\/wp-content\/uploads\/2024\/01\/DSC_0917-min-2-768x512.jpg 768w, https:\/\/dypall.com\/wp-content\/uploads\/2024\/01\/DSC_0917-min-2-1536x1024.jpg 1536w, https:\/\/dypall.com\/wp-content\/uploads\/2024\/01\/DSC_0917-min-2-2048x1365.jpg 2048w, https:\/\/dypall.com\/wp-content\/uploads\/2024\/01\/DSC_0917-min-2-1568x1045.jpg 1568w\" sizes=\"auto, (max-width: 2560px) 100vw, 2560px\" \/><\/figure>\n<\/figure>","protected":false},"excerpt":{"rendered":"<p>K\u0131\u015f Demokrasi Akademisi'nin (WDA) ilk etkinli\u011fi 10-16 Aral\u0131k 2023 tarihleri aras\u0131nda Portekiz'in Lizbon kentinde ger\u00e7ekle\u015fti. DYPALL A\u011f\u0131 ve Lizbon Gen\u00e7lik Merkezi taraf\u0131ndan organize edildi ve yerel demokrasinin temel direklerinden biri olarak gen\u00e7lik kat\u0131l\u0131m\u0131 konusunda \u00f6nemli \u00e7al\u0131\u015fmalar yapan \u00e7e\u015fitli kurumlarla i\u015fbirli\u011fi yapt\u0131. WDA bir referans olay\u0131 olmaya \u00e7al\u0131\u015ft\u0131... <a class=\"more-link\" href=\"https:\/\/dypall.com\/tr\/activity\/winter-democracy-academy-a-week-long-focus-on-youth-participation-for-stronger-local-democracies\/\">Okumaya devam et <span class=\"screen-reader-text\">K\u0131\u015f Demokrasi Akademisi'nde: Daha G\u00fc\u00e7l\u00fc Yerel Demokrasiler i\u00e7in Gen\u00e7lik Kat\u0131l\u0131m\u0131na Odaklanan Bir Haftal\u0131k Etkinlik<\/span><\/a><\/p>","protected":false},"author":1,"featured_media":7167,"comment_status":"closed","ping_status":"open","sticky":false,"template":"","format":"standard","meta":{"_acf_changed":false,"_jetpack_memberships_contains_paid_content":false,"footnotes":""},"categories":[111,112,152],"tags":[],"class_list":["post-6855","post","type-post","status-publish","format-standard","has-post-thumbnail","hentry","category-activity","category-conference","category-study-visits","entry"],"acf":[],"yoast_head":"<!-- This site is optimized with the Yoast SEO plugin v22.8 - https:\/\/yoast.com\/wordpress\/plugins\/seo\/ -->\n<title>Winter Democracy Academy: A Week-long event Focused on Youth Participation for Stronger Local Democracies - DYPALL Network<\/title>\n<meta name=\"robots\" content=\"index, follow, max-snippet:-1, max-image-preview:large, max-video-preview:-1\" \/>\n<link rel=\"canonical\" href=\"https:\/\/dypall.com\/tr\/activity\/winter-democracy-academy-a-week-long-focus-on-youth-participation-for-stronger-local-democracies\/\" \/>\n<meta property=\"og:locale\" content=\"tr_TR\" \/>\n<meta property=\"og:type\" content=\"article\" \/>\n<meta property=\"og:title\" content=\"Winter Democracy Academy: A Week-long event Focused on Youth Participation for Stronger Local Democracies - DYPALL Network\" \/>\n<meta property=\"og:description\" content=\"The first edition of Winter Democracy Academy (WDA) took place from 10th-16th December 2023 in Lisbon, Portugal. It was organised by DYPALL Network and the Lisbon Youth Centre, cooperating with several institutions with important work on youth participation as one of the pillars of local democracy. The WDA strived to become an event of reference&hellip; Okumaya devam et Winter Democracy Academy: A Week-long event Focused on Youth Participation for Stronger Local Democracies\" \/>\n<meta property=\"og:url\" content=\"https:\/\/dypall.com\/tr\/activity\/winter-democracy-academy-a-week-long-focus-on-youth-participation-for-stronger-local-democracies\/\" \/>\n<meta property=\"og:site_name\" content=\"DYPALL Network\" \/>\n<meta property=\"article:published_time\" content=\"2024-01-09T14:29:53+00:00\" \/>\n<meta property=\"article:modified_time\" content=\"2024-10-31T09:57:17+00:00\" \/>\n<meta property=\"og:image\" content=\"https:\/\/dypall.com\/wp-content\/uploads\/2024\/01\/DYPALL_03.jpeg\" \/>\n\t<meta property=\"og:image:width\" content=\"2048\" \/>\n\t<meta property=\"og:image:height\" content=\"1365\" \/>\n\t<meta property=\"og:image:type\" content=\"image\/jpeg\" \/>\n<meta name=\"author\" content=\"DYPALL Network\" \/>\n<meta name=\"twitter:card\" content=\"summary_large_image\" \/>\n<meta name=\"twitter:label1\" content=\"Written by\" \/>\n\t<meta name=\"twitter:data1\" content=\"DYPALL Network\" \/>\n\t<meta name=\"twitter:label2\" content=\"Est. reading time\" \/>\n\t<meta name=\"twitter:data2\" content=\"5 dakika\" \/>\n<script type=\"application\/ld+json\" class=\"yoast-schema-graph\">{\"@context\":\"https:\/\/schema.org\",\"@graph\":[{\"@type\":\"WebPage\",\"@id\":\"https:\/\/dypall.com\/activity\/winter-democracy-academy-a-week-long-focus-on-youth-participation-for-stronger-local-democracies\/\",\"url\":\"https:\/\/dypall.com\/activity\/winter-democracy-academy-a-week-long-focus-on-youth-participation-for-stronger-local-democracies\/\",\"name\":\"Winter Democracy Academy: A Week-long event Focused on Youth Participation for Stronger Local Democracies - DYPALL Network\",\"isPartOf\":{\"@id\":\"https:\/\/dypall.com\/#website\"},\"primaryImageOfPage\":{\"@id\":\"https:\/\/dypall.com\/activity\/winter-democracy-academy-a-week-long-focus-on-youth-participation-for-stronger-local-democracies\/#primaryimage\"},\"image\":{\"@id\":\"https:\/\/dypall.com\/activity\/winter-democracy-academy-a-week-long-focus-on-youth-participation-for-stronger-local-democracies\/#primaryimage\"},\"thumbnailUrl\":\"https:\/\/dypall.com\/wp-content\/uploads\/2024\/01\/DYPALL_03.jpeg\",\"datePublished\":\"2024-01-09T14:29:53+00:00\",\"dateModified\":\"2024-10-31T09:57:17+00:00\",\"author\":{\"@id\":\"https:\/\/dypall.com\/#\/schema\/person\/f92e08aa15c8ba711a9d153129f03377\"},\"breadcrumb\":{\"@id\":\"https:\/\/dypall.com\/activity\/winter-democracy-academy-a-week-long-focus-on-youth-participation-for-stronger-local-democracies\/#breadcrumb\"},\"inLanguage\":\"tr\",\"potentialAction\":[{\"@type\":\"ReadAction\",\"target\":[\"https:\/\/dypall.com\/activity\/winter-democracy-academy-a-week-long-focus-on-youth-participation-for-stronger-local-democracies\/\"]}]},{\"@type\":\"ImageObject\",\"inLanguage\":\"tr\",\"@id\":\"https:\/\/dypall.com\/activity\/winter-democracy-academy-a-week-long-focus-on-youth-participation-for-stronger-local-democracies\/#primaryimage\",\"url\":\"https:\/\/dypall.com\/wp-content\/uploads\/2024\/01\/DYPALL_03.jpeg\",\"contentUrl\":\"https:\/\/dypall.com\/wp-content\/uploads\/2024\/01\/DYPALL_03.jpeg\",\"width\":2048,\"height\":1365},{\"@type\":\"BreadcrumbList\",\"@id\":\"https:\/\/dypall.com\/activity\/winter-democracy-academy-a-week-long-focus-on-youth-participation-for-stronger-local-democracies\/#breadcrumb\",\"itemListElement\":[{\"@type\":\"ListItem\",\"position\":1,\"name\":\"Home\",\"item\":\"https:\/\/dypall.com\/\"},{\"@type\":\"ListItem\",\"position\":2,\"name\":\"Winter Democracy Academy: A Week-long event Focused on Youth Participation for Stronger Local Democracies\"}]},{\"@type\":\"WebSite\",\"@id\":\"https:\/\/dypall.com\/#website\",\"url\":\"https:\/\/dypall.com\/\",\"name\":\"DYPALL Network\",\"description\":\"We are a European network of civil society organisations, municipalities and research institutions dedicated to improving democracy through youth participation.\",\"potentialAction\":[{\"@type\":\"SearchAction\",\"target\":{\"@type\":\"EntryPoint\",\"urlTemplate\":\"https:\/\/dypall.com\/?s={search_term_string}\"},\"query-input\":\"required name=search_term_string\"}],\"inLanguage\":\"tr\"},{\"@type\":\"Person\",\"@id\":\"https:\/\/dypall.com\/#\/schema\/person\/f92e08aa15c8ba711a9d153129f03377\",\"name\":\"DYPALL Network\",\"image\":{\"@type\":\"ImageObject\",\"inLanguage\":\"tr\",\"@id\":\"https:\/\/dypall.com\/#\/schema\/person\/image\/\",\"url\":\"https:\/\/secure.gravatar.com\/avatar\/9c39e299279800c6d69c5e02cf613e7bab060889f373052a03d7ac399e8f0d3c?s=96&d=mm&r=g\",\"contentUrl\":\"https:\/\/secure.gravatar.com\/avatar\/9c39e299279800c6d69c5e02cf613e7bab060889f373052a03d7ac399e8f0d3c?s=96&d=mm&r=g\",\"caption\":\"DYPALL Network\"},\"sameAs\":[\"https:\/\/dypall.com\"],\"url\":\"https:\/\/dypall.com\/tr\/author\/dypall\/\"}]}<\/script>\n<!-- \/ Yoast SEO plugin. -->","yoast_head_json":{"title":"Winter Democracy Academy: A Week-long event Focused on Youth Participation for Stronger Local Democracies - DYPALL Network","robots":{"index":"index","follow":"follow","max-snippet":"max-snippet:-1","max-image-preview":"max-image-preview:large","max-video-preview":"max-video-preview:-1"},"canonical":"https:\/\/dypall.com\/tr\/activity\/winter-democracy-academy-a-week-long-focus-on-youth-participation-for-stronger-local-democracies\/","og_locale":"tr_TR","og_type":"article","og_title":"Winter Democracy Academy: A Week-long event Focused on Youth Participation for Stronger Local Democracies - DYPALL Network","og_description":"The first edition of Winter Democracy Academy (WDA) took place from 10th-16th December 2023 in Lisbon, Portugal. It was organised by DYPALL Network and the Lisbon Youth Centre, cooperating with several institutions with important work on youth participation as one of the pillars of local democracy. The WDA strived to become an event of reference&hellip; Okumaya devam et Winter Democracy Academy: A Week-long event Focused on Youth Participation for Stronger Local Democracies","og_url":"https:\/\/dypall.com\/tr\/activity\/winter-democracy-academy-a-week-long-focus-on-youth-participation-for-stronger-local-democracies\/","og_site_name":"DYPALL Network","article_published_time":"2024-01-09T14:29:53+00:00","article_modified_time":"2024-10-31T09:57:17+00:00","og_image":[{"width":2048,"height":1365,"url":"https:\/\/dypall.com\/wp-content\/uploads\/2024\/01\/DYPALL_03.jpeg","type":"image\/jpeg"}],"author":"DYPALL Network","twitter_card":"summary_large_image","twitter_misc":{"Written by":"DYPALL Network","Est. reading time":"5 dakika"},"schema":{"@context":"https:\/\/schema.org","@graph":[{"@type":"WebPage","@id":"https:\/\/dypall.com\/activity\/winter-democracy-academy-a-week-long-focus-on-youth-participation-for-stronger-local-democracies\/","url":"https:\/\/dypall.com\/activity\/winter-democracy-academy-a-week-long-focus-on-youth-participation-for-stronger-local-democracies\/","name":"Winter Democracy Academy: A Week-long event Focused on Youth Participation for Stronger Local Democracies - DYPALL Network","isPartOf":{"@id":"https:\/\/dypall.com\/#website"},"primaryImageOfPage":{"@id":"https:\/\/dypall.com\/activity\/winter-democracy-academy-a-week-long-focus-on-youth-participation-for-stronger-local-democracies\/#primaryimage"},"image":{"@id":"https:\/\/dypall.com\/activity\/winter-democracy-academy-a-week-long-focus-on-youth-participation-for-stronger-local-democracies\/#primaryimage"},"thumbnailUrl":"https:\/\/dypall.com\/wp-content\/uploads\/2024\/01\/DYPALL_03.jpeg","datePublished":"2024-01-09T14:29:53+00:00","dateModified":"2024-10-31T09:57:17+00:00","author":{"@id":"https:\/\/dypall.com\/#\/schema\/person\/f92e08aa15c8ba711a9d153129f03377"},"breadcrumb":{"@id":"https:\/\/dypall.com\/activity\/winter-democracy-academy-a-week-long-focus-on-youth-participation-for-stronger-local-democracies\/#breadcrumb"},"inLanguage":"tr","potentialAction":[{"@type":"ReadAction","target":["https:\/\/dypall.com\/activity\/winter-democracy-academy-a-week-long-focus-on-youth-participation-for-stronger-local-democracies\/"]}]},{"@type":"ImageObject","inLanguage":"tr","@id":"https:\/\/dypall.com\/activity\/winter-democracy-academy-a-week-long-focus-on-youth-participation-for-stronger-local-democracies\/#primaryimage","url":"https:\/\/dypall.com\/wp-content\/uploads\/2024\/01\/DYPALL_03.jpeg","contentUrl":"https:\/\/dypall.com\/wp-content\/uploads\/2024\/01\/DYPALL_03.jpeg","width":2048,"height":1365},{"@type":"BreadcrumbList","@id":"https:\/\/dypall.com\/activity\/winter-democracy-academy-a-week-long-focus-on-youth-participation-for-stronger-local-democracies\/#breadcrumb","itemListElement":[{"@type":"ListItem","position":1,"name":"Home","item":"https:\/\/dypall.com\/"},{"@type":"ListItem","position":2,"name":"Winter Democracy Academy: A Week-long event Focused on Youth Participation for Stronger Local Democracies"}]},{"@type":"WebSite","@id":"https:\/\/dypall.com\/#website","url":"https:\/\/dypall.com\/","name":"DYPALL Network","description":"We are a European network of civil society organisations, municipalities and research institutions dedicated to improving democracy through youth participation.","potentialAction":[{"@type":"SearchAction","target":{"@type":"EntryPoint","urlTemplate":"https:\/\/dypall.com\/?s={search_term_string}"},"query-input":"required name=search_term_string"}],"inLanguage":"tr"},{"@type":"Person","@id":"https:\/\/dypall.com\/#\/schema\/person\/f92e08aa15c8ba711a9d153129f03377","name":"DYPALL Network","image":{"@type":"ImageObject","inLanguage":"tr","@id":"https:\/\/dypall.com\/#\/schema\/person\/image\/","url":"https:\/\/secure.gravatar.com\/avatar\/9c39e299279800c6d69c5e02cf613e7bab060889f373052a03d7ac399e8f0d3c?s=96&d=mm&r=g","contentUrl":"https:\/\/secure.gravatar.com\/avatar\/9c39e299279800c6d69c5e02cf613e7bab060889f373052a03d7ac399e8f0d3c?s=96&d=mm&r=g","caption":"DYPALL Network"},"sameAs":["https:\/\/dypall.com"],"url":"https:\/\/dypall.com\/tr\/author\/dypall\/"}]}},"jetpack_featured_media_url":"https:\/\/dypall.com\/wp-content\/uploads\/2024\/01\/DYPALL_03.jpeg","jetpack_sharing_enabled":true,"_links":{"self":[{"href":"https:\/\/dypall.com\/tr\/wp-json\/wp\/v2\/posts\/6855","targetHints":{"allow":["GET"]}}],"collection":[{"href":"https:\/\/dypall.com\/tr\/wp-json\/wp\/v2\/posts"}],"about":[{"href":"https:\/\/dypall.com\/tr\/wp-json\/wp\/v2\/types\/post"}],"author":[{"embeddable":true,"href":"https:\/\/dypall.com\/tr\/wp-json\/wp\/v2\/users\/1"}],"replies":[{"embeddable":true,"href":"https:\/\/dypall.com\/tr\/wp-json\/wp\/v2\/comments?post=6855"}],"version-history":[{"count":6,"href":"https:\/\/dypall.com\/tr\/wp-json\/wp\/v2\/posts\/6855\/revisions"}],"predecessor-version":[{"id":7988,"href":"https:\/\/dypall.com\/tr\/wp-json\/wp\/v2\/posts\/6855\/revisions\/7988"}],"wp:featuredmedia":[{"embeddable":true,"href":"https:\/\/dypall.com\/tr\/wp-json\/wp\/v2\/media\/7167"}],"wp:attachment":[{"href":"https:\/\/dypall.com\/tr\/wp-json\/wp\/v2\/media?parent=6855"}],"wp:term":[{"taxonomy":"category","embeddable":true,"href":"https:\/\/dypall.com\/tr\/wp-json\/wp\/v2\/categories?post=6855"},{"taxonomy":"post_tag","embeddable":true,"href":"https:\/\/dypall.com\/tr\/wp-json\/wp\/v2\/tags?post=6855"}],"curies":[{"name":"wp","href":"https:\/\/api.w.org\/{rel}","templated":true}]}}