{"id":6772,"date":"2023-12-04T16:49:10","date_gmt":"2023-12-04T16:49:10","guid":{"rendered":"https:\/\/dypall.com\/?p=6772"},"modified":"2024-06-06T10:05:29","modified_gmt":"2024-06-06T10:05:29","slug":"s-m-a-r-t-youth-center-third-and-last-transnational-project-meeting","status":"publish","type":"post","link":"https:\/\/dypall.com\/tr\/activity\/s-m-a-r-t-youth-center-third-and-last-transnational-project-meeting\/","title":{"rendered":"\u2047 S.M.A.R.T. Gen\u00e7lik Merkezi \u2047  \u00fc\u00e7\u00fcnc\u00fc ve son ulus\u00f6tesi proje toplant\u0131s\u0131"},"content":{"rendered":"<p>DYPALL Network kat\u0131ld\u0131 <strong>\u00dc\u00e7\u00fcnc\u00fc ve son uluslararas\u0131 proje toplant\u0131s\u0131<\/strong> i\u00e7in <strong>\u2047 S.M.A.R.T. Gen\u00e7lik Merkezi \u2047<\/strong> 13  \u2047  16 Kas\u0131m 2023'ten itibaren Cinisello Balsamo, \u0130talya'da proje. Etkinlik IRTEA taraf\u0131ndan organize edildi ve Comune di Cinisello Balsamo ev sahipli\u011fi yapt\u0131.<\/p>\n<p>\u2047 S.M.A.R.T. Gen\u00e7lik Merkezi \u2047  projesi, gen\u00e7lik \u00e7al\u0131\u015fanlar\u0131n\u0131 desteklemeyi ve g\u00fc\u00e7lendirmeyi, kat\u0131l\u0131mc\u0131lar\u0131n dijital becerilerini geli\u015ftirmeyi ve kat\u0131l\u0131mc\u0131lar\u0131n mesleki geli\u015fimine yol a\u00e7acak dijital gen\u00e7lik etkinliklerini tasarlamay\u0131 ve uygulamay\u0131 ama\u00e7lamaktad\u0131r. \u00d6zetle,  \u2047 S.M.A.R.T. \u2047  \u00fc\u00e7l\u00fc bir etki elde etmeye odaklan\u0131r:<\/p>\n<ul>\n<li>\u00d6rg\u00fctler, e\u011fitmenler ve gen\u00e7lik \u00e7al\u0131\u015fanlar\u0131 i\u00e7in yenilik yapma f\u0131rsatlar\u0131 yaratmaya \u00e7al\u0131\u015f\u0131r;<\/li>\n<li>a\u00e7\u0131k e\u011fitim kaynaklar\u0131n\u0131n kullan\u0131m\u0131n\u0131 art\u0131rmay\u0131, Avrupa veya kamu finansman\u0131 ile \u00fcretilen e\u011fitim materyallerinin \u00fccretsiz ve herkesin kullan\u0131m\u0131na veya yeniden kullan\u0131m\u0131na a\u00e7\u0131k olmas\u0131n\u0131 sa\u011flamay\u0131 ama\u00e7lamaktad\u0131r;<\/li>\n<li>Bilgi ve \u0130leti\u015fim Teknolojilerinin altyap\u0131s\u0131n\u0131 ve Gen\u00e7lik Merkezlerinde ba\u011flanabilirli\u011fi geli\u015ftirmeyi ama\u00e7lamaktad\u0131r.<\/li>\n<\/ul>\n<p>Toplant\u0131da, proje koordinat\u00f6rleri ve proje konsorsiyumu i\u00e7indeki ortaklar\u0131n temsilcileri, proje g\u00fcncellemelerini tart\u0131\u015fmak ve son ad\u0131mlara karar vermek i\u00e7in son kez \u015fahsen bir araya geldi. Ana odak noktas\u0131, Proje Sonucu 4'\u00fcn sonu\u00e7land\u0131r\u0131lmas\u0131yd\u0131. <em><strong>\u2047 \u00d6\u011frenme tank\u0131 olarak E\u011fitimciler ve Gen\u00e7lik \u0130\u015f\u00e7ileri i\u00e7in Dijital Ge\u00e7i\u015f \u00dccreti Kutusu \u2047<\/strong><\/em>, ve proje sonu\u00e7lar\u0131n\u0131 yerel payda\u015flara sunmak i\u00e7in bir \u00e7arpan etkinli\u011fi i\u00e7eren \u00f6n\u00fcm\u00fczdeki aylar i\u00e7in yayg\u0131nla\u015ft\u0131rma stratejisini tart\u0131\u015fmak. Proje koordinat\u00f6rleri ve ortaklar\u0131n temsilcileri de Comune di Cinisello Balsamo taraf\u0131ndan d\u00fczenlenen, yerel gen\u00e7lerle \u00e7al\u0131\u015fan ve yerel zorluklar\u0131 \u00e7\u00f6zmek i\u00e7in stratejiler olu\u015fturmalar\u0131na yard\u0131mc\u0131 olan bir \u00e7arpan etkinli\u011fine kat\u0131lma f\u0131rsat\u0131 buldu.<\/p>\n<p>Bu proje \u015fu \u015fekilde koordine edilir: <a href=\"http:\/\/www.irtea.gr\/?lang=el\">IRTEA  \u2047  Institoyto Erevnas Kai Katartisis Evropaikon Temas\u0131<\/a> (Yunanistan) ile i\u015fbirli\u011fi i\u00e7inde <a href=\"https:\/\/change-your-life-now.gr\/\">Hayat\u0131n\u0131z\u0131 \u015eimdi De\u011fi\u015ftirin  \u2047  CYLN<\/a> (Yunanistan'da) <a href=\"https:\/\/www.boltvirtual.gr\/\">BOLT Sanal<\/a> (Yunanistan), Comune di Cinisello Balsamo (\u0130talya), DYPALL A\u011f\u0131, <a href=\"https:\/\/www.keks.se\/\">KEKS DURDURMA<\/a> (\u0130sve\u00e7), Vsl  \u2047 Amicus Certus \u2047  (Litvanya) ve <a href=\"https:\/\/www.mreza-mama.si\/\">Zavod Mladinska Mreza Mama<\/a> (Slovenya i\u00e7in)<\/p>\n\n\n<figure class=\"wp-block-image size-full\"><img loading=\"lazy\" decoding=\"async\" width=\"1280\" height=\"960\" src=\"https:\/\/dypall.com\/wp-content\/uploads\/2024\/06\/401830980_734478642049828_7961135142254483670_n.jpeg\" alt=\"\" class=\"wp-image-7183\" srcset=\"https:\/\/dypall.com\/wp-content\/uploads\/2024\/06\/401830980_734478642049828_7961135142254483670_n.jpeg 1280w, https:\/\/dypall.com\/wp-content\/uploads\/2024\/06\/401830980_734478642049828_7961135142254483670_n-768x576.jpeg 768w\" sizes=\"auto, (max-width: 1280px) 100vw, 1280px\" \/><\/figure>\n\n\n\n<figure class=\"wp-block-image size-full\"><img loading=\"lazy\" decoding=\"async\" width=\"768\" height=\"1024\" src=\"https:\/\/dypall.com\/wp-content\/uploads\/2024\/06\/401810155_734478622049830_6048947711252550131_n.jpeg\" alt=\"\" class=\"wp-image-7184\"\/><\/figure>","protected":false},"excerpt":{"rendered":"<p>DYPALL Network, 13-16 Kas\u0131m 2023 tarihleri aras\u0131nda \u0130talya'n\u0131n Cinisello Balsamo kentindeki  \u2047 S.M.A.R.T. Youth Center \u2047  projesi i\u00e7in \u00fc\u00e7\u00fcnc\u00fc ve son ulus\u00f6tesi proje toplant\u0131s\u0131na kat\u0131ld\u0131. Etkinlik IRTEA taraf\u0131ndan organize edildi ve Comune di Cinisello Balsamo ev sahipli\u011fi yapt\u0131. \u2047 S.M.A.R.T. Gen\u00e7lik Merkezi \u2047  projesi, gen\u00e7lik \u00e7al\u0131\u015fanlar\u0131n\u0131 desteklemeyi ve g\u00fc\u00e7lendirmeyi,... <a class=\"more-link\" href=\"https:\/\/dypall.com\/tr\/activity\/s-m-a-r-t-youth-center-third-and-last-transnational-project-meeting\/\">Okumaya devam et <span class=\"screen-reader-text\">\u2047 S.M.A.R.T. Gen\u00e7lik Merkezi \u2047  \u00fc\u00e7\u00fcnc\u00fc ve son ulus\u00f6tesi proje toplant\u0131s\u0131<\/span><\/a><\/p>","protected":false},"author":1,"featured_media":7184,"comment_status":"closed","ping_status":"open","sticky":false,"template":"","format":"standard","meta":{"_acf_changed":false,"_jetpack_memberships_contains_paid_content":false,"footnotes":""},"categories":[111],"tags":[],"class_list":["post-6772","post","type-post","status-publish","format-standard","has-post-thumbnail","hentry","category-activity","entry"],"acf":[],"yoast_head":"<!-- This site is optimized with the Yoast SEO plugin v22.8 - https:\/\/yoast.com\/wordpress\/plugins\/seo\/ -->\n<title>\u201cS.M.A.R.T. Youth Center\u201d third and last transnational project meeting - DYPALL Network<\/title>\n<meta name=\"robots\" content=\"index, follow, max-snippet:-1, max-image-preview:large, max-video-preview:-1\" \/>\n<link rel=\"canonical\" href=\"https:\/\/dypall.com\/tr\/activity\/s-m-a-r-t-youth-center-third-and-last-transnational-project-meeting\/\" \/>\n<meta property=\"og:locale\" content=\"tr_TR\" \/>\n<meta property=\"og:type\" content=\"article\" \/>\n<meta property=\"og:title\" content=\"\u201cS.M.A.R.T. Youth Center\u201d third and last transnational project meeting - DYPALL Network\" \/>\n<meta property=\"og:description\" content=\"DYPALL Network participated in the third and last transnational project meeting for the \u201cS.M.A.R.T. Youth Center\u201d project from 13th \u2013 16th November 2023, in Cinisello Balsamo, Italy. The event was organised by IRTEA and hosted by Comune di Cinisello Balsamo. The \u201cS.M.A.R.T. Youth Center\u201d project aims to support and empower youth workers, to develop the&hellip; Okumaya devam et \u201cS.M.A.R.T. Youth Center\u201d third and last transnational project meeting\" \/>\n<meta property=\"og:url\" content=\"https:\/\/dypall.com\/tr\/activity\/s-m-a-r-t-youth-center-third-and-last-transnational-project-meeting\/\" \/>\n<meta property=\"og:site_name\" content=\"DYPALL Network\" \/>\n<meta property=\"article:published_time\" content=\"2023-12-04T16:49:10+00:00\" \/>\n<meta property=\"article:modified_time\" content=\"2024-06-06T10:05:29+00:00\" \/>\n<meta property=\"og:image\" content=\"https:\/\/dypall.com\/wp-content\/uploads\/2024\/06\/401810155_734478622049830_6048947711252550131_n.jpeg\" \/>\n\t<meta property=\"og:image:width\" content=\"768\" \/>\n\t<meta property=\"og:image:height\" content=\"1024\" \/>\n\t<meta property=\"og:image:type\" content=\"image\/jpeg\" \/>\n<meta name=\"author\" content=\"DYPALL Network\" \/>\n<meta name=\"twitter:card\" content=\"summary_large_image\" \/>\n<meta name=\"twitter:label1\" content=\"Written by\" \/>\n\t<meta name=\"twitter:data1\" content=\"DYPALL Network\" \/>\n\t<meta name=\"twitter:label2\" content=\"Est. reading time\" \/>\n\t<meta name=\"twitter:data2\" content=\"2 dakika\" \/>\n<script type=\"application\/ld+json\" class=\"yoast-schema-graph\">{\"@context\":\"https:\/\/schema.org\",\"@graph\":[{\"@type\":\"WebPage\",\"@id\":\"https:\/\/dypall.com\/activity\/s-m-a-r-t-youth-center-third-and-last-transnational-project-meeting\/\",\"url\":\"https:\/\/dypall.com\/activity\/s-m-a-r-t-youth-center-third-and-last-transnational-project-meeting\/\",\"name\":\"\u201cS.M.A.R.T. Youth Center\u201d third and last transnational project meeting - DYPALL Network\",\"isPartOf\":{\"@id\":\"https:\/\/dypall.com\/#website\"},\"primaryImageOfPage\":{\"@id\":\"https:\/\/dypall.com\/activity\/s-m-a-r-t-youth-center-third-and-last-transnational-project-meeting\/#primaryimage\"},\"image\":{\"@id\":\"https:\/\/dypall.com\/activity\/s-m-a-r-t-youth-center-third-and-last-transnational-project-meeting\/#primaryimage\"},\"thumbnailUrl\":\"https:\/\/dypall.com\/wp-content\/uploads\/2024\/06\/401810155_734478622049830_6048947711252550131_n.jpeg\",\"datePublished\":\"2023-12-04T16:49:10+00:00\",\"dateModified\":\"2024-06-06T10:05:29+00:00\",\"author\":{\"@id\":\"https:\/\/dypall.com\/#\/schema\/person\/f92e08aa15c8ba711a9d153129f03377\"},\"breadcrumb\":{\"@id\":\"https:\/\/dypall.com\/activity\/s-m-a-r-t-youth-center-third-and-last-transnational-project-meeting\/#breadcrumb\"},\"inLanguage\":\"tr\",\"potentialAction\":[{\"@type\":\"ReadAction\",\"target\":[\"https:\/\/dypall.com\/activity\/s-m-a-r-t-youth-center-third-and-last-transnational-project-meeting\/\"]}]},{\"@type\":\"ImageObject\",\"inLanguage\":\"tr\",\"@id\":\"https:\/\/dypall.com\/activity\/s-m-a-r-t-youth-center-third-and-last-transnational-project-meeting\/#primaryimage\",\"url\":\"https:\/\/dypall.com\/wp-content\/uploads\/2024\/06\/401810155_734478622049830_6048947711252550131_n.jpeg\",\"contentUrl\":\"https:\/\/dypall.com\/wp-content\/uploads\/2024\/06\/401810155_734478622049830_6048947711252550131_n.jpeg\",\"width\":768,\"height\":1024},{\"@type\":\"BreadcrumbList\",\"@id\":\"https:\/\/dypall.com\/activity\/s-m-a-r-t-youth-center-third-and-last-transnational-project-meeting\/#breadcrumb\",\"itemListElement\":[{\"@type\":\"ListItem\",\"position\":1,\"name\":\"Home\",\"item\":\"https:\/\/dypall.com\/\"},{\"@type\":\"ListItem\",\"position\":2,\"name\":\"\u201cS.M.A.R.T. Youth Center\u201d third and last transnational project meeting\"}]},{\"@type\":\"WebSite\",\"@id\":\"https:\/\/dypall.com\/#website\",\"url\":\"https:\/\/dypall.com\/\",\"name\":\"DYPALL Network\",\"description\":\"We are a European network of civil society organisations, municipalities and research institutions dedicated to improving democracy through youth participation.\",\"potentialAction\":[{\"@type\":\"SearchAction\",\"target\":{\"@type\":\"EntryPoint\",\"urlTemplate\":\"https:\/\/dypall.com\/?s={search_term_string}\"},\"query-input\":\"required name=search_term_string\"}],\"inLanguage\":\"tr\"},{\"@type\":\"Person\",\"@id\":\"https:\/\/dypall.com\/#\/schema\/person\/f92e08aa15c8ba711a9d153129f03377\",\"name\":\"DYPALL Network\",\"image\":{\"@type\":\"ImageObject\",\"inLanguage\":\"tr\",\"@id\":\"https:\/\/dypall.com\/#\/schema\/person\/image\/\",\"url\":\"https:\/\/secure.gravatar.com\/avatar\/9c39e299279800c6d69c5e02cf613e7bab060889f373052a03d7ac399e8f0d3c?s=96&d=mm&r=g\",\"contentUrl\":\"https:\/\/secure.gravatar.com\/avatar\/9c39e299279800c6d69c5e02cf613e7bab060889f373052a03d7ac399e8f0d3c?s=96&d=mm&r=g\",\"caption\":\"DYPALL Network\"},\"sameAs\":[\"https:\/\/dypall.com\"],\"url\":\"https:\/\/dypall.com\/tr\/author\/dypall\/\"}]}<\/script>\n<!-- \/ Yoast SEO plugin. -->","yoast_head_json":{"title":"\u201cS.M.A.R.T. Youth Center\u201d third and last transnational project meeting - DYPALL Network","robots":{"index":"index","follow":"follow","max-snippet":"max-snippet:-1","max-image-preview":"max-image-preview:large","max-video-preview":"max-video-preview:-1"},"canonical":"https:\/\/dypall.com\/tr\/activity\/s-m-a-r-t-youth-center-third-and-last-transnational-project-meeting\/","og_locale":"tr_TR","og_type":"article","og_title":"\u201cS.M.A.R.T. Youth Center\u201d third and last transnational project meeting - DYPALL Network","og_description":"DYPALL Network participated in the third and last transnational project meeting for the \u201cS.M.A.R.T. Youth Center\u201d project from 13th \u2013 16th November 2023, in Cinisello Balsamo, Italy. The event was organised by IRTEA and hosted by Comune di Cinisello Balsamo. The \u201cS.M.A.R.T. Youth Center\u201d project aims to support and empower youth workers, to develop the&hellip; Okumaya devam et \u201cS.M.A.R.T. Youth Center\u201d third and last transnational project meeting","og_url":"https:\/\/dypall.com\/tr\/activity\/s-m-a-r-t-youth-center-third-and-last-transnational-project-meeting\/","og_site_name":"DYPALL Network","article_published_time":"2023-12-04T16:49:10+00:00","article_modified_time":"2024-06-06T10:05:29+00:00","og_image":[{"width":768,"height":1024,"url":"https:\/\/dypall.com\/wp-content\/uploads\/2024\/06\/401810155_734478622049830_6048947711252550131_n.jpeg","type":"image\/jpeg"}],"author":"DYPALL Network","twitter_card":"summary_large_image","twitter_misc":{"Written by":"DYPALL Network","Est. reading time":"2 dakika"},"schema":{"@context":"https:\/\/schema.org","@graph":[{"@type":"WebPage","@id":"https:\/\/dypall.com\/activity\/s-m-a-r-t-youth-center-third-and-last-transnational-project-meeting\/","url":"https:\/\/dypall.com\/activity\/s-m-a-r-t-youth-center-third-and-last-transnational-project-meeting\/","name":"\u201cS.M.A.R.T. Youth Center\u201d third and last transnational project meeting - DYPALL Network","isPartOf":{"@id":"https:\/\/dypall.com\/#website"},"primaryImageOfPage":{"@id":"https:\/\/dypall.com\/activity\/s-m-a-r-t-youth-center-third-and-last-transnational-project-meeting\/#primaryimage"},"image":{"@id":"https:\/\/dypall.com\/activity\/s-m-a-r-t-youth-center-third-and-last-transnational-project-meeting\/#primaryimage"},"thumbnailUrl":"https:\/\/dypall.com\/wp-content\/uploads\/2024\/06\/401810155_734478622049830_6048947711252550131_n.jpeg","datePublished":"2023-12-04T16:49:10+00:00","dateModified":"2024-06-06T10:05:29+00:00","author":{"@id":"https:\/\/dypall.com\/#\/schema\/person\/f92e08aa15c8ba711a9d153129f03377"},"breadcrumb":{"@id":"https:\/\/dypall.com\/activity\/s-m-a-r-t-youth-center-third-and-last-transnational-project-meeting\/#breadcrumb"},"inLanguage":"tr","potentialAction":[{"@type":"ReadAction","target":["https:\/\/dypall.com\/activity\/s-m-a-r-t-youth-center-third-and-last-transnational-project-meeting\/"]}]},{"@type":"ImageObject","inLanguage":"tr","@id":"https:\/\/dypall.com\/activity\/s-m-a-r-t-youth-center-third-and-last-transnational-project-meeting\/#primaryimage","url":"https:\/\/dypall.com\/wp-content\/uploads\/2024\/06\/401810155_734478622049830_6048947711252550131_n.jpeg","contentUrl":"https:\/\/dypall.com\/wp-content\/uploads\/2024\/06\/401810155_734478622049830_6048947711252550131_n.jpeg","width":768,"height":1024},{"@type":"BreadcrumbList","@id":"https:\/\/dypall.com\/activity\/s-m-a-r-t-youth-center-third-and-last-transnational-project-meeting\/#breadcrumb","itemListElement":[{"@type":"ListItem","position":1,"name":"Home","item":"https:\/\/dypall.com\/"},{"@type":"ListItem","position":2,"name":"\u201cS.M.A.R.T. Youth Center\u201d third and last transnational project meeting"}]},{"@type":"WebSite","@id":"https:\/\/dypall.com\/#website","url":"https:\/\/dypall.com\/","name":"DYPALL Network","description":"We are a European network of civil society organisations, municipalities and research institutions dedicated to improving democracy through youth participation.","potentialAction":[{"@type":"SearchAction","target":{"@type":"EntryPoint","urlTemplate":"https:\/\/dypall.com\/?s={search_term_string}"},"query-input":"required name=search_term_string"}],"inLanguage":"tr"},{"@type":"Person","@id":"https:\/\/dypall.com\/#\/schema\/person\/f92e08aa15c8ba711a9d153129f03377","name":"DYPALL Network","image":{"@type":"ImageObject","inLanguage":"tr","@id":"https:\/\/dypall.com\/#\/schema\/person\/image\/","url":"https:\/\/secure.gravatar.com\/avatar\/9c39e299279800c6d69c5e02cf613e7bab060889f373052a03d7ac399e8f0d3c?s=96&d=mm&r=g","contentUrl":"https:\/\/secure.gravatar.com\/avatar\/9c39e299279800c6d69c5e02cf613e7bab060889f373052a03d7ac399e8f0d3c?s=96&d=mm&r=g","caption":"DYPALL Network"},"sameAs":["https:\/\/dypall.com"],"url":"https:\/\/dypall.com\/tr\/author\/dypall\/"}]}},"jetpack_featured_media_url":"https:\/\/dypall.com\/wp-content\/uploads\/2024\/06\/401810155_734478622049830_6048947711252550131_n.jpeg","jetpack_sharing_enabled":true,"_links":{"self":[{"href":"https:\/\/dypall.com\/tr\/wp-json\/wp\/v2\/posts\/6772","targetHints":{"allow":["GET"]}}],"collection":[{"href":"https:\/\/dypall.com\/tr\/wp-json\/wp\/v2\/posts"}],"about":[{"href":"https:\/\/dypall.com\/tr\/wp-json\/wp\/v2\/types\/post"}],"author":[{"embeddable":true,"href":"https:\/\/dypall.com\/tr\/wp-json\/wp\/v2\/users\/1"}],"replies":[{"embeddable":true,"href":"https:\/\/dypall.com\/tr\/wp-json\/wp\/v2\/comments?post=6772"}],"version-history":[{"count":2,"href":"https:\/\/dypall.com\/tr\/wp-json\/wp\/v2\/posts\/6772\/revisions"}],"predecessor-version":[{"id":7186,"href":"https:\/\/dypall.com\/tr\/wp-json\/wp\/v2\/posts\/6772\/revisions\/7186"}],"wp:featuredmedia":[{"embeddable":true,"href":"https:\/\/dypall.com\/tr\/wp-json\/wp\/v2\/media\/7184"}],"wp:attachment":[{"href":"https:\/\/dypall.com\/tr\/wp-json\/wp\/v2\/media?parent=6772"}],"wp:term":[{"taxonomy":"category","embeddable":true,"href":"https:\/\/dypall.com\/tr\/wp-json\/wp\/v2\/categories?post=6772"},{"taxonomy":"post_tag","embeddable":true,"href":"https:\/\/dypall.com\/tr\/wp-json\/wp\/v2\/tags?post=6772"}],"curies":[{"name":"wp","href":"https:\/\/api.w.org\/{rel}","templated":true}]}}