{"id":6430,"date":"2023-05-26T16:16:30","date_gmt":"2023-05-26T15:16:30","guid":{"rendered":"https:\/\/dypall.com\/?p=6430"},"modified":"2023-05-26T16:16:30","modified_gmt":"2023-05-26T15:16:30","slug":"study-visit-to-eindhoven-boosting-youth-participation-at-the-local-level-3","status":"publish","type":"post","link":"https:\/\/dypall.com\/tr\/activity\/study-visit-to-eindhoven-boosting-youth-participation-at-the-local-level-3\/","title":{"rendered":"Eindhoven'a \u00e7al\u0131\u015fma ziyareti  \u2047 Yerel d\u00fczeyde gen\u00e7lerin kat\u0131l\u0131m\u0131n\u0131 art\u0131rmak 3 \u2047"},"content":{"rendered":"<p><span style=\"font-weight: 400;\">Eindhoven'a \u00e7al\u0131\u015fma ziyareti, <strong>\u2047 Yerel d\u00fczeyde gen\u00e7lerin kat\u0131l\u0131m\u0131n\u0131 art\u0131rmak 3 \u2047<\/strong>, DYPALL Network taraf\u0131ndan organize edilen <\/span><a href=\"http:\/\/www.adynenetherlands.nl\/\"><span style=\"font-weight: 400;\">ADYNE Hollanda<\/span><\/a><span style=\"font-weight: 400;\"> 15  \u2047  20 May\u0131s 2023'ten itibaren ger\u00e7ekle\u015fti.<\/span><\/p>\n<p><span style=\"font-weight: 400;\">\u00c7al\u0131\u015fma ziyareti, projenin \u00e7er\u00e7evesinin bir par\u00e7as\u0131d\u0131r <em><strong>\u2047 Yerel d\u00fczeyde karar alma s\u00fcrecine gen\u00e7lerin kat\u0131l\u0131m\u0131n\u0131 art\u0131rmak 3 \u2047<\/strong><\/em>, Gen\u00e7 g\u00f6\u00e7menler ve g\u00f6\u00e7men k\u00f6kenli gen\u00e7ler gibi marjinal gen\u00e7lerin dahil edilmesine \u00f6zel bir odaklanma ile gen\u00e7lerin karar alma s\u00fcre\u00e7lerine kat\u0131l\u0131m\u0131 uygulamalar\u0131n\u0131 ziyaret etmeyi, analiz etmeyi, deneyimlemeyi ve ke\u015ffetmeyi ve \u00f6zellikle bunlar\u0131 kendi ger\u00e7ekli\u011fine uyarlamak ve mevcut programlar\u0131 g\u00fc\u00e7lendirmek i\u00e7in halihaz\u0131rda uygulanmakta olan uygulamalar\u0131 payla\u015fmay\u0131 ama\u00e7lamaktad\u0131r.<\/span><\/p>\n<p><span style=\"font-weight: 400;\">Hafta boyunca Finlandiya, \u0130talya, Letonya, Hollanda, Kuzey Makedonya, Polonya, Portekiz, Romanya, \u0130spanya, \u0130sve\u00e7 ve T\u00fcrkiye'den gelen ST\u00d6'lerden ve belediye memurlar\u0131ndan 26 gen\u00e7lik \u00e7al\u0131\u015fan\u0131, birlikte \u00e7al\u0131\u015fma ve gen\u00e7 g\u00f6\u00e7menlerin yerel d\u00fczeyde karar alma s\u00fcre\u00e7lerine kat\u0131l\u0131m\u0131na ili\u015fkin \u00f6zel projeleri g\u00f6zlemleme f\u0131rsat\u0131 buldu.<\/span><\/p>\n<p><span style=\"font-weight: 400;\">Oturumlarda, gen\u00e7lerin yerel d\u00fczeyde karar alma s\u00fcre\u00e7lerine kat\u0131l\u0131m\u0131na de\u011findiler, kendi ger\u00e7eklerini payla\u015ft\u0131lar ve gen\u00e7lik \u00e7al\u0131\u015fmalar\u0131n\u0131n zorluklar\u0131n\u0131 ve f\u0131rsatlar\u0131n\u0131 ba\u011flamlar\u0131nda tart\u0131\u015ft\u0131lar.<\/span><\/p>\n<p><span style=\"font-weight: 400;\">Kat\u0131l\u0131mc\u0131lar ayr\u0131ca gen\u00e7lerin g\u00fc\u00e7lendirilmesi ile ilgili yerel ger\u00e7ekleri ziyaret etme f\u0131rsat\u0131 buldu. <\/span><a href=\"https:\/\/www.popei.nl\/nld\"><span style=\"font-weight: 400;\">\u015eablon: Popei (anlam ayr\u0131m\u0131)<\/span><\/a><span style=\"font-weight: 400;\"> ve <\/span><a href=\"https:\/\/www.dynamo-eindhoven.nl\/\"><span style=\"font-weight: 400;\">Dynamo Gen\u00e7lik Merkezi'nde<\/span><\/a><span style=\"font-weight: 400;\">, ve do\u011frudan gen\u00e7lerle konu\u015fmak i\u00e7in <\/span><a href=\"https:\/\/www.facebook.com\/Jong040Eindhoven\/\"><span style=\"font-weight: 400;\">Jong040<\/span><\/a><span style=\"font-weight: 400;\">, ,Belediye Gen\u00e7lik Konseyi.<\/span><\/p>\n<p><span style=\"font-weight: 400;\">Program\u0131n son b\u00f6l\u00fcm\u00fcnde kat\u0131l\u0131mc\u0131lardan \u00e7al\u0131\u015fmalar\u0131n\u0131 yerel d\u00fczeyde yarat\u0131c\u0131 bir \u015fekilde sunmalar\u0131 ve gelecek i\u00e7in baz\u0131 eylemler haz\u0131rlamalar\u0131, yerel stratejiler geli\u015ftirmeleri ve bir eylem plan\u0131 haz\u0131rlamalar\u0131 istendi.<\/span><\/p>\n<p><span style=\"font-weight: 400;\">The <strong>Ana hedefler<\/strong> \u015funlard\u0131:<\/span><\/p>\n<ul>\n<li style=\"font-weight: 400;\" aria-level=\"1\"><span style=\"font-weight: 400;\">Gen\u00e7 g\u00f6\u00e7menler ve g\u00f6\u00e7men k\u00f6kenli gen\u00e7ler i\u00e7in gen\u00e7lik kat\u0131l\u0131m\u0131ndaki belirli zorluklar\u0131 ke\u015ffetmek, deneyimlemek ve anlamak;<\/span><\/li>\n<li style=\"font-weight: 400;\" aria-level=\"1\"><span style=\"font-weight: 400;\">Proje organizasyonlar\u0131 ile etkile\u015fime dayal\u0131 iyi uygulama \u00f6rneklerini ziyaret etmek ve kendi ger\u00e7ekli\u011fine aktarmak i\u00e7in unsurlar\u0131 filtrelemek;<\/span><\/li>\n<li style=\"font-weight: 400;\" aria-level=\"1\"><span style=\"font-weight: 400;\">Gelecekteki projeler i\u00e7in yerel d\u00fczeyde gen\u00e7lik kat\u0131l\u0131m\u0131 alan\u0131nda faaliyet g\u00f6steren kurulu\u015flar aras\u0131nda uzun vadeli ortakl\u0131k kurma olanaklar\u0131 sunmak;<\/span><\/li>\n<li style=\"font-weight: 400;\" aria-level=\"1\"><span style=\"font-weight: 400;\">Gen\u00e7 g\u00f6\u00e7menler ve g\u00f6\u00e7men k\u00f6kenli gen\u00e7ler i\u00e7in gen\u00e7lik kat\u0131l\u0131m\u0131n\u0131n en iyi uygulamalar\u0131n\u0131n bir koleksiyonunu olu\u015fturmak.<\/span><\/li>\n<\/ul>\n<p>\u00c7al\u0131\u015fma ziyareti,  \u2047 'nin iki faaliyetinin ikincisidir.<em><strong>Yerel d\u00fczeyde gen\u00e7lerin kat\u0131l\u0131m\u0131n\u0131 art\u0131rmak 3<\/strong><\/em>\u2047  projesi, Kas\u0131m 2022'de ger\u00e7ekle\u015fen Vila Nova de Gaia, Portekiz'e yap\u0131lan \u00c7al\u0131\u015fma ziyaretinin ard\u0131ndan. Etkinlik, DYPALL Network ile i\u015fbirli\u011fi i\u00e7inde organize edildi. <a href=\"http:\/\/www.adynenetherlands.nl\/\">ADYNE Hollanda<\/a>,Erasmus + Program\u0131 Hollanda Ulusal Ajans\u0131 taraf\u0131ndan finanse edilmektedir.<\/p>\n<p>&nbsp;<\/p>\n<p><a href=\"https:\/\/dypall.com\/tr\/2023\/05\/26\/study-visit-to-eindhoven-boosting-youth-participation-at-the-local-level-3\/whatsapp-image-2023-05-16-at-16-07-26-1\/#main\" rel=\"attachment wp-att-6446\"><img loading=\"lazy\" decoding=\"async\" class=\"wp-image-6446 aligncenter\" src=\"https:\/\/dypall.com\/wp-content\/uploads\/2023\/05\/WhatsApp-Image-2023-05-16-at-16.07.26-1.jpeg\" alt=\"\" width=\"917\" height=\"688\" \/><\/a><\/p>\n<p><a href=\"https:\/\/dypall.com\/tr\/2023\/05\/26\/study-visit-to-eindhoven-boosting-youth-participation-at-the-local-level-3\/whatsapp-image-2023-05-16-at-16-07-30\/#main\" rel=\"attachment wp-att-6445\"><img loading=\"lazy\" decoding=\"async\" class=\"wp-image-6445 aligncenter\" src=\"https:\/\/dypall.com\/wp-content\/uploads\/2023\/05\/WhatsApp-Image-2023-05-16-at-16.07.30.jpeg\" alt=\"\" width=\"914\" height=\"685\" \/><\/a><\/p>\n<p><img loading=\"lazy\" decoding=\"async\" class=\"wp-image-6432 aligncenter\" src=\"https:\/\/dypall.com\/wp-content\/uploads\/2023\/05\/WhatsApp-Image-2023-05-18-at-14.59.00-2.jpeg\" alt=\"\" width=\"922\" height=\"692\" \/><\/p>\n<p><a href=\"https:\/\/dypall.com\/tr\/2023\/05\/26\/study-visit-to-eindhoven-boosting-youth-participation-at-the-local-level-3\/whatsapp-image-2023-05-18-at-14-56-50-1\/#main\" rel=\"attachment wp-att-6433\"><img loading=\"lazy\" decoding=\"async\" class=\"wp-image-6433 aligncenter\" src=\"https:\/\/dypall.com\/wp-content\/uploads\/2023\/05\/WhatsApp-Image-2023-05-18-at-14.56.50-1.jpeg\" alt=\"\" width=\"925\" height=\"1233\" \/><\/a><\/p>\n<p><a href=\"https:\/\/dypall.com\/tr\/2023\/05\/26\/study-visit-to-eindhoven-boosting-youth-participation-at-the-local-level-3\/whatsapp-image-2023-05-18-at-15-17-14-3\/#main\" rel=\"attachment wp-att-6439\"><img loading=\"lazy\" decoding=\"async\" class=\"wp-image-6439 aligncenter\" src=\"https:\/\/dypall.com\/wp-content\/uploads\/2023\/05\/WhatsApp-Image-2023-05-18-at-15.17.14-3.jpeg\" alt=\"\" width=\"931\" height=\"698\" \/><\/a><\/p>\n<p><a href=\"https:\/\/dypall.com\/tr\/2023\/05\/26\/study-visit-to-eindhoven-boosting-youth-participation-at-the-local-level-3\/whatsapp-image-2023-05-18-at-15-17-14-4\/#main\" rel=\"attachment wp-att-6438\"><img loading=\"lazy\" decoding=\"async\" class=\"wp-image-6438 aligncenter\" src=\"https:\/\/dypall.com\/wp-content\/uploads\/2023\/05\/WhatsApp-Image-2023-05-18-at-15.17.14-4.jpeg\" alt=\"\" width=\"937\" height=\"1249\" \/><\/a><\/p>\n<p><a href=\"https:\/\/dypall.com\/tr\/2023\/05\/26\/study-visit-to-eindhoven-boosting-youth-participation-at-the-local-level-3\/whatsapp-image-2023-05-18-at-15-17-14-5\/#main\" rel=\"attachment wp-att-6437\"><img loading=\"lazy\" decoding=\"async\" class=\"wp-image-6437 aligncenter\" src=\"https:\/\/dypall.com\/wp-content\/uploads\/2023\/05\/WhatsApp-Image-2023-05-18-at-15.17.14-5.jpeg\" alt=\"\" width=\"940\" height=\"1253\" \/><\/a><\/p>\n<p><a href=\"https:\/\/dypall.com\/tr\/2023\/05\/26\/study-visit-to-eindhoven-boosting-youth-participation-at-the-local-level-3\/whatsapp-image-2023-05-18-at-15-17-20-1\/#main\" rel=\"attachment wp-att-6436\"><img loading=\"lazy\" decoding=\"async\" class=\"wp-image-6436 aligncenter\" src=\"https:\/\/dypall.com\/wp-content\/uploads\/2023\/05\/WhatsApp-Image-2023-05-18-at-15.17.20-1.jpeg\" alt=\"\" width=\"935\" height=\"701\" \/><\/a><\/p>\n<p><a href=\"https:\/\/dypall.com\/tr\/2023\/05\/26\/study-visit-to-eindhoven-boosting-youth-participation-at-the-local-level-3\/whatsapp-image-2023-05-18-at-15-17-21-1\/#main\" rel=\"attachment wp-att-6435\"><img loading=\"lazy\" decoding=\"async\" class=\"wp-image-6435 aligncenter\" src=\"https:\/\/dypall.com\/wp-content\/uploads\/2023\/05\/WhatsApp-Image-2023-05-18-at-15.17.21-1.jpeg\" alt=\"\" width=\"941\" height=\"706\" \/><\/a><\/p>\n<p><a href=\"https:\/\/dypall.com\/tr\/2023\/05\/26\/study-visit-to-eindhoven-boosting-youth-participation-at-the-local-level-3\/whatsapp-image-2023-05-18-at-15-17-21-2\/#main\" rel=\"attachment wp-att-6434\"><img loading=\"lazy\" decoding=\"async\" class=\"wp-image-6434 aligncenter\" src=\"https:\/\/dypall.com\/wp-content\/uploads\/2023\/05\/WhatsApp-Image-2023-05-18-at-15.17.21-2.jpeg\" alt=\"\" width=\"947\" height=\"710\" \/><\/a><\/p>\n<p><span style=\"font-weight: 400;\"><a href=\"https:\/\/dypall.com\/tr\/2023\/05\/26\/study-visit-to-eindhoven-boosting-youth-participation-at-the-local-level-3\/whatsapp-image-2023-05-19-at-11-00-56-1\/#main\" rel=\"attachment wp-att-6444\"><img loading=\"lazy\" decoding=\"async\" class=\"wp-image-6444 aligncenter\" src=\"https:\/\/dypall.com\/wp-content\/uploads\/2023\/05\/WhatsApp-Image-2023-05-19-at-11.00.56-1.jpeg\" alt=\"\" width=\"948\" height=\"1264\" \/><\/a><\/span><\/p>\n<p><span style=\"font-weight: 400;\"><a href=\"https:\/\/dypall.com\/tr\/2023\/05\/26\/study-visit-to-eindhoven-boosting-youth-participation-at-the-local-level-3\/whatsapp-image-2023-05-19-at-11-00-57-1\/#main\" rel=\"attachment wp-att-6443\"><img loading=\"lazy\" decoding=\"async\" class=\"wp-image-6443 aligncenter\" src=\"https:\/\/dypall.com\/wp-content\/uploads\/2023\/05\/WhatsApp-Image-2023-05-19-at-11.00.57-1.jpeg\" alt=\"\" width=\"952\" height=\"1270\" \/><\/a><\/span><\/p>\n<p><span style=\"font-weight: 400;\"><a href=\"https:\/\/dypall.com\/tr\/2023\/05\/26\/study-visit-to-eindhoven-boosting-youth-participation-at-the-local-level-3\/whatsapp-image-2023-05-26-at-16-23-20\/#main\" rel=\"attachment wp-att-6448\"><img loading=\"lazy\" decoding=\"async\" class=\"wp-image-6448 aligncenter\" src=\"https:\/\/dypall.com\/wp-content\/uploads\/2023\/05\/WhatsApp-Image-2023-05-26-at-16.23.20.jpeg\" alt=\"\" width=\"955\" height=\"716\" \/><\/a><\/span><\/p>","protected":false},"excerpt":{"rendered":"<p>DYPALL Network taraf\u0131ndan ADYNE Hollanda ile birlikte d\u00fczenlenen Eindhoven,  \u2047 Yerel d\u00fczeyde gen\u00e7lerin kat\u0131l\u0131m\u0131n\u0131 art\u0131rma 3 \u2047  \u00c7al\u0131\u015fma ziyareti 15  \u2047  20 May\u0131s 2023 tarihleri aras\u0131nda ger\u00e7ekle\u015fti. \u00c7al\u0131\u015fma ziyareti, gen\u00e7lerin yerel d\u00fczeyde karar alma s\u00fcrecine kat\u0131l\u0131m\u0131n\u0131 art\u0131rmay\u0131 ama\u00e7layan projenin \u00e7er\u00e7evesinin bir par\u00e7as\u0131d\u0131r. <a class=\"more-link\" href=\"https:\/\/dypall.com\/tr\/activity\/study-visit-to-eindhoven-boosting-youth-participation-at-the-local-level-3\/\">Okumaya devam et <span class=\"screen-reader-text\">Eindhoven'a \u00e7al\u0131\u015fma ziyareti  \u2047 Yerel d\u00fczeyde gen\u00e7lerin kat\u0131l\u0131m\u0131n\u0131 art\u0131rmak 3 \u2047<\/span><\/a><\/p>","protected":false},"author":2,"featured_media":6431,"comment_status":"closed","ping_status":"open","sticky":false,"template":"","format":"standard","meta":{"_acf_changed":false,"_jetpack_memberships_contains_paid_content":false,"footnotes":""},"categories":[111,152],"tags":[],"class_list":["post-6430","post","type-post","status-publish","format-standard","has-post-thumbnail","hentry","category-activity","category-study-visits","entry"],"acf":[],"yoast_head":"<!-- This site is optimized with the Yoast SEO plugin v22.8 - https:\/\/yoast.com\/wordpress\/plugins\/seo\/ -->\n<title>Study visit to Eindhoven &quot;Boosting youth participation at the local level 3&quot; - DYPALL Network<\/title>\n<meta name=\"robots\" content=\"index, follow, max-snippet:-1, max-image-preview:large, max-video-preview:-1\" \/>\n<link rel=\"canonical\" href=\"https:\/\/dypall.com\/tr\/activity\/study-visit-to-eindhoven-boosting-youth-participation-at-the-local-level-3\/\" \/>\n<meta property=\"og:locale\" content=\"tr_TR\" \/>\n<meta property=\"og:type\" content=\"article\" \/>\n<meta property=\"og:title\" content=\"Study visit to Eindhoven &quot;Boosting youth participation at the local level 3&quot; - DYPALL Network\" \/>\n<meta property=\"og:description\" content=\"The Study visit to Eindhoven, &#8220;Boosting youth participation at the local level 3&#8221;, organised by DYPALL Network, together with ADYNE Netherlands took place from the 15th &#8211; 20th of May 2023. The Study visit is part of the framework of the project \u201cBoosting youth participation in decision-making at the local level 3\u201d, which aims to&hellip; Okumaya devam et Study visit to Eindhoven &#8220;Boosting youth participation at the local level 3&#8221;\" \/>\n<meta property=\"og:url\" content=\"https:\/\/dypall.com\/tr\/activity\/study-visit-to-eindhoven-boosting-youth-participation-at-the-local-level-3\/\" \/>\n<meta property=\"og:site_name\" content=\"DYPALL Network\" \/>\n<meta property=\"article:published_time\" content=\"2023-05-26T15:16:30+00:00\" \/>\n<meta name=\"author\" content=\"dypall\" \/>\n<meta name=\"twitter:card\" content=\"summary_large_image\" \/>\n<meta name=\"twitter:label1\" content=\"Written by\" \/>\n\t<meta name=\"twitter:data1\" content=\"dypall\" \/>\n\t<meta name=\"twitter:label2\" content=\"Est. reading time\" \/>\n\t<meta name=\"twitter:data2\" content=\"2 dakika\" \/>\n<script type=\"application\/ld+json\" class=\"yoast-schema-graph\">{\"@context\":\"https:\/\/schema.org\",\"@graph\":[{\"@type\":\"WebPage\",\"@id\":\"https:\/\/dypall.com\/activity\/study-visit-to-eindhoven-boosting-youth-participation-at-the-local-level-3\/\",\"url\":\"https:\/\/dypall.com\/activity\/study-visit-to-eindhoven-boosting-youth-participation-at-the-local-level-3\/\",\"name\":\"Study visit to Eindhoven \\\"Boosting youth participation at the local level 3\\\" - DYPALL Network\",\"isPartOf\":{\"@id\":\"https:\/\/dypall.com\/#website\"},\"primaryImageOfPage\":{\"@id\":\"https:\/\/dypall.com\/activity\/study-visit-to-eindhoven-boosting-youth-participation-at-the-local-level-3\/#primaryimage\"},\"image\":{\"@id\":\"https:\/\/dypall.com\/activity\/study-visit-to-eindhoven-boosting-youth-participation-at-the-local-level-3\/#primaryimage\"},\"thumbnailUrl\":\"\",\"datePublished\":\"2023-05-26T15:16:30+00:00\",\"dateModified\":\"2023-05-26T15:16:30+00:00\",\"author\":{\"@id\":\"https:\/\/dypall.com\/#\/schema\/person\/206350efe851997fcdedef75d118766b\"},\"breadcrumb\":{\"@id\":\"https:\/\/dypall.com\/activity\/study-visit-to-eindhoven-boosting-youth-participation-at-the-local-level-3\/#breadcrumb\"},\"inLanguage\":\"tr\",\"potentialAction\":[{\"@type\":\"ReadAction\",\"target\":[\"https:\/\/dypall.com\/activity\/study-visit-to-eindhoven-boosting-youth-participation-at-the-local-level-3\/\"]}]},{\"@type\":\"ImageObject\",\"inLanguage\":\"tr\",\"@id\":\"https:\/\/dypall.com\/activity\/study-visit-to-eindhoven-boosting-youth-participation-at-the-local-level-3\/#primaryimage\",\"url\":\"\",\"contentUrl\":\"\"},{\"@type\":\"BreadcrumbList\",\"@id\":\"https:\/\/dypall.com\/activity\/study-visit-to-eindhoven-boosting-youth-participation-at-the-local-level-3\/#breadcrumb\",\"itemListElement\":[{\"@type\":\"ListItem\",\"position\":1,\"name\":\"Home\",\"item\":\"https:\/\/dypall.com\/\"},{\"@type\":\"ListItem\",\"position\":2,\"name\":\"Study visit to Eindhoven &#8220;Boosting youth participation at the local level 3&#8221;\"}]},{\"@type\":\"WebSite\",\"@id\":\"https:\/\/dypall.com\/#website\",\"url\":\"https:\/\/dypall.com\/\",\"name\":\"DYPALL Network\",\"description\":\"We are a European network of civil society organisations, municipalities and research institutions dedicated to improving democracy through youth participation.\",\"potentialAction\":[{\"@type\":\"SearchAction\",\"target\":{\"@type\":\"EntryPoint\",\"urlTemplate\":\"https:\/\/dypall.com\/?s={search_term_string}\"},\"query-input\":\"required name=search_term_string\"}],\"inLanguage\":\"tr\"},{\"@type\":\"Person\",\"@id\":\"https:\/\/dypall.com\/#\/schema\/person\/206350efe851997fcdedef75d118766b\",\"name\":\"dypall\",\"image\":{\"@type\":\"ImageObject\",\"inLanguage\":\"tr\",\"@id\":\"https:\/\/dypall.com\/#\/schema\/person\/image\/\",\"url\":\"https:\/\/secure.gravatar.com\/avatar\/14e8d3d8841cd0bdf69915120bcf9fcfac1567f1dc7035664907322ac47efe29?s=96&d=mm&r=g\",\"contentUrl\":\"https:\/\/secure.gravatar.com\/avatar\/14e8d3d8841cd0bdf69915120bcf9fcfac1567f1dc7035664907322ac47efe29?s=96&d=mm&r=g\",\"caption\":\"dypall\"},\"url\":\"https:\/\/dypall.com\/tr\/author\/dypall_info\/\"}]}<\/script>\n<!-- \/ Yoast SEO plugin. -->","yoast_head_json":{"title":"Study visit to Eindhoven \"Boosting youth participation at the local level 3\" - DYPALL Network","robots":{"index":"index","follow":"follow","max-snippet":"max-snippet:-1","max-image-preview":"max-image-preview:large","max-video-preview":"max-video-preview:-1"},"canonical":"https:\/\/dypall.com\/tr\/activity\/study-visit-to-eindhoven-boosting-youth-participation-at-the-local-level-3\/","og_locale":"tr_TR","og_type":"article","og_title":"Study visit to Eindhoven \"Boosting youth participation at the local level 3\" - DYPALL Network","og_description":"The Study visit to Eindhoven, &#8220;Boosting youth participation at the local level 3&#8221;, organised by DYPALL Network, together with ADYNE Netherlands took place from the 15th &#8211; 20th of May 2023. The Study visit is part of the framework of the project \u201cBoosting youth participation in decision-making at the local level 3\u201d, which aims to&hellip; Okumaya devam et Study visit to Eindhoven &#8220;Boosting youth participation at the local level 3&#8221;","og_url":"https:\/\/dypall.com\/tr\/activity\/study-visit-to-eindhoven-boosting-youth-participation-at-the-local-level-3\/","og_site_name":"DYPALL Network","article_published_time":"2023-05-26T15:16:30+00:00","author":"dypall","twitter_card":"summary_large_image","twitter_misc":{"Written by":"dypall","Est. reading time":"2 dakika"},"schema":{"@context":"https:\/\/schema.org","@graph":[{"@type":"WebPage","@id":"https:\/\/dypall.com\/activity\/study-visit-to-eindhoven-boosting-youth-participation-at-the-local-level-3\/","url":"https:\/\/dypall.com\/activity\/study-visit-to-eindhoven-boosting-youth-participation-at-the-local-level-3\/","name":"Study visit to Eindhoven \"Boosting youth participation at the local level 3\" - DYPALL Network","isPartOf":{"@id":"https:\/\/dypall.com\/#website"},"primaryImageOfPage":{"@id":"https:\/\/dypall.com\/activity\/study-visit-to-eindhoven-boosting-youth-participation-at-the-local-level-3\/#primaryimage"},"image":{"@id":"https:\/\/dypall.com\/activity\/study-visit-to-eindhoven-boosting-youth-participation-at-the-local-level-3\/#primaryimage"},"thumbnailUrl":"","datePublished":"2023-05-26T15:16:30+00:00","dateModified":"2023-05-26T15:16:30+00:00","author":{"@id":"https:\/\/dypall.com\/#\/schema\/person\/206350efe851997fcdedef75d118766b"},"breadcrumb":{"@id":"https:\/\/dypall.com\/activity\/study-visit-to-eindhoven-boosting-youth-participation-at-the-local-level-3\/#breadcrumb"},"inLanguage":"tr","potentialAction":[{"@type":"ReadAction","target":["https:\/\/dypall.com\/activity\/study-visit-to-eindhoven-boosting-youth-participation-at-the-local-level-3\/"]}]},{"@type":"ImageObject","inLanguage":"tr","@id":"https:\/\/dypall.com\/activity\/study-visit-to-eindhoven-boosting-youth-participation-at-the-local-level-3\/#primaryimage","url":"","contentUrl":""},{"@type":"BreadcrumbList","@id":"https:\/\/dypall.com\/activity\/study-visit-to-eindhoven-boosting-youth-participation-at-the-local-level-3\/#breadcrumb","itemListElement":[{"@type":"ListItem","position":1,"name":"Home","item":"https:\/\/dypall.com\/"},{"@type":"ListItem","position":2,"name":"Study visit to Eindhoven &#8220;Boosting youth participation at the local level 3&#8221;"}]},{"@type":"WebSite","@id":"https:\/\/dypall.com\/#website","url":"https:\/\/dypall.com\/","name":"DYPALL Network","description":"We are a European network of civil society organisations, municipalities and research institutions dedicated to improving democracy through youth participation.","potentialAction":[{"@type":"SearchAction","target":{"@type":"EntryPoint","urlTemplate":"https:\/\/dypall.com\/?s={search_term_string}"},"query-input":"required name=search_term_string"}],"inLanguage":"tr"},{"@type":"Person","@id":"https:\/\/dypall.com\/#\/schema\/person\/206350efe851997fcdedef75d118766b","name":"dypall","image":{"@type":"ImageObject","inLanguage":"tr","@id":"https:\/\/dypall.com\/#\/schema\/person\/image\/","url":"https:\/\/secure.gravatar.com\/avatar\/14e8d3d8841cd0bdf69915120bcf9fcfac1567f1dc7035664907322ac47efe29?s=96&d=mm&r=g","contentUrl":"https:\/\/secure.gravatar.com\/avatar\/14e8d3d8841cd0bdf69915120bcf9fcfac1567f1dc7035664907322ac47efe29?s=96&d=mm&r=g","caption":"dypall"},"url":"https:\/\/dypall.com\/tr\/author\/dypall_info\/"}]}},"jetpack_featured_media_url":"","jetpack_sharing_enabled":true,"_links":{"self":[{"href":"https:\/\/dypall.com\/tr\/wp-json\/wp\/v2\/posts\/6430","targetHints":{"allow":["GET"]}}],"collection":[{"href":"https:\/\/dypall.com\/tr\/wp-json\/wp\/v2\/posts"}],"about":[{"href":"https:\/\/dypall.com\/tr\/wp-json\/wp\/v2\/types\/post"}],"author":[{"embeddable":true,"href":"https:\/\/dypall.com\/tr\/wp-json\/wp\/v2\/users\/2"}],"replies":[{"embeddable":true,"href":"https:\/\/dypall.com\/tr\/wp-json\/wp\/v2\/comments?post=6430"}],"version-history":[{"count":0,"href":"https:\/\/dypall.com\/tr\/wp-json\/wp\/v2\/posts\/6430\/revisions"}],"wp:featuredmedia":[{"embeddable":true,"href":"https:\/\/dypall.com\/tr\/wp-json\/"}],"wp:attachment":[{"href":"https:\/\/dypall.com\/tr\/wp-json\/wp\/v2\/media?parent=6430"}],"wp:term":[{"taxonomy":"category","embeddable":true,"href":"https:\/\/dypall.com\/tr\/wp-json\/wp\/v2\/categories?post=6430"},{"taxonomy":"post_tag","embeddable":true,"href":"https:\/\/dypall.com\/tr\/wp-json\/wp\/v2\/tags?post=6430"}],"curies":[{"name":"wp","href":"https:\/\/api.w.org\/{rel}","templated":true}]}}