{"id":6365,"date":"2023-04-14T17:12:47","date_gmt":"2023-04-14T16:12:47","guid":{"rendered":"https:\/\/dypall.com\/?p=6365"},"modified":"2023-04-14T17:12:47","modified_gmt":"2023-04-14T16:12:47","slug":"call-for-participants-tale-project-became-a-change-maker-for-the-european-election","status":"publish","type":"post","link":"https:\/\/dypall.com\/tr\/activity\/call-for-participants-tale-project-became-a-change-maker-for-the-european-election\/","title":{"rendered":"[KATILIMCILAR \u0130\u00c7\u0130N \u00c7A\u011eRI] TALE PROJES\u0130  \u2047  Avrupa se\u00e7imleri i\u00e7in bir de\u011fi\u015fiklik yap\u0131c\u0131 oldu"},"content":{"rendered":"<p><a href=\"https:\/\/dypall.com\/tr\/2023\/04\/14\/call-for-participants-tale-project-became-a-change-maker-for-the-european-election\/tale-changemakers-call-1\/#main\" rel=\"attachment wp-att-6366\"><img loading=\"lazy\" decoding=\"async\" class=\"wp-image-6366 aligncenter\" src=\"https:\/\/dypall.com\/wp-content\/uploads\/2023\/04\/TALE-changemakers-call-1.png\" alt=\"\" width=\"742\" height=\"418\" \/><\/a><\/p>\n<p>&nbsp;<\/p>\n<p><span style=\"font-weight: 400;\">Sizleri TALE projesine kat\u0131lmaya davet ediyoruz. <\/span><b>Kapasite geli\u015ftirme program\u0131, <\/b><span style=\"font-weight: 400;\">Avrupa Parlamentosu taraf\u0131ndan finanse edilmektedir. Proje, vatanda\u015flar\u0131 g\u00fc\u00e7lendirmeyi ama\u00e7l\u0131yor <\/span><b>Daha fazla se\u00e7menin kat\u0131l\u0131m\u0131<\/b><span style=\"font-weight: 400;\">, ,\u00e7e\u015fitli AB \u00fcye \u00fclkeleri aras\u0131ndaki se\u00e7men kat\u0131l\u0131m\u0131 a\u00e7\u0131\u011f\u0131n\u0131 azaltmak ve te\u015fvik etmek<\/span> <span style=\"font-weight: 400;\">aktif bir rol oynamalar\u0131 i\u00e7in <\/span><b>2024 Avrupa Parlamentosu se\u00e7imleri<\/b><span style=\"font-weight: 400;\">.<\/span><\/p>\n<p><span style=\"font-weight: 400;\">TALE projesinin temel amac\u0131 <\/span><b>Avrupa vatanda\u015flar\u0131n\u0131n aktif kat\u0131l\u0131m\u0131n\u0131 te\u015fvik etmek ve kolayla\u015ft\u0131rmak<\/b><span style=\"font-weight: 400;\"> gen\u00e7 se\u00e7menlere \u00f6zel bir odaklanma ile canl\u0131 bir Avrupa demokrasisinin in\u015fas\u0131 ile.<\/span><\/p>\n<p>Daha fazla bilgiyi \u015furada bulabilirsiniz: <a href=\"https:\/\/drive.google.com\/file\/d\/1s-jdE9wxA6VaNxVhxDBHda3VNhCRCnAg\/view\">Kat\u0131l\u0131mc\u0131lar\u0131 \u00e7a\u011f\u0131r\u0131n.<\/a><\/p>\n<p><span style=\"font-weight: 400;\">E\u011fer ilgileniyorsan\u0131z, l\u00fctfen tamamlay\u0131n <\/span><a href=\"https:\/\/forms.gle\/9Vhaym9Eay4D9Uo46\"><span style=\"font-weight: 400;\">\u015eeklinde<\/span><\/a><span style=\"font-weight: 400;\"> taraf\u0131ndan <\/span><b>Cuma, 26 May\u0131s 2023 <\/b><span style=\"font-weight: 400;\">(23h59 CET)<\/span><\/p>\n<p><strong>Aktivite hakk\u0131nda<\/strong><\/p>\n<p><span style=\"font-weight: 400;\">Online Kapasite Geli\u015ftirme E\u011fitimi gelece\u011fi \u015fekillendirmeyi hedefliyor <\/span><b>Kategori: De\u011fi\u015fim yaratanlar<\/b><span style=\"font-weight: 400;\"> Siyasi aktivizm, ileti\u015fim kampanyalar\u0131n\u0131n olu\u015fturulmas\u0131, haberlerin \u00f6nemi ve aktif demokratik vatanda\u015fl\u0131k hakk\u0131nda daha fazla fark\u0131ndal\u0131k ve kapasite geli\u015ftirme ara\u00e7lar\u0131 kazanmak. Se\u00e7ildi\u011finde, \u00e7evrimi\u00e7i kampanyalara kat\u0131lma ve yerel etkinliklerin d\u00fczenlenmesine yard\u0131mc\u0131 olma \u015fans\u0131na da sahip olacaks\u0131n\u0131z.<\/span><\/p>\n<p>Se\u00e7ilen kat\u0131l\u0131mc\u0131lar yar\u0131\u015fmaya kat\u0131lma \u015fans\u0131na sahip olacaklard\u0131r. <b>Kapasite geli\u015ftirme program\u0131,<\/b> AB de\u011ferleri, kurumlar\u0131, AB Parlamentosu se\u00e7imleri ve a\u00e7\u0131k ve \u015feffaf haberlere g\u00fcvenmenin \u00f6nemi \u00fczerine odaklanan \u00fc\u00e7 \u00e7evrimi\u00e7i web semineri i\u00e7erecektir.<\/p>\n<p>Proje, e\u015fg\u00fcd\u00fcml\u00fc bir ortaklar konsorsiyumu taraf\u0131ndan geli\u015ftirilmi\u015ftir. <span class=\"xt0psk2\">ALDA  \u2047  Avrupa Yerel Demokrasi Derne\u011fi<\/span>, ,ile i\u015fbirli\u011fi i\u00e7inde <span class=\"xt0psk2\">Lider Fransa'n\u0131n<\/span> (Fransa i\u00e7in) <span class=\"xt0psk2\">Udruga ECHO<\/span> (H\u0131rvatistan), Foster Avrupa (Avusturya), <span class=\"xt0psk2\">G\u00f6n\u00fcll\u00fc \u00c7al\u0131\u015fma Geli\u015ftirme Derne\u011fi Novo mesto<\/span> (Slovenya), UBBSLA (Bulgaristan) ve Avrupa Parlamentosu taraf\u0131ndan kurulan DYPALL A\u011f\u0131.<\/p>\n<p>&nbsp;<\/p>\n<p style=\"text-align: center;\">","protected":false},"excerpt":{"rendered":"<p>&nbsp; Sizi Avrupa Parlamentosu taraf\u0131ndan ortakla\u015fa finanse edilen TALE projesinin kapasite geli\u015ftirme program\u0131na kat\u0131lmaya davet ediyoruz. Proje, vatanda\u015flar\u0131 daha fazla say\u0131da se\u00e7menle etkile\u015fime girmeleri i\u00e7in g\u00fc\u00e7lendirmeyi, \u00e7e\u015fitli AB \u00fcye \u00fclkeleri aras\u0131ndaki se\u00e7men kat\u0131l\u0131m\u0131 a\u00e7\u0131\u011f\u0131n\u0131 azaltmay\u0131 ve onlar\u0131 bir sonraki se\u00e7imde aktif bir rol oynamaya te\u015fvik etmeyi ama\u00e7l\u0131yor. <a class=\"more-link\" href=\"https:\/\/dypall.com\/tr\/activity\/call-for-participants-tale-project-became-a-change-maker-for-the-european-election\/\">Okumaya devam et <span class=\"screen-reader-text\">[KATILIMCILAR \u0130\u00c7\u0130N \u00c7A\u011eRI] TALE PROJES\u0130  \u2047  Avrupa se\u00e7imleri i\u00e7in bir de\u011fi\u015fiklik yap\u0131c\u0131 oldu<\/span><\/a><\/p>","protected":false},"author":2,"featured_media":6366,"comment_status":"closed","ping_status":"open","sticky":false,"template":"","format":"standard","meta":{"_acf_changed":false,"_jetpack_memberships_contains_paid_content":false,"footnotes":""},"categories":[111],"tags":[],"class_list":["post-6365","post","type-post","status-publish","format-standard","has-post-thumbnail","hentry","category-activity","entry"],"acf":[],"yoast_head":"<!-- This site is optimized with the Yoast SEO plugin v22.8 - https:\/\/yoast.com\/wordpress\/plugins\/seo\/ -->\n<title>[CALL FOR PARTICIPANTS] TALE PROJECT - Became a change maker for the European election - DYPALL Network<\/title>\n<meta name=\"robots\" content=\"index, follow, max-snippet:-1, max-image-preview:large, max-video-preview:-1\" \/>\n<link rel=\"canonical\" href=\"https:\/\/dypall.com\/tr\/activity\/call-for-participants-tale-project-became-a-change-maker-for-the-european-election\/\" \/>\n<meta property=\"og:locale\" content=\"tr_TR\" \/>\n<meta property=\"og:type\" content=\"article\" \/>\n<meta property=\"og:title\" content=\"[CALL FOR PARTICIPANTS] TALE PROJECT - Became a change maker for the European election - DYPALL Network\" \/>\n<meta property=\"og:description\" content=\"&nbsp; We would like to invite you to participate in the TALE project&#8217;s capacity-building programme, co-funded by the European Parliament. The project aims to empower citizens to engage a greater number of voters, reduce the gap of voter turnout among various EU member states and encourage them to play an active role in the next&hellip; Okumaya devam et [CALL FOR PARTICIPANTS] TALE PROJECT &#8211; Became a change maker for the European election\" \/>\n<meta property=\"og:url\" content=\"https:\/\/dypall.com\/tr\/activity\/call-for-participants-tale-project-became-a-change-maker-for-the-european-election\/\" \/>\n<meta property=\"og:site_name\" content=\"DYPALL Network\" \/>\n<meta property=\"article:published_time\" content=\"2023-04-14T16:12:47+00:00\" \/>\n<meta name=\"author\" content=\"dypall\" \/>\n<meta name=\"twitter:card\" content=\"summary_large_image\" \/>\n<meta name=\"twitter:label1\" content=\"Written by\" \/>\n\t<meta name=\"twitter:data1\" content=\"dypall\" \/>\n\t<meta name=\"twitter:label2\" content=\"Est. reading time\" \/>\n\t<meta name=\"twitter:data2\" content=\"1 dakika\" \/>\n<script type=\"application\/ld+json\" class=\"yoast-schema-graph\">{\"@context\":\"https:\/\/schema.org\",\"@graph\":[{\"@type\":\"WebPage\",\"@id\":\"https:\/\/dypall.com\/activity\/call-for-participants-tale-project-became-a-change-maker-for-the-european-election\/\",\"url\":\"https:\/\/dypall.com\/activity\/call-for-participants-tale-project-became-a-change-maker-for-the-european-election\/\",\"name\":\"[CALL FOR PARTICIPANTS] TALE PROJECT - Became a change maker for the European election - DYPALL Network\",\"isPartOf\":{\"@id\":\"https:\/\/dypall.com\/#website\"},\"primaryImageOfPage\":{\"@id\":\"https:\/\/dypall.com\/activity\/call-for-participants-tale-project-became-a-change-maker-for-the-european-election\/#primaryimage\"},\"image\":{\"@id\":\"https:\/\/dypall.com\/activity\/call-for-participants-tale-project-became-a-change-maker-for-the-european-election\/#primaryimage\"},\"thumbnailUrl\":\"\",\"datePublished\":\"2023-04-14T16:12:47+00:00\",\"dateModified\":\"2023-04-14T16:12:47+00:00\",\"author\":{\"@id\":\"https:\/\/dypall.com\/#\/schema\/person\/206350efe851997fcdedef75d118766b\"},\"breadcrumb\":{\"@id\":\"https:\/\/dypall.com\/activity\/call-for-participants-tale-project-became-a-change-maker-for-the-european-election\/#breadcrumb\"},\"inLanguage\":\"tr\",\"potentialAction\":[{\"@type\":\"ReadAction\",\"target\":[\"https:\/\/dypall.com\/activity\/call-for-participants-tale-project-became-a-change-maker-for-the-european-election\/\"]}]},{\"@type\":\"ImageObject\",\"inLanguage\":\"tr\",\"@id\":\"https:\/\/dypall.com\/activity\/call-for-participants-tale-project-became-a-change-maker-for-the-european-election\/#primaryimage\",\"url\":\"\",\"contentUrl\":\"\"},{\"@type\":\"BreadcrumbList\",\"@id\":\"https:\/\/dypall.com\/activity\/call-for-participants-tale-project-became-a-change-maker-for-the-european-election\/#breadcrumb\",\"itemListElement\":[{\"@type\":\"ListItem\",\"position\":1,\"name\":\"Home\",\"item\":\"https:\/\/dypall.com\/\"},{\"@type\":\"ListItem\",\"position\":2,\"name\":\"[CALL FOR PARTICIPANTS] TALE PROJECT &#8211; Became a change maker for the European election\"}]},{\"@type\":\"WebSite\",\"@id\":\"https:\/\/dypall.com\/#website\",\"url\":\"https:\/\/dypall.com\/\",\"name\":\"DYPALL Network\",\"description\":\"We are a European network of civil society organisations, municipalities and research institutions dedicated to improving democracy through youth participation.\",\"potentialAction\":[{\"@type\":\"SearchAction\",\"target\":{\"@type\":\"EntryPoint\",\"urlTemplate\":\"https:\/\/dypall.com\/?s={search_term_string}\"},\"query-input\":\"required name=search_term_string\"}],\"inLanguage\":\"tr\"},{\"@type\":\"Person\",\"@id\":\"https:\/\/dypall.com\/#\/schema\/person\/206350efe851997fcdedef75d118766b\",\"name\":\"dypall\",\"image\":{\"@type\":\"ImageObject\",\"inLanguage\":\"tr\",\"@id\":\"https:\/\/dypall.com\/#\/schema\/person\/image\/\",\"url\":\"https:\/\/secure.gravatar.com\/avatar\/14e8d3d8841cd0bdf69915120bcf9fcfac1567f1dc7035664907322ac47efe29?s=96&d=mm&r=g\",\"contentUrl\":\"https:\/\/secure.gravatar.com\/avatar\/14e8d3d8841cd0bdf69915120bcf9fcfac1567f1dc7035664907322ac47efe29?s=96&d=mm&r=g\",\"caption\":\"dypall\"},\"url\":\"https:\/\/dypall.com\/tr\/author\/dypall_info\/\"}]}<\/script>\n<!-- \/ Yoast SEO plugin. -->","yoast_head_json":{"title":"[CALL FOR PARTICIPANTS] TALE PROJECT - Became a change maker for the European election - DYPALL Network","robots":{"index":"index","follow":"follow","max-snippet":"max-snippet:-1","max-image-preview":"max-image-preview:large","max-video-preview":"max-video-preview:-1"},"canonical":"https:\/\/dypall.com\/tr\/activity\/call-for-participants-tale-project-became-a-change-maker-for-the-european-election\/","og_locale":"tr_TR","og_type":"article","og_title":"[CALL FOR PARTICIPANTS] TALE PROJECT - Became a change maker for the European election - DYPALL Network","og_description":"&nbsp; We would like to invite you to participate in the TALE project&#8217;s capacity-building programme, co-funded by the European Parliament. The project aims to empower citizens to engage a greater number of voters, reduce the gap of voter turnout among various EU member states and encourage them to play an active role in the next&hellip; Okumaya devam et [CALL FOR PARTICIPANTS] TALE PROJECT &#8211; Became a change maker for the European election","og_url":"https:\/\/dypall.com\/tr\/activity\/call-for-participants-tale-project-became-a-change-maker-for-the-european-election\/","og_site_name":"DYPALL Network","article_published_time":"2023-04-14T16:12:47+00:00","author":"dypall","twitter_card":"summary_large_image","twitter_misc":{"Written by":"dypall","Est. reading time":"1 dakika"},"schema":{"@context":"https:\/\/schema.org","@graph":[{"@type":"WebPage","@id":"https:\/\/dypall.com\/activity\/call-for-participants-tale-project-became-a-change-maker-for-the-european-election\/","url":"https:\/\/dypall.com\/activity\/call-for-participants-tale-project-became-a-change-maker-for-the-european-election\/","name":"[CALL FOR PARTICIPANTS] TALE PROJECT - Became a change maker for the European election - DYPALL Network","isPartOf":{"@id":"https:\/\/dypall.com\/#website"},"primaryImageOfPage":{"@id":"https:\/\/dypall.com\/activity\/call-for-participants-tale-project-became-a-change-maker-for-the-european-election\/#primaryimage"},"image":{"@id":"https:\/\/dypall.com\/activity\/call-for-participants-tale-project-became-a-change-maker-for-the-european-election\/#primaryimage"},"thumbnailUrl":"","datePublished":"2023-04-14T16:12:47+00:00","dateModified":"2023-04-14T16:12:47+00:00","author":{"@id":"https:\/\/dypall.com\/#\/schema\/person\/206350efe851997fcdedef75d118766b"},"breadcrumb":{"@id":"https:\/\/dypall.com\/activity\/call-for-participants-tale-project-became-a-change-maker-for-the-european-election\/#breadcrumb"},"inLanguage":"tr","potentialAction":[{"@type":"ReadAction","target":["https:\/\/dypall.com\/activity\/call-for-participants-tale-project-became-a-change-maker-for-the-european-election\/"]}]},{"@type":"ImageObject","inLanguage":"tr","@id":"https:\/\/dypall.com\/activity\/call-for-participants-tale-project-became-a-change-maker-for-the-european-election\/#primaryimage","url":"","contentUrl":""},{"@type":"BreadcrumbList","@id":"https:\/\/dypall.com\/activity\/call-for-participants-tale-project-became-a-change-maker-for-the-european-election\/#breadcrumb","itemListElement":[{"@type":"ListItem","position":1,"name":"Home","item":"https:\/\/dypall.com\/"},{"@type":"ListItem","position":2,"name":"[CALL FOR PARTICIPANTS] TALE PROJECT &#8211; Became a change maker for the European election"}]},{"@type":"WebSite","@id":"https:\/\/dypall.com\/#website","url":"https:\/\/dypall.com\/","name":"DYPALL Network","description":"We are a European network of civil society organisations, municipalities and research institutions dedicated to improving democracy through youth participation.","potentialAction":[{"@type":"SearchAction","target":{"@type":"EntryPoint","urlTemplate":"https:\/\/dypall.com\/?s={search_term_string}"},"query-input":"required name=search_term_string"}],"inLanguage":"tr"},{"@type":"Person","@id":"https:\/\/dypall.com\/#\/schema\/person\/206350efe851997fcdedef75d118766b","name":"dypall","image":{"@type":"ImageObject","inLanguage":"tr","@id":"https:\/\/dypall.com\/#\/schema\/person\/image\/","url":"https:\/\/secure.gravatar.com\/avatar\/14e8d3d8841cd0bdf69915120bcf9fcfac1567f1dc7035664907322ac47efe29?s=96&d=mm&r=g","contentUrl":"https:\/\/secure.gravatar.com\/avatar\/14e8d3d8841cd0bdf69915120bcf9fcfac1567f1dc7035664907322ac47efe29?s=96&d=mm&r=g","caption":"dypall"},"url":"https:\/\/dypall.com\/tr\/author\/dypall_info\/"}]}},"jetpack_featured_media_url":"","jetpack_sharing_enabled":true,"_links":{"self":[{"href":"https:\/\/dypall.com\/tr\/wp-json\/wp\/v2\/posts\/6365","targetHints":{"allow":["GET"]}}],"collection":[{"href":"https:\/\/dypall.com\/tr\/wp-json\/wp\/v2\/posts"}],"about":[{"href":"https:\/\/dypall.com\/tr\/wp-json\/wp\/v2\/types\/post"}],"author":[{"embeddable":true,"href":"https:\/\/dypall.com\/tr\/wp-json\/wp\/v2\/users\/2"}],"replies":[{"embeddable":true,"href":"https:\/\/dypall.com\/tr\/wp-json\/wp\/v2\/comments?post=6365"}],"version-history":[{"count":0,"href":"https:\/\/dypall.com\/tr\/wp-json\/wp\/v2\/posts\/6365\/revisions"}],"wp:featuredmedia":[{"embeddable":true,"href":"https:\/\/dypall.com\/tr\/wp-json\/"}],"wp:attachment":[{"href":"https:\/\/dypall.com\/tr\/wp-json\/wp\/v2\/media?parent=6365"}],"wp:term":[{"taxonomy":"category","embeddable":true,"href":"https:\/\/dypall.com\/tr\/wp-json\/wp\/v2\/categories?post=6365"},{"taxonomy":"post_tag","embeddable":true,"href":"https:\/\/dypall.com\/tr\/wp-json\/wp\/v2\/tags?post=6365"}],"curies":[{"name":"wp","href":"https:\/\/api.w.org\/{rel}","templated":true}]}}