{"id":6179,"date":"2022-12-07T17:17:35","date_gmt":"2022-12-07T17:17:35","guid":{"rendered":"https:\/\/dypall.com\/?p=6179"},"modified":"2022-12-07T17:17:35","modified_gmt":"2022-12-07T17:17:35","slug":"closing-conference-of-the-european-year-of-youth-2022-claim-the-future","status":"publish","type":"post","link":"https:\/\/dypall.com\/tr\/activity\/closing-conference-of-the-european-year-of-youth-2022-claim-the-future\/","title":{"rendered":"Avrupa Gen\u00e7lik Y\u0131l\u0131 2022 Kapan\u0131\u015f Konferans\u0131  \u2047 Gelece\u011fi talep edin \u2047"},"content":{"rendered":"<p class=\"x11i5rnm xat24cr x1mh8g0r x1vvkbs xdj266r x126k92a\">Avrupa Gen\u00e7lik Y\u0131l\u0131 2022 Kapan\u0131\u015f Konferans\u0131, 5-6 Aral\u0131k tarihlerinde Bel\u00e7ika, Br\u00fcksel'de  \u2047 Claim the future slogan\u0131 alt\u0131nda ger\u00e7ekle\u015fti. \u2047<\/p>\n<p class=\"x11i5rnm xat24cr x1mh8g0r x1vvkbs xdj266r x126k92a\">Gen\u00e7lere, gen\u00e7lere, gen\u00e7lik \u00f6rg\u00fctlerinin temsilcilerine, politika yap\u0131c\u0131lara ve di\u011fer ilgili payda\u015flara adanm\u0131\u015f faaliyetler, etkinlikler, kalite giri\u015fimleri ve s\u00fcre\u00e7lerle dolu bir y\u0131l\u0131n ard\u0131ndan, sonu\u00e7lar\u0131 \u00f6zetlemek, \u00f6\u011frenilen dersleri yans\u0131tmak ve \u00f6zellikle Avrupa Birli\u011fi'nin yakla\u015fan \u0130sve\u00e7 ba\u015fkanl\u0131\u011f\u0131 ile ilgili gen\u00e7lik alan\u0131ndaki haritalanm\u0131\u015f konular\u0131 ve konular\u0131 vurgulamak i\u00e7in bir araya geldi.<\/p>\n<p>12 ay boyunca Avrupa Gen\u00e7lik Y\u0131l\u0131, gen\u00e7leri Avrupa Birli\u011fi'nin g\u00fcndeminin merkezine koydu. Son olarak, taban hareketinin talepleri, gen\u00e7leri daha ye\u015fil, daha dijital ve daha kapsay\u0131c\u0131 bir Avrupa toplulu\u011funda karar alma s\u00fcre\u00e7lerine dahil etme siyasi iradesiyle kar\u015f\u0131land\u0131. Gen\u00e7ler, kaliteli bir kat\u0131l\u0131mc\u0131 s\u00fcre\u00e7te yap\u0131lmas\u0131 gereken Avrupa Gen\u00e7lik Y\u0131l\u0131'n\u0131 birlikte yaratt\u0131lar.<\/p>\n<p>Bununla birlikte, 2022 sona eriyor ve yeni  \u2047 European Year of Skills \u2047  takip ediyor. Bu e\u015fsiz y\u0131l bittikten sonra kalanlar konferans\u0131n ana konular\u0131ndan biriydi. \u00d6n\u00fcm\u00fczdeki y\u0131l, Avrupa Gen\u00e7lik Y\u0131l\u0131'n\u0131n miras\u0131, Gen\u00e7lik Testi, Gen\u00e7lik Merkezi, Euroscola veya Gen\u00e7lik Seslendirme Kurulu gibi y\u0131l boyunca belirlenen yasal \u00e7er\u00e7eve arac\u0131l\u0131\u011f\u0131yla g\u00f6r\u00fcn\u00fcr kalacakt\u0131r. Etkinlikte, gen\u00e7leri Avrupa d\u00fczeyinde karar alma s\u00fcre\u00e7lerine yak\u0131n tutmaya y\u00f6nelik siyasi ve idari irade yetkililer taraf\u0131ndan dile getirildi.<\/p>\n<p>Avrupa Birli\u011fi organlar\u0131ndaki idari g\u00f6revliler ve politikac\u0131lar, ayn\u0131  \u2047  Avrupa Gen\u00e7lik Y\u0131l\u0131'n\u0131n gen\u00e7leri karar alma s\u00fcre\u00e7lerine dahil etmek i\u00e7in somut bir \u00e7er\u00e7eve b\u0131rakt\u0131\u011f\u0131n\u0131 ve bu \u00e7er\u00e7evedeki \u00e7al\u0131\u015fmalar\u0131n s\u00fcrd\u00fcr\u00fclmesi gerekti\u011fine ve s\u00fcrd\u00fcr\u00fclece\u011fine dair bir inan\u00e7 oldu\u011funu s\u00f6yl\u00fcyor. Ger\u00e7ekte ne oldu\u011fu, gelecekle ilgili bir sorudur.<\/p>\n<p>2023'\u00fcn sonuna kadar Komisyon, EYY2022'nin uygulanmas\u0131 hakk\u0131nda bir rapor sunacak ve bu raporda Y\u0131l\u0131n miras\u0131n\u0131 sa\u011flamla\u015ft\u0131rmak i\u00e7in gen\u00e7lik alan\u0131nda daha fazla ortak \u00e7aba i\u00e7in fikirler yer alacak.  \u2047  Bundan bir y\u0131l sonra, daha gen\u00e7 dostu bir Avrupa Birli\u011fi i\u00e7in neyin unutuldu\u011funu ve hangi s\u00fcre\u00e7lerin s\u00fcrd\u00fcr\u00fcld\u00fc\u011f\u00fcn\u00fc bir kez daha yans\u0131taca\u011f\u0131z.<\/p>\n<p>DYPALL A\u011f\u0131 temsilcileri, DYPALL A\u011f\u0131'n\u0131n stratejik \u00f6nceliklerinden birinin ard\u0131ndan ulusal ve Avrupa gen\u00e7lik politikas\u0131 geli\u015fimini etkilemek i\u00e7in DYPALL A\u011f\u0131 \u00fcyelerinin savunuculuk kapasitesini art\u0131rmak amac\u0131yla bu etkinli\u011fe kat\u0131ld\u0131.<\/p>\n<p dir=\"auto\"><a href=\"https:\/\/dypall.com\/tr\/2022\/12\/12\/closing-conference-of-the-european-year-of-youth-2022-claim-the-future\/img_20221206_090122_5\/#main\" rel=\"attachment wp-att-6180\"><img loading=\"lazy\" decoding=\"async\" class=\"alignnone size-full wp-image-6180\" src=\"https:\/\/dypall.com\/wp-content\/uploads\/2022\/12\/IMG_20221206_090122_5.jpg\" alt=\"\" width=\"1560\" height=\"2080\" \/><\/a><\/p>\n<p dir=\"auto\"><a href=\"https:\/\/dypall.com\/tr\/2022\/12\/12\/closing-conference-of-the-european-year-of-youth-2022-claim-the-future\/img_20221206_090131_9\/#main\" rel=\"attachment wp-att-6181\"><img loading=\"lazy\" decoding=\"async\" class=\"alignnone size-full wp-image-6181\" src=\"https:\/\/dypall.com\/wp-content\/uploads\/2022\/12\/IMG_20221206_090131_9.jpg\" alt=\"\" width=\"1560\" height=\"2080\" \/><\/a><\/p>\n<p dir=\"auto\"><a href=\"https:\/\/dypall.com\/tr\/2022\/12\/12\/closing-conference-of-the-european-year-of-youth-2022-claim-the-future\/img_20221206_091828_3\/#main\" rel=\"attachment wp-att-6182\"><img loading=\"lazy\" decoding=\"async\" class=\"alignnone size-full wp-image-6182\" src=\"https:\/\/dypall.com\/wp-content\/uploads\/2022\/12\/IMG_20221206_091828_3.jpg\" alt=\"\" width=\"1560\" height=\"2080\" \/><\/a><\/p>\n<p dir=\"auto\"><a href=\"https:\/\/dypall.com\/tr\/2022\/12\/12\/closing-conference-of-the-european-year-of-youth-2022-claim-the-future\/img_20221206_103111_4\/#main\" rel=\"attachment wp-att-6183\"><img loading=\"lazy\" decoding=\"async\" class=\"alignnone size-full wp-image-6183\" src=\"https:\/\/dypall.com\/wp-content\/uploads\/2022\/12\/IMG_20221206_103111_4.jpg\" alt=\"\" width=\"1560\" height=\"2080\" \/><\/a><\/p>\n<p dir=\"auto\"><a href=\"https:\/\/dypall.com\/tr\/2022\/12\/12\/closing-conference-of-the-european-year-of-youth-2022-claim-the-future\/img_20221206_105756_53\/#main\" rel=\"attachment wp-att-6184\"><img loading=\"lazy\" decoding=\"async\" class=\"alignnone size-full wp-image-6184\" src=\"https:\/\/dypall.com\/wp-content\/uploads\/2022\/12\/IMG_20221206_105756_53.jpg\" alt=\"\" width=\"1560\" height=\"2080\" \/><\/a><\/p>\n<p dir=\"auto\"><a href=\"https:\/\/dypall.com\/tr\/2022\/12\/12\/closing-conference-of-the-european-year-of-youth-2022-claim-the-future\/img_20221206_113824_2\/#main\" rel=\"attachment wp-att-6185\"><img loading=\"lazy\" decoding=\"async\" class=\"alignnone size-full wp-image-6185\" src=\"https:\/\/dypall.com\/wp-content\/uploads\/2022\/12\/IMG_20221206_113824_2.jpg\" alt=\"\" width=\"2080\" height=\"1560\" \/><\/a> <a href=\"https:\/\/dypall.com\/tr\/2022\/12\/12\/closing-conference-of-the-european-year-of-youth-2022-claim-the-future\/img_20221206_142009_9\/#main\" rel=\"attachment wp-att-6186\"><img loading=\"lazy\" decoding=\"async\" class=\"alignnone size-full wp-image-6186\" src=\"https:\/\/dypall.com\/wp-content\/uploads\/2022\/12\/IMG_20221206_142009_9.jpg\" alt=\"\" width=\"2080\" height=\"1560\" \/><\/a><\/p>\n<p dir=\"auto\">\\ <a href=\"https:\/\/dypall.com\/tr\/2022\/12\/12\/closing-conference-of-the-european-year-of-youth-2022-claim-the-future\/img_20221206_151709_2\/#main\" rel=\"attachment wp-att-6188\"><img loading=\"lazy\" decoding=\"async\" class=\"alignnone size-full wp-image-6188\" src=\"https:\/\/dypall.com\/wp-content\/uploads\/2022\/12\/IMG_20221206_151709_2.jpg\" alt=\"\" width=\"2080\" height=\"1560\" \/><\/a><\/p>","protected":false},"excerpt":{"rendered":"<p>Avrupa Gen\u00e7lik Y\u0131l\u0131 2022 Kapan\u0131\u015f Konferans\u0131, 5-6 Aral\u0131k tarihlerinde Bel\u00e7ika, Br\u00fcksel'de  \u2047 Claim the future slogan\u0131 alt\u0131nda ger\u00e7ekle\u015fti. \u2047  Gen\u00e7lere, gen\u00e7lere, gen\u00e7lik \u00f6rg\u00fctlerinin temsilcilerine, politika yap\u0131c\u0131lara ve di\u011fer ilgili payda\u015flara adanm\u0131\u015f etkinlikler, etkinlikler, kalite giri\u015fimleri ve s\u00fcre\u00e7lerle dolu bir y\u0131l\u0131n ard\u0131ndan sonu\u00e7lar\u0131 \u00f6zetlemek i\u00e7in bir araya geldi. <a class=\"more-link\" href=\"https:\/\/dypall.com\/tr\/activity\/closing-conference-of-the-european-year-of-youth-2022-claim-the-future\/\">Okumaya devam et <span class=\"screen-reader-text\">Avrupa Gen\u00e7lik Y\u0131l\u0131 2022 Kapan\u0131\u015f Konferans\u0131  \u2047 Gelece\u011fi talep edin \u2047<\/span><\/a><\/p>","protected":false},"author":1,"featured_media":6184,"comment_status":"closed","ping_status":"open","sticky":false,"template":"","format":"standard","meta":{"_acf_changed":false,"_jetpack_memberships_contains_paid_content":false,"footnotes":""},"categories":[111,112],"tags":[],"class_list":["post-6179","post","type-post","status-publish","format-standard","has-post-thumbnail","hentry","category-activity","category-conference","entry"],"acf":[],"yoast_head":"<!-- This site is optimized with the Yoast SEO plugin v22.8 - https:\/\/yoast.com\/wordpress\/plugins\/seo\/ -->\n<title>Closing Conference of the European Year of Youth 2022 \u201cClaim the future\u201d - DYPALL Network<\/title>\n<meta name=\"robots\" content=\"index, follow, max-snippet:-1, max-image-preview:large, max-video-preview:-1\" \/>\n<link rel=\"canonical\" href=\"https:\/\/dypall.com\/tr\/activity\/closing-conference-of-the-european-year-of-youth-2022-claim-the-future\/\" \/>\n<meta property=\"og:locale\" content=\"tr_TR\" \/>\n<meta property=\"og:type\" content=\"article\" \/>\n<meta property=\"og:title\" content=\"Closing Conference of the European Year of Youth 2022 \u201cClaim the future\u201d - DYPALL Network\" \/>\n<meta property=\"og:description\" content=\"The Closing Conference of the European Year of Youth 2022 occurred 5th-6th December in Belgium, Brussels, under the slogan \u201cClaim the future.\u201d After a year full of activities, events, quality initiatives and processes dedicated to youth, young people, representatives of youth organisations, policy-makers, and other relevant stakeholders gathered to summarise the outcomes, reflect on the&hellip; Okumaya devam et Closing Conference of the European Year of Youth 2022 \u201cClaim the future\u201d\" \/>\n<meta property=\"og:url\" content=\"https:\/\/dypall.com\/tr\/activity\/closing-conference-of-the-european-year-of-youth-2022-claim-the-future\/\" \/>\n<meta property=\"og:site_name\" content=\"DYPALL Network\" \/>\n<meta property=\"article:published_time\" content=\"2022-12-07T17:17:35+00:00\" \/>\n<meta name=\"author\" content=\"DYPALL Network\" \/>\n<meta name=\"twitter:card\" content=\"summary_large_image\" \/>\n<meta name=\"twitter:label1\" content=\"Written by\" \/>\n\t<meta name=\"twitter:data1\" content=\"DYPALL Network\" \/>\n\t<meta name=\"twitter:label2\" content=\"Est. reading time\" \/>\n\t<meta name=\"twitter:data2\" content=\"2 dakika\" \/>\n<script type=\"application\/ld+json\" class=\"yoast-schema-graph\">{\"@context\":\"https:\/\/schema.org\",\"@graph\":[{\"@type\":\"WebPage\",\"@id\":\"https:\/\/dypall.com\/activity\/closing-conference-of-the-european-year-of-youth-2022-claim-the-future\/\",\"url\":\"https:\/\/dypall.com\/activity\/closing-conference-of-the-european-year-of-youth-2022-claim-the-future\/\",\"name\":\"Closing Conference of the European Year of Youth 2022 \u201cClaim the future\u201d - DYPALL Network\",\"isPartOf\":{\"@id\":\"https:\/\/dypall.com\/#website\"},\"primaryImageOfPage\":{\"@id\":\"https:\/\/dypall.com\/activity\/closing-conference-of-the-european-year-of-youth-2022-claim-the-future\/#primaryimage\"},\"image\":{\"@id\":\"https:\/\/dypall.com\/activity\/closing-conference-of-the-european-year-of-youth-2022-claim-the-future\/#primaryimage\"},\"thumbnailUrl\":\"\",\"datePublished\":\"2022-12-07T17:17:35+00:00\",\"dateModified\":\"2022-12-07T17:17:35+00:00\",\"author\":{\"@id\":\"https:\/\/dypall.com\/#\/schema\/person\/f92e08aa15c8ba711a9d153129f03377\"},\"breadcrumb\":{\"@id\":\"https:\/\/dypall.com\/activity\/closing-conference-of-the-european-year-of-youth-2022-claim-the-future\/#breadcrumb\"},\"inLanguage\":\"tr\",\"potentialAction\":[{\"@type\":\"ReadAction\",\"target\":[\"https:\/\/dypall.com\/activity\/closing-conference-of-the-european-year-of-youth-2022-claim-the-future\/\"]}]},{\"@type\":\"ImageObject\",\"inLanguage\":\"tr\",\"@id\":\"https:\/\/dypall.com\/activity\/closing-conference-of-the-european-year-of-youth-2022-claim-the-future\/#primaryimage\",\"url\":\"\",\"contentUrl\":\"\"},{\"@type\":\"BreadcrumbList\",\"@id\":\"https:\/\/dypall.com\/activity\/closing-conference-of-the-european-year-of-youth-2022-claim-the-future\/#breadcrumb\",\"itemListElement\":[{\"@type\":\"ListItem\",\"position\":1,\"name\":\"Home\",\"item\":\"https:\/\/dypall.com\/\"},{\"@type\":\"ListItem\",\"position\":2,\"name\":\"Closing Conference of the European Year of Youth 2022 \u201cClaim the future\u201d\"}]},{\"@type\":\"WebSite\",\"@id\":\"https:\/\/dypall.com\/#website\",\"url\":\"https:\/\/dypall.com\/\",\"name\":\"DYPALL Network\",\"description\":\"We are a European network of civil society organisations, municipalities and research institutions dedicated to improving democracy through youth participation.\",\"potentialAction\":[{\"@type\":\"SearchAction\",\"target\":{\"@type\":\"EntryPoint\",\"urlTemplate\":\"https:\/\/dypall.com\/?s={search_term_string}\"},\"query-input\":\"required name=search_term_string\"}],\"inLanguage\":\"tr\"},{\"@type\":\"Person\",\"@id\":\"https:\/\/dypall.com\/#\/schema\/person\/f92e08aa15c8ba711a9d153129f03377\",\"name\":\"DYPALL Network\",\"image\":{\"@type\":\"ImageObject\",\"inLanguage\":\"tr\",\"@id\":\"https:\/\/dypall.com\/#\/schema\/person\/image\/\",\"url\":\"https:\/\/secure.gravatar.com\/avatar\/9c39e299279800c6d69c5e02cf613e7bab060889f373052a03d7ac399e8f0d3c?s=96&d=mm&r=g\",\"contentUrl\":\"https:\/\/secure.gravatar.com\/avatar\/9c39e299279800c6d69c5e02cf613e7bab060889f373052a03d7ac399e8f0d3c?s=96&d=mm&r=g\",\"caption\":\"DYPALL Network\"},\"sameAs\":[\"https:\/\/dypall.com\"],\"url\":\"https:\/\/dypall.com\/tr\/author\/dypall\/\"}]}<\/script>\n<!-- \/ Yoast SEO plugin. -->","yoast_head_json":{"title":"Closing Conference of the European Year of Youth 2022 \u201cClaim the future\u201d - DYPALL Network","robots":{"index":"index","follow":"follow","max-snippet":"max-snippet:-1","max-image-preview":"max-image-preview:large","max-video-preview":"max-video-preview:-1"},"canonical":"https:\/\/dypall.com\/tr\/activity\/closing-conference-of-the-european-year-of-youth-2022-claim-the-future\/","og_locale":"tr_TR","og_type":"article","og_title":"Closing Conference of the European Year of Youth 2022 \u201cClaim the future\u201d - DYPALL Network","og_description":"The Closing Conference of the European Year of Youth 2022 occurred 5th-6th December in Belgium, Brussels, under the slogan \u201cClaim the future.\u201d After a year full of activities, events, quality initiatives and processes dedicated to youth, young people, representatives of youth organisations, policy-makers, and other relevant stakeholders gathered to summarise the outcomes, reflect on the&hellip; Okumaya devam et Closing Conference of the European Year of Youth 2022 \u201cClaim the future\u201d","og_url":"https:\/\/dypall.com\/tr\/activity\/closing-conference-of-the-european-year-of-youth-2022-claim-the-future\/","og_site_name":"DYPALL Network","article_published_time":"2022-12-07T17:17:35+00:00","author":"DYPALL Network","twitter_card":"summary_large_image","twitter_misc":{"Written by":"DYPALL Network","Est. reading time":"2 dakika"},"schema":{"@context":"https:\/\/schema.org","@graph":[{"@type":"WebPage","@id":"https:\/\/dypall.com\/activity\/closing-conference-of-the-european-year-of-youth-2022-claim-the-future\/","url":"https:\/\/dypall.com\/activity\/closing-conference-of-the-european-year-of-youth-2022-claim-the-future\/","name":"Closing Conference of the European Year of Youth 2022 \u201cClaim the future\u201d - DYPALL Network","isPartOf":{"@id":"https:\/\/dypall.com\/#website"},"primaryImageOfPage":{"@id":"https:\/\/dypall.com\/activity\/closing-conference-of-the-european-year-of-youth-2022-claim-the-future\/#primaryimage"},"image":{"@id":"https:\/\/dypall.com\/activity\/closing-conference-of-the-european-year-of-youth-2022-claim-the-future\/#primaryimage"},"thumbnailUrl":"","datePublished":"2022-12-07T17:17:35+00:00","dateModified":"2022-12-07T17:17:35+00:00","author":{"@id":"https:\/\/dypall.com\/#\/schema\/person\/f92e08aa15c8ba711a9d153129f03377"},"breadcrumb":{"@id":"https:\/\/dypall.com\/activity\/closing-conference-of-the-european-year-of-youth-2022-claim-the-future\/#breadcrumb"},"inLanguage":"tr","potentialAction":[{"@type":"ReadAction","target":["https:\/\/dypall.com\/activity\/closing-conference-of-the-european-year-of-youth-2022-claim-the-future\/"]}]},{"@type":"ImageObject","inLanguage":"tr","@id":"https:\/\/dypall.com\/activity\/closing-conference-of-the-european-year-of-youth-2022-claim-the-future\/#primaryimage","url":"","contentUrl":""},{"@type":"BreadcrumbList","@id":"https:\/\/dypall.com\/activity\/closing-conference-of-the-european-year-of-youth-2022-claim-the-future\/#breadcrumb","itemListElement":[{"@type":"ListItem","position":1,"name":"Home","item":"https:\/\/dypall.com\/"},{"@type":"ListItem","position":2,"name":"Closing Conference of the European Year of Youth 2022 \u201cClaim the future\u201d"}]},{"@type":"WebSite","@id":"https:\/\/dypall.com\/#website","url":"https:\/\/dypall.com\/","name":"DYPALL Network","description":"We are a European network of civil society organisations, municipalities and research institutions dedicated to improving democracy through youth participation.","potentialAction":[{"@type":"SearchAction","target":{"@type":"EntryPoint","urlTemplate":"https:\/\/dypall.com\/?s={search_term_string}"},"query-input":"required name=search_term_string"}],"inLanguage":"tr"},{"@type":"Person","@id":"https:\/\/dypall.com\/#\/schema\/person\/f92e08aa15c8ba711a9d153129f03377","name":"DYPALL Network","image":{"@type":"ImageObject","inLanguage":"tr","@id":"https:\/\/dypall.com\/#\/schema\/person\/image\/","url":"https:\/\/secure.gravatar.com\/avatar\/9c39e299279800c6d69c5e02cf613e7bab060889f373052a03d7ac399e8f0d3c?s=96&d=mm&r=g","contentUrl":"https:\/\/secure.gravatar.com\/avatar\/9c39e299279800c6d69c5e02cf613e7bab060889f373052a03d7ac399e8f0d3c?s=96&d=mm&r=g","caption":"DYPALL Network"},"sameAs":["https:\/\/dypall.com"],"url":"https:\/\/dypall.com\/tr\/author\/dypall\/"}]}},"jetpack_featured_media_url":"","jetpack_sharing_enabled":true,"_links":{"self":[{"href":"https:\/\/dypall.com\/tr\/wp-json\/wp\/v2\/posts\/6179","targetHints":{"allow":["GET"]}}],"collection":[{"href":"https:\/\/dypall.com\/tr\/wp-json\/wp\/v2\/posts"}],"about":[{"href":"https:\/\/dypall.com\/tr\/wp-json\/wp\/v2\/types\/post"}],"author":[{"embeddable":true,"href":"https:\/\/dypall.com\/tr\/wp-json\/wp\/v2\/users\/1"}],"replies":[{"embeddable":true,"href":"https:\/\/dypall.com\/tr\/wp-json\/wp\/v2\/comments?post=6179"}],"version-history":[{"count":0,"href":"https:\/\/dypall.com\/tr\/wp-json\/wp\/v2\/posts\/6179\/revisions"}],"wp:featuredmedia":[{"embeddable":true,"href":"https:\/\/dypall.com\/tr\/wp-json\/"}],"wp:attachment":[{"href":"https:\/\/dypall.com\/tr\/wp-json\/wp\/v2\/media?parent=6179"}],"wp:term":[{"taxonomy":"category","embeddable":true,"href":"https:\/\/dypall.com\/tr\/wp-json\/wp\/v2\/categories?post=6179"},{"taxonomy":"post_tag","embeddable":true,"href":"https:\/\/dypall.com\/tr\/wp-json\/wp\/v2\/tags?post=6179"}],"curies":[{"name":"wp","href":"https:\/\/api.w.org\/{rel}","templated":true}]}}