{"id":6076,"date":"2022-11-16T16:45:27","date_gmt":"2022-11-16T16:45:27","guid":{"rendered":"https:\/\/dypall.com\/?p=6076"},"modified":"2022-11-16T16:45:27","modified_gmt":"2022-11-16T16:45:27","slug":"study-visit-in-lisbon-welcoming-cities-participation-of-youngsters-with-background","status":"publish","type":"post","link":"https:\/\/dypall.com\/tr\/activity\/study-visit-in-lisbon-welcoming-cities-participation-of-youngsters-with-background\/","title":{"rendered":"Lizbon'da E\u011fitim Ziyareti  \u2047  Kar\u015f\u0131lama \u015eehirleri: Arka plan ile Gen\u00e7lerin Kat\u0131l\u0131m\u0131 \u2047"},"content":{"rendered":"<p>DYPALL Network'\u00fcn \u00e7al\u0131\u015fma ziyareti <em><strong>\u2047  Kar\u015f\u0131lama \u015eehirler: G\u00f6\u00e7men k\u00f6kenli gen\u00e7lerin kat\u0131l\u0131m\u0131n\u0131n iyi uygulamalar\u0131<\/strong><\/em> 7  \u2047  12 Kas\u0131m 2022 tarihleri aras\u0131nda Portekiz'in Lizbon kentinde ger\u00e7ekle\u015fti.<\/p>\n<p>Kuzey Makedonya, Almanya, Portekiz ve \u0130spanya'dan 9 farkl\u0131 kurulu\u015f ve belediyeden 21 kat\u0131l\u0131mc\u0131, g\u00f6\u00e7men gen\u00e7lerin ve g\u00f6\u00e7men k\u00f6kenli gen\u00e7lerin karar alma s\u00fcre\u00e7lerine kat\u0131l\u0131m\u0131n\u0131 ke\u015ffetme ve Lizbon ve Sintra'daki sivil toplum kurulu\u015flar\u0131n\u0131n ve belediyelerin yerel uygulamalar\u0131n\u0131 ke\u015ffetme f\u0131rsat\u0131 buldu.<\/p>\n<p>\u00c7al\u0131\u015fma ziyareti, g\u00f6\u00e7men gen\u00e7lerin karar alma s\u00fcrecine kat\u0131l\u0131m\u0131 konusunda ortak bir zemin olu\u015fturmak, Avrupa \u00fclkelerindeki g\u00f6\u00e7men gen\u00e7lerin mevcut durumunu, belediyelerin g\u00f6\u00e7men gen\u00e7lerin kat\u0131l\u0131m\u0131ndaki \u00e7\u0131karlar\u0131n\u0131 ve i\u015fbirli\u011fi ihtiyac\u0131n\u0131 tart\u0131\u015fmakla ba\u015flad\u0131.<\/p>\n<p>Ertesi g\u00fcn, deste\u011fiyle <a href=\"https:\/\/ipdj.gov.pt\/\">IPDJ | Instituto Desporto Juventude<\/a>, bir yuvarlak masa vard\u0131 <a href=\"https:\/\/www.comparte.pt\/\">ComParte<\/a>, <a href=\"https:\/\/crescer.org\/\">Kategori: Crecer (anlam ayr\u0131m\u0131)<\/a>, ve ayn\u0131 zamanda<a href=\"https:\/\/linktr.ee\/oladonegrodaforca?fbclid=IwAR15aiBmSz3TqkPq6uwfbt5C_-vqeortUvFuSXsMYJ59MedFl96EIPoU8Fk\"> O Lado Negro da For\u00e7a<\/a> karar alma s\u00fcrecinde yer alan gen\u00e7 g\u00f6\u00e7menler ve g\u00f6\u00e7men k\u00f6kenli gen\u00e7lerle \u00e7al\u0131\u015f\u0131rken mekanlar\u0131, ihtiya\u00e7 duyulan deste\u011fi ve kar\u015f\u0131la\u015f\u0131lan zorluklar\u0131 tart\u0131\u015ft\u0131k. Daha sonra, Lizbon'daki Associa\u00e7\u00e3o de Moradores do Per 11'e yerel d\u00fczeyde g\u00f6\u00e7men k\u00f6kenli gen\u00e7lerin dahil edilmesi \u00fczerine \u00e7al\u0131\u015fan bir \u00e7al\u0131\u015fma ziyareti yapt\u0131k. <a href=\"https:\/\/the.akdn\/en\/home\">A\u011fa Han Geli\u015ftirme A\u011f\u0131'n\u0131n<\/a>.<\/p>\n<p>\u00c7al\u0131\u015fma ziyareti, g\u00f6\u00e7men gen\u00e7lerin kat\u0131l\u0131m\u0131na ili\u015fkin iyi yerel uygulamalar\u0131n sunuldu\u011fu Queluz'da devam etti. <a href=\"https:\/\/pendaoemmovimento.wordpress.com\/?fbclid=IwAR031GtfkzqKkEY4Xxdb6vZcQwQkj0kTNYvLLIIuMZOEdLzVdWYsTSeFKDM\">Pend\u00e3o em Movimento<\/a>, <a href=\"http:\/\/www.apdj.pt\/\">APDJ<\/a>, <a href=\"https:\/\/artesanatogave2004.blogspot.com\/\">OYNA  \u2047  Grupo de Artistas Vale de Eureka<\/a>, <a href=\"https:\/\/www.criagente.org\/\">Kategori: Criagente (anlam ayr\u0131m\u0131)<\/a>, <a href=\"https:\/\/m.facebook.com\/people\/Associa%C3%A7%C3%A3o-The-One-Zion\/100083104008226\/\">Associa\u00e7\u00e3o'nun One Zion<\/a>. \u00d6\u011fleden sonra Sintra'daki Casa da Juventude da Tapada das Merc\u00eas'i ziyaret ettik. <a href=\"https:\/\/acitmmm.webnode.pt\/\">Associa\u00e7\u00e3o Comunidade \u0130sl\u00e2mica'n\u0131n<\/a>, <a href=\"https:\/\/acassintra.com\/\">Acas  \u2047  Associa\u00e7\u00e3o Luso Caboverdeana de Sintra yak\u0131n\u0131ndaki oteller<\/a>, Gabinete de apoio ao jovem (GAJ), <a href=\"https:\/\/linktr.ee\/jipangueassociation\">Jipangue Derne\u011fi'nin<\/a> G\u00f6\u00e7men gen\u00e7li\u011fi ve g\u00f6\u00e7men k\u00f6kenli gen\u00e7li\u011fi karar alma s\u00fcre\u00e7lerine dahil etme konusundaki ilham verici uygulamalar\u0131n\u0131 payla\u015ft\u0131lar.<\/p>\n<p>\u00c7al\u0131\u015fma ziyaretinin son g\u00fcn\u00fcnde, biz in\u015fa etmek i\u00e7in gerekli unsurlar\u0131 \u00fczerine yans\u0131yan bir <strong>Kar\u015f\u0131lama \u015fehri<\/strong> ve belediyelerin daha misafirperver olmas\u0131 i\u00e7in kat\u0131l\u0131mc\u0131lar taraf\u0131ndan \u00f6nerilen t\u00fcm \u00f6nerilerin son bir brifingini ald\u0131.<\/p>\n<p>\u00c7al\u0131\u015fma ziyareti, taraf\u0131ndan koordine edilen  \u2047 Cities of Welcome \u2047  projesinin bir par\u00e7as\u0131d\u0131r. <a href=\"https:\/\/www.migrafrica.org\/\">Kategori: Migrafrica (anlam ayr\u0131m\u0131) <\/a>DYPALL Network ile i\u015fbirli\u011fi i\u00e7inde, <a href=\"https:\/\/ngounitedyouth.org\/\">Yurtta\u015f Derne\u011fi'nin United Youth<\/a>, ve ayn\u0131 zamanda <a href=\"https:\/\/www.catalunyavoluntaria.cat\/\">Fundaci\u00f3 Catalunya'da Volunt\u00e0ria<\/a>. Alman Ulusal Erasmus+ Ajans\u0131 JUGEND f\u00fcr Europa kapsam\u0131nda KA2 Erasmus+ Program\u0131 taraf\u0131ndan finanse edilmektedir.<\/p>\n<p>&nbsp;<\/p>\n<p><a href=\"https:\/\/dypall.com\/tr\/2022\/11\/16\/study-visit-in-lisbon-welcoming-cities-participation-of-youngsters-with-background\/pic-for-the-article-1\/#main\" rel=\"attachment wp-att-6081\"><img loading=\"lazy\" decoding=\"async\" class=\"alignnone wp-image-6081\" src=\"https:\/\/dypall.com\/wp-content\/uploads\/2022\/11\/Pic-for-the-article-1.jpg\" alt=\"\" width=\"1004\" height=\"754\" \/><\/a><\/p>\n<p><a href=\"https:\/\/dypall.com\/tr\/2022\/11\/16\/study-visit-in-lisbon-welcoming-cities-participation-of-youngsters-with-background\/pic-for-the-article-2\/#main\" rel=\"attachment wp-att-6080\"><img loading=\"lazy\" decoding=\"async\" class=\"alignnone wp-image-6080\" src=\"https:\/\/dypall.com\/wp-content\/uploads\/2022\/11\/Pic-for-the-article-2.jpg\" alt=\"\" width=\"1004\" height=\"754\" \/><\/a><\/p>\n<p><a href=\"https:\/\/dypall.com\/tr\/2022\/11\/16\/study-visit-in-lisbon-welcoming-cities-participation-of-youngsters-with-background\/pic-for-the-article-3\/#main\" rel=\"attachment wp-att-6079\"><img loading=\"lazy\" decoding=\"async\" class=\"alignnone wp-image-6079\" src=\"https:\/\/dypall.com\/wp-content\/uploads\/2022\/11\/Pic-for-the-article-3.jpg\" alt=\"\" width=\"1005\" height=\"734\" \/><\/a><\/p>","protected":false},"excerpt":{"rendered":"<p>DYPALL Network'\u00fcn \u00e7al\u0131\u015fma ziyareti  \u2047  Kar\u015f\u0131lama \u015eehirleri: G\u00f6\u00e7men k\u00f6kenli Gen\u00e7lerin Kat\u0131l\u0131m\u0131n\u0131n iyi uygulamalar\u0131 \u2047  7  \u2047  12 Kas\u0131m 2022'den itibaren Portekiz'in Lizbon kentinde ger\u00e7ekle\u015fti. Kuzey Makedonya, Almanya, Portekiz ve \u0130spanya'dan 9 farkl\u0131 kurulu\u015f ve belediyeden 21 kat\u0131l\u0131mc\u0131, g\u00f6\u00e7men gen\u00e7lerin ve gen\u00e7lerin kat\u0131l\u0131m\u0131n\u0131 ke\u015ffetme f\u0131rsat\u0131 buldu. <a class=\"more-link\" href=\"https:\/\/dypall.com\/tr\/activity\/study-visit-in-lisbon-welcoming-cities-participation-of-youngsters-with-background\/\">Okumaya devam et <span class=\"screen-reader-text\">Lizbon'da E\u011fitim Ziyareti  \u2047  Kar\u015f\u0131lama \u015eehirleri: Arka plan ile Gen\u00e7lerin Kat\u0131l\u0131m\u0131 \u2047<\/span><\/a><\/p>","protected":false},"author":1,"featured_media":6082,"comment_status":"closed","ping_status":"open","sticky":false,"template":"","format":"standard","meta":{"_acf_changed":false,"_jetpack_memberships_contains_paid_content":false,"footnotes":""},"categories":[111,152],"tags":[],"class_list":["post-6076","post","type-post","status-publish","format-standard","has-post-thumbnail","hentry","category-activity","category-study-visits","entry"],"acf":[],"yoast_head":"<!-- This site is optimized with the Yoast SEO plugin v22.8 - https:\/\/yoast.com\/wordpress\/plugins\/seo\/ -->\n<title>Study Visit in Lisbon \u201cWelcoming Cities: Participation of Youngsters with background\u201d - DYPALL Network<\/title>\n<meta name=\"robots\" content=\"index, follow, max-snippet:-1, max-image-preview:large, max-video-preview:-1\" \/>\n<link rel=\"canonical\" href=\"https:\/\/dypall.com\/tr\/activity\/study-visit-in-lisbon-welcoming-cities-participation-of-youngsters-with-background\/\" \/>\n<meta property=\"og:locale\" content=\"tr_TR\" \/>\n<meta property=\"og:type\" content=\"article\" \/>\n<meta property=\"og:title\" content=\"Study Visit in Lisbon \u201cWelcoming Cities: Participation of Youngsters with background\u201d - DYPALL Network\" \/>\n<meta property=\"og:description\" content=\"DYPALL Network\u2019s study visit \u201cWelcoming Cities: Good practices of Participation of Youngsters with a migrant background\u201d took place from 7th \u2013 12th November 2022 in Lisbon, Portugal. 21 participants from 9 different organizations and municipalities from North Macedonia, Germany, Portugal, and Spain, had the opportunity to explore the involvement of the migrant youth and young&hellip; Okumaya devam et Study Visit in Lisbon \u201cWelcoming Cities: Participation of Youngsters with background\u201d\" \/>\n<meta property=\"og:url\" content=\"https:\/\/dypall.com\/tr\/activity\/study-visit-in-lisbon-welcoming-cities-participation-of-youngsters-with-background\/\" \/>\n<meta property=\"og:site_name\" content=\"DYPALL Network\" \/>\n<meta property=\"article:published_time\" content=\"2022-11-16T16:45:27+00:00\" \/>\n<meta name=\"author\" content=\"DYPALL Network\" \/>\n<meta name=\"twitter:card\" content=\"summary_large_image\" \/>\n<meta name=\"twitter:label1\" content=\"Written by\" \/>\n\t<meta name=\"twitter:data1\" content=\"DYPALL Network\" \/>\n\t<meta name=\"twitter:label2\" content=\"Est. reading time\" \/>\n\t<meta name=\"twitter:data2\" content=\"2 dakika\" \/>\n<script type=\"application\/ld+json\" class=\"yoast-schema-graph\">{\"@context\":\"https:\/\/schema.org\",\"@graph\":[{\"@type\":\"WebPage\",\"@id\":\"https:\/\/dypall.com\/activity\/study-visit-in-lisbon-welcoming-cities-participation-of-youngsters-with-background\/\",\"url\":\"https:\/\/dypall.com\/activity\/study-visit-in-lisbon-welcoming-cities-participation-of-youngsters-with-background\/\",\"name\":\"Study Visit in Lisbon \u201cWelcoming Cities: Participation of Youngsters with background\u201d - DYPALL Network\",\"isPartOf\":{\"@id\":\"https:\/\/dypall.com\/#website\"},\"primaryImageOfPage\":{\"@id\":\"https:\/\/dypall.com\/activity\/study-visit-in-lisbon-welcoming-cities-participation-of-youngsters-with-background\/#primaryimage\"},\"image\":{\"@id\":\"https:\/\/dypall.com\/activity\/study-visit-in-lisbon-welcoming-cities-participation-of-youngsters-with-background\/#primaryimage\"},\"thumbnailUrl\":\"\",\"datePublished\":\"2022-11-16T16:45:27+00:00\",\"dateModified\":\"2022-11-16T16:45:27+00:00\",\"author\":{\"@id\":\"https:\/\/dypall.com\/#\/schema\/person\/f92e08aa15c8ba711a9d153129f03377\"},\"breadcrumb\":{\"@id\":\"https:\/\/dypall.com\/activity\/study-visit-in-lisbon-welcoming-cities-participation-of-youngsters-with-background\/#breadcrumb\"},\"inLanguage\":\"tr\",\"potentialAction\":[{\"@type\":\"ReadAction\",\"target\":[\"https:\/\/dypall.com\/activity\/study-visit-in-lisbon-welcoming-cities-participation-of-youngsters-with-background\/\"]}]},{\"@type\":\"ImageObject\",\"inLanguage\":\"tr\",\"@id\":\"https:\/\/dypall.com\/activity\/study-visit-in-lisbon-welcoming-cities-participation-of-youngsters-with-background\/#primaryimage\",\"url\":\"\",\"contentUrl\":\"\"},{\"@type\":\"BreadcrumbList\",\"@id\":\"https:\/\/dypall.com\/activity\/study-visit-in-lisbon-welcoming-cities-participation-of-youngsters-with-background\/#breadcrumb\",\"itemListElement\":[{\"@type\":\"ListItem\",\"position\":1,\"name\":\"Home\",\"item\":\"https:\/\/dypall.com\/\"},{\"@type\":\"ListItem\",\"position\":2,\"name\":\"Study Visit in Lisbon \u201cWelcoming Cities: Participation of Youngsters with background\u201d\"}]},{\"@type\":\"WebSite\",\"@id\":\"https:\/\/dypall.com\/#website\",\"url\":\"https:\/\/dypall.com\/\",\"name\":\"DYPALL Network\",\"description\":\"We are a European network of civil society organisations, municipalities and research institutions dedicated to improving democracy through youth participation.\",\"potentialAction\":[{\"@type\":\"SearchAction\",\"target\":{\"@type\":\"EntryPoint\",\"urlTemplate\":\"https:\/\/dypall.com\/?s={search_term_string}\"},\"query-input\":\"required name=search_term_string\"}],\"inLanguage\":\"tr\"},{\"@type\":\"Person\",\"@id\":\"https:\/\/dypall.com\/#\/schema\/person\/f92e08aa15c8ba711a9d153129f03377\",\"name\":\"DYPALL Network\",\"image\":{\"@type\":\"ImageObject\",\"inLanguage\":\"tr\",\"@id\":\"https:\/\/dypall.com\/#\/schema\/person\/image\/\",\"url\":\"https:\/\/secure.gravatar.com\/avatar\/9c39e299279800c6d69c5e02cf613e7bab060889f373052a03d7ac399e8f0d3c?s=96&d=mm&r=g\",\"contentUrl\":\"https:\/\/secure.gravatar.com\/avatar\/9c39e299279800c6d69c5e02cf613e7bab060889f373052a03d7ac399e8f0d3c?s=96&d=mm&r=g\",\"caption\":\"DYPALL Network\"},\"sameAs\":[\"https:\/\/dypall.com\"],\"url\":\"https:\/\/dypall.com\/tr\/author\/dypall\/\"}]}<\/script>\n<!-- \/ Yoast SEO plugin. -->","yoast_head_json":{"title":"Study Visit in Lisbon \u201cWelcoming Cities: Participation of Youngsters with background\u201d - DYPALL Network","robots":{"index":"index","follow":"follow","max-snippet":"max-snippet:-1","max-image-preview":"max-image-preview:large","max-video-preview":"max-video-preview:-1"},"canonical":"https:\/\/dypall.com\/tr\/activity\/study-visit-in-lisbon-welcoming-cities-participation-of-youngsters-with-background\/","og_locale":"tr_TR","og_type":"article","og_title":"Study Visit in Lisbon \u201cWelcoming Cities: Participation of Youngsters with background\u201d - DYPALL Network","og_description":"DYPALL Network\u2019s study visit \u201cWelcoming Cities: Good practices of Participation of Youngsters with a migrant background\u201d took place from 7th \u2013 12th November 2022 in Lisbon, Portugal. 21 participants from 9 different organizations and municipalities from North Macedonia, Germany, Portugal, and Spain, had the opportunity to explore the involvement of the migrant youth and young&hellip; Okumaya devam et Study Visit in Lisbon \u201cWelcoming Cities: Participation of Youngsters with background\u201d","og_url":"https:\/\/dypall.com\/tr\/activity\/study-visit-in-lisbon-welcoming-cities-participation-of-youngsters-with-background\/","og_site_name":"DYPALL Network","article_published_time":"2022-11-16T16:45:27+00:00","author":"DYPALL Network","twitter_card":"summary_large_image","twitter_misc":{"Written by":"DYPALL Network","Est. reading time":"2 dakika"},"schema":{"@context":"https:\/\/schema.org","@graph":[{"@type":"WebPage","@id":"https:\/\/dypall.com\/activity\/study-visit-in-lisbon-welcoming-cities-participation-of-youngsters-with-background\/","url":"https:\/\/dypall.com\/activity\/study-visit-in-lisbon-welcoming-cities-participation-of-youngsters-with-background\/","name":"Study Visit in Lisbon \u201cWelcoming Cities: Participation of Youngsters with background\u201d - DYPALL Network","isPartOf":{"@id":"https:\/\/dypall.com\/#website"},"primaryImageOfPage":{"@id":"https:\/\/dypall.com\/activity\/study-visit-in-lisbon-welcoming-cities-participation-of-youngsters-with-background\/#primaryimage"},"image":{"@id":"https:\/\/dypall.com\/activity\/study-visit-in-lisbon-welcoming-cities-participation-of-youngsters-with-background\/#primaryimage"},"thumbnailUrl":"","datePublished":"2022-11-16T16:45:27+00:00","dateModified":"2022-11-16T16:45:27+00:00","author":{"@id":"https:\/\/dypall.com\/#\/schema\/person\/f92e08aa15c8ba711a9d153129f03377"},"breadcrumb":{"@id":"https:\/\/dypall.com\/activity\/study-visit-in-lisbon-welcoming-cities-participation-of-youngsters-with-background\/#breadcrumb"},"inLanguage":"tr","potentialAction":[{"@type":"ReadAction","target":["https:\/\/dypall.com\/activity\/study-visit-in-lisbon-welcoming-cities-participation-of-youngsters-with-background\/"]}]},{"@type":"ImageObject","inLanguage":"tr","@id":"https:\/\/dypall.com\/activity\/study-visit-in-lisbon-welcoming-cities-participation-of-youngsters-with-background\/#primaryimage","url":"","contentUrl":""},{"@type":"BreadcrumbList","@id":"https:\/\/dypall.com\/activity\/study-visit-in-lisbon-welcoming-cities-participation-of-youngsters-with-background\/#breadcrumb","itemListElement":[{"@type":"ListItem","position":1,"name":"Home","item":"https:\/\/dypall.com\/"},{"@type":"ListItem","position":2,"name":"Study Visit in Lisbon \u201cWelcoming Cities: Participation of Youngsters with background\u201d"}]},{"@type":"WebSite","@id":"https:\/\/dypall.com\/#website","url":"https:\/\/dypall.com\/","name":"DYPALL Network","description":"We are a European network of civil society organisations, municipalities and research institutions dedicated to improving democracy through youth participation.","potentialAction":[{"@type":"SearchAction","target":{"@type":"EntryPoint","urlTemplate":"https:\/\/dypall.com\/?s={search_term_string}"},"query-input":"required name=search_term_string"}],"inLanguage":"tr"},{"@type":"Person","@id":"https:\/\/dypall.com\/#\/schema\/person\/f92e08aa15c8ba711a9d153129f03377","name":"DYPALL Network","image":{"@type":"ImageObject","inLanguage":"tr","@id":"https:\/\/dypall.com\/#\/schema\/person\/image\/","url":"https:\/\/secure.gravatar.com\/avatar\/9c39e299279800c6d69c5e02cf613e7bab060889f373052a03d7ac399e8f0d3c?s=96&d=mm&r=g","contentUrl":"https:\/\/secure.gravatar.com\/avatar\/9c39e299279800c6d69c5e02cf613e7bab060889f373052a03d7ac399e8f0d3c?s=96&d=mm&r=g","caption":"DYPALL Network"},"sameAs":["https:\/\/dypall.com"],"url":"https:\/\/dypall.com\/tr\/author\/dypall\/"}]}},"jetpack_featured_media_url":"","jetpack_sharing_enabled":true,"_links":{"self":[{"href":"https:\/\/dypall.com\/tr\/wp-json\/wp\/v2\/posts\/6076","targetHints":{"allow":["GET"]}}],"collection":[{"href":"https:\/\/dypall.com\/tr\/wp-json\/wp\/v2\/posts"}],"about":[{"href":"https:\/\/dypall.com\/tr\/wp-json\/wp\/v2\/types\/post"}],"author":[{"embeddable":true,"href":"https:\/\/dypall.com\/tr\/wp-json\/wp\/v2\/users\/1"}],"replies":[{"embeddable":true,"href":"https:\/\/dypall.com\/tr\/wp-json\/wp\/v2\/comments?post=6076"}],"version-history":[{"count":0,"href":"https:\/\/dypall.com\/tr\/wp-json\/wp\/v2\/posts\/6076\/revisions"}],"wp:featuredmedia":[{"embeddable":true,"href":"https:\/\/dypall.com\/tr\/wp-json\/"}],"wp:attachment":[{"href":"https:\/\/dypall.com\/tr\/wp-json\/wp\/v2\/media?parent=6076"}],"wp:term":[{"taxonomy":"category","embeddable":true,"href":"https:\/\/dypall.com\/tr\/wp-json\/wp\/v2\/categories?post=6076"},{"taxonomy":"post_tag","embeddable":true,"href":"https:\/\/dypall.com\/tr\/wp-json\/wp\/v2\/tags?post=6076"}],"curies":[{"name":"wp","href":"https:\/\/api.w.org\/{rel}","templated":true}]}}