{"id":6034,"date":"2022-10-26T15:12:29","date_gmt":"2022-10-26T14:12:29","guid":{"rendered":"https:\/\/dypall.com\/?p=6034"},"modified":"2022-10-26T15:12:29","modified_gmt":"2022-10-26T14:12:29","slug":"fostering-a-culture-of-participation-mainstreaming-local-youth-councils-in-europe-transnational-project-meeting","status":"publish","type":"post","link":"https:\/\/dypall.com\/tr\/activity\/fostering-a-culture-of-participation-mainstreaming-local-youth-councils-in-europe-transnational-project-meeting\/","title":{"rendered":"\u2047 Kat\u0131l\u0131m K\u00fclt\u00fcr\u00fcn\u00fc Geli\u015ftirmek: Avrupa'da Yerel Gen\u00e7lik Konseylerinin Yayg\u0131nla\u015ft\u0131r\u0131lmas\u0131 \u2047  Ulus\u00f6tesi Proje Toplant\u0131s\u0131"},"content":{"rendered":"<p style=\"font-weight: 400;\">Projenin 2. ve son Ulus\u00f6tesi Proje Toplant\u0131s\u0131 <em><strong>\u2047 Kat\u0131l\u0131m K\u00fclt\u00fcr\u00fcn\u00fc Geli\u015ftirmek: Avrupa'da Yerel Gen\u00e7lik Konseylerinin Yayg\u0131nla\u015ft\u0131r\u0131lmas\u0131<\/strong><\/em> 18-19 Ekim 2022 tarihleri aras\u0131nda Bel\u00e7ika'n\u0131n Namur kentinde ger\u00e7ekle\u015fti.<\/p>\n<p style=\"font-weight: 400;\">Toplant\u0131 CRECCIDE ev sahipli\u011fi yapt\u0131 ve ke\u015ffetmek i\u00e7in f\u0131rsat verdi <strong>Kategori: Yay\u0131n<\/strong> proje s\u0131ras\u0131nda \u00fcretilen, de\u011ferlendirmek <strong>farkl\u0131 a\u015famalar<\/strong> ve <strong>Faaliyetler<\/strong>, ve ke\u015ffetmek <strong>yakla\u015fan i\u015fbirli\u011fi f\u0131rsatlar\u0131<\/strong>.<\/p>\n<p style=\"font-weight: 400;\">Yay\u0131n  \u2047<strong><a href=\"https:\/\/u.pcloud.link\/publink\/show?code=XZDXBfVZi9vDzl6qGpjYtK89AOtwH0DxjMUV\" data-saferedirecturl=\"https:\/\/www.google.com\/url?q=https:\/\/u.pcloud.link\/publink\/show?code%3DXZDXBfVZi9vDzl6qGpjYtK89AOtwH0DxjMUV&amp;source=gmail&amp;ust=1667655082973000&amp;usg=AOvVaw0UCToq28-V0hM-NxvmIgDv\">Yerel Gen\u00e7lik Konseyleri  \u2047  haritalama uygulamalar\u0131<\/a><\/strong>\u2047 , farkl\u0131 yakla\u015f\u0131mlardan olu\u015fan bir koleksiyon, 5 \u00fclke orta\u011f\u0131n\u0131n ulusal, b\u00f6lgesel ve yerel yakla\u015f\u0131mlar\u0131n\u0131 yans\u0131tmalar\u0131na ve di\u011fer ilgili yap\u0131lar ve akt\u00f6rlerle k\u00f6pr\u00fcler kurmalar\u0131na izin verdi. Sunulan uygulamalar, ilgili ki\u015fi say\u0131s\u0131, ya\u015f ortalamas\u0131, yerel y\u00f6neti\u015fim aras\u0131ndaki ba\u011flant\u0131, hedefleri ve mevcut kaynaklar gibi farkl\u0131 \u00e7\u00f6z\u00fcmlerin ve boyutlar\u0131n uygulanabilirli\u011fi, aktar\u0131labilirli\u011fi ve uygulanmas\u0131na ili\u015fkin pratik \u00f6rnekler sunarak \u00e7e\u015fitli olas\u0131l\u0131klar\u0131 sergilemeyi ama\u00e7lamaktad\u0131r. Toplanan i\u00e7 perspektifler g\u00f6r\u00fc\u015fmelerin ayr\u0131nt\u0131l\u0131 bir transkripsiyonu olmasa da, ayn\u0131 kat\u0131l\u0131mc\u0131 yap\u0131ya ili\u015fkin farkl\u0131 alg\u0131lar\u0131 ve duygular\u0131 anlamada \u00e7ok anlay\u0131\u015fl\u0131d\u0131rlar.<\/p>\n<p style=\"font-weight: 400;\">Proje \u00e7er\u00e7evesinde, faaliyetlerden biri  \u2047  oldu<strong><a href=\"https:\/\/u.pcloud.link\/publink\/show?code=XZzJsbVZnpevOT6SFdpzOrL0UVigTfDhLLzV\" data-saferedirecturl=\"https:\/\/www.google.com\/url?q=https:\/\/u.pcloud.link\/publink\/show?code%3DXZzJsbVZnpevOT6SFdpzOrL0UVigTfDhLLzV&amp;source=gmail&amp;ust=1667655082973000&amp;usg=AOvVaw1uhdKuGoAg8qFEYyd44dw8\">Yerel Gen\u00e7lik Konseylerinde Kalite G\u00fcvencesi<\/a><\/strong>\u2047  e\u011fitim kursu, 2  \u2047  8 May\u0131s 2022'den itibaren Portekiz'in Portim\u00e3o kentinde ger\u00e7ekle\u015fti. E\u011fitim kursu, d\u00f6rt ortak \u00fclkeden 23 kat\u0131l\u0131mc\u0131n\u0131n kat\u0131l\u0131m\u0131n\u0131 sa\u011flamak i\u00e7in bir f\u0131rsatt\u0131 ve 50'den fazla ki\u015finin, gen\u00e7lerin, gen\u00e7lik \u00e7al\u0131\u015fanlar\u0131n\u0131n ve karar vericilerin uzmanl\u0131klar\u0131n\u0131 ve g\u00f6r\u00fc\u015flerini payla\u015ft\u0131\u011f\u0131 de\u011ferli bir alan yaratt\u0131.<\/p>\n<p style=\"font-weight: 400;\">Son g\u00fcn, konsorsiyum, CRECCIDE'in Bel\u00e7ika belediyelerine sa\u011flad\u0131\u011f\u0131 deste\u011fi ve \u00e7ocuk ve gen\u00e7lik kat\u0131l\u0131m\u0131 ara\u00e7lar\u0131n\u0131, yakla\u015f\u0131mlar\u0131n\u0131 ve mekanizmalar\u0131n\u0131 daha ayr\u0131nt\u0131l\u0131 olarak tan\u0131ma olana\u011f\u0131na sahipti.<\/p>\n<p style=\"font-weight: 400;\">Proje, DYPALL Network ile i\u015fbirli\u011fi i\u00e7inde hayata ge\u00e7irildi. <a href=\"http:\/\/www.creccide.be\/\">KRE\u015e\u0130T<\/a><a href=\"http:\/\/www.creccide.be\/\" data-saferedirecturl=\"https:\/\/www.google.com\/url?q=http:\/\/www.creccide.be\/&amp;source=gmail&amp;ust=1667655082973000&amp;usg=AOvVaw2dcLKTBKnwp7JrehkKGSkJ\">\u00a0<\/a>(Bel\u00e7ika'n\u0131n ba\u015fkenti)\u00a0<a href=\"https:\/\/www.comune.collegno.gov.it\/home\" data-saferedirecturl=\"https:\/\/www.google.com\/url?q=https:\/\/www.comune.collegno.gov.it\/home&amp;source=gmail&amp;ust=1667655082973000&amp;usg=AOvVaw2Kl24KRgn799zsYVqL-yAn\">Citt\u00e0 di Collegno<\/a>\u00a0(\u0130talya'da)\u00a0<a href=\"https:\/\/www.kzz.hr\/\" data-saferedirecturl=\"https:\/\/www.google.com\/url?q=https:\/\/www.kzz.hr\/&amp;source=gmail&amp;ust=1667655082973000&amp;usg=AOvVaw2sKWU2vh7sZL1T8WDqTUPh\">KRAPINSKO-ZAGORSKA ZUPANIJA<\/a>\u00a0(H\u0131rvatistan) ve\u00a0<a href=\"https:\/\/msa.si\/\" data-saferedirecturl=\"https:\/\/www.google.com\/url?q=https:\/\/msa.si\/&amp;source=gmail&amp;ust=1667655082973000&amp;usg=AOvVaw3zr9G6oDK_Tk4HSbCmsbwv\">Mladinski svet Ajdov\u0161\u010dina<\/a> (Slovenya i\u00e7in) Erasmus+ KA2 \u0130yi Uygulamalar De\u011fi\u015fim Program\u0131 kapsam\u0131nda finanse edilmektedir.\u00a0<a href=\"https:\/\/www.lebij.be\/\" data-saferedirecturl=\"https:\/\/www.google.com\/url?q=https:\/\/www.lebij.be\/&amp;source=gmail&amp;ust=1667655082973000&amp;usg=AOvVaw1Tmus7HGOoQxW0wCq2sUap\">BIJ  \u2047  Uluslararas\u0131 Jaunesse B\u00fcrosu<\/a>\u00a0Ulusal Ajans m\u0131?<\/p>\n<p>&nbsp;<\/p>\n<p><a href=\"https:\/\/dypall.com\/tr\/2022\/11\/04\/fostering-a-culture-of-participation-mainstreaming-local-youth-councils-in-europe-transnational-project-meeting\/311607478_6768349466513747_133668428425177337_n\/#main\" rel=\"attachment wp-att-6037\"><img loading=\"lazy\" decoding=\"async\" class=\"alignnone size-full wp-image-6037\" src=\"https:\/\/dypall.com\/wp-content\/uploads\/2022\/11\/311607478_6768349466513747_133668428425177337_n.jpeg\" alt=\"\" width=\"1920\" height=\"1440\" \/><\/a><\/p>\n<p><a href=\"https:\/\/dypall.com\/tr\/2022\/11\/04\/fostering-a-culture-of-participation-mainstreaming-local-youth-councils-in-europe-transnational-project-meeting\/312090431_6768349366513757_4395357973962703445_n\/#main\" rel=\"attachment wp-att-6036\"><img loading=\"lazy\" decoding=\"async\" class=\"alignnone size-full wp-image-6036\" src=\"https:\/\/dypall.com\/wp-content\/uploads\/2022\/11\/312090431_6768349366513757_4395357973962703445_n.jpeg\" alt=\"\" width=\"1024\" height=\"768\" \/><\/a><\/p>\n<p><a href=\"https:\/\/dypall.com\/tr\/2022\/11\/04\/fostering-a-culture-of-participation-mainstreaming-local-youth-councils-in-europe-transnational-project-meeting\/311610525_6768349489847078_3205972627485120589_n\/#main\" rel=\"attachment wp-att-6035\"><img loading=\"lazy\" decoding=\"async\" class=\"alignnone size-full wp-image-6035\" src=\"https:\/\/dypall.com\/wp-content\/uploads\/2022\/11\/311610525_6768349489847078_3205972627485120589_n.jpeg\" alt=\"\" width=\"2048\" height=\"1536\" \/><\/a><\/p>","protected":false},"excerpt":{"rendered":"<p>Kat\u0131l\u0131m K\u00fclt\u00fcr\u00fcn\u00fcn Geli\u015ftirilmesi projesinin 2. ve son Ulus\u00f6tesi Proje Toplant\u0131s\u0131: Avrupa'daki Yerel Gen\u00e7lik Konseylerinin Anaak\u0131mla\u015ft\u0131r\u0131lmas\u0131, 18-19 Ekim 2022 tarihleri aras\u0131nda Bel\u00e7ika'n\u0131n Namur kentinde ger\u00e7ekle\u015fti. Toplant\u0131ya CRECCIDE ev sahipli\u011fi yapt\u0131 ve proje s\u0131ras\u0131nda \u00fcretilen yay\u0131n\u0131 ke\u015ffetme, farkl\u0131 a\u015famalar\u0131 de\u011ferlendirme ve... <a class=\"more-link\" href=\"https:\/\/dypall.com\/tr\/activity\/fostering-a-culture-of-participation-mainstreaming-local-youth-councils-in-europe-transnational-project-meeting\/\">Okumaya devam et <span class=\"screen-reader-text\">\u2047 Kat\u0131l\u0131m K\u00fclt\u00fcr\u00fcn\u00fc Geli\u015ftirmek: Avrupa'da Yerel Gen\u00e7lik Konseylerinin Yayg\u0131nla\u015ft\u0131r\u0131lmas\u0131 \u2047  Ulus\u00f6tesi Proje Toplant\u0131s\u0131<\/span><\/a><\/p>","protected":false},"author":1,"featured_media":6037,"comment_status":"closed","ping_status":"open","sticky":false,"template":"","format":"standard","meta":{"_acf_changed":false,"_jetpack_memberships_contains_paid_content":false,"footnotes":""},"categories":[111],"tags":[],"class_list":["post-6034","post","type-post","status-publish","format-standard","has-post-thumbnail","hentry","category-activity","entry"],"acf":[],"yoast_head":"<!-- This site is optimized with the Yoast SEO plugin v22.8 - https:\/\/yoast.com\/wordpress\/plugins\/seo\/ -->\n<title>&quot;Fostering a Culture of Participation: Mainstreaming Local Youth Councils in Europe&quot; Transnational Project Meeting - DYPALL Network<\/title>\n<meta name=\"robots\" content=\"index, follow, max-snippet:-1, max-image-preview:large, max-video-preview:-1\" \/>\n<link rel=\"canonical\" href=\"https:\/\/dypall.com\/tr\/activity\/fostering-a-culture-of-participation-mainstreaming-local-youth-councils-in-europe-transnational-project-meeting\/\" \/>\n<meta property=\"og:locale\" content=\"tr_TR\" \/>\n<meta property=\"og:type\" content=\"article\" \/>\n<meta property=\"og:title\" content=\"&quot;Fostering a Culture of Participation: Mainstreaming Local Youth Councils in Europe&quot; Transnational Project Meeting - DYPALL Network\" \/>\n<meta property=\"og:description\" content=\"The 2nd and last Transnational Project Meeting of the project &#8220;Fostering a Culture of Participation: Mainstreaming Local Youth Councils in Europe&#8221; took place from 18th &#8211; 19th October 2022 in Namur, Belgium. The meeting was hosted by CRECCIDE and gave the opportunity to explore the publication produced during the project, evaluate the different phases and&hellip; Okumaya devam et &#8220;Fostering a Culture of Participation: Mainstreaming Local Youth Councils in Europe&#8221; Transnational Project Meeting\" \/>\n<meta property=\"og:url\" content=\"https:\/\/dypall.com\/tr\/activity\/fostering-a-culture-of-participation-mainstreaming-local-youth-councils-in-europe-transnational-project-meeting\/\" \/>\n<meta property=\"og:site_name\" content=\"DYPALL Network\" \/>\n<meta property=\"article:published_time\" content=\"2022-10-26T14:12:29+00:00\" \/>\n<meta name=\"author\" content=\"DYPALL Network\" \/>\n<meta name=\"twitter:card\" content=\"summary_large_image\" \/>\n<meta name=\"twitter:label1\" content=\"Written by\" \/>\n\t<meta name=\"twitter:data1\" content=\"DYPALL Network\" \/>\n\t<meta name=\"twitter:label2\" content=\"Est. reading time\" \/>\n\t<meta name=\"twitter:data2\" content=\"2 dakika\" \/>\n<script type=\"application\/ld+json\" class=\"yoast-schema-graph\">{\"@context\":\"https:\/\/schema.org\",\"@graph\":[{\"@type\":\"WebPage\",\"@id\":\"https:\/\/dypall.com\/activity\/fostering-a-culture-of-participation-mainstreaming-local-youth-councils-in-europe-transnational-project-meeting\/\",\"url\":\"https:\/\/dypall.com\/activity\/fostering-a-culture-of-participation-mainstreaming-local-youth-councils-in-europe-transnational-project-meeting\/\",\"name\":\"\\\"Fostering a Culture of Participation: Mainstreaming Local Youth Councils in Europe\\\" Transnational Project Meeting - DYPALL Network\",\"isPartOf\":{\"@id\":\"https:\/\/dypall.com\/#website\"},\"primaryImageOfPage\":{\"@id\":\"https:\/\/dypall.com\/activity\/fostering-a-culture-of-participation-mainstreaming-local-youth-councils-in-europe-transnational-project-meeting\/#primaryimage\"},\"image\":{\"@id\":\"https:\/\/dypall.com\/activity\/fostering-a-culture-of-participation-mainstreaming-local-youth-councils-in-europe-transnational-project-meeting\/#primaryimage\"},\"thumbnailUrl\":\"\",\"datePublished\":\"2022-10-26T14:12:29+00:00\",\"dateModified\":\"2022-10-26T14:12:29+00:00\",\"author\":{\"@id\":\"https:\/\/dypall.com\/#\/schema\/person\/f92e08aa15c8ba711a9d153129f03377\"},\"breadcrumb\":{\"@id\":\"https:\/\/dypall.com\/activity\/fostering-a-culture-of-participation-mainstreaming-local-youth-councils-in-europe-transnational-project-meeting\/#breadcrumb\"},\"inLanguage\":\"tr\",\"potentialAction\":[{\"@type\":\"ReadAction\",\"target\":[\"https:\/\/dypall.com\/activity\/fostering-a-culture-of-participation-mainstreaming-local-youth-councils-in-europe-transnational-project-meeting\/\"]}]},{\"@type\":\"ImageObject\",\"inLanguage\":\"tr\",\"@id\":\"https:\/\/dypall.com\/activity\/fostering-a-culture-of-participation-mainstreaming-local-youth-councils-in-europe-transnational-project-meeting\/#primaryimage\",\"url\":\"\",\"contentUrl\":\"\"},{\"@type\":\"BreadcrumbList\",\"@id\":\"https:\/\/dypall.com\/activity\/fostering-a-culture-of-participation-mainstreaming-local-youth-councils-in-europe-transnational-project-meeting\/#breadcrumb\",\"itemListElement\":[{\"@type\":\"ListItem\",\"position\":1,\"name\":\"Home\",\"item\":\"https:\/\/dypall.com\/\"},{\"@type\":\"ListItem\",\"position\":2,\"name\":\"&#8220;Fostering a Culture of Participation: Mainstreaming Local Youth Councils in Europe&#8221; Transnational Project Meeting\"}]},{\"@type\":\"WebSite\",\"@id\":\"https:\/\/dypall.com\/#website\",\"url\":\"https:\/\/dypall.com\/\",\"name\":\"DYPALL Network\",\"description\":\"We are a European network of civil society organisations, municipalities and research institutions dedicated to improving democracy through youth participation.\",\"potentialAction\":[{\"@type\":\"SearchAction\",\"target\":{\"@type\":\"EntryPoint\",\"urlTemplate\":\"https:\/\/dypall.com\/?s={search_term_string}\"},\"query-input\":\"required name=search_term_string\"}],\"inLanguage\":\"tr\"},{\"@type\":\"Person\",\"@id\":\"https:\/\/dypall.com\/#\/schema\/person\/f92e08aa15c8ba711a9d153129f03377\",\"name\":\"DYPALL Network\",\"image\":{\"@type\":\"ImageObject\",\"inLanguage\":\"tr\",\"@id\":\"https:\/\/dypall.com\/#\/schema\/person\/image\/\",\"url\":\"https:\/\/secure.gravatar.com\/avatar\/9c39e299279800c6d69c5e02cf613e7bab060889f373052a03d7ac399e8f0d3c?s=96&d=mm&r=g\",\"contentUrl\":\"https:\/\/secure.gravatar.com\/avatar\/9c39e299279800c6d69c5e02cf613e7bab060889f373052a03d7ac399e8f0d3c?s=96&d=mm&r=g\",\"caption\":\"DYPALL Network\"},\"sameAs\":[\"https:\/\/dypall.com\"],\"url\":\"https:\/\/dypall.com\/tr\/author\/dypall\/\"}]}<\/script>\n<!-- \/ Yoast SEO plugin. -->","yoast_head_json":{"title":"\"Fostering a Culture of Participation: Mainstreaming Local Youth Councils in Europe\" Transnational Project Meeting - DYPALL Network","robots":{"index":"index","follow":"follow","max-snippet":"max-snippet:-1","max-image-preview":"max-image-preview:large","max-video-preview":"max-video-preview:-1"},"canonical":"https:\/\/dypall.com\/tr\/activity\/fostering-a-culture-of-participation-mainstreaming-local-youth-councils-in-europe-transnational-project-meeting\/","og_locale":"tr_TR","og_type":"article","og_title":"\"Fostering a Culture of Participation: Mainstreaming Local Youth Councils in Europe\" Transnational Project Meeting - DYPALL Network","og_description":"The 2nd and last Transnational Project Meeting of the project &#8220;Fostering a Culture of Participation: Mainstreaming Local Youth Councils in Europe&#8221; took place from 18th &#8211; 19th October 2022 in Namur, Belgium. The meeting was hosted by CRECCIDE and gave the opportunity to explore the publication produced during the project, evaluate the different phases and&hellip; Okumaya devam et &#8220;Fostering a Culture of Participation: Mainstreaming Local Youth Councils in Europe&#8221; Transnational Project Meeting","og_url":"https:\/\/dypall.com\/tr\/activity\/fostering-a-culture-of-participation-mainstreaming-local-youth-councils-in-europe-transnational-project-meeting\/","og_site_name":"DYPALL Network","article_published_time":"2022-10-26T14:12:29+00:00","author":"DYPALL Network","twitter_card":"summary_large_image","twitter_misc":{"Written by":"DYPALL Network","Est. reading time":"2 dakika"},"schema":{"@context":"https:\/\/schema.org","@graph":[{"@type":"WebPage","@id":"https:\/\/dypall.com\/activity\/fostering-a-culture-of-participation-mainstreaming-local-youth-councils-in-europe-transnational-project-meeting\/","url":"https:\/\/dypall.com\/activity\/fostering-a-culture-of-participation-mainstreaming-local-youth-councils-in-europe-transnational-project-meeting\/","name":"\"Fostering a Culture of Participation: Mainstreaming Local Youth Councils in Europe\" Transnational Project Meeting - DYPALL Network","isPartOf":{"@id":"https:\/\/dypall.com\/#website"},"primaryImageOfPage":{"@id":"https:\/\/dypall.com\/activity\/fostering-a-culture-of-participation-mainstreaming-local-youth-councils-in-europe-transnational-project-meeting\/#primaryimage"},"image":{"@id":"https:\/\/dypall.com\/activity\/fostering-a-culture-of-participation-mainstreaming-local-youth-councils-in-europe-transnational-project-meeting\/#primaryimage"},"thumbnailUrl":"","datePublished":"2022-10-26T14:12:29+00:00","dateModified":"2022-10-26T14:12:29+00:00","author":{"@id":"https:\/\/dypall.com\/#\/schema\/person\/f92e08aa15c8ba711a9d153129f03377"},"breadcrumb":{"@id":"https:\/\/dypall.com\/activity\/fostering-a-culture-of-participation-mainstreaming-local-youth-councils-in-europe-transnational-project-meeting\/#breadcrumb"},"inLanguage":"tr","potentialAction":[{"@type":"ReadAction","target":["https:\/\/dypall.com\/activity\/fostering-a-culture-of-participation-mainstreaming-local-youth-councils-in-europe-transnational-project-meeting\/"]}]},{"@type":"ImageObject","inLanguage":"tr","@id":"https:\/\/dypall.com\/activity\/fostering-a-culture-of-participation-mainstreaming-local-youth-councils-in-europe-transnational-project-meeting\/#primaryimage","url":"","contentUrl":""},{"@type":"BreadcrumbList","@id":"https:\/\/dypall.com\/activity\/fostering-a-culture-of-participation-mainstreaming-local-youth-councils-in-europe-transnational-project-meeting\/#breadcrumb","itemListElement":[{"@type":"ListItem","position":1,"name":"Home","item":"https:\/\/dypall.com\/"},{"@type":"ListItem","position":2,"name":"&#8220;Fostering a Culture of Participation: Mainstreaming Local Youth Councils in Europe&#8221; Transnational Project Meeting"}]},{"@type":"WebSite","@id":"https:\/\/dypall.com\/#website","url":"https:\/\/dypall.com\/","name":"DYPALL Network","description":"We are a European network of civil society organisations, municipalities and research institutions dedicated to improving democracy through youth participation.","potentialAction":[{"@type":"SearchAction","target":{"@type":"EntryPoint","urlTemplate":"https:\/\/dypall.com\/?s={search_term_string}"},"query-input":"required name=search_term_string"}],"inLanguage":"tr"},{"@type":"Person","@id":"https:\/\/dypall.com\/#\/schema\/person\/f92e08aa15c8ba711a9d153129f03377","name":"DYPALL Network","image":{"@type":"ImageObject","inLanguage":"tr","@id":"https:\/\/dypall.com\/#\/schema\/person\/image\/","url":"https:\/\/secure.gravatar.com\/avatar\/9c39e299279800c6d69c5e02cf613e7bab060889f373052a03d7ac399e8f0d3c?s=96&d=mm&r=g","contentUrl":"https:\/\/secure.gravatar.com\/avatar\/9c39e299279800c6d69c5e02cf613e7bab060889f373052a03d7ac399e8f0d3c?s=96&d=mm&r=g","caption":"DYPALL Network"},"sameAs":["https:\/\/dypall.com"],"url":"https:\/\/dypall.com\/tr\/author\/dypall\/"}]}},"jetpack_featured_media_url":"","jetpack_sharing_enabled":true,"_links":{"self":[{"href":"https:\/\/dypall.com\/tr\/wp-json\/wp\/v2\/posts\/6034","targetHints":{"allow":["GET"]}}],"collection":[{"href":"https:\/\/dypall.com\/tr\/wp-json\/wp\/v2\/posts"}],"about":[{"href":"https:\/\/dypall.com\/tr\/wp-json\/wp\/v2\/types\/post"}],"author":[{"embeddable":true,"href":"https:\/\/dypall.com\/tr\/wp-json\/wp\/v2\/users\/1"}],"replies":[{"embeddable":true,"href":"https:\/\/dypall.com\/tr\/wp-json\/wp\/v2\/comments?post=6034"}],"version-history":[{"count":0,"href":"https:\/\/dypall.com\/tr\/wp-json\/wp\/v2\/posts\/6034\/revisions"}],"wp:featuredmedia":[{"embeddable":true,"href":"https:\/\/dypall.com\/tr\/wp-json\/"}],"wp:attachment":[{"href":"https:\/\/dypall.com\/tr\/wp-json\/wp\/v2\/media?parent=6034"}],"wp:term":[{"taxonomy":"category","embeddable":true,"href":"https:\/\/dypall.com\/tr\/wp-json\/wp\/v2\/categories?post=6034"},{"taxonomy":"post_tag","embeddable":true,"href":"https:\/\/dypall.com\/tr\/wp-json\/wp\/v2\/tags?post=6034"}],"curies":[{"name":"wp","href":"https:\/\/api.w.org\/{rel}","templated":true}]}}