{"id":5947,"date":"2022-09-12T14:29:14","date_gmt":"2022-09-12T13:29:14","guid":{"rendered":"https:\/\/dypall.com\/?p=5947"},"modified":"2022-09-12T14:29:14","modified_gmt":"2022-09-12T13:29:14","slug":"digital-youth-work-in-youth-centres-transnational-project-meeting","status":"publish","type":"post","link":"https:\/\/dypall.com\/tr\/activity\/digital-youth-work-in-youth-centres-transnational-project-meeting\/","title":{"rendered":"\u2047 GEN\u00c7L\u0130K MERKEZLER\u0130NDE D\u0130J\u0130TAL GEN\u00c7L\u0130K \u00c7ALI\u015eMASI \u2047  ULUSLARARASI PROJE TOPLANTISI"},"content":{"rendered":"<p><span style=\"font-weight: 400;\">5  \u2047  8 Eyl\u00fcl'de, 1. Ulus\u00f6tesi Ortaklar Toplant\u0131s\u0131<\/span><b> \u2047  ve  \u2047<em>Gen\u00e7lik merkezlerinde dijital gen\u00e7lik \u00e7al\u0131\u015fmalar\u0131<\/em>\u2047  ve  \u2047<\/b><span style=\"font-weight: 400;\"> Proje \u0130talya'n\u0131n Tortona kentinde ger\u00e7ekle\u015fti. Proje s\u0131ras\u0131nda, bu t\u00fcr gen\u00e7lik \u00e7al\u0131\u015fmalar\u0131n\u0131n konseptini, zorluklar\u0131n\u0131 ve iyi uygulamalar\u0131n\u0131 ke\u015ffedece\u011fiz.\u00a0<\/span><\/p>\n<p><span style=\"font-weight: 400;\">Bu ilk toplant\u0131, ortaklar\u0131n birbirlerini \u015fahsen tan\u0131malar\u0131 ve dijital gen\u00e7lik \u00e7al\u0131\u015fmalar\u0131n\u0131n iyi uygulamalar\u0131n\u0131 toplamak ve dijital alanda kaliteli gen\u00e7lik \u00e7al\u0131\u015fmas\u0131 i\u00e7in gerekli temel yetkinlikleri haritalamak gibi a\u015fa\u011f\u0131daki ad\u0131mlar\u0131 tart\u0131\u015fmalar\u0131 i\u00e7in harika bir f\u0131rsatt\u0131. E\u011fitimcilere ve gen\u00e7lik \u00e7al\u0131\u015fanlar\u0131na, gen\u00e7lik merkezlerindeki mevcut gen\u00e7lik \u00e7al\u0131\u015fmalar\u0131 uygulamalar\u0131n\u0131 gen\u00e7lik \u00e7al\u0131\u015fmalar\u0131n\u0131n dijital bir boyutuyla tamamlamak i\u00e7in e\u011fitim etkinli\u011fi ve web seminerleri arac\u0131l\u0131\u011f\u0131yla beceri ve metodolojiler sa\u011flayarak destek olaca\u011f\u0131z. T\u00fcm ortaklar ayr\u0131ca projenin yayg\u0131nla\u015ft\u0131rma stratejisini ve ileti\u015fimini tart\u0131\u015fma f\u0131rsat\u0131 buldu.<\/span><\/p>\n<p><span style=\"font-weight: 400;\">Proje taraf\u0131ndan y\u00f6netilmektedir <\/span><a href=\"http:\/\/www.ballyfermotyouthservice.ie\/\"><span style=\"font-weight: 400;\">Ballyfermot gen\u00e7lik hizmeti<\/span><\/a><span style=\"font-weight: 400;\"> (\u0130rlanda), DYPALL Network ile ortakla\u015fa, <\/span><a href=\"http:\/\/www.lafenicetortona.org\/site\/it\/\"><span style=\"font-weight: 400;\">La Fenice (anlam ayr\u0131m\u0131)<\/span><\/a><span style=\"font-weight: 400;\"> (\u0130talya) ve <\/span><a href=\"https:\/\/www.eurogeography.eu\/\"><span style=\"font-weight: 400;\">EUROGEO<\/span><\/a><span style=\"font-weight: 400;\"> (Bel\u00e7ika), taraf\u0131ndan finanse edilen <\/span><b>Avrupa birli\u011fi<\/b><span style=\"font-weight: 400;\"> arac\u0131l\u0131\u011f\u0131yla <\/span><b>Erasmus+ Program\u0131<\/b><span style=\"font-weight: 400;\"> ve <\/span><a href=\"https:\/\/www.leargas.ie\/\"><b>\u0130rlanda Ulusal Ajans\u0131'n\u0131n<\/b><\/a><b>.<\/b><\/p>\n<p><a href=\"https:\/\/dypall.com\/tr\/2022\/09\/23\/digital-youth-work-in-youth-centres-transnational-project-meeting\/305738980_6631633186852043_4340332465722073044_n\/#main\" rel=\"attachment wp-att-5949\"><img loading=\"lazy\" decoding=\"async\" class=\"alignnone size-full wp-image-5949\" src=\"https:\/\/dypall.com\/wp-content\/uploads\/2022\/09\/305738980_6631633186852043_4340332465722073044_n.jpeg\" alt=\"\" width=\"1575\" height=\"1582\" \/><\/a><\/p>","protected":false},"excerpt":{"rendered":"<p>5-8 Eyl\u00fcl tarihlerinde \u0130talya'n\u0131n Tortona kentinde \"Gen\u00e7lik Merkezlerinde Dijital Gen\u00e7lik \u00c7al\u0131\u015fmalar\u0131\" projesinin 1. Ulus\u00f6tesi Ortaklar Toplant\u0131s\u0131 ger\u00e7ekle\u015ftirildi. Proje s\u0131ras\u0131nda, bu t\u00fcr gen\u00e7lik \u00e7al\u0131\u015fmalar\u0131n\u0131n konseptini, zorluklar\u0131n\u0131 ve iyi uygulamalar\u0131n\u0131 ke\u015ffedece\u011fiz.\u00a0 Bu ilk toplant\u0131, ortaklar\u0131n her birini tan\u0131mas\u0131 i\u00e7in harika bir f\u0131rsatt\u0131... <a class=\"more-link\" href=\"https:\/\/dypall.com\/tr\/activity\/digital-youth-work-in-youth-centres-transnational-project-meeting\/\">Okumaya devam et <span class=\"screen-reader-text\">\u2047 GEN\u00c7L\u0130K MERKEZLER\u0130NDE D\u0130J\u0130TAL GEN\u00c7L\u0130K \u00c7ALI\u015eMASI \u2047  ULUSLARARASI PROJE TOPLANTISI<\/span><\/a><\/p>","protected":false},"author":1,"featured_media":5948,"comment_status":"closed","ping_status":"open","sticky":false,"template":"","format":"standard","meta":{"_acf_changed":false,"_jetpack_memberships_contains_paid_content":false,"footnotes":""},"categories":[111],"tags":[],"class_list":["post-5947","post","type-post","status-publish","format-standard","has-post-thumbnail","hentry","category-activity","entry"],"acf":[],"yoast_head":"<!-- This site is optimized with the Yoast SEO plugin v22.8 - https:\/\/yoast.com\/wordpress\/plugins\/seo\/ -->\n<title>\u201cDIGITAL YOUTH WORK IN YOUTH CENTRES\u201d TRANSNATIONAL PROJECT MEETING - DYPALL Network<\/title>\n<meta name=\"robots\" content=\"index, follow, max-snippet:-1, max-image-preview:large, max-video-preview:-1\" \/>\n<link rel=\"canonical\" href=\"https:\/\/dypall.com\/tr\/activity\/digital-youth-work-in-youth-centres-transnational-project-meeting\/\" \/>\n<meta property=\"og:locale\" content=\"tr_TR\" \/>\n<meta property=\"og:type\" content=\"article\" \/>\n<meta property=\"og:title\" content=\"\u201cDIGITAL YOUTH WORK IN YOUTH CENTRES\u201d TRANSNATIONAL PROJECT MEETING - DYPALL Network\" \/>\n<meta property=\"og:description\" content=\"On 5th \u2013 8th September, the 1st Transnational Partners Meeting of the \u201cDigital youth work in youth centres\u201d project took place in Tortona, Italy. During the project, we will explore the concept, challenges and good practices of such youth work.\u00a0 This first meeting was a great opportunity for the partners to get to know each&hellip; Okumaya devam et \u201cDIGITAL YOUTH WORK IN YOUTH CENTRES\u201d TRANSNATIONAL PROJECT MEETING\" \/>\n<meta property=\"og:url\" content=\"https:\/\/dypall.com\/tr\/activity\/digital-youth-work-in-youth-centres-transnational-project-meeting\/\" \/>\n<meta property=\"og:site_name\" content=\"DYPALL Network\" \/>\n<meta property=\"article:published_time\" content=\"2022-09-12T13:29:14+00:00\" \/>\n<meta name=\"author\" content=\"DYPALL Network\" \/>\n<meta name=\"twitter:card\" content=\"summary_large_image\" \/>\n<meta name=\"twitter:label1\" content=\"Written by\" \/>\n\t<meta name=\"twitter:data1\" content=\"DYPALL Network\" \/>\n\t<meta name=\"twitter:label2\" content=\"Est. reading time\" \/>\n\t<meta name=\"twitter:data2\" content=\"1 dakika\" \/>\n<script type=\"application\/ld+json\" class=\"yoast-schema-graph\">{\"@context\":\"https:\/\/schema.org\",\"@graph\":[{\"@type\":\"WebPage\",\"@id\":\"https:\/\/dypall.com\/activity\/digital-youth-work-in-youth-centres-transnational-project-meeting\/\",\"url\":\"https:\/\/dypall.com\/activity\/digital-youth-work-in-youth-centres-transnational-project-meeting\/\",\"name\":\"\u201cDIGITAL YOUTH WORK IN YOUTH CENTRES\u201d TRANSNATIONAL PROJECT MEETING - DYPALL Network\",\"isPartOf\":{\"@id\":\"https:\/\/dypall.com\/#website\"},\"primaryImageOfPage\":{\"@id\":\"https:\/\/dypall.com\/activity\/digital-youth-work-in-youth-centres-transnational-project-meeting\/#primaryimage\"},\"image\":{\"@id\":\"https:\/\/dypall.com\/activity\/digital-youth-work-in-youth-centres-transnational-project-meeting\/#primaryimage\"},\"thumbnailUrl\":\"\",\"datePublished\":\"2022-09-12T13:29:14+00:00\",\"dateModified\":\"2022-09-12T13:29:14+00:00\",\"author\":{\"@id\":\"https:\/\/dypall.com\/#\/schema\/person\/f92e08aa15c8ba711a9d153129f03377\"},\"breadcrumb\":{\"@id\":\"https:\/\/dypall.com\/activity\/digital-youth-work-in-youth-centres-transnational-project-meeting\/#breadcrumb\"},\"inLanguage\":\"tr\",\"potentialAction\":[{\"@type\":\"ReadAction\",\"target\":[\"https:\/\/dypall.com\/activity\/digital-youth-work-in-youth-centres-transnational-project-meeting\/\"]}]},{\"@type\":\"ImageObject\",\"inLanguage\":\"tr\",\"@id\":\"https:\/\/dypall.com\/activity\/digital-youth-work-in-youth-centres-transnational-project-meeting\/#primaryimage\",\"url\":\"\",\"contentUrl\":\"\"},{\"@type\":\"BreadcrumbList\",\"@id\":\"https:\/\/dypall.com\/activity\/digital-youth-work-in-youth-centres-transnational-project-meeting\/#breadcrumb\",\"itemListElement\":[{\"@type\":\"ListItem\",\"position\":1,\"name\":\"Home\",\"item\":\"https:\/\/dypall.com\/\"},{\"@type\":\"ListItem\",\"position\":2,\"name\":\"\u201cDIGITAL YOUTH WORK IN YOUTH CENTRES\u201d TRANSNATIONAL PROJECT MEETING\"}]},{\"@type\":\"WebSite\",\"@id\":\"https:\/\/dypall.com\/#website\",\"url\":\"https:\/\/dypall.com\/\",\"name\":\"DYPALL Network\",\"description\":\"We are a European network of civil society organisations, municipalities and research institutions dedicated to improving democracy through youth participation.\",\"potentialAction\":[{\"@type\":\"SearchAction\",\"target\":{\"@type\":\"EntryPoint\",\"urlTemplate\":\"https:\/\/dypall.com\/?s={search_term_string}\"},\"query-input\":\"required name=search_term_string\"}],\"inLanguage\":\"tr\"},{\"@type\":\"Person\",\"@id\":\"https:\/\/dypall.com\/#\/schema\/person\/f92e08aa15c8ba711a9d153129f03377\",\"name\":\"DYPALL Network\",\"image\":{\"@type\":\"ImageObject\",\"inLanguage\":\"tr\",\"@id\":\"https:\/\/dypall.com\/#\/schema\/person\/image\/\",\"url\":\"https:\/\/secure.gravatar.com\/avatar\/9c39e299279800c6d69c5e02cf613e7bab060889f373052a03d7ac399e8f0d3c?s=96&d=mm&r=g\",\"contentUrl\":\"https:\/\/secure.gravatar.com\/avatar\/9c39e299279800c6d69c5e02cf613e7bab060889f373052a03d7ac399e8f0d3c?s=96&d=mm&r=g\",\"caption\":\"DYPALL Network\"},\"sameAs\":[\"https:\/\/dypall.com\"],\"url\":\"https:\/\/dypall.com\/tr\/author\/dypall\/\"}]}<\/script>\n<!-- \/ Yoast SEO plugin. -->","yoast_head_json":{"title":"\u201cDIGITAL YOUTH WORK IN YOUTH CENTRES\u201d TRANSNATIONAL PROJECT MEETING - DYPALL Network","robots":{"index":"index","follow":"follow","max-snippet":"max-snippet:-1","max-image-preview":"max-image-preview:large","max-video-preview":"max-video-preview:-1"},"canonical":"https:\/\/dypall.com\/tr\/activity\/digital-youth-work-in-youth-centres-transnational-project-meeting\/","og_locale":"tr_TR","og_type":"article","og_title":"\u201cDIGITAL YOUTH WORK IN YOUTH CENTRES\u201d TRANSNATIONAL PROJECT MEETING - DYPALL Network","og_description":"On 5th \u2013 8th September, the 1st Transnational Partners Meeting of the \u201cDigital youth work in youth centres\u201d project took place in Tortona, Italy. During the project, we will explore the concept, challenges and good practices of such youth work.\u00a0 This first meeting was a great opportunity for the partners to get to know each&hellip; Okumaya devam et \u201cDIGITAL YOUTH WORK IN YOUTH CENTRES\u201d TRANSNATIONAL PROJECT MEETING","og_url":"https:\/\/dypall.com\/tr\/activity\/digital-youth-work-in-youth-centres-transnational-project-meeting\/","og_site_name":"DYPALL Network","article_published_time":"2022-09-12T13:29:14+00:00","author":"DYPALL Network","twitter_card":"summary_large_image","twitter_misc":{"Written by":"DYPALL Network","Est. reading time":"1 dakika"},"schema":{"@context":"https:\/\/schema.org","@graph":[{"@type":"WebPage","@id":"https:\/\/dypall.com\/activity\/digital-youth-work-in-youth-centres-transnational-project-meeting\/","url":"https:\/\/dypall.com\/activity\/digital-youth-work-in-youth-centres-transnational-project-meeting\/","name":"\u201cDIGITAL YOUTH WORK IN YOUTH CENTRES\u201d TRANSNATIONAL PROJECT MEETING - DYPALL Network","isPartOf":{"@id":"https:\/\/dypall.com\/#website"},"primaryImageOfPage":{"@id":"https:\/\/dypall.com\/activity\/digital-youth-work-in-youth-centres-transnational-project-meeting\/#primaryimage"},"image":{"@id":"https:\/\/dypall.com\/activity\/digital-youth-work-in-youth-centres-transnational-project-meeting\/#primaryimage"},"thumbnailUrl":"","datePublished":"2022-09-12T13:29:14+00:00","dateModified":"2022-09-12T13:29:14+00:00","author":{"@id":"https:\/\/dypall.com\/#\/schema\/person\/f92e08aa15c8ba711a9d153129f03377"},"breadcrumb":{"@id":"https:\/\/dypall.com\/activity\/digital-youth-work-in-youth-centres-transnational-project-meeting\/#breadcrumb"},"inLanguage":"tr","potentialAction":[{"@type":"ReadAction","target":["https:\/\/dypall.com\/activity\/digital-youth-work-in-youth-centres-transnational-project-meeting\/"]}]},{"@type":"ImageObject","inLanguage":"tr","@id":"https:\/\/dypall.com\/activity\/digital-youth-work-in-youth-centres-transnational-project-meeting\/#primaryimage","url":"","contentUrl":""},{"@type":"BreadcrumbList","@id":"https:\/\/dypall.com\/activity\/digital-youth-work-in-youth-centres-transnational-project-meeting\/#breadcrumb","itemListElement":[{"@type":"ListItem","position":1,"name":"Home","item":"https:\/\/dypall.com\/"},{"@type":"ListItem","position":2,"name":"\u201cDIGITAL YOUTH WORK IN YOUTH CENTRES\u201d TRANSNATIONAL PROJECT MEETING"}]},{"@type":"WebSite","@id":"https:\/\/dypall.com\/#website","url":"https:\/\/dypall.com\/","name":"DYPALL Network","description":"We are a European network of civil society organisations, municipalities and research institutions dedicated to improving democracy through youth participation.","potentialAction":[{"@type":"SearchAction","target":{"@type":"EntryPoint","urlTemplate":"https:\/\/dypall.com\/?s={search_term_string}"},"query-input":"required name=search_term_string"}],"inLanguage":"tr"},{"@type":"Person","@id":"https:\/\/dypall.com\/#\/schema\/person\/f92e08aa15c8ba711a9d153129f03377","name":"DYPALL Network","image":{"@type":"ImageObject","inLanguage":"tr","@id":"https:\/\/dypall.com\/#\/schema\/person\/image\/","url":"https:\/\/secure.gravatar.com\/avatar\/9c39e299279800c6d69c5e02cf613e7bab060889f373052a03d7ac399e8f0d3c?s=96&d=mm&r=g","contentUrl":"https:\/\/secure.gravatar.com\/avatar\/9c39e299279800c6d69c5e02cf613e7bab060889f373052a03d7ac399e8f0d3c?s=96&d=mm&r=g","caption":"DYPALL Network"},"sameAs":["https:\/\/dypall.com"],"url":"https:\/\/dypall.com\/tr\/author\/dypall\/"}]}},"jetpack_featured_media_url":"","jetpack_sharing_enabled":true,"_links":{"self":[{"href":"https:\/\/dypall.com\/tr\/wp-json\/wp\/v2\/posts\/5947","targetHints":{"allow":["GET"]}}],"collection":[{"href":"https:\/\/dypall.com\/tr\/wp-json\/wp\/v2\/posts"}],"about":[{"href":"https:\/\/dypall.com\/tr\/wp-json\/wp\/v2\/types\/post"}],"author":[{"embeddable":true,"href":"https:\/\/dypall.com\/tr\/wp-json\/wp\/v2\/users\/1"}],"replies":[{"embeddable":true,"href":"https:\/\/dypall.com\/tr\/wp-json\/wp\/v2\/comments?post=5947"}],"version-history":[{"count":0,"href":"https:\/\/dypall.com\/tr\/wp-json\/wp\/v2\/posts\/5947\/revisions"}],"wp:featuredmedia":[{"embeddable":true,"href":"https:\/\/dypall.com\/tr\/wp-json\/"}],"wp:attachment":[{"href":"https:\/\/dypall.com\/tr\/wp-json\/wp\/v2\/media?parent=5947"}],"wp:term":[{"taxonomy":"category","embeddable":true,"href":"https:\/\/dypall.com\/tr\/wp-json\/wp\/v2\/categories?post=5947"},{"taxonomy":"post_tag","embeddable":true,"href":"https:\/\/dypall.com\/tr\/wp-json\/wp\/v2\/tags?post=5947"}],"curies":[{"name":"wp","href":"https:\/\/api.w.org\/{rel}","templated":true}]}}