{"id":5745,"date":"2022-07-29T12:13:27","date_gmt":"2022-07-29T11:13:27","guid":{"rendered":"https:\/\/dypall.com\/?p=5745"},"modified":"2022-07-29T12:13:27","modified_gmt":"2022-07-29T11:13:27","slug":"youth-for-active-society-yas-project-kickoff-meeting-in-bologna-italy","status":"publish","type":"post","link":"https:\/\/dypall.com\/tr\/activity\/youth-for-active-society-yas-project-kickoff-meeting-in-bologna-italy\/","title":{"rendered":"\u2047  AKT\u0130F TOPLUM \u0130\u00c7\u0130N GEN\u00c7L\u0130K (YAS) \u2047  PROJE  \u2047  BOLOGNA, \u0130TALYA'DA KICKOFF TOPLANTISI"},"content":{"rendered":"<p>28  \u2047  29 Temmuz'da, a\u00e7\u0131l\u0131\u015f toplant\u0131s\u0131 <strong>Aktif Toplum i\u00e7in Gen\u00e7lik (YAS)<\/strong> Proje Bologna, \u0130talya'da ger\u00e7ekle\u015fti. Proje, yerel belediyelerdeki gen\u00e7lik politikalar\u0131n\u0131n haritas\u0131n\u0131 \u00e7\u0131karmay\u0131 ve gen\u00e7ler, STK'lardan gen\u00e7lik \u00e7al\u0131\u015fanlar\u0131 ve yerel makamlar aras\u0131nda k\u00f6pr\u00fcler kurmay\u0131 ama\u00e7l\u0131yor.<\/p>\n<p>Bu ilk toplant\u0131, ortaklar\u0131n birbirleriyle \u015fahsen tan\u0131\u015fmalar\u0131 ve ilk entelekt\u00fcel \u00e7\u0131kt\u0131 i\u00e7in yap\u0131lan ara\u015ft\u0131rmay\u0131, yani ortak \u00fclkelerin baz\u0131 belediyelerindeki yerel gen\u00e7lik politikalar\u0131 hakk\u0131nda etkile\u015fimli bir videoyu tart\u0131\u015fmak i\u00e7in harika bir f\u0131rsatt\u0131.<\/p>\n<p>Ayr\u0131ca, Bologna k\u0131rsal\u0131nda tarihi bir yer olan Villa Terracini'de ev sahipli\u011fi yapan t\u00fcm ortaklar, de\u011ferlendirme, yayma stratejisi ve ileti\u015fimi tart\u0131\u015fma, sonraki ad\u0131mlar\u0131 planlama ve projelerin bir sonraki sonu\u00e7lar\u0131n\u0131 \u00f6ng\u00f6rme f\u0131rsat\u0131 buldu. <strong>Portekiz'de \u0130kinci Ulus\u00f6tesi Proje Toplant\u0131s\u0131<\/strong>, ayn\u0131 zamanda <strong>Polonya'da LTTA<\/strong> ve <strong>\u0130kinci entellekt\u00fcel \u00e7\u0131kt\u0131<\/strong>.<\/p>\n<p>Proje taraf\u0131ndan y\u00f6netilmektedir <a href=\"https:\/\/www.facebook.com\/Fundacja-Ornament-106372355063466\/\">Fundacja s\u00fcs<\/a> (Polonya), DYPALL Network ile ortakla\u015fa, <a href=\"http:\/\/krik.org.mk\/?fbclid=IwAR1hQyFXxuTKlVzlPjas2aoh9WAhPxkG7buU4zKaNF43za5Yu6vaHnFVHx0\">Krik<\/a> (Kuzey Makedonya'da) <a href=\"https:\/\/dark-1.com\/\">Koyu renk  \u2047  1<\/a> (Kuzey Makedonya'da) <a href=\"https:\/\/www.bangherang.it\/?page_id=5044&amp;lang=en\">Kategori: Bangherang (anlam ayr\u0131m\u0131)<\/a> (\u0130talya), taraf\u0131ndan finanse edilen <strong>Avrupa birli\u011fi<\/strong> arac\u0131l\u0131\u011f\u0131yla <strong>Erasmus+ Program\u0131<\/strong> ve arac\u0131l\u0131\u011f\u0131yla <strong>Polonya Ulusal Ajans\u0131'ndan.<\/strong><\/p>\n<p><a href=\"https:\/\/dypall.com\/tr\/2022\/07\/29\/youth-for-active-society-yas-project-kickoff-meeting-in-bologna-italy\/whatsapp-image-2022-07-28-at-13-33-59-1\/#main\" rel=\"attachment wp-att-5746\"><img loading=\"lazy\" decoding=\"async\" class=\"alignleft size-full wp-image-5746\" src=\"https:\/\/dypall.com\/wp-content\/uploads\/2022\/07\/WhatsApp-Image-2022-07-28-at-13.33.59-1.jpeg\" alt=\"\" width=\"2048\" height=\"1536\" \/><\/a> <a href=\"https:\/\/dypall.com\/tr\/2022\/07\/29\/youth-for-active-society-yas-project-kickoff-meeting-in-bologna-italy\/whatsapp-image-2022-07-28-at-13-33-59-2\/#main\" rel=\"attachment wp-att-5747\"><img loading=\"lazy\" decoding=\"async\" class=\"alignleft size-full wp-image-5747\" src=\"https:\/\/dypall.com\/wp-content\/uploads\/2022\/07\/WhatsApp-Image-2022-07-28-at-13.33.59-2.jpeg\" alt=\"\" width=\"1536\" height=\"2048\" \/><\/a> <a href=\"https:\/\/dypall.com\/tr\/2022\/07\/29\/youth-for-active-society-yas-project-kickoff-meeting-in-bologna-italy\/whatsapp-image-2022-07-28-at-13-33-59-3\/#main\" rel=\"attachment wp-att-5748\"><img loading=\"lazy\" decoding=\"async\" class=\"alignleft size-full wp-image-5748\" src=\"https:\/\/dypall.com\/wp-content\/uploads\/2022\/07\/WhatsApp-Image-2022-07-28-at-13.33.59-3.jpeg\" alt=\"\" width=\"1536\" height=\"2048\" \/><\/a><\/p>","protected":false},"excerpt":{"rendered":"<p>28  \u2047  29 Temmuz'da  \u2047 Youth for Active Society (YAS) \u2047  projesinin ba\u015flang\u0131\u00e7 toplant\u0131s\u0131 \u0130talya'n\u0131n Bologna kentinde ger\u00e7ekle\u015fti. Proje, yerel belediyelerdeki gen\u00e7lik politikalar\u0131n\u0131n haritas\u0131n\u0131 \u00e7\u0131karmay\u0131 ve gen\u00e7ler, STK'lardan gen\u00e7lik \u00e7al\u0131\u015fanlar\u0131 ve yerel makamlar aras\u0131nda k\u00f6pr\u00fcler kurmay\u0131 ama\u00e7l\u0131yor. Bu ilk toplant\u0131, ortaklar\u0131n bulu\u015fmas\u0131 i\u00e7in harika bir f\u0131rsatt\u0131... <a class=\"more-link\" href=\"https:\/\/dypall.com\/tr\/activity\/youth-for-active-society-yas-project-kickoff-meeting-in-bologna-italy\/\">Okumaya devam et <span class=\"screen-reader-text\">\u2047  AKT\u0130F TOPLUM \u0130\u00c7\u0130N GEN\u00c7L\u0130K (YAS) \u2047  PROJE  \u2047  BOLOGNA, \u0130TALYA'DA KICKOFF TOPLANTISI<\/span><\/a><\/p>","protected":false},"author":1,"featured_media":5750,"comment_status":"closed","ping_status":"open","sticky":false,"template":"","format":"standard","meta":{"_acf_changed":false,"_jetpack_memberships_contains_paid_content":false,"footnotes":""},"categories":[111],"tags":[],"class_list":["post-5745","post","type-post","status-publish","format-standard","has-post-thumbnail","hentry","category-activity","entry"],"acf":[],"yoast_head":"<!-- This site is optimized with the Yoast SEO plugin v22.8 - https:\/\/yoast.com\/wordpress\/plugins\/seo\/ -->\n<title>\u201cYOUTH FOR ACTIVE SOCIETY (YAS)\u201d PROJECT - KICKOFF MEETING in BOLOGNA, ITALY - DYPALL Network<\/title>\n<meta name=\"robots\" content=\"index, follow, max-snippet:-1, max-image-preview:large, max-video-preview:-1\" \/>\n<link rel=\"canonical\" href=\"https:\/\/dypall.com\/tr\/activity\/youth-for-active-society-yas-project-kickoff-meeting-in-bologna-italy\/\" \/>\n<meta property=\"og:locale\" content=\"tr_TR\" \/>\n<meta property=\"og:type\" content=\"article\" \/>\n<meta property=\"og:title\" content=\"\u201cYOUTH FOR ACTIVE SOCIETY (YAS)\u201d PROJECT - KICKOFF MEETING in BOLOGNA, ITALY - DYPALL Network\" \/>\n<meta property=\"og:description\" content=\"On 28th &#8211; 29th July, the kick-off meeting of the &#8220;Youth for Active Society (YAS)&#8221; project took place in Bologna, Italy. The project aims to map youth policies in local municipalities and build bridges between youngsters, youth workers from NGOs and local authorities. This first meeting was a great opportunity for the partners to meet&hellip; Okumaya devam et \u201cYOUTH FOR ACTIVE SOCIETY (YAS)\u201d PROJECT &#8211; KICKOFF MEETING in BOLOGNA, ITALY\" \/>\n<meta property=\"og:url\" content=\"https:\/\/dypall.com\/tr\/activity\/youth-for-active-society-yas-project-kickoff-meeting-in-bologna-italy\/\" \/>\n<meta property=\"og:site_name\" content=\"DYPALL Network\" \/>\n<meta property=\"article:published_time\" content=\"2022-07-29T11:13:27+00:00\" \/>\n<meta name=\"author\" content=\"DYPALL Network\" \/>\n<meta name=\"twitter:card\" content=\"summary_large_image\" \/>\n<meta name=\"twitter:label1\" content=\"Written by\" \/>\n\t<meta name=\"twitter:data1\" content=\"DYPALL Network\" \/>\n\t<meta name=\"twitter:label2\" content=\"Est. reading time\" \/>\n\t<meta name=\"twitter:data2\" content=\"1 dakika\" \/>\n<script type=\"application\/ld+json\" class=\"yoast-schema-graph\">{\"@context\":\"https:\/\/schema.org\",\"@graph\":[{\"@type\":\"WebPage\",\"@id\":\"https:\/\/dypall.com\/activity\/youth-for-active-society-yas-project-kickoff-meeting-in-bologna-italy\/\",\"url\":\"https:\/\/dypall.com\/activity\/youth-for-active-society-yas-project-kickoff-meeting-in-bologna-italy\/\",\"name\":\"\u201cYOUTH FOR ACTIVE SOCIETY (YAS)\u201d PROJECT - KICKOFF MEETING in BOLOGNA, ITALY - DYPALL Network\",\"isPartOf\":{\"@id\":\"https:\/\/dypall.com\/#website\"},\"primaryImageOfPage\":{\"@id\":\"https:\/\/dypall.com\/activity\/youth-for-active-society-yas-project-kickoff-meeting-in-bologna-italy\/#primaryimage\"},\"image\":{\"@id\":\"https:\/\/dypall.com\/activity\/youth-for-active-society-yas-project-kickoff-meeting-in-bologna-italy\/#primaryimage\"},\"thumbnailUrl\":\"\",\"datePublished\":\"2022-07-29T11:13:27+00:00\",\"dateModified\":\"2022-07-29T11:13:27+00:00\",\"author\":{\"@id\":\"https:\/\/dypall.com\/#\/schema\/person\/f92e08aa15c8ba711a9d153129f03377\"},\"breadcrumb\":{\"@id\":\"https:\/\/dypall.com\/activity\/youth-for-active-society-yas-project-kickoff-meeting-in-bologna-italy\/#breadcrumb\"},\"inLanguage\":\"tr\",\"potentialAction\":[{\"@type\":\"ReadAction\",\"target\":[\"https:\/\/dypall.com\/activity\/youth-for-active-society-yas-project-kickoff-meeting-in-bologna-italy\/\"]}]},{\"@type\":\"ImageObject\",\"inLanguage\":\"tr\",\"@id\":\"https:\/\/dypall.com\/activity\/youth-for-active-society-yas-project-kickoff-meeting-in-bologna-italy\/#primaryimage\",\"url\":\"\",\"contentUrl\":\"\"},{\"@type\":\"BreadcrumbList\",\"@id\":\"https:\/\/dypall.com\/activity\/youth-for-active-society-yas-project-kickoff-meeting-in-bologna-italy\/#breadcrumb\",\"itemListElement\":[{\"@type\":\"ListItem\",\"position\":1,\"name\":\"Home\",\"item\":\"https:\/\/dypall.com\/\"},{\"@type\":\"ListItem\",\"position\":2,\"name\":\"\u201cYOUTH FOR ACTIVE SOCIETY (YAS)\u201d PROJECT &#8211; KICKOFF MEETING in BOLOGNA, ITALY\"}]},{\"@type\":\"WebSite\",\"@id\":\"https:\/\/dypall.com\/#website\",\"url\":\"https:\/\/dypall.com\/\",\"name\":\"DYPALL Network\",\"description\":\"We are a European network of civil society organisations, municipalities and research institutions dedicated to improving democracy through youth participation.\",\"potentialAction\":[{\"@type\":\"SearchAction\",\"target\":{\"@type\":\"EntryPoint\",\"urlTemplate\":\"https:\/\/dypall.com\/?s={search_term_string}\"},\"query-input\":\"required name=search_term_string\"}],\"inLanguage\":\"tr\"},{\"@type\":\"Person\",\"@id\":\"https:\/\/dypall.com\/#\/schema\/person\/f92e08aa15c8ba711a9d153129f03377\",\"name\":\"DYPALL Network\",\"image\":{\"@type\":\"ImageObject\",\"inLanguage\":\"tr\",\"@id\":\"https:\/\/dypall.com\/#\/schema\/person\/image\/\",\"url\":\"https:\/\/secure.gravatar.com\/avatar\/9c39e299279800c6d69c5e02cf613e7bab060889f373052a03d7ac399e8f0d3c?s=96&d=mm&r=g\",\"contentUrl\":\"https:\/\/secure.gravatar.com\/avatar\/9c39e299279800c6d69c5e02cf613e7bab060889f373052a03d7ac399e8f0d3c?s=96&d=mm&r=g\",\"caption\":\"DYPALL Network\"},\"sameAs\":[\"https:\/\/dypall.com\"],\"url\":\"https:\/\/dypall.com\/tr\/author\/dypall\/\"}]}<\/script>\n<!-- \/ Yoast SEO plugin. -->","yoast_head_json":{"title":"\u201cYOUTH FOR ACTIVE SOCIETY (YAS)\u201d PROJECT - KICKOFF MEETING in BOLOGNA, ITALY - DYPALL Network","robots":{"index":"index","follow":"follow","max-snippet":"max-snippet:-1","max-image-preview":"max-image-preview:large","max-video-preview":"max-video-preview:-1"},"canonical":"https:\/\/dypall.com\/tr\/activity\/youth-for-active-society-yas-project-kickoff-meeting-in-bologna-italy\/","og_locale":"tr_TR","og_type":"article","og_title":"\u201cYOUTH FOR ACTIVE SOCIETY (YAS)\u201d PROJECT - KICKOFF MEETING in BOLOGNA, ITALY - DYPALL Network","og_description":"On 28th &#8211; 29th July, the kick-off meeting of the &#8220;Youth for Active Society (YAS)&#8221; project took place in Bologna, Italy. The project aims to map youth policies in local municipalities and build bridges between youngsters, youth workers from NGOs and local authorities. This first meeting was a great opportunity for the partners to meet&hellip; Okumaya devam et \u201cYOUTH FOR ACTIVE SOCIETY (YAS)\u201d PROJECT &#8211; KICKOFF MEETING in BOLOGNA, ITALY","og_url":"https:\/\/dypall.com\/tr\/activity\/youth-for-active-society-yas-project-kickoff-meeting-in-bologna-italy\/","og_site_name":"DYPALL Network","article_published_time":"2022-07-29T11:13:27+00:00","author":"DYPALL Network","twitter_card":"summary_large_image","twitter_misc":{"Written by":"DYPALL Network","Est. reading time":"1 dakika"},"schema":{"@context":"https:\/\/schema.org","@graph":[{"@type":"WebPage","@id":"https:\/\/dypall.com\/activity\/youth-for-active-society-yas-project-kickoff-meeting-in-bologna-italy\/","url":"https:\/\/dypall.com\/activity\/youth-for-active-society-yas-project-kickoff-meeting-in-bologna-italy\/","name":"\u201cYOUTH FOR ACTIVE SOCIETY (YAS)\u201d PROJECT - KICKOFF MEETING in BOLOGNA, ITALY - DYPALL Network","isPartOf":{"@id":"https:\/\/dypall.com\/#website"},"primaryImageOfPage":{"@id":"https:\/\/dypall.com\/activity\/youth-for-active-society-yas-project-kickoff-meeting-in-bologna-italy\/#primaryimage"},"image":{"@id":"https:\/\/dypall.com\/activity\/youth-for-active-society-yas-project-kickoff-meeting-in-bologna-italy\/#primaryimage"},"thumbnailUrl":"","datePublished":"2022-07-29T11:13:27+00:00","dateModified":"2022-07-29T11:13:27+00:00","author":{"@id":"https:\/\/dypall.com\/#\/schema\/person\/f92e08aa15c8ba711a9d153129f03377"},"breadcrumb":{"@id":"https:\/\/dypall.com\/activity\/youth-for-active-society-yas-project-kickoff-meeting-in-bologna-italy\/#breadcrumb"},"inLanguage":"tr","potentialAction":[{"@type":"ReadAction","target":["https:\/\/dypall.com\/activity\/youth-for-active-society-yas-project-kickoff-meeting-in-bologna-italy\/"]}]},{"@type":"ImageObject","inLanguage":"tr","@id":"https:\/\/dypall.com\/activity\/youth-for-active-society-yas-project-kickoff-meeting-in-bologna-italy\/#primaryimage","url":"","contentUrl":""},{"@type":"BreadcrumbList","@id":"https:\/\/dypall.com\/activity\/youth-for-active-society-yas-project-kickoff-meeting-in-bologna-italy\/#breadcrumb","itemListElement":[{"@type":"ListItem","position":1,"name":"Home","item":"https:\/\/dypall.com\/"},{"@type":"ListItem","position":2,"name":"\u201cYOUTH FOR ACTIVE SOCIETY (YAS)\u201d PROJECT &#8211; KICKOFF MEETING in BOLOGNA, ITALY"}]},{"@type":"WebSite","@id":"https:\/\/dypall.com\/#website","url":"https:\/\/dypall.com\/","name":"DYPALL Network","description":"We are a European network of civil society organisations, municipalities and research institutions dedicated to improving democracy through youth participation.","potentialAction":[{"@type":"SearchAction","target":{"@type":"EntryPoint","urlTemplate":"https:\/\/dypall.com\/?s={search_term_string}"},"query-input":"required name=search_term_string"}],"inLanguage":"tr"},{"@type":"Person","@id":"https:\/\/dypall.com\/#\/schema\/person\/f92e08aa15c8ba711a9d153129f03377","name":"DYPALL Network","image":{"@type":"ImageObject","inLanguage":"tr","@id":"https:\/\/dypall.com\/#\/schema\/person\/image\/","url":"https:\/\/secure.gravatar.com\/avatar\/9c39e299279800c6d69c5e02cf613e7bab060889f373052a03d7ac399e8f0d3c?s=96&d=mm&r=g","contentUrl":"https:\/\/secure.gravatar.com\/avatar\/9c39e299279800c6d69c5e02cf613e7bab060889f373052a03d7ac399e8f0d3c?s=96&d=mm&r=g","caption":"DYPALL Network"},"sameAs":["https:\/\/dypall.com"],"url":"https:\/\/dypall.com\/tr\/author\/dypall\/"}]}},"jetpack_featured_media_url":"","jetpack_sharing_enabled":true,"_links":{"self":[{"href":"https:\/\/dypall.com\/tr\/wp-json\/wp\/v2\/posts\/5745","targetHints":{"allow":["GET"]}}],"collection":[{"href":"https:\/\/dypall.com\/tr\/wp-json\/wp\/v2\/posts"}],"about":[{"href":"https:\/\/dypall.com\/tr\/wp-json\/wp\/v2\/types\/post"}],"author":[{"embeddable":true,"href":"https:\/\/dypall.com\/tr\/wp-json\/wp\/v2\/users\/1"}],"replies":[{"embeddable":true,"href":"https:\/\/dypall.com\/tr\/wp-json\/wp\/v2\/comments?post=5745"}],"version-history":[{"count":0,"href":"https:\/\/dypall.com\/tr\/wp-json\/wp\/v2\/posts\/5745\/revisions"}],"wp:featuredmedia":[{"embeddable":true,"href":"https:\/\/dypall.com\/tr\/wp-json\/"}],"wp:attachment":[{"href":"https:\/\/dypall.com\/tr\/wp-json\/wp\/v2\/media?parent=5745"}],"wp:term":[{"taxonomy":"category","embeddable":true,"href":"https:\/\/dypall.com\/tr\/wp-json\/wp\/v2\/categories?post=5745"},{"taxonomy":"post_tag","embeddable":true,"href":"https:\/\/dypall.com\/tr\/wp-json\/wp\/v2\/tags?post=5745"}],"curies":[{"name":"wp","href":"https:\/\/api.w.org\/{rel}","templated":true}]}}