{"id":5721,"date":"2022-07-26T15:22:36","date_gmt":"2022-07-26T14:22:36","guid":{"rendered":"https:\/\/dypall.com\/?p=5721"},"modified":"2022-07-26T15:22:36","modified_gmt":"2022-07-26T14:22:36","slug":"1-st-transnational-partners-meeting-of-the-project-local-youth-councils-at-international-scale-20-23-07-2022-rabat-morocco","status":"publish","type":"post","link":"https:\/\/dypall.com\/tr\/activity\/1-st-transnational-partners-meeting-of-the-project-local-youth-councils-at-international-scale-20-23-07-2022-rabat-morocco\/","title":{"rendered":"\u2047 Yerel Gen\u00e7lik Konseyleri Uluslararas\u0131 \u00d6l\u00e7ekli  \u2047  Proje Toplant\u0131s\u0131 Rabat, Fas"},"content":{"rendered":"<p>20-23 Temmuz'da DYPALL Network, ilk Ulus\u00f6tesi Ortaklar Toplant\u0131s\u0131'na \u00f6nc\u00fcl\u00fck etti. <strong>Proje  \u2047  Uluslararas\u0131 \u00d6l\u00e7ekte Yerel Gen\u00e7lik Konseyleri<\/strong>. Toplant\u0131 Fas'\u0131n Rabat kentinde ger\u00e7ekle\u015fti ve 3. Milenyum i\u00e7in Fas Gen\u00e7lik Forumu ev sahipli\u011fi yapt\u0131.<\/p>\n<p>Bu, ortaklar\u0131n \u015funlar\u0131 yapmas\u0131 i\u00e7in bir f\u0131rsatt\u0131:<br \/>\nBirbirinizi \u015fahsen tan\u0131mak,<br \/>\n\u2047  gibi son proje geli\u015fmeleri de dahil olmak \u00fczere projenin durumu hakk\u0131nda g\u00fcncelleme <strong>Ba\u015flang\u0131\u00e7 \u00e7evrimi\u00e7i konferans\u0131  \u2047 Uluslararas\u0131 \u00d6l\u00e7ekte Yerel Gen\u00e7lik Konseyleri  \u2047<\/strong>,<br \/>\nYerel gen\u00e7lik konseylerinde uzman grup \u00e7a\u011fr\u0131s\u0131n\u0131n ba\u015flat\u0131lmas\u0131, literat\u00fcr \u00e7al\u0131\u015fmas\u0131n\u0131n sonu\u00e7land\u0131r\u0131lmas\u0131 ve proje \u00fclkelerindeki yerel gen\u00e7lik konseylerinde iyi uygulamalar\u0131n haritaland\u0131r\u0131lmas\u0131n\u0131n ba\u015flat\u0131lmas\u0131 dahil olmak \u00fczere a\u015fa\u011f\u0131daki proje faaliyetlerini ayr\u0131nt\u0131l\u0131 olarak planlay\u0131n,<br \/>\n\u2047  idari konular\u0131 tart\u0131\u015fmak, yayma plan\u0131 ve izleme stratejisi.<\/p>\n<p>Proje  \u2047 'nin<em>Uluslararas\u0131 \u00d6l\u00e7ekli Yerel Gen\u00e7lik Konseyleri<\/em>\u2047  \u00fczerinde duruluyor <strong>Uluslararas\u0131 d\u00fczeyde gen\u00e7lik \u00e7al\u0131\u015fmalar\u0131n\u0131n kalitesi<\/strong> analiz etmek ve art\u0131rmak a\u00e7\u0131s\u0131ndan<strong> kapasiteleri<\/strong> ve <strong>Olas\u0131l\u0131klar<\/strong> Sivil toplum \u00f6rg\u00fctlerinden ve belediyelerden gen\u00e7lik \u00e7al\u0131\u015fanlar\u0131 <strong>gen\u00e7leri me\u015fgul etmek <\/strong>yerel d\u00fczeyde karar alma s\u00fcre\u00e7lerinde <strong>Yerel gen\u00e7lik konseyleri arac\u0131l\u0131\u011f\u0131yla<\/strong> ve <strong>Gen\u00e7leri donatmak<\/strong> kaliteli kat\u0131l\u0131m i\u00e7in beceri ve yetkinliklerle.<\/p>\n<p>Proje, DYPALL Network ile ortakla\u015fa koordine edilmektedir. <a href=\"https:\/\/www.europiamo.org\/\">Europiamo ETS<\/a> (\u0130talya'da) <a href=\"https:\/\/youthonboard.com.mk\/\">G\u00fcvertede Gen\u00e7lik<\/a> (Kuzey Makedonya'da) <a href=\"https:\/\/ysfi.ps\/En\/index.php\/en\/#\">Student \u2047 s Forum Enstit\u00fcs\u00fc<\/a> (Filistin'in ba\u015fkenti) <a href=\"https:\/\/www.facebook.com\/fjmtm\">3. Milenyum i\u00e7in Fas Gen\u00e7lik Forumu<\/a> (Fas'a ba\u011fl\u0131 olarak) <a href=\"https:\/\/www.facebook.com\/Fhird.tn\/\">Farhat Hached Ara\u015ft\u0131rma ve Demokrasi Enstit\u00fcs\u00fc<\/a> (Tunus'un ba\u015fkenti) alt\u0131nda finanse edilmektedir. <strong>Erasmus+ Gen\u00e7lik Alan\u0131nda Kapasite Geli\u015ftirme Program\u0131<\/strong> Andolsun, <strong>Avrupa E\u011fitim ve K\u00fclt\u00fcr Y\u00fcr\u00fctme Ajans\u0131.<\/strong><\/p>\n<p><a href=\"https:\/\/dypall.com\/tr\/2022\/07\/26\/1-st-transnational-partners-meeting-of-the-project-local-youth-councils-at-international-scale-20-23-07-2022-rabat-morocco\/img-20220721-wa0030\/#main\" rel=\"attachment wp-att-5730\"><br \/>\n<img loading=\"lazy\" decoding=\"async\" class=\"alignleft size-full wp-image-5730\" src=\"https:\/\/dypall.com\/wp-content\/uploads\/2022\/07\/IMG-20220721-WA0030.jpg\" alt=\"\" width=\"2048\" height=\"1536\" \/><\/a> <a href=\"https:\/\/dypall.com\/tr\/2022\/07\/26\/1-st-transnational-partners-meeting-of-the-project-local-youth-councils-at-international-scale-20-23-07-2022-rabat-morocco\/img-20220721-wa0054\/#main\" rel=\"attachment wp-att-5729\"><img loading=\"lazy\" decoding=\"async\" class=\"alignleft size-full wp-image-5729\" src=\"https:\/\/dypall.com\/wp-content\/uploads\/2022\/07\/IMG-20220721-WA0054.jpg\" alt=\"\" width=\"1536\" height=\"2048\" \/><\/a> <a href=\"https:\/\/dypall.com\/tr\/2022\/07\/26\/1-st-transnational-partners-meeting-of-the-project-local-youth-councils-at-international-scale-20-23-07-2022-rabat-morocco\/img-20220721-wa0045\/#main\" rel=\"attachment wp-att-5728\"><img loading=\"lazy\" decoding=\"async\" class=\"alignleft size-full wp-image-5728\" src=\"https:\/\/dypall.com\/wp-content\/uploads\/2022\/07\/IMG-20220721-WA0045.jpg\" alt=\"\" width=\"2048\" height=\"1536\" \/><\/a> <a href=\"https:\/\/dypall.com\/tr\/2022\/07\/26\/1-st-transnational-partners-meeting-of-the-project-local-youth-councils-at-international-scale-20-23-07-2022-rabat-morocco\/img-20220723-wa0042\/#main\" rel=\"attachment wp-att-5727\"><img loading=\"lazy\" decoding=\"async\" class=\"alignleft size-full wp-image-5727\" src=\"https:\/\/dypall.com\/wp-content\/uploads\/2022\/07\/IMG-20220723-WA0042.jpg\" alt=\"\" width=\"1536\" height=\"2048\" \/><\/a> <a href=\"https:\/\/dypall.com\/tr\/2022\/07\/26\/1-st-transnational-partners-meeting-of-the-project-local-youth-councils-at-international-scale-20-23-07-2022-rabat-morocco\/img-20220721-wa0026\/#main\" rel=\"attachment wp-att-5731\"><img loading=\"lazy\" decoding=\"async\" class=\"alignleft size-full wp-image-5731\" src=\"https:\/\/dypall.com\/wp-content\/uploads\/2022\/07\/IMG-20220721-WA0026.jpg\" alt=\"\" width=\"1536\" height=\"2048\" \/><\/a> <a href=\"https:\/\/dypall.com\/tr\/2022\/07\/26\/1-st-transnational-partners-meeting-of-the-project-local-youth-councils-at-international-scale-20-23-07-2022-rabat-morocco\/img-20220723-wa0019\/#main\" rel=\"attachment wp-att-5725\"><img loading=\"lazy\" decoding=\"async\" class=\"alignleft size-full wp-image-5725\" src=\"https:\/\/dypall.com\/wp-content\/uploads\/2022\/07\/IMG-20220723-WA0019.jpg\" alt=\"\" width=\"2048\" height=\"1536\" \/><\/a> <a href=\"https:\/\/dypall.com\/tr\/2022\/07\/26\/1-st-transnational-partners-meeting-of-the-project-local-youth-councils-at-international-scale-20-23-07-2022-rabat-morocco\/img-20220723-wa0024\/#main\" rel=\"attachment wp-att-5724\"><img loading=\"lazy\" decoding=\"async\" class=\"alignleft size-full wp-image-5724\" src=\"https:\/\/dypall.com\/wp-content\/uploads\/2022\/07\/IMG-20220723-WA0024.jpg\" alt=\"\" width=\"2048\" height=\"1536\" \/><\/a> <a href=\"https:\/\/dypall.com\/tr\/2022\/07\/26\/1-st-transnational-partners-meeting-of-the-project-local-youth-councils-at-international-scale-20-23-07-2022-rabat-morocco\/img-20220723-wa0025\/#main\" rel=\"attachment wp-att-5723\"><img loading=\"lazy\" decoding=\"async\" class=\"alignleft size-full wp-image-5723\" src=\"https:\/\/dypall.com\/wp-content\/uploads\/2022\/07\/IMG-20220723-WA0025.jpg\" alt=\"\" width=\"1536\" height=\"2048\" \/><\/a> <a href=\"https:\/\/dypall.com\/tr\/2022\/07\/26\/1-st-transnational-partners-meeting-of-the-project-local-youth-councils-at-international-scale-20-23-07-2022-rabat-morocco\/img-20220723-wa0014\/#main\" rel=\"attachment wp-att-5726\"><img loading=\"lazy\" decoding=\"async\" class=\"alignleft size-full wp-image-5726\" src=\"https:\/\/dypall.com\/wp-content\/uploads\/2022\/07\/IMG-20220723-WA0014.jpg\" alt=\"\" width=\"1536\" height=\"2048\" \/><\/a><\/p>","protected":false},"excerpt":{"rendered":"<p>20-23 Temmuz'da DYPALL Network, Uluslararas\u0131 \u00d6l\u00e7ekte  \u2047 Yerel Gen\u00e7lik Konseyleri projesinin ilk Ulus\u00f6tesi Ortaklar Toplant\u0131s\u0131na liderlik etti. Toplant\u0131 Fas'\u0131n Rabat kentinde ger\u00e7ekle\u015fti ve 3. Milenyum i\u00e7in Fas Gen\u00e7lik Forumu ev sahipli\u011fi yapt\u0131. Bu, ortaklar\u0131n \u015funlar\u0131 yapmas\u0131 i\u00e7in bir f\u0131rsatt\u0131: Birbirinizi daha yak\u0131ndan tan\u0131y\u0131n... <a class=\"more-link\" href=\"https:\/\/dypall.com\/tr\/activity\/1-st-transnational-partners-meeting-of-the-project-local-youth-councils-at-international-scale-20-23-07-2022-rabat-morocco\/\">Okumaya devam et <span class=\"screen-reader-text\">\u2047 Yerel Gen\u00e7lik Konseyleri Uluslararas\u0131 \u00d6l\u00e7ekli  \u2047  Proje Toplant\u0131s\u0131 Rabat, Fas<\/span><\/a><\/p>","protected":false},"author":2,"featured_media":5722,"comment_status":"closed","ping_status":"open","sticky":false,"template":"","format":"standard","meta":{"_acf_changed":false,"_jetpack_memberships_contains_paid_content":false,"footnotes":""},"categories":[111],"tags":[],"class_list":["post-5721","post","type-post","status-publish","format-standard","has-post-thumbnail","hentry","category-activity","entry"],"acf":[],"yoast_head":"<!-- This site is optimized with the Yoast SEO plugin v22.8 - https:\/\/yoast.com\/wordpress\/plugins\/seo\/ -->\n<title>\u201cLocal Youth Councils at International Scale\u201d Project Meeting in Rabat, Morocco - DYPALL Network<\/title>\n<meta name=\"robots\" content=\"index, follow, max-snippet:-1, max-image-preview:large, max-video-preview:-1\" \/>\n<link rel=\"canonical\" href=\"https:\/\/dypall.com\/tr\/activity\/1-st-transnational-partners-meeting-of-the-project-local-youth-councils-at-international-scale-20-23-07-2022-rabat-morocco\/\" \/>\n<meta property=\"og:locale\" content=\"tr_TR\" \/>\n<meta property=\"og:type\" content=\"article\" \/>\n<meta property=\"og:title\" content=\"\u201cLocal Youth Councils at International Scale\u201d Project Meeting in Rabat, Morocco - DYPALL Network\" \/>\n<meta property=\"og:description\" content=\"On the 20-23 July, DYPALL Network led the first Transnational Partners Meeting of the project &#8220;Local Youth Councils at International Scale&#8221;. The meeting took place in Rabat, Morocco, and was hosted by the Moroccan Youth Forum for the 3rd Millenium. It was an opportunity for the partners to: &#8211; get to know each other in&hellip; Okumaya devam et \u201cLocal Youth Councils at International Scale\u201d Project Meeting in Rabat, Morocco\" \/>\n<meta property=\"og:url\" content=\"https:\/\/dypall.com\/tr\/activity\/1-st-transnational-partners-meeting-of-the-project-local-youth-councils-at-international-scale-20-23-07-2022-rabat-morocco\/\" \/>\n<meta property=\"og:site_name\" content=\"DYPALL Network\" \/>\n<meta property=\"article:published_time\" content=\"2022-07-26T14:22:36+00:00\" \/>\n<meta name=\"author\" content=\"dypall\" \/>\n<meta name=\"twitter:card\" content=\"summary_large_image\" \/>\n<meta name=\"twitter:label1\" content=\"Written by\" \/>\n\t<meta name=\"twitter:data1\" content=\"dypall\" \/>\n\t<meta name=\"twitter:label2\" content=\"Est. reading time\" \/>\n\t<meta name=\"twitter:data2\" content=\"1 dakika\" \/>\n<script type=\"application\/ld+json\" class=\"yoast-schema-graph\">{\"@context\":\"https:\/\/schema.org\",\"@graph\":[{\"@type\":\"WebPage\",\"@id\":\"https:\/\/dypall.com\/activity\/1-st-transnational-partners-meeting-of-the-project-local-youth-councils-at-international-scale-20-23-07-2022-rabat-morocco\/\",\"url\":\"https:\/\/dypall.com\/activity\/1-st-transnational-partners-meeting-of-the-project-local-youth-councils-at-international-scale-20-23-07-2022-rabat-morocco\/\",\"name\":\"\u201cLocal Youth Councils at International Scale\u201d Project Meeting in Rabat, Morocco - DYPALL Network\",\"isPartOf\":{\"@id\":\"https:\/\/dypall.com\/#website\"},\"primaryImageOfPage\":{\"@id\":\"https:\/\/dypall.com\/activity\/1-st-transnational-partners-meeting-of-the-project-local-youth-councils-at-international-scale-20-23-07-2022-rabat-morocco\/#primaryimage\"},\"image\":{\"@id\":\"https:\/\/dypall.com\/activity\/1-st-transnational-partners-meeting-of-the-project-local-youth-councils-at-international-scale-20-23-07-2022-rabat-morocco\/#primaryimage\"},\"thumbnailUrl\":\"\",\"datePublished\":\"2022-07-26T14:22:36+00:00\",\"dateModified\":\"2022-07-26T14:22:36+00:00\",\"author\":{\"@id\":\"https:\/\/dypall.com\/#\/schema\/person\/206350efe851997fcdedef75d118766b\"},\"breadcrumb\":{\"@id\":\"https:\/\/dypall.com\/activity\/1-st-transnational-partners-meeting-of-the-project-local-youth-councils-at-international-scale-20-23-07-2022-rabat-morocco\/#breadcrumb\"},\"inLanguage\":\"tr\",\"potentialAction\":[{\"@type\":\"ReadAction\",\"target\":[\"https:\/\/dypall.com\/activity\/1-st-transnational-partners-meeting-of-the-project-local-youth-councils-at-international-scale-20-23-07-2022-rabat-morocco\/\"]}]},{\"@type\":\"ImageObject\",\"inLanguage\":\"tr\",\"@id\":\"https:\/\/dypall.com\/activity\/1-st-transnational-partners-meeting-of-the-project-local-youth-councils-at-international-scale-20-23-07-2022-rabat-morocco\/#primaryimage\",\"url\":\"\",\"contentUrl\":\"\"},{\"@type\":\"BreadcrumbList\",\"@id\":\"https:\/\/dypall.com\/activity\/1-st-transnational-partners-meeting-of-the-project-local-youth-councils-at-international-scale-20-23-07-2022-rabat-morocco\/#breadcrumb\",\"itemListElement\":[{\"@type\":\"ListItem\",\"position\":1,\"name\":\"Home\",\"item\":\"https:\/\/dypall.com\/\"},{\"@type\":\"ListItem\",\"position\":2,\"name\":\"\u201cLocal Youth Councils at International Scale\u201d Project Meeting in Rabat, Morocco\"}]},{\"@type\":\"WebSite\",\"@id\":\"https:\/\/dypall.com\/#website\",\"url\":\"https:\/\/dypall.com\/\",\"name\":\"DYPALL Network\",\"description\":\"We are a European network of civil society organisations, municipalities and research institutions dedicated to improving democracy through youth participation.\",\"potentialAction\":[{\"@type\":\"SearchAction\",\"target\":{\"@type\":\"EntryPoint\",\"urlTemplate\":\"https:\/\/dypall.com\/?s={search_term_string}\"},\"query-input\":\"required name=search_term_string\"}],\"inLanguage\":\"tr\"},{\"@type\":\"Person\",\"@id\":\"https:\/\/dypall.com\/#\/schema\/person\/206350efe851997fcdedef75d118766b\",\"name\":\"dypall\",\"image\":{\"@type\":\"ImageObject\",\"inLanguage\":\"tr\",\"@id\":\"https:\/\/dypall.com\/#\/schema\/person\/image\/\",\"url\":\"https:\/\/secure.gravatar.com\/avatar\/14e8d3d8841cd0bdf69915120bcf9fcfac1567f1dc7035664907322ac47efe29?s=96&d=mm&r=g\",\"contentUrl\":\"https:\/\/secure.gravatar.com\/avatar\/14e8d3d8841cd0bdf69915120bcf9fcfac1567f1dc7035664907322ac47efe29?s=96&d=mm&r=g\",\"caption\":\"dypall\"},\"url\":\"https:\/\/dypall.com\/tr\/author\/dypall_info\/\"}]}<\/script>\n<!-- \/ Yoast SEO plugin. -->","yoast_head_json":{"title":"\u201cLocal Youth Councils at International Scale\u201d Project Meeting in Rabat, Morocco - DYPALL Network","robots":{"index":"index","follow":"follow","max-snippet":"max-snippet:-1","max-image-preview":"max-image-preview:large","max-video-preview":"max-video-preview:-1"},"canonical":"https:\/\/dypall.com\/tr\/activity\/1-st-transnational-partners-meeting-of-the-project-local-youth-councils-at-international-scale-20-23-07-2022-rabat-morocco\/","og_locale":"tr_TR","og_type":"article","og_title":"\u201cLocal Youth Councils at International Scale\u201d Project Meeting in Rabat, Morocco - DYPALL Network","og_description":"On the 20-23 July, DYPALL Network led the first Transnational Partners Meeting of the project &#8220;Local Youth Councils at International Scale&#8221;. The meeting took place in Rabat, Morocco, and was hosted by the Moroccan Youth Forum for the 3rd Millenium. It was an opportunity for the partners to: &#8211; get to know each other in&hellip; Okumaya devam et \u201cLocal Youth Councils at International Scale\u201d Project Meeting in Rabat, Morocco","og_url":"https:\/\/dypall.com\/tr\/activity\/1-st-transnational-partners-meeting-of-the-project-local-youth-councils-at-international-scale-20-23-07-2022-rabat-morocco\/","og_site_name":"DYPALL Network","article_published_time":"2022-07-26T14:22:36+00:00","author":"dypall","twitter_card":"summary_large_image","twitter_misc":{"Written by":"dypall","Est. reading time":"1 dakika"},"schema":{"@context":"https:\/\/schema.org","@graph":[{"@type":"WebPage","@id":"https:\/\/dypall.com\/activity\/1-st-transnational-partners-meeting-of-the-project-local-youth-councils-at-international-scale-20-23-07-2022-rabat-morocco\/","url":"https:\/\/dypall.com\/activity\/1-st-transnational-partners-meeting-of-the-project-local-youth-councils-at-international-scale-20-23-07-2022-rabat-morocco\/","name":"\u201cLocal Youth Councils at International Scale\u201d Project Meeting in Rabat, Morocco - DYPALL Network","isPartOf":{"@id":"https:\/\/dypall.com\/#website"},"primaryImageOfPage":{"@id":"https:\/\/dypall.com\/activity\/1-st-transnational-partners-meeting-of-the-project-local-youth-councils-at-international-scale-20-23-07-2022-rabat-morocco\/#primaryimage"},"image":{"@id":"https:\/\/dypall.com\/activity\/1-st-transnational-partners-meeting-of-the-project-local-youth-councils-at-international-scale-20-23-07-2022-rabat-morocco\/#primaryimage"},"thumbnailUrl":"","datePublished":"2022-07-26T14:22:36+00:00","dateModified":"2022-07-26T14:22:36+00:00","author":{"@id":"https:\/\/dypall.com\/#\/schema\/person\/206350efe851997fcdedef75d118766b"},"breadcrumb":{"@id":"https:\/\/dypall.com\/activity\/1-st-transnational-partners-meeting-of-the-project-local-youth-councils-at-international-scale-20-23-07-2022-rabat-morocco\/#breadcrumb"},"inLanguage":"tr","potentialAction":[{"@type":"ReadAction","target":["https:\/\/dypall.com\/activity\/1-st-transnational-partners-meeting-of-the-project-local-youth-councils-at-international-scale-20-23-07-2022-rabat-morocco\/"]}]},{"@type":"ImageObject","inLanguage":"tr","@id":"https:\/\/dypall.com\/activity\/1-st-transnational-partners-meeting-of-the-project-local-youth-councils-at-international-scale-20-23-07-2022-rabat-morocco\/#primaryimage","url":"","contentUrl":""},{"@type":"BreadcrumbList","@id":"https:\/\/dypall.com\/activity\/1-st-transnational-partners-meeting-of-the-project-local-youth-councils-at-international-scale-20-23-07-2022-rabat-morocco\/#breadcrumb","itemListElement":[{"@type":"ListItem","position":1,"name":"Home","item":"https:\/\/dypall.com\/"},{"@type":"ListItem","position":2,"name":"\u201cLocal Youth Councils at International Scale\u201d Project Meeting in Rabat, Morocco"}]},{"@type":"WebSite","@id":"https:\/\/dypall.com\/#website","url":"https:\/\/dypall.com\/","name":"DYPALL Network","description":"We are a European network of civil society organisations, municipalities and research institutions dedicated to improving democracy through youth participation.","potentialAction":[{"@type":"SearchAction","target":{"@type":"EntryPoint","urlTemplate":"https:\/\/dypall.com\/?s={search_term_string}"},"query-input":"required name=search_term_string"}],"inLanguage":"tr"},{"@type":"Person","@id":"https:\/\/dypall.com\/#\/schema\/person\/206350efe851997fcdedef75d118766b","name":"dypall","image":{"@type":"ImageObject","inLanguage":"tr","@id":"https:\/\/dypall.com\/#\/schema\/person\/image\/","url":"https:\/\/secure.gravatar.com\/avatar\/14e8d3d8841cd0bdf69915120bcf9fcfac1567f1dc7035664907322ac47efe29?s=96&d=mm&r=g","contentUrl":"https:\/\/secure.gravatar.com\/avatar\/14e8d3d8841cd0bdf69915120bcf9fcfac1567f1dc7035664907322ac47efe29?s=96&d=mm&r=g","caption":"dypall"},"url":"https:\/\/dypall.com\/tr\/author\/dypall_info\/"}]}},"jetpack_featured_media_url":"","jetpack_sharing_enabled":true,"_links":{"self":[{"href":"https:\/\/dypall.com\/tr\/wp-json\/wp\/v2\/posts\/5721","targetHints":{"allow":["GET"]}}],"collection":[{"href":"https:\/\/dypall.com\/tr\/wp-json\/wp\/v2\/posts"}],"about":[{"href":"https:\/\/dypall.com\/tr\/wp-json\/wp\/v2\/types\/post"}],"author":[{"embeddable":true,"href":"https:\/\/dypall.com\/tr\/wp-json\/wp\/v2\/users\/2"}],"replies":[{"embeddable":true,"href":"https:\/\/dypall.com\/tr\/wp-json\/wp\/v2\/comments?post=5721"}],"version-history":[{"count":0,"href":"https:\/\/dypall.com\/tr\/wp-json\/wp\/v2\/posts\/5721\/revisions"}],"wp:featuredmedia":[{"embeddable":true,"href":"https:\/\/dypall.com\/tr\/wp-json\/"}],"wp:attachment":[{"href":"https:\/\/dypall.com\/tr\/wp-json\/wp\/v2\/media?parent=5721"}],"wp:term":[{"taxonomy":"category","embeddable":true,"href":"https:\/\/dypall.com\/tr\/wp-json\/wp\/v2\/categories?post=5721"},{"taxonomy":"post_tag","embeddable":true,"href":"https:\/\/dypall.com\/tr\/wp-json\/wp\/v2\/tags?post=5721"}],"curies":[{"name":"wp","href":"https:\/\/api.w.org\/{rel}","templated":true}]}}