{"id":5620,"date":"2022-06-06T13:56:40","date_gmt":"2022-06-06T12:56:40","guid":{"rendered":"https:\/\/dypall.com\/?p=5620"},"modified":"2022-06-06T13:56:40","modified_gmt":"2022-06-06T12:56:40","slug":"final-conference-of-the-project-migrant-children-and-communities-in-a-transforming-europe-ljubljana-slovenia","status":"publish","type":"post","link":"https:\/\/dypall.com\/tr\/conference\/final-conference-of-the-project-migrant-children-and-communities-in-a-transforming-europe-ljubljana-slovenia\/","title":{"rendered":"\u2047 Migrant Children and Communities in a Transforming Europe \u2047  projesinin son konferans\u0131 (Ljubljana, Slovenya)"},"content":{"rendered":"<div><\/div>\n<div dir=\"auto\">\n<p>2-3 Haziran'da Slovenya'n\u0131n Ljubljana kentinde DYPALL Network, Avrupa'n\u0131n d\u00f6rt bir yan\u0131ndan yakla\u015f\u0131k 80 ara\u015ft\u0131rmac\u0131n\u0131n g\u00f6\u00e7men \u00e7ocuklar\u0131n kapsay\u0131c\u0131l\u0131\u011f\u0131 konusundaki ara\u015ft\u0131rmalar\u0131n\u0131n sonu\u00e7lar\u0131n\u0131 payla\u015fma \u015fans\u0131 buldu\u011fu  \u2047 Migrant Children and Communities in a Transforming Europe \u2047  (MiCreate) projesinin son konferans\u0131na kat\u0131ld\u0131. Ayn\u0131 zamanda bu 3 y\u0131ll\u0131k projeyi kapatmak, sonu\u00e7lar\u0131n\u0131 \u00f6zetlemek ve nihai takip faaliyetlerini planlamak i\u00e7in bir f\u0131rsatt\u0131.<\/p>\n<p>Projenin t\u00fcm sonu\u00e7lar\u0131 projenin web sitesinde mevcuttur (<a href=\"http:\/\/micreate.eu\">micreate.eu<\/a>), di\u011ferleri aras\u0131nda:<\/p>\n<ul>\n<li><a href=\"https:\/\/www.micreate.eu\/index.php\/policy-lab\/\">Avrupa ve ulusal politika \u00f6zetleri ve tavsiyeler<\/a><\/li>\n<li><a href=\"https:\/\/www.micreate.eu\/index.php\/integration-lab\/\">\u00f6\u011fretmenler i\u00e7in pratik ara\u00e7lar: Kapsay\u0131c\u0131 e\u011fitim i\u00e7in iyi uygulamalar ve dijital uygulamalar i\u00e7eren el kitab\u0131<\/a><\/li>\n<li><a href=\"https:\/\/www.micreate.eu\/index.php\/reports\/\">sanat\u0131n durumu, kabul topluluklar\u0131, e\u011fitim topluluklar\u0131 ve okul sistemleri veya okullardaki saha \u00e7al\u0131\u015fmalar\u0131 hakk\u0131nda raporlar<\/a><\/li>\n<\/ul>\n<p>MiCreate projesi, g\u00f6\u00e7men \u00e7ocuklar\u0131n e\u011fitim ve politika seviyelerine entegrasyonuna \u00e7ocuk merkezli bir yakla\u015f\u0131m benimseyerek \u00e7e\u015fitli g\u00f6\u00e7men \u00e7ocuk gruplar\u0131n\u0131n dahil edilmesini te\u015fvik etmeyi ama\u00e7lamaktad\u0131r. Proje, 15 Avrupa orta\u011f\u0131ndan olu\u015fan bir konsorsiyum taraf\u0131ndan Ufuk 2020 projesi olarak uygulanm\u0131\u015ft\u0131r. <a href=\"https:\/\/www.facebook.com\/zrskp?__cft__[0]=AZXUsN8sA7LrYeDiOcTNh08JgNXBSLDZk8VRKbnBsZXrQZAGuf9inViM_jz4TdG-elA4SDzKlducPlaAgfcbX9yl2yoaLsmfVOn3GquEx5iX56y3-yg-y4t6bFT5o6qS5zSHWx6OsWbrkcRrPY3OOHy-TfO_gcj2dh0hlOiXR8I2o8znc4Y2cV-1i-C9BFs9JB3zGTmm4oSSpUQYsM3ullpW&amp;__tn__=-]K-R\">Znanstveno-raziskovalno sredi\u0161\u010de Koper,<\/a> ve 10 \u00fclkede ve onlarca e\u011fitim tesisinde saha ara\u015ft\u0131rmalar\u0131na dayan\u0131yordu. Projenin en b\u00fcy\u00fck yenili\u011fi t\u00fcm ara\u015ft\u0131rma faaliyetlerinde \u00c7OCUK MERKEZ\u0130 YAKLA\u015eIM oldu.<\/p>\n<p>\u00c7ocuk Odakl\u0131 Yakla\u015f\u0131m Nedir? Bu bir ara\u015ft\u0131rma metodolojisidir, bu:<\/p>\n<ul>\n<li>\u00c7ocuklara odaklan\u0131r (gelecekteki yeti\u015fkinler olarak \u00e7ocuklara de\u011fil), refahlar\u0131na ve kat\u0131l\u0131mlar\u0131na odaklan\u0131r,<\/li>\n<li>\u00c7ocuklar\u0131n kendi ya\u015famlar\u0131n\u0131 nas\u0131l deneyimledi\u011fine ve tan\u0131mlad\u0131\u011f\u0131na, onlar i\u00e7in neyin \u00f6nemli oldu\u011funa, entegrasyonu \/ refah\u0131 nas\u0131l anlad\u0131klar\u0131na ve bu s\u00fcre\u00e7te kendileri i\u00e7in neyin \u00f6nemli oldu\u011funa odaklan\u0131n,<\/li>\n<li>Bu \u00e7ocuklar\u0131n seslerini ve bak\u0131\u015f a\u00e7\u0131lar\u0131n\u0131 projenin metodolojisine, ara\u015ft\u0131rmas\u0131na, politika \u00f6nerilerine ve \u00f6\u011frenme materyallerine dahil eder.<\/li>\n<\/ul>\n<\/div>\n<div class=\"cxmmr5t8 oygrvhab hcukyx3x c1et5uql o9v6fnle ii04i59q\">\n<div dir=\"auto\">\n<div dir=\"auto\"><a href=\"https:\/\/dypall.com\/tr\/2022\/06\/27\/final-conference-of-the-project-migrant-children-and-communities-in-a-transforming-europe-ljubljana-slovenia\/1-22\/#main\" rel=\"attachment wp-att-5621\"><img loading=\"lazy\" decoding=\"async\" class=\"alignleft size-large wp-image-5621\" src=\"https:\/\/dypall.com\/wp-content\/uploads\/2022\/06\/1-1024x683.jpg\" alt=\"\" width=\"1024\" height=\"683\" \/><\/a> <a href=\"https:\/\/dypall.com\/tr\/2022\/06\/27\/final-conference-of-the-project-migrant-children-and-communities-in-a-transforming-europe-ljubljana-slovenia\/2-24\/#main\" rel=\"attachment wp-att-5622\"><img loading=\"lazy\" decoding=\"async\" class=\"alignleft size-large wp-image-5622\" src=\"https:\/\/dypall.com\/wp-content\/uploads\/2022\/06\/2-1024x683.jpg\" alt=\"\" width=\"1024\" height=\"683\" \/><\/a> <a href=\"https:\/\/dypall.com\/tr\/2022\/06\/27\/final-conference-of-the-project-migrant-children-and-communities-in-a-transforming-europe-ljubljana-slovenia\/3-21\/#main\" rel=\"attachment wp-att-5623\"><img loading=\"lazy\" decoding=\"async\" class=\"alignleft size-large wp-image-5623\" src=\"https:\/\/dypall.com\/wp-content\/uploads\/2022\/06\/3-1024x683.jpg\" alt=\"\" width=\"1024\" height=\"683\" \/><\/a><\/div>\n<\/div>\n<\/div>\n<div class=\"cxmmr5t8 oygrvhab hcukyx3x c1et5uql o9v6fnle ii04i59q\">\n<div dir=\"auto\"><\/div>\n<\/div>","protected":false},"excerpt":{"rendered":"<p>2-3 Haziran'da Slovenya'n\u0131n Ljubljana kentinde DYPALL Network, Avrupa'n\u0131n d\u00f6rt bir yan\u0131ndan yakla\u015f\u0131k 80 ara\u015ft\u0131rmac\u0131n\u0131n g\u00f6\u00e7men \u00e7ocuklar\u0131n kapsay\u0131c\u0131l\u0131\u011f\u0131 konusundaki ara\u015ft\u0131rmalar\u0131n\u0131n sonu\u00e7lar\u0131n\u0131 payla\u015fma \u015fans\u0131 buldu\u011fu  \u2047 Migrant Children and Communities in a Transforming Europe \u2047  (MiCreate) projesinin son konferans\u0131na kat\u0131ld\u0131. Ayn\u0131 zamanda bir... <a class=\"more-link\" href=\"https:\/\/dypall.com\/tr\/conference\/final-conference-of-the-project-migrant-children-and-communities-in-a-transforming-europe-ljubljana-slovenia\/\">Okumaya devam et <span class=\"screen-reader-text\">\u2047 Migrant Children and Communities in a Transforming Europe \u2047  projesinin son konferans\u0131 (Ljubljana, Slovenya)<\/span><\/a><\/p>","protected":false},"author":2,"featured_media":5623,"comment_status":"closed","ping_status":"open","sticky":false,"template":"","format":"standard","meta":{"_acf_changed":false,"_jetpack_memberships_contains_paid_content":false,"footnotes":""},"categories":[112],"tags":[],"class_list":["post-5620","post","type-post","status-publish","format-standard","has-post-thumbnail","hentry","category-conference","entry"],"acf":[],"yoast_head":"<!-- This site is optimized with the Yoast SEO plugin v22.8 - https:\/\/yoast.com\/wordpress\/plugins\/seo\/ -->\n<title>Final conference of the project \u201cMigrant Children and Communities in a Transforming Europe\u201d (Ljubljana, Slovenia) - DYPALL Network<\/title>\n<meta name=\"robots\" content=\"index, follow, max-snippet:-1, max-image-preview:large, max-video-preview:-1\" \/>\n<link rel=\"canonical\" href=\"https:\/\/dypall.com\/tr\/conference\/final-conference-of-the-project-migrant-children-and-communities-in-a-transforming-europe-ljubljana-slovenia\/\" \/>\n<meta property=\"og:locale\" content=\"tr_TR\" \/>\n<meta property=\"og:type\" content=\"article\" \/>\n<meta property=\"og:title\" content=\"Final conference of the project \u201cMigrant Children and Communities in a Transforming Europe\u201d (Ljubljana, Slovenia) - DYPALL Network\" \/>\n<meta property=\"og:description\" content=\"On the 2-3 June in Ljubljana, Slovenia, DYPALL Network took part in the final conference of the project \u201cMigrant Children and Communities in a Transforming Europe\u201d (MiCreate) where almost 80 researchers from all over Europe had a chance to share the outcomes of their research on the inclusiveness of migrant children. It was also an&hellip; Okumaya devam et Final conference of the project \u201cMigrant Children and Communities in a Transforming Europe\u201d (Ljubljana, Slovenia)\" \/>\n<meta property=\"og:url\" content=\"https:\/\/dypall.com\/tr\/conference\/final-conference-of-the-project-migrant-children-and-communities-in-a-transforming-europe-ljubljana-slovenia\/\" \/>\n<meta property=\"og:site_name\" content=\"DYPALL Network\" \/>\n<meta property=\"article:published_time\" content=\"2022-06-06T12:56:40+00:00\" \/>\n<meta name=\"author\" content=\"dypall\" \/>\n<meta name=\"twitter:card\" content=\"summary_large_image\" \/>\n<meta name=\"twitter:label1\" content=\"Written by\" \/>\n\t<meta name=\"twitter:data1\" content=\"dypall\" \/>\n\t<meta name=\"twitter:label2\" content=\"Est. reading time\" \/>\n\t<meta name=\"twitter:data2\" content=\"1 dakika\" \/>\n<script type=\"application\/ld+json\" class=\"yoast-schema-graph\">{\"@context\":\"https:\/\/schema.org\",\"@graph\":[{\"@type\":\"WebPage\",\"@id\":\"https:\/\/dypall.com\/conference\/final-conference-of-the-project-migrant-children-and-communities-in-a-transforming-europe-ljubljana-slovenia\/\",\"url\":\"https:\/\/dypall.com\/conference\/final-conference-of-the-project-migrant-children-and-communities-in-a-transforming-europe-ljubljana-slovenia\/\",\"name\":\"Final conference of the project \u201cMigrant Children and Communities in a Transforming Europe\u201d (Ljubljana, Slovenia) - DYPALL Network\",\"isPartOf\":{\"@id\":\"https:\/\/dypall.com\/#website\"},\"primaryImageOfPage\":{\"@id\":\"https:\/\/dypall.com\/conference\/final-conference-of-the-project-migrant-children-and-communities-in-a-transforming-europe-ljubljana-slovenia\/#primaryimage\"},\"image\":{\"@id\":\"https:\/\/dypall.com\/conference\/final-conference-of-the-project-migrant-children-and-communities-in-a-transforming-europe-ljubljana-slovenia\/#primaryimage\"},\"thumbnailUrl\":\"\",\"datePublished\":\"2022-06-06T12:56:40+00:00\",\"dateModified\":\"2022-06-06T12:56:40+00:00\",\"author\":{\"@id\":\"https:\/\/dypall.com\/#\/schema\/person\/206350efe851997fcdedef75d118766b\"},\"breadcrumb\":{\"@id\":\"https:\/\/dypall.com\/conference\/final-conference-of-the-project-migrant-children-and-communities-in-a-transforming-europe-ljubljana-slovenia\/#breadcrumb\"},\"inLanguage\":\"tr\",\"potentialAction\":[{\"@type\":\"ReadAction\",\"target\":[\"https:\/\/dypall.com\/conference\/final-conference-of-the-project-migrant-children-and-communities-in-a-transforming-europe-ljubljana-slovenia\/\"]}]},{\"@type\":\"ImageObject\",\"inLanguage\":\"tr\",\"@id\":\"https:\/\/dypall.com\/conference\/final-conference-of-the-project-migrant-children-and-communities-in-a-transforming-europe-ljubljana-slovenia\/#primaryimage\",\"url\":\"\",\"contentUrl\":\"\"},{\"@type\":\"BreadcrumbList\",\"@id\":\"https:\/\/dypall.com\/conference\/final-conference-of-the-project-migrant-children-and-communities-in-a-transforming-europe-ljubljana-slovenia\/#breadcrumb\",\"itemListElement\":[{\"@type\":\"ListItem\",\"position\":1,\"name\":\"Home\",\"item\":\"https:\/\/dypall.com\/\"},{\"@type\":\"ListItem\",\"position\":2,\"name\":\"Final conference of the project \u201cMigrant Children and Communities in a Transforming Europe\u201d (Ljubljana, Slovenia)\"}]},{\"@type\":\"WebSite\",\"@id\":\"https:\/\/dypall.com\/#website\",\"url\":\"https:\/\/dypall.com\/\",\"name\":\"DYPALL Network\",\"description\":\"We are a European network of civil society organisations, municipalities and research institutions dedicated to improving democracy through youth participation.\",\"potentialAction\":[{\"@type\":\"SearchAction\",\"target\":{\"@type\":\"EntryPoint\",\"urlTemplate\":\"https:\/\/dypall.com\/?s={search_term_string}\"},\"query-input\":\"required name=search_term_string\"}],\"inLanguage\":\"tr\"},{\"@type\":\"Person\",\"@id\":\"https:\/\/dypall.com\/#\/schema\/person\/206350efe851997fcdedef75d118766b\",\"name\":\"dypall\",\"image\":{\"@type\":\"ImageObject\",\"inLanguage\":\"tr\",\"@id\":\"https:\/\/dypall.com\/#\/schema\/person\/image\/\",\"url\":\"https:\/\/secure.gravatar.com\/avatar\/14e8d3d8841cd0bdf69915120bcf9fcfac1567f1dc7035664907322ac47efe29?s=96&d=mm&r=g\",\"contentUrl\":\"https:\/\/secure.gravatar.com\/avatar\/14e8d3d8841cd0bdf69915120bcf9fcfac1567f1dc7035664907322ac47efe29?s=96&d=mm&r=g\",\"caption\":\"dypall\"},\"url\":\"https:\/\/dypall.com\/tr\/author\/dypall_info\/\"}]}<\/script>\n<!-- \/ Yoast SEO plugin. -->","yoast_head_json":{"title":"Final conference of the project \u201cMigrant Children and Communities in a Transforming Europe\u201d (Ljubljana, Slovenia) - DYPALL Network","robots":{"index":"index","follow":"follow","max-snippet":"max-snippet:-1","max-image-preview":"max-image-preview:large","max-video-preview":"max-video-preview:-1"},"canonical":"https:\/\/dypall.com\/tr\/conference\/final-conference-of-the-project-migrant-children-and-communities-in-a-transforming-europe-ljubljana-slovenia\/","og_locale":"tr_TR","og_type":"article","og_title":"Final conference of the project \u201cMigrant Children and Communities in a Transforming Europe\u201d (Ljubljana, Slovenia) - DYPALL Network","og_description":"On the 2-3 June in Ljubljana, Slovenia, DYPALL Network took part in the final conference of the project \u201cMigrant Children and Communities in a Transforming Europe\u201d (MiCreate) where almost 80 researchers from all over Europe had a chance to share the outcomes of their research on the inclusiveness of migrant children. It was also an&hellip; Okumaya devam et Final conference of the project \u201cMigrant Children and Communities in a Transforming Europe\u201d (Ljubljana, Slovenia)","og_url":"https:\/\/dypall.com\/tr\/conference\/final-conference-of-the-project-migrant-children-and-communities-in-a-transforming-europe-ljubljana-slovenia\/","og_site_name":"DYPALL Network","article_published_time":"2022-06-06T12:56:40+00:00","author":"dypall","twitter_card":"summary_large_image","twitter_misc":{"Written by":"dypall","Est. reading time":"1 dakika"},"schema":{"@context":"https:\/\/schema.org","@graph":[{"@type":"WebPage","@id":"https:\/\/dypall.com\/conference\/final-conference-of-the-project-migrant-children-and-communities-in-a-transforming-europe-ljubljana-slovenia\/","url":"https:\/\/dypall.com\/conference\/final-conference-of-the-project-migrant-children-and-communities-in-a-transforming-europe-ljubljana-slovenia\/","name":"Final conference of the project \u201cMigrant Children and Communities in a Transforming Europe\u201d (Ljubljana, Slovenia) - DYPALL Network","isPartOf":{"@id":"https:\/\/dypall.com\/#website"},"primaryImageOfPage":{"@id":"https:\/\/dypall.com\/conference\/final-conference-of-the-project-migrant-children-and-communities-in-a-transforming-europe-ljubljana-slovenia\/#primaryimage"},"image":{"@id":"https:\/\/dypall.com\/conference\/final-conference-of-the-project-migrant-children-and-communities-in-a-transforming-europe-ljubljana-slovenia\/#primaryimage"},"thumbnailUrl":"","datePublished":"2022-06-06T12:56:40+00:00","dateModified":"2022-06-06T12:56:40+00:00","author":{"@id":"https:\/\/dypall.com\/#\/schema\/person\/206350efe851997fcdedef75d118766b"},"breadcrumb":{"@id":"https:\/\/dypall.com\/conference\/final-conference-of-the-project-migrant-children-and-communities-in-a-transforming-europe-ljubljana-slovenia\/#breadcrumb"},"inLanguage":"tr","potentialAction":[{"@type":"ReadAction","target":["https:\/\/dypall.com\/conference\/final-conference-of-the-project-migrant-children-and-communities-in-a-transforming-europe-ljubljana-slovenia\/"]}]},{"@type":"ImageObject","inLanguage":"tr","@id":"https:\/\/dypall.com\/conference\/final-conference-of-the-project-migrant-children-and-communities-in-a-transforming-europe-ljubljana-slovenia\/#primaryimage","url":"","contentUrl":""},{"@type":"BreadcrumbList","@id":"https:\/\/dypall.com\/conference\/final-conference-of-the-project-migrant-children-and-communities-in-a-transforming-europe-ljubljana-slovenia\/#breadcrumb","itemListElement":[{"@type":"ListItem","position":1,"name":"Home","item":"https:\/\/dypall.com\/"},{"@type":"ListItem","position":2,"name":"Final conference of the project \u201cMigrant Children and Communities in a Transforming Europe\u201d (Ljubljana, Slovenia)"}]},{"@type":"WebSite","@id":"https:\/\/dypall.com\/#website","url":"https:\/\/dypall.com\/","name":"DYPALL Network","description":"We are a European network of civil society organisations, municipalities and research institutions dedicated to improving democracy through youth participation.","potentialAction":[{"@type":"SearchAction","target":{"@type":"EntryPoint","urlTemplate":"https:\/\/dypall.com\/?s={search_term_string}"},"query-input":"required name=search_term_string"}],"inLanguage":"tr"},{"@type":"Person","@id":"https:\/\/dypall.com\/#\/schema\/person\/206350efe851997fcdedef75d118766b","name":"dypall","image":{"@type":"ImageObject","inLanguage":"tr","@id":"https:\/\/dypall.com\/#\/schema\/person\/image\/","url":"https:\/\/secure.gravatar.com\/avatar\/14e8d3d8841cd0bdf69915120bcf9fcfac1567f1dc7035664907322ac47efe29?s=96&d=mm&r=g","contentUrl":"https:\/\/secure.gravatar.com\/avatar\/14e8d3d8841cd0bdf69915120bcf9fcfac1567f1dc7035664907322ac47efe29?s=96&d=mm&r=g","caption":"dypall"},"url":"https:\/\/dypall.com\/tr\/author\/dypall_info\/"}]}},"jetpack_featured_media_url":"","jetpack_sharing_enabled":true,"_links":{"self":[{"href":"https:\/\/dypall.com\/tr\/wp-json\/wp\/v2\/posts\/5620","targetHints":{"allow":["GET"]}}],"collection":[{"href":"https:\/\/dypall.com\/tr\/wp-json\/wp\/v2\/posts"}],"about":[{"href":"https:\/\/dypall.com\/tr\/wp-json\/wp\/v2\/types\/post"}],"author":[{"embeddable":true,"href":"https:\/\/dypall.com\/tr\/wp-json\/wp\/v2\/users\/2"}],"replies":[{"embeddable":true,"href":"https:\/\/dypall.com\/tr\/wp-json\/wp\/v2\/comments?post=5620"}],"version-history":[{"count":0,"href":"https:\/\/dypall.com\/tr\/wp-json\/wp\/v2\/posts\/5620\/revisions"}],"wp:featuredmedia":[{"embeddable":true,"href":"https:\/\/dypall.com\/tr\/wp-json\/"}],"wp:attachment":[{"href":"https:\/\/dypall.com\/tr\/wp-json\/wp\/v2\/media?parent=5620"}],"wp:term":[{"taxonomy":"category","embeddable":true,"href":"https:\/\/dypall.com\/tr\/wp-json\/wp\/v2\/categories?post=5620"},{"taxonomy":"post_tag","embeddable":true,"href":"https:\/\/dypall.com\/tr\/wp-json\/wp\/v2\/tags?post=5620"}],"curies":[{"name":"wp","href":"https:\/\/api.w.org\/{rel}","templated":true}]}}