{"id":5608,"date":"2022-06-22T16:36:23","date_gmt":"2022-06-22T15:36:23","guid":{"rendered":"https:\/\/dypall.com\/?p=5608"},"modified":"2022-06-22T16:36:23","modified_gmt":"2022-06-22T15:36:23","slug":"online-conference-migrant-children-and-communities-in-transforming-europe","status":"publish","type":"post","link":"https:\/\/dypall.com\/tr\/activity\/online-conference-migrant-children-and-communities-in-transforming-europe\/","title":{"rendered":"Online konferans  \u2047 Avrupa'y\u0131 D\u00f6n\u00fc\u015ft\u00fcrmede G\u00f6\u00e7men \u00c7ocuklar ve Topluluklar  \u2047"},"content":{"rendered":"<p>22 Haziran'da DYPALL Network \u00e7evrimi\u00e7i bir konferansa ev sahipli\u011fi yapt\u0131  \u2047 <span class=\"fontstyle0\">\"G\u00f6\u00e7men \u00c7ocuklar ve D\u00f6n\u00fc\u015fen Bir Avrupa'da Topluluklar\" projesi, ayn\u0131 ba\u015fl\u0131k alt\u0131nda projenin son uluslararas\u0131 yayg\u0131nla\u015ft\u0131rma faaliyetiydi (k\u0131saltma: MiCreate (\u0130ngilizce).\u00a0<\/span><\/p>\n<p>G\u00f6\u00e7men \u00e7ocuklar\u0131n dahil edilmesi konusunun \u00f6nemini bilerek, ba\u015flang\u0131\u00e7ta projenin bir par\u00e7as\u0131 olarak bir \u00e7evrimi\u00e7i uluslararas\u0131 yayg\u0131nla\u015ft\u0131rma etkinli\u011fi planlanmam\u0131\u015f olsa da, DYPALL Network, d\u00fcnyan\u0131n her yerinden uluslararas\u0131 toplulu\u011fun projede yer almas\u0131 ve projenin sonu\u00e7lar\u0131n\u0131 \u00f6\u011frenmesi i\u00e7in bir f\u0131rsat yaratmay\u0131 \u00f6nerdi. D\u00fcnyan\u0131n d\u00f6rt bir yan\u0131ndan 48 \u00fclkeden 900'den fazla kay\u0131t ve en yo\u011fun anlarda 260'tan fazla kat\u0131l\u0131mc\u0131, \u00e7evrimi\u00e7i bir yayma faaliyetinin ola\u011fan, y\u00fcz y\u00fcze yayma stratejisine b\u00fcy\u00fck bir katma de\u011fer yaratabilece\u011fini do\u011frulad\u0131.<\/p>\n<p>Konferans Ant\u00f3nio Palma taraf\u0131ndan a\u00e7\u0131ld\u0131. <a href=\"https:\/\/www.taipa-desenvolvimento.pt\/\">TAIPA Odemira'n\u0131n<\/a> \u00d6rg\u00fct\u00fcn\u00fcn \u00e7al\u0131\u015fmalar\u0131n\u0131 g\u00f6\u00e7men \u00e7ocuklarla ve Portekiz'in Odemira kentindeki okullarda ortaya \u00e7\u0131kan zorluklar ve f\u0131rsatlarla sundu. Daha sonra, G\u00f6\u00e7 ve \u0130\u00e7i\u015fleri Bakanl\u0131\u011f\u0131'n\u0131n Hukuki Yollar\u0131 ve Entegrasyonu Birimi'nden Vincent Catot, entegrasyon ve kapsay\u0131c\u0131l\u0131k konusunda AB Eylem Plan\u0131n\u0131 sundu. Bu giri\u015f, MiCreate projesinin Akademik Koordinat\u00f6r\u00fc Dr. Mateja Sedmak taraf\u0131ndan projeye daha sonra giri\u015f ve anahtar proje sonu\u00e7lar\u0131 i\u00e7in harika bir arka plan olu\u015fturdu.<\/p>\n<p>Daha sonra, kat\u0131l\u0131mc\u0131lar daha pratik, paralel at\u00f6lyeler aras\u0131nda se\u00e7im yapabilirler:<\/p>\n<ul>\n<li><span class=\"fontstyle0\">Dr. Nektaria Palaiologou ve Victoria Prekate'in iyi uygulamalar\u0131 payla\u015ft\u0131\u011f\u0131 \u00d6\u011eRETMENLER \u0130\u00c7\u0130N AT\u00d6LYE<span class=\"fontstyle2\"> M\u00fclteci E\u011fitiminde: Skaramagas m\u00fclteci kamp\u0131 vakas\u0131 ve kat\u0131l\u0131mc\u0131lar <a href=\"https:\/\/www.micreate.eu\/index.php\/integration-lab\/\">\u00d6\u011fretmenler i\u00e7in el kitab\u0131: \u00c7okk\u00fclt\u00fcrl\u00fc Okullarda Ya\u015famak<\/a>, Bu, projenin en \u00f6nemli ve en pratik sonu\u00e7lar\u0131ndan biridir. G\u00f6\u00e7men \u00e7ocuklar\u0131n okul ortamlar\u0131na dahil edilmesinin farkl\u0131 alanlar\u0131nda onlarca iyi uygulama ve bu s\u00fcre\u00e7leri kolayla\u015ft\u0131ran pratik dijital ara\u00e7lardan olu\u015fur.<\/span><\/span><\/li>\n<li>STAKEHOLDERS \u0130\u00c7\u0130N AT\u00d6LYE, hangi s\u0131ras\u0131nda biz payla\u015ft\u0131 <a href=\"https:\/\/www.micreate.eu\/index.php\/policy-lab\/\">G\u00f6\u00e7men \u00e7ocuklar\u0131n okullara \u00e7ocuk merkezli entegrasyonunu te\u015fvik etmek i\u00e7in kilit politika \u00f6nerileri.<\/a><span class=\"fontstyle0\"> Daha sonra, dr <\/span><span class=\"fontstyle2\">Adam Bulandra (Polonya) ve Ieva Johansson (Letonya), Ukrayna ihtilaf\u0131n\u0131n \u00fclkelerindeki okul e\u011fitimi \u00fczerindeki etkisi ve bu krizi de\u011ferlendirmek i\u00e7in yerel ve ulusal stratejiler a\u00e7\u0131s\u0131ndan deneyimlerini payla\u015ft\u0131lar.<\/span><\/li>\n<\/ul>\n<p><span class=\"fontstyle0\">MiCreate projesinin genel amac\u0131, g\u00f6\u00e7men \u00e7ocuklar\u0131n e\u011fitim ve politika d\u00fczeyinde entegrasyonuna \u00e7ocuk merkezli bir yakla\u015f\u0131m benimseyerek \u00e7e\u015fitli g\u00f6\u00e7men \u00e7ocuk gruplar\u0131n\u0131n dahil edilmesini te\u015fvik etmekti. Mevcut entegrasyon politikalar\u0131n\u0131 yeniden g\u00f6zden ge\u00e7irme ihtiyac\u0131ndan yola \u00e7\u0131kan ara\u015ft\u0131rma projesi, g\u00f6\u00e7men \u00e7ocuklar\u0131n \u00e7a\u011fda\u015f entegrasyon s\u00fcre\u00e7lerinin onlar\u0131 g\u00fc\u00e7lendirmek i\u00e7in kapsaml\u0131 bir incelemesini ama\u00e7lad\u0131. MiCREATE ara\u015ft\u0131rma ekibi, Slovenya, Danimarka, \u0130spanya, Birle\u015fik Krall\u0131k, Avusturya ve Polonya'da yeni gelen, uzun s\u00fcreli g\u00f6\u00e7men ve yerel \u00e7ocuklarla ara\u015ft\u0131rma faaliyetleri y\u00fcr\u00fctm\u00fc\u015ft\u00fcr. Eyl\u00fcl 2019'dan Eyl\u00fcl 2021'e kadar s\u00fcren \u00e7ok y\u00f6ntemli ara\u015ft\u0131rmada 6.000'den fazla \u00e7ocuk yer ald\u0131. <\/span><span class=\"fontstyle0\">\u00d6zellikle \u015fimdi, \u00f6\u011fretmenler ve politika yap\u0131c\u0131lar, etkili materyal ve kaliteli bilgi eksikli\u011fi nedeniyle g\u00f6\u00e7men \u00e7ocuklar\u0131 yerel topluluklara ve okullara entegre etmede \u00f6nemli zorluklarla kar\u015f\u0131 kar\u015f\u0131yad\u0131r. Bilim ve Ara\u015ft\u0131rma Merkezi Koper (Slovenya) liderli\u011findeki proje konsorsiyumunun bir \u00fcyesi olarak DYPALL Network, Portekiz, Letonya, Kuzey Makedonya ve Hollanda'da yayg\u0131nla\u015ft\u0131rma faaliyetlerinin uygulanmas\u0131ndan sorumluydu.<\/span><\/p>\n<p>Proje ve sonu\u00e7lar\u0131 hakk\u0131nda daha fazla bilgi edinin <a href=\"http:\/\/micreate.eu\">bu web sitesi<\/a> veya a\u015fa\u011f\u0131daki video.<\/p>\n<p><iframe loading=\"lazy\" title=\"MiCREATE sunumu\" width=\"750\" height=\"422\" src=\"https:\/\/www.youtube.com\/embed\/b_K0Pj7gh8w?feature=oembed\" frameborder=\"0\" allow=\"accelerometer; autoplay; clipboard-write; encrypted-media; gyroscope; picture-in-picture; web-share\" referrerpolicy=\"strict-origin-when-cross-origin\" allowfullscreen><\/iframe><\/p>\n<p><a href=\"https:\/\/dypall.com\/tr\/2022\/06\/27\/online-conference-migrant-children-and-communities-in-transforming-europe\/2-23\/#main\" rel=\"attachment wp-att-5609\"><img loading=\"lazy\" decoding=\"async\" class=\"alignleft size-large wp-image-5609\" src=\"https:\/\/dypall.com\/wp-content\/uploads\/2022\/06\/2-1-1024x576.jpeg\" alt=\"\" width=\"1024\" height=\"576\" \/><\/a> <a href=\"https:\/\/dypall.com\/tr\/2022\/06\/27\/online-conference-migrant-children-and-communities-in-transforming-europe\/3-19\/#main\" rel=\"attachment wp-att-5610\"><img loading=\"lazy\" decoding=\"async\" class=\"alignleft size-large wp-image-5610\" src=\"https:\/\/dypall.com\/wp-content\/uploads\/2022\/06\/3-1-1024x576.jpeg\" alt=\"\" width=\"1024\" height=\"576\" \/><\/a> <a href=\"https:\/\/dypall.com\/tr\/2022\/06\/27\/online-conference-migrant-children-and-communities-in-transforming-europe\/3-20\/#main\" rel=\"attachment wp-att-5611\"><img loading=\"lazy\" decoding=\"async\" class=\"alignleft size-large wp-image-5611\" src=\"https:\/\/dypall.com\/wp-content\/uploads\/2022\/06\/3-1024x576.png\" alt=\"\" width=\"1024\" height=\"576\" \/><\/a> <a href=\"https:\/\/dypall.com\/tr\/2022\/06\/27\/online-conference-migrant-children-and-communities-in-transforming-europe\/whatsapp-image-2022-06-24-at-15-10-59\/#main\" rel=\"attachment wp-att-5612\"><img loading=\"lazy\" decoding=\"async\" class=\"alignleft size-large wp-image-5612\" src=\"https:\/\/dypall.com\/wp-content\/uploads\/2022\/06\/WhatsApp-Image-2022-06-24-at-15.10.59-1024x576.jpeg\" alt=\"\" width=\"1024\" height=\"576\" \/><\/a><\/p>","protected":false},"excerpt":{"rendered":"<p>22 Haziran'da DYPALL Network, ayn\u0131 ba\u015fl\u0131k alt\u0131nda projenin son uluslararas\u0131 yayg\u0131nla\u015ft\u0131rma faaliyeti olan \"De\u011fi\u015fen Avrupa'da G\u00f6\u00e7men \u00c7ocuklar ve Topluluklar\" adl\u0131 \u00e7evrimi\u00e7i bir konferansa ev sahipli\u011fi yapt\u0131 (k\u0131saltma: MiCreate (\u0130ngilizce).\u00a0 \u00c7evrimi\u00e7i bir uluslararas\u0131 yayg\u0131nla\u015ft\u0131rma etkinli\u011fi ba\u015flang\u0131\u00e7ta projenin bir par\u00e7as\u0131 olarak planlanmamas\u0131na ra\u011fmen, projenin \u00f6nemini bilerek... <a class=\"more-link\" href=\"https:\/\/dypall.com\/tr\/activity\/online-conference-migrant-children-and-communities-in-transforming-europe\/\">Okumaya devam et <span class=\"screen-reader-text\">Online konferans  \u2047 Avrupa'y\u0131 D\u00f6n\u00fc\u015ft\u00fcrmede G\u00f6\u00e7men \u00c7ocuklar ve Topluluklar  \u2047<\/span><\/a><\/p>","protected":false},"author":2,"featured_media":5614,"comment_status":"closed","ping_status":"open","sticky":false,"template":"","format":"standard","meta":{"_acf_changed":false,"_jetpack_memberships_contains_paid_content":false,"footnotes":""},"categories":[111,112],"tags":[],"class_list":["post-5608","post","type-post","status-publish","format-standard","has-post-thumbnail","hentry","category-activity","category-conference","entry"],"acf":[],"yoast_head":"<!-- This site is optimized with the Yoast SEO plugin v22.8 - https:\/\/yoast.com\/wordpress\/plugins\/seo\/ -->\n<title>Online conference &quot;Migrant Children and Communities in Transforming Europe&quot; - DYPALL Network<\/title>\n<meta name=\"robots\" content=\"index, follow, max-snippet:-1, max-image-preview:large, max-video-preview:-1\" \/>\n<link rel=\"canonical\" href=\"https:\/\/dypall.com\/tr\/activity\/online-conference-migrant-children-and-communities-in-transforming-europe\/\" \/>\n<meta property=\"og:locale\" content=\"tr_TR\" \/>\n<meta property=\"og:type\" content=\"article\" \/>\n<meta property=\"og:title\" content=\"Online conference &quot;Migrant Children and Communities in Transforming Europe&quot; - DYPALL Network\" \/>\n<meta property=\"og:description\" content=\"On the 22nd of June, DYPALL Network hosted an online conference &#8221; Migrant Children and Communities in a Transforming Europe,&#8221; which was the final international dissemination activity of the project under the same title (acronym: MiCreate).\u00a0 Although an online international dissemination event was not initially planned as part of the project, knowing the importance of&hellip; Okumaya devam et Online conference &#8220;Migrant Children and Communities in Transforming Europe&#8221;\" \/>\n<meta property=\"og:url\" content=\"https:\/\/dypall.com\/tr\/activity\/online-conference-migrant-children-and-communities-in-transforming-europe\/\" \/>\n<meta property=\"og:site_name\" content=\"DYPALL Network\" \/>\n<meta property=\"article:published_time\" content=\"2022-06-22T15:36:23+00:00\" \/>\n<meta name=\"author\" content=\"dypall\" \/>\n<meta name=\"twitter:card\" content=\"summary_large_image\" \/>\n<meta name=\"twitter:label1\" content=\"Written by\" \/>\n\t<meta name=\"twitter:data1\" content=\"dypall\" \/>\n\t<meta name=\"twitter:label2\" content=\"Est. reading time\" \/>\n\t<meta name=\"twitter:data2\" content=\"3 dakika\" \/>\n<script type=\"application\/ld+json\" class=\"yoast-schema-graph\">{\"@context\":\"https:\/\/schema.org\",\"@graph\":[{\"@type\":\"WebPage\",\"@id\":\"https:\/\/dypall.com\/activity\/online-conference-migrant-children-and-communities-in-transforming-europe\/\",\"url\":\"https:\/\/dypall.com\/activity\/online-conference-migrant-children-and-communities-in-transforming-europe\/\",\"name\":\"Online conference \\\"Migrant Children and Communities in Transforming Europe\\\" - DYPALL Network\",\"isPartOf\":{\"@id\":\"https:\/\/dypall.com\/#website\"},\"primaryImageOfPage\":{\"@id\":\"https:\/\/dypall.com\/activity\/online-conference-migrant-children-and-communities-in-transforming-europe\/#primaryimage\"},\"image\":{\"@id\":\"https:\/\/dypall.com\/activity\/online-conference-migrant-children-and-communities-in-transforming-europe\/#primaryimage\"},\"thumbnailUrl\":\"\",\"datePublished\":\"2022-06-22T15:36:23+00:00\",\"dateModified\":\"2022-06-22T15:36:23+00:00\",\"author\":{\"@id\":\"https:\/\/dypall.com\/#\/schema\/person\/206350efe851997fcdedef75d118766b\"},\"breadcrumb\":{\"@id\":\"https:\/\/dypall.com\/activity\/online-conference-migrant-children-and-communities-in-transforming-europe\/#breadcrumb\"},\"inLanguage\":\"tr\",\"potentialAction\":[{\"@type\":\"ReadAction\",\"target\":[\"https:\/\/dypall.com\/activity\/online-conference-migrant-children-and-communities-in-transforming-europe\/\"]}]},{\"@type\":\"ImageObject\",\"inLanguage\":\"tr\",\"@id\":\"https:\/\/dypall.com\/activity\/online-conference-migrant-children-and-communities-in-transforming-europe\/#primaryimage\",\"url\":\"\",\"contentUrl\":\"\"},{\"@type\":\"BreadcrumbList\",\"@id\":\"https:\/\/dypall.com\/activity\/online-conference-migrant-children-and-communities-in-transforming-europe\/#breadcrumb\",\"itemListElement\":[{\"@type\":\"ListItem\",\"position\":1,\"name\":\"Home\",\"item\":\"https:\/\/dypall.com\/\"},{\"@type\":\"ListItem\",\"position\":2,\"name\":\"Online conference &#8220;Migrant Children and Communities in Transforming Europe&#8221;\"}]},{\"@type\":\"WebSite\",\"@id\":\"https:\/\/dypall.com\/#website\",\"url\":\"https:\/\/dypall.com\/\",\"name\":\"DYPALL Network\",\"description\":\"We are a European network of civil society organisations, municipalities and research institutions dedicated to improving democracy through youth participation.\",\"potentialAction\":[{\"@type\":\"SearchAction\",\"target\":{\"@type\":\"EntryPoint\",\"urlTemplate\":\"https:\/\/dypall.com\/?s={search_term_string}\"},\"query-input\":\"required name=search_term_string\"}],\"inLanguage\":\"tr\"},{\"@type\":\"Person\",\"@id\":\"https:\/\/dypall.com\/#\/schema\/person\/206350efe851997fcdedef75d118766b\",\"name\":\"dypall\",\"image\":{\"@type\":\"ImageObject\",\"inLanguage\":\"tr\",\"@id\":\"https:\/\/dypall.com\/#\/schema\/person\/image\/\",\"url\":\"https:\/\/secure.gravatar.com\/avatar\/14e8d3d8841cd0bdf69915120bcf9fcfac1567f1dc7035664907322ac47efe29?s=96&d=mm&r=g\",\"contentUrl\":\"https:\/\/secure.gravatar.com\/avatar\/14e8d3d8841cd0bdf69915120bcf9fcfac1567f1dc7035664907322ac47efe29?s=96&d=mm&r=g\",\"caption\":\"dypall\"},\"url\":\"https:\/\/dypall.com\/tr\/author\/dypall_info\/\"}]}<\/script>\n<!-- \/ Yoast SEO plugin. -->","yoast_head_json":{"title":"Online conference \"Migrant Children and Communities in Transforming Europe\" - DYPALL Network","robots":{"index":"index","follow":"follow","max-snippet":"max-snippet:-1","max-image-preview":"max-image-preview:large","max-video-preview":"max-video-preview:-1"},"canonical":"https:\/\/dypall.com\/tr\/activity\/online-conference-migrant-children-and-communities-in-transforming-europe\/","og_locale":"tr_TR","og_type":"article","og_title":"Online conference \"Migrant Children and Communities in Transforming Europe\" - DYPALL Network","og_description":"On the 22nd of June, DYPALL Network hosted an online conference &#8221; Migrant Children and Communities in a Transforming Europe,&#8221; which was the final international dissemination activity of the project under the same title (acronym: MiCreate).\u00a0 Although an online international dissemination event was not initially planned as part of the project, knowing the importance of&hellip; Okumaya devam et Online conference &#8220;Migrant Children and Communities in Transforming Europe&#8221;","og_url":"https:\/\/dypall.com\/tr\/activity\/online-conference-migrant-children-and-communities-in-transforming-europe\/","og_site_name":"DYPALL Network","article_published_time":"2022-06-22T15:36:23+00:00","author":"dypall","twitter_card":"summary_large_image","twitter_misc":{"Written by":"dypall","Est. reading time":"3 dakika"},"schema":{"@context":"https:\/\/schema.org","@graph":[{"@type":"WebPage","@id":"https:\/\/dypall.com\/activity\/online-conference-migrant-children-and-communities-in-transforming-europe\/","url":"https:\/\/dypall.com\/activity\/online-conference-migrant-children-and-communities-in-transforming-europe\/","name":"Online conference \"Migrant Children and Communities in Transforming Europe\" - DYPALL Network","isPartOf":{"@id":"https:\/\/dypall.com\/#website"},"primaryImageOfPage":{"@id":"https:\/\/dypall.com\/activity\/online-conference-migrant-children-and-communities-in-transforming-europe\/#primaryimage"},"image":{"@id":"https:\/\/dypall.com\/activity\/online-conference-migrant-children-and-communities-in-transforming-europe\/#primaryimage"},"thumbnailUrl":"","datePublished":"2022-06-22T15:36:23+00:00","dateModified":"2022-06-22T15:36:23+00:00","author":{"@id":"https:\/\/dypall.com\/#\/schema\/person\/206350efe851997fcdedef75d118766b"},"breadcrumb":{"@id":"https:\/\/dypall.com\/activity\/online-conference-migrant-children-and-communities-in-transforming-europe\/#breadcrumb"},"inLanguage":"tr","potentialAction":[{"@type":"ReadAction","target":["https:\/\/dypall.com\/activity\/online-conference-migrant-children-and-communities-in-transforming-europe\/"]}]},{"@type":"ImageObject","inLanguage":"tr","@id":"https:\/\/dypall.com\/activity\/online-conference-migrant-children-and-communities-in-transforming-europe\/#primaryimage","url":"","contentUrl":""},{"@type":"BreadcrumbList","@id":"https:\/\/dypall.com\/activity\/online-conference-migrant-children-and-communities-in-transforming-europe\/#breadcrumb","itemListElement":[{"@type":"ListItem","position":1,"name":"Home","item":"https:\/\/dypall.com\/"},{"@type":"ListItem","position":2,"name":"Online conference &#8220;Migrant Children and Communities in Transforming Europe&#8221;"}]},{"@type":"WebSite","@id":"https:\/\/dypall.com\/#website","url":"https:\/\/dypall.com\/","name":"DYPALL Network","description":"We are a European network of civil society organisations, municipalities and research institutions dedicated to improving democracy through youth participation.","potentialAction":[{"@type":"SearchAction","target":{"@type":"EntryPoint","urlTemplate":"https:\/\/dypall.com\/?s={search_term_string}"},"query-input":"required name=search_term_string"}],"inLanguage":"tr"},{"@type":"Person","@id":"https:\/\/dypall.com\/#\/schema\/person\/206350efe851997fcdedef75d118766b","name":"dypall","image":{"@type":"ImageObject","inLanguage":"tr","@id":"https:\/\/dypall.com\/#\/schema\/person\/image\/","url":"https:\/\/secure.gravatar.com\/avatar\/14e8d3d8841cd0bdf69915120bcf9fcfac1567f1dc7035664907322ac47efe29?s=96&d=mm&r=g","contentUrl":"https:\/\/secure.gravatar.com\/avatar\/14e8d3d8841cd0bdf69915120bcf9fcfac1567f1dc7035664907322ac47efe29?s=96&d=mm&r=g","caption":"dypall"},"url":"https:\/\/dypall.com\/tr\/author\/dypall_info\/"}]}},"jetpack_featured_media_url":"","jetpack_sharing_enabled":true,"_links":{"self":[{"href":"https:\/\/dypall.com\/tr\/wp-json\/wp\/v2\/posts\/5608","targetHints":{"allow":["GET"]}}],"collection":[{"href":"https:\/\/dypall.com\/tr\/wp-json\/wp\/v2\/posts"}],"about":[{"href":"https:\/\/dypall.com\/tr\/wp-json\/wp\/v2\/types\/post"}],"author":[{"embeddable":true,"href":"https:\/\/dypall.com\/tr\/wp-json\/wp\/v2\/users\/2"}],"replies":[{"embeddable":true,"href":"https:\/\/dypall.com\/tr\/wp-json\/wp\/v2\/comments?post=5608"}],"version-history":[{"count":0,"href":"https:\/\/dypall.com\/tr\/wp-json\/wp\/v2\/posts\/5608\/revisions"}],"wp:featuredmedia":[{"embeddable":true,"href":"https:\/\/dypall.com\/tr\/wp-json\/"}],"wp:attachment":[{"href":"https:\/\/dypall.com\/tr\/wp-json\/wp\/v2\/media?parent=5608"}],"wp:term":[{"taxonomy":"category","embeddable":true,"href":"https:\/\/dypall.com\/tr\/wp-json\/wp\/v2\/categories?post=5608"},{"taxonomy":"post_tag","embeddable":true,"href":"https:\/\/dypall.com\/tr\/wp-json\/wp\/v2\/tags?post=5608"}],"curies":[{"name":"wp","href":"https:\/\/api.w.org\/{rel}","templated":true}]}}