{"id":5572,"date":"2022-03-18T17:21:54","date_gmt":"2022-03-18T17:21:54","guid":{"rendered":"https:\/\/dypall.com\/?p=5405"},"modified":"2022-03-18T17:21:54","modified_gmt":"2022-03-18T17:21:54","slug":"international-conference-building-resilient-communities-training-course-youth-takes-the-floor-2","status":"publish","type":"post","link":"https:\/\/dypall.com\/tr\/conference\/international-conference-building-resilient-communities-training-course-youth-takes-the-floor-2\/","title":{"rendered":"Uluslararas\u0131 konferans: Dayan\u0131kl\u0131 Topluluklar ve amp Bina; E\u011fitim Kursu Gen\u00e7lik Kat al\u0131r"},"content":{"rendered":"<p>\u00d6n\u00fcm\u00fczdeki hafta DYPALL Network, Portekiz'in Braga kentinde, Avrupa'n\u0131n d\u00f6rt bir yan\u0131ndan 80'den fazla gen\u00e7lik i\u015f\u00e7isini, belediye temsilcilerini ve gen\u00e7lik liderlerini bir araya getirecek iki etkinlik d\u00fczenliyor.<\/p>\n<p>Bunlardan biri Uluslararas\u0131 Konferans: Avrupa'n\u0131n d\u00f6rt bir yan\u0131ndan sivil toplum kurulu\u015flar\u0131n\u0131n ve belediyelerin bir araya gelmesi, Avrupa'daki yeni zorluklara yan\u0131t vermeye hizmet eden gen\u00e7lik \u00e7al\u0131\u015fmalar\u0131ndaki yeni ara\u00e7 ve uygulamalar\u0131 ke\u015ffetmesi ve tart\u0131\u015fmas\u0131 i\u00e7in bir platform olacak COVID-19 zamanlar\u0131nda Belediye D\u00fczeyinde Gen\u00e7lik \u00c7al\u0131\u015fmalar\u0131, ola\u011fan\u00fcst\u00fc ko\u015fullarla ba\u015fa \u00e7\u0131kmaya haz\u0131r, esnek topluluklar\u0131 te\u015fvik eden s\u00fcrd\u00fcr\u00fclebilir uygulamalara ve ara\u00e7lara \u00f6zel bir odaklanma ile.<\/p>\n<p>Di\u011fer etkinlik, gen\u00e7lerin karar verme s\u00fcrecine kat\u0131l\u0131m\u0131n\u0131n nas\u0131l art\u0131r\u0131laca\u011f\u0131na dair bir e\u011fitim kursudur. E\u011fitim kursu s\u0131ras\u0131nda kat\u0131l\u0131mc\u0131lar, gen\u00e7lerin yerel d\u00fczeyde karar alma s\u00fcre\u00e7lerinde aktif rol almalar\u0131n\u0131 sa\u011flayan gen\u00e7lik kat\u0131l\u0131m yap\u0131lar\u0131n\u0131 ve ara\u00e7lar\u0131n\u0131 olu\u015fturmak ve g\u00fc\u00e7lendirmek i\u00e7in yetkinlikler geli\u015ftireceklerdir.<\/p>\n<p>Konferans, Portekiz Ulusal Ajans\u0131 arac\u0131l\u0131\u011f\u0131yla Erasmus + program\u0131n\u0131n deste\u011fiyle d\u00fczenlenmektedir. E\u011fitim, Avrupa Konseyi Avrupa Gen\u00e7lik Vakf\u0131'n\u0131n deste\u011fiyle d\u00fczenlenmektedir. Her iki etkinlik de Braga Belediyesi taraf\u0131ndan desteklenmektedir.<\/p>\n<p><a href=\"https:\/\/dypall.com\/tr\/2022\/03\/18\/international-conference-building-resilient-communities-training-course-youth-takes-the-floor\/whatsapp-image-2022-03-18-at-15-56-47\/#main\" rel=\"attachment wp-att-5406\"><img loading=\"lazy\" decoding=\"async\" class=\"alignleft size-large wp-image-5406\" src=\"https:\/\/dypall.com\/wp-content\/uploads\/2022\/03\/WhatsApp-Image-2022-03-18-at-15.56.47-1024x858.jpeg\" alt=\"\" width=\"1024\" height=\"858\" \/><\/a><\/p>\n<p><a href=\"https:\/\/dypall.com\/tr\/2022\/03\/18\/international-conference-building-resilient-communities-training-course-youth-takes-the-floor\/whatsapp-image-2022-03-18-at-15-57-08\/#main\" rel=\"attachment wp-att-5407\"><img loading=\"lazy\" decoding=\"async\" class=\"alignleft size-large wp-image-5407\" src=\"https:\/\/dypall.com\/wp-content\/uploads\/2022\/03\/WhatsApp-Image-2022-03-18-at-15.57.08-1024x1024.jpeg\" alt=\"\" width=\"1024\" height=\"1024\" \/><\/a><\/p>","protected":false},"excerpt":{"rendered":"<p>\u00d6n\u00fcm\u00fczdeki hafta DYPALL Network, Portekiz'in Braga kentinde, Avrupa'n\u0131n d\u00f6rt bir yan\u0131ndan 80'den fazla gen\u00e7lik i\u015f\u00e7isini, belediye temsilcilerini ve gen\u00e7lik liderlerini bir araya getirecek iki etkinlik d\u00fczenliyor. Bunlardan biri Uluslararas\u0131 Konferans: Sivil toplum i\u00e7in bir platform olacak COVID-19 d\u00f6nemlerinde Dayan\u0131kl\u0131 Topluluklar \u0130n\u015fa Etmek  \u2047 Belediye D\u00fczeyinde Gen\u00e7lik \u00c7al\u0131\u015fmalar\u0131... <a class=\"more-link\" href=\"https:\/\/dypall.com\/tr\/conference\/international-conference-building-resilient-communities-training-course-youth-takes-the-floor-2\/\">Okumaya devam et <span class=\"screen-reader-text\">Uluslararas\u0131 konferans: Dayan\u0131kl\u0131 Topluluklar ve amp Bina; E\u011fitim Kursu Gen\u00e7lik Kat al\u0131r<\/span><\/a><\/p>","protected":false},"author":1,"featured_media":5406,"comment_status":"closed","ping_status":"open","sticky":false,"template":"","format":"standard","meta":{"_acf_changed":false,"_jetpack_memberships_contains_paid_content":false,"footnotes":""},"categories":[112,141],"tags":[],"class_list":["post-5572","post","type-post","status-publish","format-standard","has-post-thumbnail","hentry","category-conference","category-training-course","entry"],"acf":[],"yoast_head":"<!-- This site is optimized with the Yoast SEO plugin v22.8 - https:\/\/yoast.com\/wordpress\/plugins\/seo\/ -->\n<title>International Conference: Building Resilient Communities &amp; Training Course Youth Takes the Floor - DYPALL Network<\/title>\n<meta name=\"robots\" content=\"index, follow, max-snippet:-1, max-image-preview:large, max-video-preview:-1\" \/>\n<link rel=\"canonical\" href=\"https:\/\/dypall.com\/tr\/conference\/international-conference-building-resilient-communities-training-course-youth-takes-the-floor-2\/\" \/>\n<meta property=\"og:locale\" content=\"tr_TR\" \/>\n<meta property=\"og:type\" content=\"article\" \/>\n<meta property=\"og:title\" content=\"International Conference: Building Resilient Communities &amp; Training Course Youth Takes the Floor - DYPALL Network\" \/>\n<meta property=\"og:description\" content=\"Next week DYPALL Network is organising two activities in parallel in Braga, Portugal, that will gather more than 80 youth workers, municipality representatives and youth leaders from all over Europe. One of them is International Conference: Building Resilient Communities \u2013Youth Work at Municipality Level during COVID-19 times that will be a platform for civil society&hellip; Okumaya devam et International Conference: Building Resilient Communities &#038; Training Course Youth Takes the Floor\" \/>\n<meta property=\"og:url\" content=\"https:\/\/dypall.com\/tr\/conference\/international-conference-building-resilient-communities-training-course-youth-takes-the-floor-2\/\" \/>\n<meta property=\"og:site_name\" content=\"DYPALL Network\" \/>\n<meta property=\"article:published_time\" content=\"2022-03-18T17:21:54+00:00\" \/>\n<meta name=\"author\" content=\"DYPALL Network\" \/>\n<meta name=\"twitter:card\" content=\"summary_large_image\" \/>\n<meta name=\"twitter:label1\" content=\"Written by\" \/>\n\t<meta name=\"twitter:data1\" content=\"DYPALL Network\" \/>\n\t<meta name=\"twitter:label2\" content=\"Est. reading time\" \/>\n\t<meta name=\"twitter:data2\" content=\"1 dakika\" \/>\n<script type=\"application\/ld+json\" class=\"yoast-schema-graph\">{\"@context\":\"https:\/\/schema.org\",\"@graph\":[{\"@type\":\"WebPage\",\"@id\":\"https:\/\/dypall.com\/conference\/international-conference-building-resilient-communities-training-course-youth-takes-the-floor-2\/\",\"url\":\"https:\/\/dypall.com\/conference\/international-conference-building-resilient-communities-training-course-youth-takes-the-floor-2\/\",\"name\":\"International Conference: Building Resilient Communities & Training Course Youth Takes the Floor - DYPALL Network\",\"isPartOf\":{\"@id\":\"https:\/\/dypall.com\/#website\"},\"primaryImageOfPage\":{\"@id\":\"https:\/\/dypall.com\/conference\/international-conference-building-resilient-communities-training-course-youth-takes-the-floor-2\/#primaryimage\"},\"image\":{\"@id\":\"https:\/\/dypall.com\/conference\/international-conference-building-resilient-communities-training-course-youth-takes-the-floor-2\/#primaryimage\"},\"thumbnailUrl\":\"\",\"datePublished\":\"2022-03-18T17:21:54+00:00\",\"dateModified\":\"2022-03-18T17:21:54+00:00\",\"author\":{\"@id\":\"https:\/\/dypall.com\/#\/schema\/person\/f92e08aa15c8ba711a9d153129f03377\"},\"breadcrumb\":{\"@id\":\"https:\/\/dypall.com\/conference\/international-conference-building-resilient-communities-training-course-youth-takes-the-floor-2\/#breadcrumb\"},\"inLanguage\":\"tr\",\"potentialAction\":[{\"@type\":\"ReadAction\",\"target\":[\"https:\/\/dypall.com\/conference\/international-conference-building-resilient-communities-training-course-youth-takes-the-floor-2\/\"]}]},{\"@type\":\"ImageObject\",\"inLanguage\":\"tr\",\"@id\":\"https:\/\/dypall.com\/conference\/international-conference-building-resilient-communities-training-course-youth-takes-the-floor-2\/#primaryimage\",\"url\":\"\",\"contentUrl\":\"\"},{\"@type\":\"BreadcrumbList\",\"@id\":\"https:\/\/dypall.com\/conference\/international-conference-building-resilient-communities-training-course-youth-takes-the-floor-2\/#breadcrumb\",\"itemListElement\":[{\"@type\":\"ListItem\",\"position\":1,\"name\":\"Home\",\"item\":\"https:\/\/dypall.com\/\"},{\"@type\":\"ListItem\",\"position\":2,\"name\":\"International Conference: Building Resilient Communities &#038; Training Course Youth Takes the Floor\"}]},{\"@type\":\"WebSite\",\"@id\":\"https:\/\/dypall.com\/#website\",\"url\":\"https:\/\/dypall.com\/\",\"name\":\"DYPALL Network\",\"description\":\"We are a European network of civil society organisations, municipalities and research institutions dedicated to improving democracy through youth participation.\",\"potentialAction\":[{\"@type\":\"SearchAction\",\"target\":{\"@type\":\"EntryPoint\",\"urlTemplate\":\"https:\/\/dypall.com\/?s={search_term_string}\"},\"query-input\":\"required name=search_term_string\"}],\"inLanguage\":\"tr\"},{\"@type\":\"Person\",\"@id\":\"https:\/\/dypall.com\/#\/schema\/person\/f92e08aa15c8ba711a9d153129f03377\",\"name\":\"DYPALL Network\",\"image\":{\"@type\":\"ImageObject\",\"inLanguage\":\"tr\",\"@id\":\"https:\/\/dypall.com\/#\/schema\/person\/image\/\",\"url\":\"https:\/\/secure.gravatar.com\/avatar\/9c39e299279800c6d69c5e02cf613e7bab060889f373052a03d7ac399e8f0d3c?s=96&d=mm&r=g\",\"contentUrl\":\"https:\/\/secure.gravatar.com\/avatar\/9c39e299279800c6d69c5e02cf613e7bab060889f373052a03d7ac399e8f0d3c?s=96&d=mm&r=g\",\"caption\":\"DYPALL Network\"},\"sameAs\":[\"https:\/\/dypall.com\"],\"url\":\"https:\/\/dypall.com\/tr\/author\/dypall\/\"}]}<\/script>\n<!-- \/ Yoast SEO plugin. -->","yoast_head_json":{"title":"International Conference: Building Resilient Communities & Training Course Youth Takes the Floor - DYPALL Network","robots":{"index":"index","follow":"follow","max-snippet":"max-snippet:-1","max-image-preview":"max-image-preview:large","max-video-preview":"max-video-preview:-1"},"canonical":"https:\/\/dypall.com\/tr\/conference\/international-conference-building-resilient-communities-training-course-youth-takes-the-floor-2\/","og_locale":"tr_TR","og_type":"article","og_title":"International Conference: Building Resilient Communities & Training Course Youth Takes the Floor - DYPALL Network","og_description":"Next week DYPALL Network is organising two activities in parallel in Braga, Portugal, that will gather more than 80 youth workers, municipality representatives and youth leaders from all over Europe. One of them is International Conference: Building Resilient Communities \u2013Youth Work at Municipality Level during COVID-19 times that will be a platform for civil society&hellip; Okumaya devam et International Conference: Building Resilient Communities &#038; Training Course Youth Takes the Floor","og_url":"https:\/\/dypall.com\/tr\/conference\/international-conference-building-resilient-communities-training-course-youth-takes-the-floor-2\/","og_site_name":"DYPALL Network","article_published_time":"2022-03-18T17:21:54+00:00","author":"DYPALL Network","twitter_card":"summary_large_image","twitter_misc":{"Written by":"DYPALL Network","Est. reading time":"1 dakika"},"schema":{"@context":"https:\/\/schema.org","@graph":[{"@type":"WebPage","@id":"https:\/\/dypall.com\/conference\/international-conference-building-resilient-communities-training-course-youth-takes-the-floor-2\/","url":"https:\/\/dypall.com\/conference\/international-conference-building-resilient-communities-training-course-youth-takes-the-floor-2\/","name":"International Conference: Building Resilient Communities & Training Course Youth Takes the Floor - DYPALL Network","isPartOf":{"@id":"https:\/\/dypall.com\/#website"},"primaryImageOfPage":{"@id":"https:\/\/dypall.com\/conference\/international-conference-building-resilient-communities-training-course-youth-takes-the-floor-2\/#primaryimage"},"image":{"@id":"https:\/\/dypall.com\/conference\/international-conference-building-resilient-communities-training-course-youth-takes-the-floor-2\/#primaryimage"},"thumbnailUrl":"","datePublished":"2022-03-18T17:21:54+00:00","dateModified":"2022-03-18T17:21:54+00:00","author":{"@id":"https:\/\/dypall.com\/#\/schema\/person\/f92e08aa15c8ba711a9d153129f03377"},"breadcrumb":{"@id":"https:\/\/dypall.com\/conference\/international-conference-building-resilient-communities-training-course-youth-takes-the-floor-2\/#breadcrumb"},"inLanguage":"tr","potentialAction":[{"@type":"ReadAction","target":["https:\/\/dypall.com\/conference\/international-conference-building-resilient-communities-training-course-youth-takes-the-floor-2\/"]}]},{"@type":"ImageObject","inLanguage":"tr","@id":"https:\/\/dypall.com\/conference\/international-conference-building-resilient-communities-training-course-youth-takes-the-floor-2\/#primaryimage","url":"","contentUrl":""},{"@type":"BreadcrumbList","@id":"https:\/\/dypall.com\/conference\/international-conference-building-resilient-communities-training-course-youth-takes-the-floor-2\/#breadcrumb","itemListElement":[{"@type":"ListItem","position":1,"name":"Home","item":"https:\/\/dypall.com\/"},{"@type":"ListItem","position":2,"name":"International Conference: Building Resilient Communities &#038; Training Course Youth Takes the Floor"}]},{"@type":"WebSite","@id":"https:\/\/dypall.com\/#website","url":"https:\/\/dypall.com\/","name":"DYPALL Network","description":"We are a European network of civil society organisations, municipalities and research institutions dedicated to improving democracy through youth participation.","potentialAction":[{"@type":"SearchAction","target":{"@type":"EntryPoint","urlTemplate":"https:\/\/dypall.com\/?s={search_term_string}"},"query-input":"required name=search_term_string"}],"inLanguage":"tr"},{"@type":"Person","@id":"https:\/\/dypall.com\/#\/schema\/person\/f92e08aa15c8ba711a9d153129f03377","name":"DYPALL Network","image":{"@type":"ImageObject","inLanguage":"tr","@id":"https:\/\/dypall.com\/#\/schema\/person\/image\/","url":"https:\/\/secure.gravatar.com\/avatar\/9c39e299279800c6d69c5e02cf613e7bab060889f373052a03d7ac399e8f0d3c?s=96&d=mm&r=g","contentUrl":"https:\/\/secure.gravatar.com\/avatar\/9c39e299279800c6d69c5e02cf613e7bab060889f373052a03d7ac399e8f0d3c?s=96&d=mm&r=g","caption":"DYPALL Network"},"sameAs":["https:\/\/dypall.com"],"url":"https:\/\/dypall.com\/tr\/author\/dypall\/"}]}},"jetpack_featured_media_url":"","jetpack_sharing_enabled":true,"_links":{"self":[{"href":"https:\/\/dypall.com\/tr\/wp-json\/wp\/v2\/posts\/5572","targetHints":{"allow":["GET"]}}],"collection":[{"href":"https:\/\/dypall.com\/tr\/wp-json\/wp\/v2\/posts"}],"about":[{"href":"https:\/\/dypall.com\/tr\/wp-json\/wp\/v2\/types\/post"}],"author":[{"embeddable":true,"href":"https:\/\/dypall.com\/tr\/wp-json\/wp\/v2\/users\/1"}],"replies":[{"embeddable":true,"href":"https:\/\/dypall.com\/tr\/wp-json\/wp\/v2\/comments?post=5572"}],"version-history":[{"count":0,"href":"https:\/\/dypall.com\/tr\/wp-json\/wp\/v2\/posts\/5572\/revisions"}],"wp:featuredmedia":[{"embeddable":true,"href":"https:\/\/dypall.com\/tr\/wp-json\/"}],"wp:attachment":[{"href":"https:\/\/dypall.com\/tr\/wp-json\/wp\/v2\/media?parent=5572"}],"wp:term":[{"taxonomy":"category","embeddable":true,"href":"https:\/\/dypall.com\/tr\/wp-json\/wp\/v2\/categories?post=5572"},{"taxonomy":"post_tag","embeddable":true,"href":"https:\/\/dypall.com\/tr\/wp-json\/wp\/v2\/tags?post=5572"}],"curies":[{"name":"wp","href":"https:\/\/api.w.org\/{rel}","templated":true}]}}