{"id":5564,"date":"2019-06-04T14:22:54","date_gmt":"2019-06-04T12:22:54","guid":{"rendered":"http:\/\/dypall.com\/?p=3725"},"modified":"2019-06-04T14:22:54","modified_gmt":"2019-06-04T12:22:54","slug":"study-visit-local-youth-policies-on-social-entrepreneurship-2","status":"publish","type":"post","link":"https:\/\/dypall.com\/tr\/activity\/study-visit-local-youth-policies-on-social-entrepreneurship-2\/","title":{"rendered":"\u00c7al\u0131\u015fma ziyareti  \u2047  Sosyal giri\u015fimcilik \u00fczerine yerel gen\u00e7lik politikalar\u0131  \u2047"},"content":{"rendered":"<p>\u00c7al\u0131\u015fma ziyareti  \u2047 Sosyal giri\u015fimcilik \u00fczerine yerel gen\u00e7lik politikalar\u0131 \u2047  27'ten Lizbon'da ger\u00e7ekle\u015fti.<sup>inci<\/sup> may\u0131s - 1<sup>st<\/sup> June'u diyorum. Bu ziyaret, Bulgaristan, H\u0131rvatistan, Portekiz, Finlandiya, \u0130talya, Letonya, Romanya, T\u00fcrkiye, \u0130ngiltere ve Hollanda'dan 27 belediye g\u00f6revlisini ve gen\u00e7lik \u00e7al\u0131\u015fan\u0131n\u0131, \u00f6zellikle g\u00f6\u00e7men k\u00f6kenli gen\u00e7lerin dahil edilmesine odaklanarak gen\u00e7lik sosyal giri\u015fimcili\u011fi ve yerel gen\u00e7lik politikalar\u0131 uygulamalar\u0131n\u0131 ve modellerini ziyaret etmek ve ke\u015ffetmek i\u00e7in bir araya getirdi.<\/p>\n<p>\u00c7al\u0131\u015fma ziyareti s\u0131ras\u0131nda kat\u0131l\u0131mc\u0131lar, gen\u00e7lik sosyal giri\u015fimcili\u011finin ve bu t\u00fcr uygulamalar\u0131 destekleyen mekanizma ve yap\u0131lar\u0131n \u00e7e\u015fitli uygulamalar\u0131n\u0131 ve modellerini g\u00f6rebildiler ve bu deneyimi kendi yerel ger\u00e7ekliklerine aktarabildiler.<\/p>\n<p>Projenin amac\u0131, sosyal ekonomiyi geli\u015ftirebilecek sosyal giri\u015fimlerin yarat\u0131lmas\u0131n\u0131 ve g\u00f6\u00e7men gen\u00e7ler i\u00e7in sosyal i\u00e7erme ve entegrasyona y\u00f6nelik bir ad\u0131m olarak yeni i\u015f f\u0131rsatlar\u0131n\u0131n yarat\u0131lmas\u0131n\u0131 destekleme konusunda gen\u00e7lik \u00e7al\u0131\u015fanlar\u0131n\u0131n daha iyi anla\u015f\u0131lmas\u0131na katk\u0131da bulunmakt\u0131.<\/p>\n<p>\u00fczerinde 28<sup>inci<\/sup> May\u0131s sabah\u0131, ziyaretin sunumu, i\u00e7indeki hedefler ve program detaylar\u0131n\u0131n yan\u0131 s\u0131ra kat\u0131l\u0131mc\u0131lar\u0131n birbirlerini tan\u0131malar\u0131 ve \u00f6\u011fleden sonra sosyal giri\u015fimcilik ve Sosyal Giri\u015fimcilik Yerel Gen\u00e7lik Politikalar\u0131n\u0131n iyi uygulamalar\u0131n\u0131n payla\u015f\u0131lmas\u0131 ile ilgili temel kavramlarla bir an ge\u00e7irildi. Kat\u0131l\u0131mc\u0131lar k\u00fclt\u00fcrleraras\u0131 bir ak\u015famda bir araya geldi.<\/p>\n<p>Ziyaretin \u00fc\u00e7\u00fcnc\u00fc g\u00fcn\u00fc Cascais'te ger\u00e7ekle\u015fti ve belediyenin gen\u00e7lik departman\u0131 ve gen\u00e7lik kat\u0131l\u0131m\u0131 projeleri ile DNA Cascais derne\u011fi ile temasa ge\u00e7ti. \u00d6\u011fleden sonra, kat\u0131l\u0131mc\u0131lar\u0131n  \u2047 Take it \u2047  projesini g\u00f6rme ve istihdam departman\u0131 hakk\u0131nda daha fazla bilgi edinme \u015fans\u0131na sahip olduklar\u0131 Torre mahallesini ziyaret ederek d\u0131\u015far\u0131da ge\u00e7irildi.<\/p>\n<p>30'lu ya\u015flarda<sup>inci<\/sup> May\u0131s, \u00e7al\u0131\u015fma ziyareti Lizbon merkezi etraf\u0131nda d\u00f6nd\u00fc. Sabah, Lizbon belediyesine, gen\u00e7 istihdam\u0131n\u0131 te\u015fvik etmeyi ve gen\u00e7lerin sosyal d\u0131\u015flanmas\u0131n\u0131 \u00f6nlemeyi ama\u00e7layan ComNetNEET projesi ile temasa ge\u00e7en bir ziyaret yap\u0131ld\u0131. Ziyaretin \u00f6\u011fleden sonra TecLabs oldu, Lizbon \u00dcniversitesi Bilimler Fak\u00fcltesi taraf\u0131ndan giri\u015fimcili\u011fe yeni bir sosyal yakla\u015f\u0131m.<\/p>\n<p>Ziyaretin son g\u00fcn\u00fc, Yerel stratejiler ve Eylem planlar\u0131 geli\u015ftirmenin yan\u0131 s\u0131ra Takip f\u0131rsatlar\u0131n\u0131 ke\u015ffetmek ve de\u011ferlendirmek ve kapatmakt\u0131.<\/p>\n<p>Bu proje, ilki Portekiz'de (May\u0131s 2019) ve ikincisi Hollanda'da (Ekim 2019) olmak \u00fczere iki \u00c7al\u0131\u015fma ziyaretinden olu\u015fmaktad\u0131r. Proje Erasmus+ program\u0131 taraf\u0131ndan desteklenmektedir.<\/p>\n<p><img loading=\"lazy\" decoding=\"async\" class=\"aligncenter size-full wp-image-3726\" src=\"http:\/\/dypall.com\/wp-content\/uploads\/2019\/06\/DSC0014_edited.jpg\" alt=\"\" width=\"968\" height=\"648\" \/><\/p>\n<p><img loading=\"lazy\" decoding=\"async\" class=\"aligncenter size-large wp-image-3727\" src=\"http:\/\/dypall.com\/wp-content\/uploads\/2019\/06\/DSC0015.jpg\" alt=\"\" width=\"960\" height=\"643\" \/><\/p>\n<p><img loading=\"lazy\" decoding=\"async\" class=\"aligncenter size-large wp-image-3728\" src=\"http:\/\/dypall.com\/wp-content\/uploads\/2019\/06\/Cascais-2-1024x575.jpg\" alt=\"\" width=\"960\" height=\"539\" \/><\/p>\n<p><img loading=\"lazy\" decoding=\"async\" class=\"aligncenter size-large wp-image-3729\" src=\"http:\/\/dypall.com\/wp-content\/uploads\/2019\/06\/conversating-1024x575.jpg\" alt=\"\" width=\"960\" height=\"539\" \/><\/p>\n<p><img loading=\"lazy\" decoding=\"async\" class=\"aligncenter size-large wp-image-3730\" src=\"http:\/\/dypall.com\/wp-content\/uploads\/2019\/06\/group-1_edited.jpg\" alt=\"\" width=\"960\" height=\"540\" \/><\/p>\n<p><img loading=\"lazy\" decoding=\"async\" class=\"aligncenter size-large wp-image-3731\" src=\"http:\/\/dypall.com\/wp-content\/uploads\/2019\/06\/Reflect-1-1024x575.jpg\" alt=\"\" width=\"960\" height=\"539\" \/><\/p>\n<p><img loading=\"lazy\" decoding=\"async\" class=\"aligncenter size-large wp-image-3732\" src=\"http:\/\/dypall.com\/wp-content\/uploads\/2019\/06\/techlab-1-1024x575.jpg\" alt=\"\" width=\"960\" height=\"539\" \/><\/p>\n<p><img loading=\"lazy\" decoding=\"async\" class=\"aligncenter size-large wp-image-3733\" src=\"http:\/\/dypall.com\/wp-content\/uploads\/2019\/06\/WhatsApp-Image-2019-05-30-at-11.43.14.jpeg\" alt=\"\" width=\"960\" height=\"720\" \/><\/p>","protected":false},"excerpt":{"rendered":"<p>\u00c7al\u0131\u015fma ziyareti  \u2047 Sosyal giri\u015fimcilik \u00fczerine yerel gen\u00e7lik politikalar\u0131 \u2047  27 May\u0131s - 1 Haziran tarihleri aras\u0131nda Lizbon'da ger\u00e7ekle\u015fti. Bu ziyaret, Bulgaristan, H\u0131rvatistan, Portekiz, Finlandiya, \u0130talya, Letonya, Romanya, T\u00fcrkiye, \u0130ngiltere ve Hollanda'dan 27 belediye g\u00f6revlisini ve gen\u00e7lik \u00e7al\u0131\u015fan\u0131n\u0131, gen\u00e7lik sosyal giri\u015fimcili\u011fi ve yerel gen\u00e7lik politikalar\u0131 uygulamalar\u0131n\u0131 ve modellerini ziyaret etmek ve ke\u015ffetmek i\u00e7in bir araya getirdi... <a class=\"more-link\" href=\"https:\/\/dypall.com\/tr\/activity\/study-visit-local-youth-policies-on-social-entrepreneurship-2\/\">Okumaya devam et <span class=\"screen-reader-text\">\u00c7al\u0131\u015fma ziyareti  \u2047  Sosyal giri\u015fimcilik \u00fczerine yerel gen\u00e7lik politikalar\u0131  \u2047<\/span><\/a><\/p>","protected":false},"author":1,"featured_media":3726,"comment_status":"closed","ping_status":"open","sticky":false,"template":"","format":"standard","meta":{"_acf_changed":false,"_jetpack_memberships_contains_paid_content":false,"footnotes":""},"categories":[111,152],"tags":[129],"class_list":["post-5564","post","type-post","status-publish","format-standard","has-post-thumbnail","hentry","category-activity","category-study-visits","tag-study-visit","entry"],"acf":[],"yoast_head":"<!-- This site is optimized with the Yoast SEO plugin v22.8 - https:\/\/yoast.com\/wordpress\/plugins\/seo\/ -->\n<title>Study visit \u201cLocal youth policies on social entrepreneurship\u201d - DYPALL Network<\/title>\n<meta name=\"robots\" content=\"index, follow, max-snippet:-1, max-image-preview:large, max-video-preview:-1\" \/>\n<link rel=\"canonical\" href=\"https:\/\/dypall.com\/tr\/activity\/study-visit-local-youth-policies-on-social-entrepreneurship-2\/\" \/>\n<meta property=\"og:locale\" content=\"tr_TR\" \/>\n<meta property=\"og:type\" content=\"article\" \/>\n<meta property=\"og:title\" content=\"Study visit \u201cLocal youth policies on social entrepreneurship\u201d - DYPALL Network\" \/>\n<meta property=\"og:description\" content=\"The study visit \u201cLocal youth policies on social entrepreneurship\u201d took place in Lisbon, from 27th May- 1st June. This visit brought together 27 municipality officers and youth workers from Bulgaria, Croatia, Portugal, Finland, Italy, Latvia, Romania, Turkey, UK and Netherlands to visit and explore practices and models of youth social entrepreneurship and local youth policies&hellip; Okumaya devam et Study visit \u201cLocal youth policies on social entrepreneurship\u201d\" \/>\n<meta property=\"og:url\" content=\"https:\/\/dypall.com\/tr\/activity\/study-visit-local-youth-policies-on-social-entrepreneurship-2\/\" \/>\n<meta property=\"og:site_name\" content=\"DYPALL Network\" \/>\n<meta property=\"article:published_time\" content=\"2019-06-04T12:22:54+00:00\" \/>\n<meta name=\"author\" content=\"DYPALL Network\" \/>\n<meta name=\"twitter:card\" content=\"summary_large_image\" \/>\n<meta name=\"twitter:label1\" content=\"Written by\" \/>\n\t<meta name=\"twitter:data1\" content=\"DYPALL Network\" \/>\n\t<meta name=\"twitter:label2\" content=\"Est. reading time\" \/>\n\t<meta name=\"twitter:data2\" content=\"2 dakika\" \/>\n<script type=\"application\/ld+json\" class=\"yoast-schema-graph\">{\"@context\":\"https:\/\/schema.org\",\"@graph\":[{\"@type\":\"WebPage\",\"@id\":\"https:\/\/dypall.com\/activity\/study-visit-local-youth-policies-on-social-entrepreneurship-2\/\",\"url\":\"https:\/\/dypall.com\/activity\/study-visit-local-youth-policies-on-social-entrepreneurship-2\/\",\"name\":\"Study visit \u201cLocal youth policies on social entrepreneurship\u201d - DYPALL Network\",\"isPartOf\":{\"@id\":\"https:\/\/dypall.com\/#website\"},\"primaryImageOfPage\":{\"@id\":\"https:\/\/dypall.com\/activity\/study-visit-local-youth-policies-on-social-entrepreneurship-2\/#primaryimage\"},\"image\":{\"@id\":\"https:\/\/dypall.com\/activity\/study-visit-local-youth-policies-on-social-entrepreneurship-2\/#primaryimage\"},\"thumbnailUrl\":\"\",\"datePublished\":\"2019-06-04T12:22:54+00:00\",\"dateModified\":\"2019-06-04T12:22:54+00:00\",\"author\":{\"@id\":\"https:\/\/dypall.com\/#\/schema\/person\/f92e08aa15c8ba711a9d153129f03377\"},\"breadcrumb\":{\"@id\":\"https:\/\/dypall.com\/activity\/study-visit-local-youth-policies-on-social-entrepreneurship-2\/#breadcrumb\"},\"inLanguage\":\"tr\",\"potentialAction\":[{\"@type\":\"ReadAction\",\"target\":[\"https:\/\/dypall.com\/activity\/study-visit-local-youth-policies-on-social-entrepreneurship-2\/\"]}]},{\"@type\":\"ImageObject\",\"inLanguage\":\"tr\",\"@id\":\"https:\/\/dypall.com\/activity\/study-visit-local-youth-policies-on-social-entrepreneurship-2\/#primaryimage\",\"url\":\"\",\"contentUrl\":\"\"},{\"@type\":\"BreadcrumbList\",\"@id\":\"https:\/\/dypall.com\/activity\/study-visit-local-youth-policies-on-social-entrepreneurship-2\/#breadcrumb\",\"itemListElement\":[{\"@type\":\"ListItem\",\"position\":1,\"name\":\"Home\",\"item\":\"https:\/\/dypall.com\/\"},{\"@type\":\"ListItem\",\"position\":2,\"name\":\"Study visit \u201cLocal youth policies on social entrepreneurship\u201d\"}]},{\"@type\":\"WebSite\",\"@id\":\"https:\/\/dypall.com\/#website\",\"url\":\"https:\/\/dypall.com\/\",\"name\":\"DYPALL Network\",\"description\":\"We are a European network of civil society organisations, municipalities and research institutions dedicated to improving democracy through youth participation.\",\"potentialAction\":[{\"@type\":\"SearchAction\",\"target\":{\"@type\":\"EntryPoint\",\"urlTemplate\":\"https:\/\/dypall.com\/?s={search_term_string}\"},\"query-input\":\"required name=search_term_string\"}],\"inLanguage\":\"tr\"},{\"@type\":\"Person\",\"@id\":\"https:\/\/dypall.com\/#\/schema\/person\/f92e08aa15c8ba711a9d153129f03377\",\"name\":\"DYPALL Network\",\"image\":{\"@type\":\"ImageObject\",\"inLanguage\":\"tr\",\"@id\":\"https:\/\/dypall.com\/#\/schema\/person\/image\/\",\"url\":\"https:\/\/secure.gravatar.com\/avatar\/9c39e299279800c6d69c5e02cf613e7bab060889f373052a03d7ac399e8f0d3c?s=96&d=mm&r=g\",\"contentUrl\":\"https:\/\/secure.gravatar.com\/avatar\/9c39e299279800c6d69c5e02cf613e7bab060889f373052a03d7ac399e8f0d3c?s=96&d=mm&r=g\",\"caption\":\"DYPALL Network\"},\"sameAs\":[\"https:\/\/dypall.com\"],\"url\":\"https:\/\/dypall.com\/tr\/author\/dypall\/\"}]}<\/script>\n<!-- \/ Yoast SEO plugin. -->","yoast_head_json":{"title":"Study visit \u201cLocal youth policies on social entrepreneurship\u201d - DYPALL Network","robots":{"index":"index","follow":"follow","max-snippet":"max-snippet:-1","max-image-preview":"max-image-preview:large","max-video-preview":"max-video-preview:-1"},"canonical":"https:\/\/dypall.com\/tr\/activity\/study-visit-local-youth-policies-on-social-entrepreneurship-2\/","og_locale":"tr_TR","og_type":"article","og_title":"Study visit \u201cLocal youth policies on social entrepreneurship\u201d - DYPALL Network","og_description":"The study visit \u201cLocal youth policies on social entrepreneurship\u201d took place in Lisbon, from 27th May- 1st June. This visit brought together 27 municipality officers and youth workers from Bulgaria, Croatia, Portugal, Finland, Italy, Latvia, Romania, Turkey, UK and Netherlands to visit and explore practices and models of youth social entrepreneurship and local youth policies&hellip; Okumaya devam et Study visit \u201cLocal youth policies on social entrepreneurship\u201d","og_url":"https:\/\/dypall.com\/tr\/activity\/study-visit-local-youth-policies-on-social-entrepreneurship-2\/","og_site_name":"DYPALL Network","article_published_time":"2019-06-04T12:22:54+00:00","author":"DYPALL Network","twitter_card":"summary_large_image","twitter_misc":{"Written by":"DYPALL Network","Est. reading time":"2 dakika"},"schema":{"@context":"https:\/\/schema.org","@graph":[{"@type":"WebPage","@id":"https:\/\/dypall.com\/activity\/study-visit-local-youth-policies-on-social-entrepreneurship-2\/","url":"https:\/\/dypall.com\/activity\/study-visit-local-youth-policies-on-social-entrepreneurship-2\/","name":"Study visit \u201cLocal youth policies on social entrepreneurship\u201d - DYPALL Network","isPartOf":{"@id":"https:\/\/dypall.com\/#website"},"primaryImageOfPage":{"@id":"https:\/\/dypall.com\/activity\/study-visit-local-youth-policies-on-social-entrepreneurship-2\/#primaryimage"},"image":{"@id":"https:\/\/dypall.com\/activity\/study-visit-local-youth-policies-on-social-entrepreneurship-2\/#primaryimage"},"thumbnailUrl":"","datePublished":"2019-06-04T12:22:54+00:00","dateModified":"2019-06-04T12:22:54+00:00","author":{"@id":"https:\/\/dypall.com\/#\/schema\/person\/f92e08aa15c8ba711a9d153129f03377"},"breadcrumb":{"@id":"https:\/\/dypall.com\/activity\/study-visit-local-youth-policies-on-social-entrepreneurship-2\/#breadcrumb"},"inLanguage":"tr","potentialAction":[{"@type":"ReadAction","target":["https:\/\/dypall.com\/activity\/study-visit-local-youth-policies-on-social-entrepreneurship-2\/"]}]},{"@type":"ImageObject","inLanguage":"tr","@id":"https:\/\/dypall.com\/activity\/study-visit-local-youth-policies-on-social-entrepreneurship-2\/#primaryimage","url":"","contentUrl":""},{"@type":"BreadcrumbList","@id":"https:\/\/dypall.com\/activity\/study-visit-local-youth-policies-on-social-entrepreneurship-2\/#breadcrumb","itemListElement":[{"@type":"ListItem","position":1,"name":"Home","item":"https:\/\/dypall.com\/"},{"@type":"ListItem","position":2,"name":"Study visit \u201cLocal youth policies on social entrepreneurship\u201d"}]},{"@type":"WebSite","@id":"https:\/\/dypall.com\/#website","url":"https:\/\/dypall.com\/","name":"DYPALL Network","description":"We are a European network of civil society organisations, municipalities and research institutions dedicated to improving democracy through youth participation.","potentialAction":[{"@type":"SearchAction","target":{"@type":"EntryPoint","urlTemplate":"https:\/\/dypall.com\/?s={search_term_string}"},"query-input":"required name=search_term_string"}],"inLanguage":"tr"},{"@type":"Person","@id":"https:\/\/dypall.com\/#\/schema\/person\/f92e08aa15c8ba711a9d153129f03377","name":"DYPALL Network","image":{"@type":"ImageObject","inLanguage":"tr","@id":"https:\/\/dypall.com\/#\/schema\/person\/image\/","url":"https:\/\/secure.gravatar.com\/avatar\/9c39e299279800c6d69c5e02cf613e7bab060889f373052a03d7ac399e8f0d3c?s=96&d=mm&r=g","contentUrl":"https:\/\/secure.gravatar.com\/avatar\/9c39e299279800c6d69c5e02cf613e7bab060889f373052a03d7ac399e8f0d3c?s=96&d=mm&r=g","caption":"DYPALL Network"},"sameAs":["https:\/\/dypall.com"],"url":"https:\/\/dypall.com\/tr\/author\/dypall\/"}]}},"jetpack_featured_media_url":"","jetpack_sharing_enabled":true,"_links":{"self":[{"href":"https:\/\/dypall.com\/tr\/wp-json\/wp\/v2\/posts\/5564","targetHints":{"allow":["GET"]}}],"collection":[{"href":"https:\/\/dypall.com\/tr\/wp-json\/wp\/v2\/posts"}],"about":[{"href":"https:\/\/dypall.com\/tr\/wp-json\/wp\/v2\/types\/post"}],"author":[{"embeddable":true,"href":"https:\/\/dypall.com\/tr\/wp-json\/wp\/v2\/users\/1"}],"replies":[{"embeddable":true,"href":"https:\/\/dypall.com\/tr\/wp-json\/wp\/v2\/comments?post=5564"}],"version-history":[{"count":0,"href":"https:\/\/dypall.com\/tr\/wp-json\/wp\/v2\/posts\/5564\/revisions"}],"wp:featuredmedia":[{"embeddable":true,"href":"https:\/\/dypall.com\/tr\/wp-json\/"}],"wp:attachment":[{"href":"https:\/\/dypall.com\/tr\/wp-json\/wp\/v2\/media?parent=5564"}],"wp:term":[{"taxonomy":"category","embeddable":true,"href":"https:\/\/dypall.com\/tr\/wp-json\/wp\/v2\/categories?post=5564"},{"taxonomy":"post_tag","embeddable":true,"href":"https:\/\/dypall.com\/tr\/wp-json\/wp\/v2\/tags?post=5564"}],"curies":[{"name":"wp","href":"https:\/\/api.w.org\/{rel}","templated":true}]}}