{"id":5548,"date":"2016-11-16T10:36:19","date_gmt":"2016-11-16T09:36:19","guid":{"rendered":"http:\/\/dypall.com\/?p=1409"},"modified":"2016-11-16T10:36:19","modified_gmt":"2016-11-16T09:36:19","slug":"international-training-course-young-migrant-voices-a-training-course-for-boosting-participation-of-young-migrants-in-decision-making-processes-at-local-level-2","status":"publish","type":"post","link":"https:\/\/dypall.com\/tr\/activity\/international-training-course-young-migrant-voices-a-training-course-for-boosting-participation-of-young-migrants-in-decision-making-processes-at-local-level-2\/","title":{"rendered":"Bug\u00fcn e\u011fitim kursuna ba\u015fl\u0131yor  \u2047 Gen\u00e7 G\u00f6\u00e7men Sesleri \u2047"},"content":{"rendered":"<p style=\"padding-left: 30px;\">Bug\u00fcn ba\u015fl\u0131yor <strong>uluslararas\u0131 e\u011fitim kursu  \u2047 Gen\u00e7 G\u00f6\u00e7men Sesler: Gen\u00e7 g\u00f6\u00e7menlerin yerel d\u00fczeyde karar alma s\u00fcre\u00e7lerine kat\u0131l\u0131m\u0131n\u0131 art\u0131rmak i\u00e7in bir e\u011fitim kursu<\/strong>. ADYNE Hollanda taraf\u0131ndan DYPALL Network (Yerel D\u00fczeyde Gen\u00e7lik Kat\u0131l\u0131m\u0131n\u0131n Geli\u015ftirilmesi) ile ortakla\u015fa d\u00fczenlenen ve Avrupa Birli\u011fi Erasmus + Program\u0131 taraf\u0131ndan ortakla\u015fa finanse edilen giri\u015fim, 15-21 Kas\u0131m tarihleri aras\u0131nda Odiliapeel'deki  \u2047 Oleander groepsaccommodatie \u2047 'de ev sahipli\u011fi yap\u0131yor.<\/p>\n<p>DYPALL Network'\u00fcn kapasite geli\u015ftirme faaliyetleri \u00e7er\u00e7evesinde ger\u00e7ekle\u015ftirilen e\u011fitim, Hollanda'ya <strong>30 kat\u0131l\u0131mc\u0131, sivil toplum kurulu\u015flar\u0131n\u0131n temsilcisi, gen\u00e7lik \u00e7al\u0131\u015fanlar\u0131, gen\u00e7lik liderleri ve yerel y\u00f6netimlerin temsilcileri, gen\u00e7lerin yerel, ulusal ve Avrupa d\u00fczeyinde karar alma s\u00fcre\u00e7lerine kat\u0131l\u0131m\u0131na ili\u015fkin bak\u0131\u015f a\u00e7\u0131lar\u0131n\u0131 ve anlay\u0131\u015flar\u0131n\u0131 payla\u015fmak, tart\u0131\u015fmak ve sunmak. Avusturya, Yunanistan, \u0130talya, Letonya, Eski Yugoslavya Makedonya Cumhuriyeti, Hollanda, Polonya, Portekiz, Romanya, \u0130sve\u00e7 ve T\u00fcrkiye olmak \u00fczere 11 \u00fclke temsil edilecek.<\/strong><\/p>\n<p>Bu etkinlik, kat\u0131l\u0131mc\u0131lar\u0131n gen\u00e7 g\u00f6\u00e7menler ve gen\u00e7lerin kat\u0131l\u0131m\u0131 ile ilgili m\u00fcdahalelerini yerel d\u00fczeyde a\u015fa\u011f\u0131daki gibi sorular\u0131 yan\u0131tlayarak yeniden d\u00fc\u015f\u00fcnmeleri i\u00e7in bir aland\u0131r: Kurumlar gen\u00e7lerin ihtiya\u00e7lar\u0131na daha iyi nas\u0131l cevap verebilir? Akt\u00f6r olmalar\u0131 ve karar almalar\u0131 i\u00e7in ger\u00e7ek bir kapsam sunmak ve b\u00f6ylece kat\u0131l\u0131mlar\u0131n\u0131 somut olarak te\u015fvik etmek i\u00e7in giri\u015fimlerini nas\u0131l daha iyi \u015fekillendirebileceklerini; Her iki taraf\u0131 da desteklemek i\u00e7in sivil toplumdan ve gen\u00e7lik \u00e7al\u0131\u015fanlar\u0131ndan destek almal\u0131d\u0131r. Yayg\u0131n e\u011fitim ilkelerine dayanan e\u011fitim, marjinal gen\u00e7lere daha etkili bir \u015fekilde ula\u015fmak ve \u015fiddet i\u00e7eren radikalle\u015fmelerini \u00f6nlemek i\u00e7in yerel gen\u00e7lik \u00e7al\u0131\u015fanlar\u0131n\u0131n yetkinliklerini geli\u015ftirmeyi ve uygulamalar\u0131n\u0131 payla\u015fmay\u0131 ama\u00e7lamaktad\u0131r.<\/p>\n<p>E\u011fitim kursundaki g\u00fcncellemeler g\u00fcnl\u00fck olarak Facebook sayfas\u0131nda yay\u0131nlanmaktad\u0131r. <a href=\"https:\/\/www.facebook.com\/dypallnetwork\">https:\/\/www.facebook.com\/dypallnetwork<\/a><\/p>\n<p>Daha fazla bilgi i\u00e7in:<br \/>\n\u2047  Silvia Pieretto  \u2047  DYPALL Network, Proje Y\u00f6neticisi: e\u011fitim@dypall.com<\/p>","protected":false},"excerpt":{"rendered":"<p>Bug\u00fcn uluslararas\u0131 e\u011fitim kursu  \u2047 Young Migrant Voices ba\u015fl\u0131yor: Gen\u00e7 g\u00f6\u00e7menlerin yerel d\u00fczeyde karar alma s\u00fcre\u00e7lerine kat\u0131l\u0131m\u0131n\u0131 art\u0131rmak i\u00e7in bir e\u011fitim kursu. ADYNE Hollanda taraf\u0131ndan DYPALL Network (Yerel D\u00fczeyde Gen\u00e7lik Kat\u0131l\u0131m\u0131n\u0131n Geli\u015ftirilmesi) ile ortakla\u015fa d\u00fczenlenen ve Avrupa Birli\u011fi Erasmus + Program\u0131 taraf\u0131ndan ortakla\u015fa finanse edilen giri\u015fim,... <a class=\"more-link\" href=\"https:\/\/dypall.com\/tr\/activity\/international-training-course-young-migrant-voices-a-training-course-for-boosting-participation-of-young-migrants-in-decision-making-processes-at-local-level-2\/\">Okumaya devam et <span class=\"screen-reader-text\">Bug\u00fcn e\u011fitim kursuna ba\u015fl\u0131yor  \u2047 Gen\u00e7 G\u00f6\u00e7men Sesleri \u2047<\/span><\/a><\/p>","protected":false},"author":1,"featured_media":1413,"comment_status":"closed","ping_status":"open","sticky":false,"template":"","format":"standard","meta":{"_acf_changed":false,"_jetpack_memberships_contains_paid_content":false,"footnotes":""},"categories":[111,141],"tags":[136],"class_list":["post-5548","post","type-post","status-publish","format-standard","has-post-thumbnail","hentry","category-activity","category-training-course","tag-training-course","entry"],"acf":[],"yoast_head":"<!-- This site is optimized with the Yoast SEO plugin v22.8 - https:\/\/yoast.com\/wordpress\/plugins\/seo\/ -->\n<title>Starts today the training course \u201cYoung Migrant Voices&quot; - DYPALL Network<\/title>\n<meta name=\"robots\" content=\"index, follow, max-snippet:-1, max-image-preview:large, max-video-preview:-1\" \/>\n<link rel=\"canonical\" href=\"https:\/\/dypall.com\/tr\/activity\/international-training-course-young-migrant-voices-a-training-course-for-boosting-participation-of-young-migrants-in-decision-making-processes-at-local-level-2\/\" \/>\n<meta property=\"og:locale\" content=\"tr_TR\" \/>\n<meta property=\"og:type\" content=\"article\" \/>\n<meta property=\"og:title\" content=\"Starts today the training course \u201cYoung Migrant Voices&quot; - DYPALL Network\" \/>\n<meta property=\"og:description\" content=\"It starts today the international training course \u201cYoung Migrant Voices: a training course for boosting participation of young migrants in decision-making processes at local level\u201d. The initiative, organized by ADYNE Netherlands in partnership with DYPALL Network (Developing Youth Participation at Local Level), and co-funded by the Erasmus + Programme of the European Union, is\u00a0hosted is&hellip; Okumaya devam et Starts today the training course \u201cYoung Migrant Voices&#8221;\" \/>\n<meta property=\"og:url\" content=\"https:\/\/dypall.com\/tr\/activity\/international-training-course-young-migrant-voices-a-training-course-for-boosting-participation-of-young-migrants-in-decision-making-processes-at-local-level-2\/\" \/>\n<meta property=\"og:site_name\" content=\"DYPALL Network\" \/>\n<meta property=\"article:published_time\" content=\"2016-11-16T09:36:19+00:00\" \/>\n<meta name=\"author\" content=\"DYPALL Network\" \/>\n<meta name=\"twitter:card\" content=\"summary_large_image\" \/>\n<meta name=\"twitter:label1\" content=\"Written by\" \/>\n\t<meta name=\"twitter:data1\" content=\"DYPALL Network\" \/>\n\t<meta name=\"twitter:label2\" content=\"Est. reading time\" \/>\n\t<meta name=\"twitter:data2\" content=\"1 dakika\" \/>\n<script type=\"application\/ld+json\" class=\"yoast-schema-graph\">{\"@context\":\"https:\/\/schema.org\",\"@graph\":[{\"@type\":\"WebPage\",\"@id\":\"https:\/\/dypall.com\/activity\/international-training-course-young-migrant-voices-a-training-course-for-boosting-participation-of-young-migrants-in-decision-making-processes-at-local-level-2\/\",\"url\":\"https:\/\/dypall.com\/activity\/international-training-course-young-migrant-voices-a-training-course-for-boosting-participation-of-young-migrants-in-decision-making-processes-at-local-level-2\/\",\"name\":\"Starts today the training course \u201cYoung Migrant Voices\\\" - DYPALL Network\",\"isPartOf\":{\"@id\":\"https:\/\/dypall.com\/#website\"},\"primaryImageOfPage\":{\"@id\":\"https:\/\/dypall.com\/activity\/international-training-course-young-migrant-voices-a-training-course-for-boosting-participation-of-young-migrants-in-decision-making-processes-at-local-level-2\/#primaryimage\"},\"image\":{\"@id\":\"https:\/\/dypall.com\/activity\/international-training-course-young-migrant-voices-a-training-course-for-boosting-participation-of-young-migrants-in-decision-making-processes-at-local-level-2\/#primaryimage\"},\"thumbnailUrl\":\"\",\"datePublished\":\"2016-11-16T09:36:19+00:00\",\"dateModified\":\"2016-11-16T09:36:19+00:00\",\"author\":{\"@id\":\"https:\/\/dypall.com\/#\/schema\/person\/f92e08aa15c8ba711a9d153129f03377\"},\"breadcrumb\":{\"@id\":\"https:\/\/dypall.com\/activity\/international-training-course-young-migrant-voices-a-training-course-for-boosting-participation-of-young-migrants-in-decision-making-processes-at-local-level-2\/#breadcrumb\"},\"inLanguage\":\"tr\",\"potentialAction\":[{\"@type\":\"ReadAction\",\"target\":[\"https:\/\/dypall.com\/activity\/international-training-course-young-migrant-voices-a-training-course-for-boosting-participation-of-young-migrants-in-decision-making-processes-at-local-level-2\/\"]}]},{\"@type\":\"ImageObject\",\"inLanguage\":\"tr\",\"@id\":\"https:\/\/dypall.com\/activity\/international-training-course-young-migrant-voices-a-training-course-for-boosting-participation-of-young-migrants-in-decision-making-processes-at-local-level-2\/#primaryimage\",\"url\":\"\",\"contentUrl\":\"\"},{\"@type\":\"BreadcrumbList\",\"@id\":\"https:\/\/dypall.com\/activity\/international-training-course-young-migrant-voices-a-training-course-for-boosting-participation-of-young-migrants-in-decision-making-processes-at-local-level-2\/#breadcrumb\",\"itemListElement\":[{\"@type\":\"ListItem\",\"position\":1,\"name\":\"Home\",\"item\":\"https:\/\/dypall.com\/\"},{\"@type\":\"ListItem\",\"position\":2,\"name\":\"Starts today the training course \u201cYoung Migrant Voices&#8221;\"}]},{\"@type\":\"WebSite\",\"@id\":\"https:\/\/dypall.com\/#website\",\"url\":\"https:\/\/dypall.com\/\",\"name\":\"DYPALL Network\",\"description\":\"We are a European network of civil society organisations, municipalities and research institutions dedicated to improving democracy through youth participation.\",\"potentialAction\":[{\"@type\":\"SearchAction\",\"target\":{\"@type\":\"EntryPoint\",\"urlTemplate\":\"https:\/\/dypall.com\/?s={search_term_string}\"},\"query-input\":\"required name=search_term_string\"}],\"inLanguage\":\"tr\"},{\"@type\":\"Person\",\"@id\":\"https:\/\/dypall.com\/#\/schema\/person\/f92e08aa15c8ba711a9d153129f03377\",\"name\":\"DYPALL Network\",\"image\":{\"@type\":\"ImageObject\",\"inLanguage\":\"tr\",\"@id\":\"https:\/\/dypall.com\/#\/schema\/person\/image\/\",\"url\":\"https:\/\/secure.gravatar.com\/avatar\/9c39e299279800c6d69c5e02cf613e7bab060889f373052a03d7ac399e8f0d3c?s=96&d=mm&r=g\",\"contentUrl\":\"https:\/\/secure.gravatar.com\/avatar\/9c39e299279800c6d69c5e02cf613e7bab060889f373052a03d7ac399e8f0d3c?s=96&d=mm&r=g\",\"caption\":\"DYPALL Network\"},\"sameAs\":[\"https:\/\/dypall.com\"],\"url\":\"https:\/\/dypall.com\/tr\/author\/dypall\/\"}]}<\/script>\n<!-- \/ Yoast SEO plugin. -->","yoast_head_json":{"title":"Starts today the training course \u201cYoung Migrant Voices\" - DYPALL Network","robots":{"index":"index","follow":"follow","max-snippet":"max-snippet:-1","max-image-preview":"max-image-preview:large","max-video-preview":"max-video-preview:-1"},"canonical":"https:\/\/dypall.com\/tr\/activity\/international-training-course-young-migrant-voices-a-training-course-for-boosting-participation-of-young-migrants-in-decision-making-processes-at-local-level-2\/","og_locale":"tr_TR","og_type":"article","og_title":"Starts today the training course \u201cYoung Migrant Voices\" - DYPALL Network","og_description":"It starts today the international training course \u201cYoung Migrant Voices: a training course for boosting participation of young migrants in decision-making processes at local level\u201d. The initiative, organized by ADYNE Netherlands in partnership with DYPALL Network (Developing Youth Participation at Local Level), and co-funded by the Erasmus + Programme of the European Union, is\u00a0hosted is&hellip; Okumaya devam et Starts today the training course \u201cYoung Migrant Voices&#8221;","og_url":"https:\/\/dypall.com\/tr\/activity\/international-training-course-young-migrant-voices-a-training-course-for-boosting-participation-of-young-migrants-in-decision-making-processes-at-local-level-2\/","og_site_name":"DYPALL Network","article_published_time":"2016-11-16T09:36:19+00:00","author":"DYPALL Network","twitter_card":"summary_large_image","twitter_misc":{"Written by":"DYPALL Network","Est. reading time":"1 dakika"},"schema":{"@context":"https:\/\/schema.org","@graph":[{"@type":"WebPage","@id":"https:\/\/dypall.com\/activity\/international-training-course-young-migrant-voices-a-training-course-for-boosting-participation-of-young-migrants-in-decision-making-processes-at-local-level-2\/","url":"https:\/\/dypall.com\/activity\/international-training-course-young-migrant-voices-a-training-course-for-boosting-participation-of-young-migrants-in-decision-making-processes-at-local-level-2\/","name":"Starts today the training course \u201cYoung Migrant Voices\" - DYPALL Network","isPartOf":{"@id":"https:\/\/dypall.com\/#website"},"primaryImageOfPage":{"@id":"https:\/\/dypall.com\/activity\/international-training-course-young-migrant-voices-a-training-course-for-boosting-participation-of-young-migrants-in-decision-making-processes-at-local-level-2\/#primaryimage"},"image":{"@id":"https:\/\/dypall.com\/activity\/international-training-course-young-migrant-voices-a-training-course-for-boosting-participation-of-young-migrants-in-decision-making-processes-at-local-level-2\/#primaryimage"},"thumbnailUrl":"","datePublished":"2016-11-16T09:36:19+00:00","dateModified":"2016-11-16T09:36:19+00:00","author":{"@id":"https:\/\/dypall.com\/#\/schema\/person\/f92e08aa15c8ba711a9d153129f03377"},"breadcrumb":{"@id":"https:\/\/dypall.com\/activity\/international-training-course-young-migrant-voices-a-training-course-for-boosting-participation-of-young-migrants-in-decision-making-processes-at-local-level-2\/#breadcrumb"},"inLanguage":"tr","potentialAction":[{"@type":"ReadAction","target":["https:\/\/dypall.com\/activity\/international-training-course-young-migrant-voices-a-training-course-for-boosting-participation-of-young-migrants-in-decision-making-processes-at-local-level-2\/"]}]},{"@type":"ImageObject","inLanguage":"tr","@id":"https:\/\/dypall.com\/activity\/international-training-course-young-migrant-voices-a-training-course-for-boosting-participation-of-young-migrants-in-decision-making-processes-at-local-level-2\/#primaryimage","url":"","contentUrl":""},{"@type":"BreadcrumbList","@id":"https:\/\/dypall.com\/activity\/international-training-course-young-migrant-voices-a-training-course-for-boosting-participation-of-young-migrants-in-decision-making-processes-at-local-level-2\/#breadcrumb","itemListElement":[{"@type":"ListItem","position":1,"name":"Home","item":"https:\/\/dypall.com\/"},{"@type":"ListItem","position":2,"name":"Starts today the training course \u201cYoung Migrant Voices&#8221;"}]},{"@type":"WebSite","@id":"https:\/\/dypall.com\/#website","url":"https:\/\/dypall.com\/","name":"DYPALL Network","description":"We are a European network of civil society organisations, municipalities and research institutions dedicated to improving democracy through youth participation.","potentialAction":[{"@type":"SearchAction","target":{"@type":"EntryPoint","urlTemplate":"https:\/\/dypall.com\/?s={search_term_string}"},"query-input":"required name=search_term_string"}],"inLanguage":"tr"},{"@type":"Person","@id":"https:\/\/dypall.com\/#\/schema\/person\/f92e08aa15c8ba711a9d153129f03377","name":"DYPALL Network","image":{"@type":"ImageObject","inLanguage":"tr","@id":"https:\/\/dypall.com\/#\/schema\/person\/image\/","url":"https:\/\/secure.gravatar.com\/avatar\/9c39e299279800c6d69c5e02cf613e7bab060889f373052a03d7ac399e8f0d3c?s=96&d=mm&r=g","contentUrl":"https:\/\/secure.gravatar.com\/avatar\/9c39e299279800c6d69c5e02cf613e7bab060889f373052a03d7ac399e8f0d3c?s=96&d=mm&r=g","caption":"DYPALL Network"},"sameAs":["https:\/\/dypall.com"],"url":"https:\/\/dypall.com\/tr\/author\/dypall\/"}]}},"jetpack_featured_media_url":"","jetpack_sharing_enabled":true,"_links":{"self":[{"href":"https:\/\/dypall.com\/tr\/wp-json\/wp\/v2\/posts\/5548","targetHints":{"allow":["GET"]}}],"collection":[{"href":"https:\/\/dypall.com\/tr\/wp-json\/wp\/v2\/posts"}],"about":[{"href":"https:\/\/dypall.com\/tr\/wp-json\/wp\/v2\/types\/post"}],"author":[{"embeddable":true,"href":"https:\/\/dypall.com\/tr\/wp-json\/wp\/v2\/users\/1"}],"replies":[{"embeddable":true,"href":"https:\/\/dypall.com\/tr\/wp-json\/wp\/v2\/comments?post=5548"}],"version-history":[{"count":0,"href":"https:\/\/dypall.com\/tr\/wp-json\/wp\/v2\/posts\/5548\/revisions"}],"wp:featuredmedia":[{"embeddable":true,"href":"https:\/\/dypall.com\/tr\/wp-json\/"}],"wp:attachment":[{"href":"https:\/\/dypall.com\/tr\/wp-json\/wp\/v2\/media?parent=5548"}],"wp:term":[{"taxonomy":"category","embeddable":true,"href":"https:\/\/dypall.com\/tr\/wp-json\/wp\/v2\/categories?post=5548"},{"taxonomy":"post_tag","embeddable":true,"href":"https:\/\/dypall.com\/tr\/wp-json\/wp\/v2\/tags?post=5548"}],"curies":[{"name":"wp","href":"https:\/\/api.w.org\/{rel}","templated":true}]}}