{"id":5166,"date":"2021-10-07T15:38:19","date_gmt":"2021-10-07T14:38:19","guid":{"rendered":"https:\/\/dypall.com\/?p=5166"},"modified":"2021-10-07T15:38:19","modified_gmt":"2021-10-07T14:38:19","slug":"call-for-participants-meta-university-2021-networking-capacity-building-and-peer-learning-in-youth-sector","status":"publish","type":"post","link":"https:\/\/dypall.com\/tr\/activity\/call-for-participants-meta-university-2021-networking-capacity-building-and-peer-learning-in-youth-sector\/","title":{"rendered":"[KATILIMCILAR \u0130\u00c7\u0130N \u00c7A\u011eRI] Meta-\u00dcniversite 2021: Gen\u00e7lik sekt\u00f6r\u00fcnde a\u011f olu\u015fturma, kapasite geli\u015ftirme ve akran \u00f6\u011frenimi"},"content":{"rendered":"<p><a href=\"\/\" rel=\"attachment wp-att-5165\"><img loading=\"lazy\" decoding=\"async\" class=\"alignleft size-large wp-image-5165\" src=\"https:\/\/dypall.com\/wp-content\/uploads\/2021\/10\/Facebook-Cover-1024x450.png\" alt=\"\" width=\"1024\" height=\"450\" \/><\/a><\/p>\n<p>&nbsp;<\/p>\n<p>&nbsp;<\/p>\n<p>Kat\u0131l\u0131n <strong>Meta-\u00dcniversite 2021'de<\/strong> aras\u0131nda <strong>19-22 Ekim 2021 tarihleri aras\u0131nda<\/strong> Gen\u00e7lik \u00e7al\u0131\u015fanlar\u0131, gen\u00e7lik politika yap\u0131c\u0131lar\u0131 ve gen\u00e7lik alan\u0131nda aktif olan kurulu\u015flar aras\u0131nda \u00e7evrimi\u00e7i a\u011f olu\u015fturma, kapasite geli\u015ftirme ve akran \u00f6\u011frenimi i\u00e7in. Meta-\u00dcniversite, gen\u00e7lerin bu kritik ko\u015fullara kat\u0131l\u0131m\u0131 ve gen\u00e7lik i\u015fbirli\u011fi \u00fczerinde \u00e7al\u0131\u015fmaya devam etmek amac\u0131yla Global YOUth taraf\u0131ndan olu\u015fturulan yeni bir giri\u015fimdir. <strong>Dijital Gen\u00e7lik \u00c7al\u0131\u015fmalar\u0131<\/strong>.<\/p>\n<p>Sizi \u00f6zellikle e\u011fitim oturumumuza davet ediyoruz  \u2047 Gen\u00e7lik e-kat\u0131l\u0131m konular\u0131: 20 Ekim TS\u0130 10:00-12:00 aras\u0131nda gen\u00e7lerin kat\u0131l\u0131m\u0131n\u0131n dijital alana aktar\u0131lmas\u0131.<\/p>\n<p>Daha fazla bilgi i\u00e7in <a href=\"https:\/\/rm.coe.int\/meta-university-2021-call-pax\/1680a3fcfd\">Kat\u0131l\u0131mc\u0131lar i\u00e7in \u00e7a\u011fr\u0131<\/a>\u00a0ve \u00fczerinde <a href=\"https:\/\/www.coe.int\/en\/web\/north-south-centre\/meta-university?fbclid=IwAR2LFP2O6zcWeUTtOzl5pfnDzT253ude1Ds1RvsMNPre3MqI8-b78V8oJFE\">Web sitesi<\/a>. .olay hakk\u0131nda.<\/p>\n<p>Kay\u0131t ol <a href=\"https:\/\/tinyurl.com\/meta-university2021\">burada<\/a> 12 Ekim 2021'e kadar.<\/p>\n<p><strong>FAAL\u0130YET HAKKINDA<\/strong><\/p>\n<p>Meta-\u00dcniversite, gen\u00e7lerin bu kritik ko\u015fullara kat\u0131l\u0131m\u0131 ve gen\u00e7lik i\u015fbirli\u011fi \u00fczerinde \u00e7al\u0131\u015fmaya devam etmek amac\u0131yla Global YOUth taraf\u0131ndan olu\u015fturulan yeni bir giri\u015fimdir. <strong>Dijital Gen\u00e7lik \u00c7al\u0131\u015fmalar\u0131<\/strong>.\u00a0Bu y\u0131lki etkinlik, Avrupa Konseyi Kuzey-G\u00fcney Merkezi taraf\u0131ndan d\u00fcnyan\u0131n farkl\u0131 b\u00f6lgelerinden gelen on ortak kurulu\u015f ve <strong>DYPALL A\u011f\u0131<\/strong> Onlardan biri olmaktan onur duyuyorum.<\/p>\n<p>Etkinlik \u015funlar\u0131 ama\u00e7lamaktad\u0131r:<\/p>\n<ul>\n<li>Ortak kurulu\u015flar taraf\u0131ndan desteklenen bir veya daha fazla web seminerine kat\u0131larak bilgiyi geni\u015fletmek ve yeni beceriler geli\u015ftirmek;<\/li>\n<li>Gen\u00e7lik sekt\u00f6r\u00fcn\u00fcn g\u00fcncel kilit konular\u0131na odaklanan genel kurul oturumlar\u0131n\u0131 takip ederek k\u00fcresel gen\u00e7lik g\u00fcndeminin geli\u015fimine katk\u0131da bulunmak;<\/li>\n<li>di\u011fer akranlarla ba\u011flant\u0131 kurun ve \u00e7evrimi\u00e7i coee-break'ler, dinamik grup sohbetleri, h\u0131zl\u0131 a\u011f olu\u015fturma ve di\u011fer kolayla\u015ft\u0131r\u0131lm\u0131\u015f grup etkile\u015fimleri gibi gayri resmi toplant\u0131lar\u0131n tad\u0131n\u0131 \u00e7\u0131kar\u0131rken k\u00fclt\u00fcrleraras\u0131 diyalog uygulay\u0131n;<\/li>\n<li>Kat\u0131l\u0131mc\u0131lar\u0131n projeleri ve f\u0131rsatlar\u0131 payla\u015fmak, yeni organizasyonlarla tan\u0131\u015fmak, ileti\u015fim kurmak ve yeni ortakl\u0131klar kurmak i\u00e7in kendi sanal standlar\u0131n\u0131 kurabilecekleri  \u2047 Expo alan\u0131na \u2047  kat\u0131l\u0131n;<\/li>\n<li>Fikirleri ve \u00f6nerileri takip etmek, \u00f6nceki oturumlarda ba\u015flat\u0131lan bir konu\u015fmay\u0131 derinle\u015ftirmek veya hen\u00fcz etkinlik kapsam\u0131nda olmayan ilgili bir konuyu ele almak i\u00e7in bir oturum \u00f6nererek etkinli\u011fin \u00f6nc\u00fcl\u00fc\u011f\u00fcn\u00fc yap\u0131n.<\/li>\n<\/ul>\n<p>&nbsp;<\/p>\n<p>&nbsp;<\/p>","protected":false},"excerpt":{"rendered":"<p>&nbsp; &nbsp; Gen\u00e7lik \u00e7al\u0131\u015fanlar\u0131, gen\u00e7lik politika yap\u0131c\u0131lar\u0131 ve gen\u00e7lik alan\u0131nda faaliyet g\u00f6steren kurulu\u015flar aras\u0131nda \u00e7evrimi\u00e7i a\u011f olu\u015fturma, kapasite geli\u015ftirme ve akran \u00f6\u011frenimi i\u00e7in 19-22 Ekim 2021 tarihleri aras\u0131nda Meta-University 2021'e kat\u0131l\u0131n. Meta-\u00dcniversite, gen\u00e7lik i\u015fbirli\u011fi ve gen\u00e7lik kat\u0131l\u0131m\u0131 \u00fczerinde \u00e7al\u0131\u015fmaya devam etmek amac\u0131yla Global YOUth taraf\u0131ndan olu\u015fturulan yeni bir giri\u015fimdir. <a class=\"more-link\" href=\"https:\/\/dypall.com\/tr\/activity\/call-for-participants-meta-university-2021-networking-capacity-building-and-peer-learning-in-youth-sector\/\">Okumaya devam et <span class=\"screen-reader-text\">[KATILIMCILAR \u0130\u00c7\u0130N \u00c7A\u011eRI] Meta-\u00dcniversite 2021: Gen\u00e7lik sekt\u00f6r\u00fcnde a\u011f olu\u015fturma, kapasite geli\u015ftirme ve akran \u00f6\u011frenimi<\/span><\/a><\/p>","protected":false},"author":2,"featured_media":5167,"comment_status":"closed","ping_status":"open","sticky":false,"template":"","format":"standard","meta":{"_acf_changed":false,"_jetpack_memberships_contains_paid_content":false,"footnotes":""},"categories":[111],"tags":[],"class_list":["post-5166","post","type-post","status-publish","format-standard","has-post-thumbnail","hentry","category-activity","entry"],"acf":[],"yoast_head":"<!-- This site is optimized with the Yoast SEO plugin v22.8 - https:\/\/yoast.com\/wordpress\/plugins\/seo\/ -->\n<title>[CALL FOR PARTICIPANTS] Meta-University 2021: Networking, capacity building and peer learning in youth sector - DYPALL Network<\/title>\n<meta name=\"robots\" content=\"index, follow, max-snippet:-1, max-image-preview:large, max-video-preview:-1\" \/>\n<link rel=\"canonical\" href=\"https:\/\/dypall.com\/tr\/activity\/call-for-participants-meta-university-2021-networking-capacity-building-and-peer-learning-in-youth-sector\/\" \/>\n<meta property=\"og:locale\" content=\"tr_TR\" \/>\n<meta property=\"og:type\" content=\"article\" \/>\n<meta property=\"og:title\" content=\"[CALL FOR PARTICIPANTS] Meta-University 2021: Networking, capacity building and peer learning in youth sector - DYPALL Network\" \/>\n<meta property=\"og:description\" content=\"&nbsp; &nbsp; Join the Meta-University 2021 between 19-22 October 2021 for online networking, capacity building and peer learning among youth workers, youth policy makers and organisations active in the youth field. The Meta-University is a new initiative created by the Global YOUth with the purpose to keep working on youth cooperation and youth participation in&hellip; Okumaya devam et [CALL FOR PARTICIPANTS] Meta-University 2021: Networking, capacity building and peer learning in youth sector\" \/>\n<meta property=\"og:url\" content=\"https:\/\/dypall.com\/tr\/activity\/call-for-participants-meta-university-2021-networking-capacity-building-and-peer-learning-in-youth-sector\/\" \/>\n<meta property=\"og:site_name\" content=\"DYPALL Network\" \/>\n<meta property=\"article:published_time\" content=\"2021-10-07T14:38:19+00:00\" \/>\n<meta name=\"author\" content=\"dypall\" \/>\n<meta name=\"twitter:card\" content=\"summary_large_image\" \/>\n<meta name=\"twitter:label1\" content=\"Written by\" \/>\n\t<meta name=\"twitter:data1\" content=\"dypall\" \/>\n\t<meta name=\"twitter:label2\" content=\"Est. reading time\" \/>\n\t<meta name=\"twitter:data2\" content=\"2 dakika\" \/>\n<script type=\"application\/ld+json\" class=\"yoast-schema-graph\">{\"@context\":\"https:\/\/schema.org\",\"@graph\":[{\"@type\":\"WebPage\",\"@id\":\"https:\/\/dypall.com\/activity\/call-for-participants-meta-university-2021-networking-capacity-building-and-peer-learning-in-youth-sector\/\",\"url\":\"https:\/\/dypall.com\/activity\/call-for-participants-meta-university-2021-networking-capacity-building-and-peer-learning-in-youth-sector\/\",\"name\":\"[CALL FOR PARTICIPANTS] Meta-University 2021: Networking, capacity building and peer learning in youth sector - DYPALL Network\",\"isPartOf\":{\"@id\":\"https:\/\/dypall.com\/#website\"},\"primaryImageOfPage\":{\"@id\":\"https:\/\/dypall.com\/activity\/call-for-participants-meta-university-2021-networking-capacity-building-and-peer-learning-in-youth-sector\/#primaryimage\"},\"image\":{\"@id\":\"https:\/\/dypall.com\/activity\/call-for-participants-meta-university-2021-networking-capacity-building-and-peer-learning-in-youth-sector\/#primaryimage\"},\"thumbnailUrl\":\"\",\"datePublished\":\"2021-10-07T14:38:19+00:00\",\"dateModified\":\"2021-10-07T14:38:19+00:00\",\"author\":{\"@id\":\"https:\/\/dypall.com\/#\/schema\/person\/206350efe851997fcdedef75d118766b\"},\"breadcrumb\":{\"@id\":\"https:\/\/dypall.com\/activity\/call-for-participants-meta-university-2021-networking-capacity-building-and-peer-learning-in-youth-sector\/#breadcrumb\"},\"inLanguage\":\"tr\",\"potentialAction\":[{\"@type\":\"ReadAction\",\"target\":[\"https:\/\/dypall.com\/activity\/call-for-participants-meta-university-2021-networking-capacity-building-and-peer-learning-in-youth-sector\/\"]}]},{\"@type\":\"ImageObject\",\"inLanguage\":\"tr\",\"@id\":\"https:\/\/dypall.com\/activity\/call-for-participants-meta-university-2021-networking-capacity-building-and-peer-learning-in-youth-sector\/#primaryimage\",\"url\":\"\",\"contentUrl\":\"\"},{\"@type\":\"BreadcrumbList\",\"@id\":\"https:\/\/dypall.com\/activity\/call-for-participants-meta-university-2021-networking-capacity-building-and-peer-learning-in-youth-sector\/#breadcrumb\",\"itemListElement\":[{\"@type\":\"ListItem\",\"position\":1,\"name\":\"Home\",\"item\":\"https:\/\/dypall.com\/\"},{\"@type\":\"ListItem\",\"position\":2,\"name\":\"[CALL FOR PARTICIPANTS] Meta-University 2021: Networking, capacity building and peer learning in youth sector\"}]},{\"@type\":\"WebSite\",\"@id\":\"https:\/\/dypall.com\/#website\",\"url\":\"https:\/\/dypall.com\/\",\"name\":\"DYPALL Network\",\"description\":\"We are a European network of civil society organisations, municipalities and research institutions dedicated to improving democracy through youth participation.\",\"potentialAction\":[{\"@type\":\"SearchAction\",\"target\":{\"@type\":\"EntryPoint\",\"urlTemplate\":\"https:\/\/dypall.com\/?s={search_term_string}\"},\"query-input\":\"required name=search_term_string\"}],\"inLanguage\":\"tr\"},{\"@type\":\"Person\",\"@id\":\"https:\/\/dypall.com\/#\/schema\/person\/206350efe851997fcdedef75d118766b\",\"name\":\"dypall\",\"image\":{\"@type\":\"ImageObject\",\"inLanguage\":\"tr\",\"@id\":\"https:\/\/dypall.com\/#\/schema\/person\/image\/\",\"url\":\"https:\/\/secure.gravatar.com\/avatar\/14e8d3d8841cd0bdf69915120bcf9fcfac1567f1dc7035664907322ac47efe29?s=96&d=mm&r=g\",\"contentUrl\":\"https:\/\/secure.gravatar.com\/avatar\/14e8d3d8841cd0bdf69915120bcf9fcfac1567f1dc7035664907322ac47efe29?s=96&d=mm&r=g\",\"caption\":\"dypall\"},\"url\":\"https:\/\/dypall.com\/tr\/author\/dypall_info\/\"}]}<\/script>\n<!-- \/ Yoast SEO plugin. -->","yoast_head_json":{"title":"[CALL FOR PARTICIPANTS] Meta-University 2021: Networking, capacity building and peer learning in youth sector - DYPALL Network","robots":{"index":"index","follow":"follow","max-snippet":"max-snippet:-1","max-image-preview":"max-image-preview:large","max-video-preview":"max-video-preview:-1"},"canonical":"https:\/\/dypall.com\/tr\/activity\/call-for-participants-meta-university-2021-networking-capacity-building-and-peer-learning-in-youth-sector\/","og_locale":"tr_TR","og_type":"article","og_title":"[CALL FOR PARTICIPANTS] Meta-University 2021: Networking, capacity building and peer learning in youth sector - DYPALL Network","og_description":"&nbsp; &nbsp; Join the Meta-University 2021 between 19-22 October 2021 for online networking, capacity building and peer learning among youth workers, youth policy makers and organisations active in the youth field. The Meta-University is a new initiative created by the Global YOUth with the purpose to keep working on youth cooperation and youth participation in&hellip; Okumaya devam et [CALL FOR PARTICIPANTS] Meta-University 2021: Networking, capacity building and peer learning in youth sector","og_url":"https:\/\/dypall.com\/tr\/activity\/call-for-participants-meta-university-2021-networking-capacity-building-and-peer-learning-in-youth-sector\/","og_site_name":"DYPALL Network","article_published_time":"2021-10-07T14:38:19+00:00","author":"dypall","twitter_card":"summary_large_image","twitter_misc":{"Written by":"dypall","Est. reading time":"2 dakika"},"schema":{"@context":"https:\/\/schema.org","@graph":[{"@type":"WebPage","@id":"https:\/\/dypall.com\/activity\/call-for-participants-meta-university-2021-networking-capacity-building-and-peer-learning-in-youth-sector\/","url":"https:\/\/dypall.com\/activity\/call-for-participants-meta-university-2021-networking-capacity-building-and-peer-learning-in-youth-sector\/","name":"[CALL FOR PARTICIPANTS] Meta-University 2021: Networking, capacity building and peer learning in youth sector - DYPALL Network","isPartOf":{"@id":"https:\/\/dypall.com\/#website"},"primaryImageOfPage":{"@id":"https:\/\/dypall.com\/activity\/call-for-participants-meta-university-2021-networking-capacity-building-and-peer-learning-in-youth-sector\/#primaryimage"},"image":{"@id":"https:\/\/dypall.com\/activity\/call-for-participants-meta-university-2021-networking-capacity-building-and-peer-learning-in-youth-sector\/#primaryimage"},"thumbnailUrl":"","datePublished":"2021-10-07T14:38:19+00:00","dateModified":"2021-10-07T14:38:19+00:00","author":{"@id":"https:\/\/dypall.com\/#\/schema\/person\/206350efe851997fcdedef75d118766b"},"breadcrumb":{"@id":"https:\/\/dypall.com\/activity\/call-for-participants-meta-university-2021-networking-capacity-building-and-peer-learning-in-youth-sector\/#breadcrumb"},"inLanguage":"tr","potentialAction":[{"@type":"ReadAction","target":["https:\/\/dypall.com\/activity\/call-for-participants-meta-university-2021-networking-capacity-building-and-peer-learning-in-youth-sector\/"]}]},{"@type":"ImageObject","inLanguage":"tr","@id":"https:\/\/dypall.com\/activity\/call-for-participants-meta-university-2021-networking-capacity-building-and-peer-learning-in-youth-sector\/#primaryimage","url":"","contentUrl":""},{"@type":"BreadcrumbList","@id":"https:\/\/dypall.com\/activity\/call-for-participants-meta-university-2021-networking-capacity-building-and-peer-learning-in-youth-sector\/#breadcrumb","itemListElement":[{"@type":"ListItem","position":1,"name":"Home","item":"https:\/\/dypall.com\/"},{"@type":"ListItem","position":2,"name":"[CALL FOR PARTICIPANTS] Meta-University 2021: Networking, capacity building and peer learning in youth sector"}]},{"@type":"WebSite","@id":"https:\/\/dypall.com\/#website","url":"https:\/\/dypall.com\/","name":"DYPALL Network","description":"We are a European network of civil society organisations, municipalities and research institutions dedicated to improving democracy through youth participation.","potentialAction":[{"@type":"SearchAction","target":{"@type":"EntryPoint","urlTemplate":"https:\/\/dypall.com\/?s={search_term_string}"},"query-input":"required name=search_term_string"}],"inLanguage":"tr"},{"@type":"Person","@id":"https:\/\/dypall.com\/#\/schema\/person\/206350efe851997fcdedef75d118766b","name":"dypall","image":{"@type":"ImageObject","inLanguage":"tr","@id":"https:\/\/dypall.com\/#\/schema\/person\/image\/","url":"https:\/\/secure.gravatar.com\/avatar\/14e8d3d8841cd0bdf69915120bcf9fcfac1567f1dc7035664907322ac47efe29?s=96&d=mm&r=g","contentUrl":"https:\/\/secure.gravatar.com\/avatar\/14e8d3d8841cd0bdf69915120bcf9fcfac1567f1dc7035664907322ac47efe29?s=96&d=mm&r=g","caption":"dypall"},"url":"https:\/\/dypall.com\/tr\/author\/dypall_info\/"}]}},"jetpack_featured_media_url":"","jetpack_sharing_enabled":true,"_links":{"self":[{"href":"https:\/\/dypall.com\/tr\/wp-json\/wp\/v2\/posts\/5166","targetHints":{"allow":["GET"]}}],"collection":[{"href":"https:\/\/dypall.com\/tr\/wp-json\/wp\/v2\/posts"}],"about":[{"href":"https:\/\/dypall.com\/tr\/wp-json\/wp\/v2\/types\/post"}],"author":[{"embeddable":true,"href":"https:\/\/dypall.com\/tr\/wp-json\/wp\/v2\/users\/2"}],"replies":[{"embeddable":true,"href":"https:\/\/dypall.com\/tr\/wp-json\/wp\/v2\/comments?post=5166"}],"version-history":[{"count":0,"href":"https:\/\/dypall.com\/tr\/wp-json\/wp\/v2\/posts\/5166\/revisions"}],"wp:featuredmedia":[{"embeddable":true,"href":"https:\/\/dypall.com\/tr\/wp-json\/"}],"wp:attachment":[{"href":"https:\/\/dypall.com\/tr\/wp-json\/wp\/v2\/media?parent=5166"}],"wp:term":[{"taxonomy":"category","embeddable":true,"href":"https:\/\/dypall.com\/tr\/wp-json\/wp\/v2\/categories?post=5166"},{"taxonomy":"post_tag","embeddable":true,"href":"https:\/\/dypall.com\/tr\/wp-json\/wp\/v2\/tags?post=5166"}],"curies":[{"name":"wp","href":"https:\/\/api.w.org\/{rel}","templated":true}]}}