{"id":4892,"date":"2021-03-29T09:56:26","date_gmt":"2021-03-29T08:56:26","guid":{"rendered":"https:\/\/dypall.com\/?p=4892"},"modified":"2021-03-29T09:56:26","modified_gmt":"2021-03-29T08:56:26","slug":"gamifyeu-ideathon-what-if-young-people-were-in-charge-of-europe","status":"publish","type":"post","link":"https:\/\/dypall.com\/tr\/activity\/gamifyeu-ideathon-what-if-young-people-were-in-charge-of-europe\/","title":{"rendered":"GamifyEU Ideathon  \u2047  Ya gen\u00e7ler Avrupa'dan sorumlu olsayd\u0131?"},"content":{"rendered":"<p><strong>GamifyEU \u0130deathon'un<\/strong>, 26  \u2047  28 Mart 2021 tarihleri aras\u0131nda 48 saatlik bir \u00e7evrimi\u00e7i etkinlik ger\u00e7ekle\u015fti. Etkinlik s\u0131ras\u0131nda, gen\u00e7ler Avrupa'n\u0131n her yerinden akranlar\u0131yla birlikte i\u015fbirlik\u00e7i bir m\u00fccadeleye girdiler ve Avrupa'n\u0131n kar\u015f\u0131 kar\u015f\u0131ya oldu\u011fu farkl\u0131 zorluklar i\u00e7in \u00e7\u00f6z\u00fcmler \u00fcrettiler. Bir hackathon gibi, bu Ideathon'da kat\u0131l\u0131mc\u0131lar yeni \u015feyler \u00f6\u011frendikleri, bir fikir geli\u015ftirdikleri, bir saha haz\u0131rlad\u0131klar\u0131 ve di\u011fer kat\u0131l\u0131mc\u0131larla yar\u0131\u015ft\u0131klar\u0131 yarat\u0131c\u0131 d\u00fc\u015f\u00fcnen, \u00e7\u00f6z\u00fcm bulma s\u00fcrecine kat\u0131ld\u0131lar.<\/p>\n<p>Miro ve Gather kasabas\u0131 gibi farkl\u0131 \u00e7evrimi\u00e7i platformlar ve ara\u00e7lar kullan\u0131ld\u0131, \u00e7e\u015fitli etkile\u015fimli at\u00f6lye \u00e7al\u0131\u015fmalar\u0131 yap\u0131ld\u0131, @Sende'den ilham veren konuk konu\u015fmac\u0131 Edo deneyimlerini payla\u015ft\u0131, kat\u0131l\u0131mc\u0131lar platformda oyun oynad\u0131lar ve s\u00fcre\u00e7te \u00e7ok e\u011flendiler.<\/p>\n<p>48 saatlik \u0130deathon'umuzun galibi, Bosna-Hersek, Yunanistan ve Portekiz'den gen\u00e7lerden olu\u015fan \"Gen\u00e7ler sahte haberlerle nas\u0131l sava\u015fabilir?\" ekibi oldu. Kazanan, etkinli\u011fin kat\u0131l\u0131mc\u0131lar\u0131 taraf\u0131ndan oyland\u0131.<\/p>\n<p>Avrupa i\u00e7in gen\u00e7lerin yaratt\u0131\u011f\u0131 t\u00fcm inan\u0131lmaz \u00e7\u00f6z\u00fcmleri g\u00f6rmek heyecan vericiydi! T\u00fcm kat\u0131l\u0131mc\u0131lar\u0131 fikirleri i\u00e7in tebrik ederiz!<\/p>\n<p>Ideathon, Erasmus + program\u0131 taraf\u0131ndan desteklenen GamifyEU projesi kapsam\u0131nda DYPALL Network ve Youth for Exchange and Understanding taraf\u0131ndan organize edildi.<\/p>\n<p><a href=\"https:\/\/dypall.com\/tr\/2021\/03\/29\/gamifyeu-ideathon-what-if-young-people-were-in-charge-of-europe\/whatsapp-image-2021-04-06-at-18-20-09\/#main\" rel=\"attachment wp-att-4895\"><img loading=\"lazy\" decoding=\"async\" class=\"aligncenter size-large wp-image-4895\" src=\"https:\/\/dypall.com\/wp-content\/uploads\/2021\/04\/WhatsApp-Image-2021-04-06-at-18.20.09-1024x457.jpeg\" alt=\"\" width=\"1024\" height=\"457\" \/><\/a><\/p>\n<p>&nbsp;<\/p>\n<p><a href=\"https:\/\/dypall.com\/tr\/2021\/03\/29\/gamifyeu-ideathon-what-if-young-people-were-in-charge-of-europe\/whatsapp-image-2021-04-06-at-18-26-22\/#main\" rel=\"attachment wp-att-4902\"><img loading=\"lazy\" decoding=\"async\" class=\"aligncenter size-large wp-image-4902\" src=\"https:\/\/dypall.com\/wp-content\/uploads\/2021\/04\/WhatsApp-Image-2021-04-06-at-18.26.22-1024x465.jpeg\" alt=\"\" width=\"1024\" height=\"465\" \/><\/a><\/p>\n<p><a href=\"https:\/\/dypall.com\/tr\/2021\/03\/29\/gamifyeu-ideathon-what-if-young-people-were-in-charge-of-europe\/whatsapp-image-2021-04-06-at-18-26-21\/#main\" rel=\"attachment wp-att-4901\"><img loading=\"lazy\" decoding=\"async\" class=\"aligncenter size-large wp-image-4901\" src=\"https:\/\/dypall.com\/wp-content\/uploads\/2021\/04\/WhatsApp-Image-2021-04-06-at-18.26.21-1024x367.jpeg\" alt=\"\" width=\"1024\" height=\"367\" \/><\/a> <a href=\"https:\/\/dypall.com\/tr\/2021\/03\/29\/gamifyeu-ideathon-what-if-young-people-were-in-charge-of-europe\/whatsapp-image-2021-04-06-at-18-26-21-2\/#main\" rel=\"attachment wp-att-4900\"><img loading=\"lazy\" decoding=\"async\" class=\"aligncenter size-large wp-image-4900\" src=\"https:\/\/dypall.com\/wp-content\/uploads\/2021\/04\/WhatsApp-Image-2021-04-06-at-18.26.21-2-1024x378.jpeg\" alt=\"\" width=\"1024\" height=\"378\" \/><\/a><\/p>\n<p><a href=\"https:\/\/dypall.com\/tr\/2021\/03\/29\/gamifyeu-ideathon-what-if-young-people-were-in-charge-of-europe\/whatsapp-image-2021-04-06-at-18-26-21-1\/#main\" rel=\"attachment wp-att-4899\"><img loading=\"lazy\" decoding=\"async\" class=\"aligncenter size-large wp-image-4899\" src=\"https:\/\/dypall.com\/wp-content\/uploads\/2021\/04\/WhatsApp-Image-2021-04-06-at-18.26.21-1-1024x439.jpeg\" alt=\"\" width=\"1024\" height=\"439\" \/><\/a><\/p>\n<p><a href=\"https:\/\/dypall.com\/tr\/2021\/03\/29\/gamifyeu-ideathon-what-if-young-people-were-in-charge-of-europe\/whatsapp-image-2021-04-06-at-18-26-20\/#main\" rel=\"attachment wp-att-4898\"><img loading=\"lazy\" decoding=\"async\" class=\"aligncenter size-large wp-image-4898\" src=\"https:\/\/dypall.com\/wp-content\/uploads\/2021\/04\/WhatsApp-Image-2021-04-06-at-18.26.20-1024x461.jpeg\" alt=\"\" width=\"1024\" height=\"461\" \/><\/a><\/p>\n<p><a href=\"https:\/\/dypall.com\/tr\/2021\/03\/29\/gamifyeu-ideathon-what-if-young-people-were-in-charge-of-europe\/whatsapp-image-2021-04-06-at-18-26-20-1\/#main\" rel=\"attachment wp-att-4897\"><img loading=\"lazy\" decoding=\"async\" class=\"aligncenter size-large wp-image-4897\" src=\"https:\/\/dypall.com\/wp-content\/uploads\/2021\/04\/WhatsApp-Image-2021-04-06-at-18.26.20-1-1024x454.jpeg\" alt=\"\" width=\"1024\" height=\"454\" \/><\/a><\/p>\n<p><a href=\"https:\/\/dypall.com\/tr\/2021\/03\/29\/gamifyeu-ideathon-what-if-young-people-were-in-charge-of-europe\/whatsapp-image-2021-04-06-at-18-26-19\/#main\" rel=\"attachment wp-att-4896\"><img loading=\"lazy\" decoding=\"async\" class=\"aligncenter size-large wp-image-4896\" src=\"https:\/\/dypall.com\/wp-content\/uploads\/2021\/04\/WhatsApp-Image-2021-04-06-at-18.26.19-1024x445.jpeg\" alt=\"\" width=\"1024\" height=\"445\" \/><\/a><\/p>\n<p><a href=\"https:\/\/dypall.com\/tr\/2021\/03\/29\/gamifyeu-ideathon-what-if-young-people-were-in-charge-of-europe\/whatsapp-image-2021-04-06-at-18-19-27\/#main\" rel=\"attachment wp-att-4894\"><img loading=\"lazy\" decoding=\"async\" class=\"aligncenter size-large wp-image-4894\" src=\"https:\/\/dypall.com\/wp-content\/uploads\/2021\/04\/WhatsApp-Image-2021-04-06-at-18.19.27-1024x444.jpeg\" alt=\"\" width=\"1024\" height=\"444\" \/><\/a><\/p>\n<p><a href=\"https:\/\/dypall.com\/tr\/2021\/03\/29\/gamifyeu-ideathon-what-if-young-people-were-in-charge-of-europe\/whatsapp-image-2021-04-06-at-18-18-38\/#main\" rel=\"attachment wp-att-4893\"><img loading=\"lazy\" decoding=\"async\" class=\"aligncenter size-full wp-image-4893\" src=\"https:\/\/dypall.com\/wp-content\/uploads\/2021\/04\/WhatsApp-Image-2021-04-06-at-18.18.38.jpeg\" alt=\"\" width=\"1024\" height=\"363\" \/><\/a><\/p>","protected":false},"excerpt":{"rendered":"<p>GamifyEU Ideathon, 26  \u2047  28 Mart 2021 tarihleri aras\u0131nda 48 saatlik bir \u00e7evrimi\u00e7i etkinlik ger\u00e7ekle\u015fti. Etkinlik s\u0131ras\u0131nda, gen\u00e7ler Avrupa'n\u0131n her yerinden akranlar\u0131yla birlikte i\u015fbirlik\u00e7i bir m\u00fccadeleye girdiler ve Avrupa'n\u0131n kar\u015f\u0131 kar\u015f\u0131ya oldu\u011fu farkl\u0131 zorluklar i\u00e7in \u00e7\u00f6z\u00fcmler \u00fcrettiler. Bir hackathon gibi, bu Ideathon kat\u0131l\u0131mc\u0131lar s\u0131ras\u0131nda yarat\u0131c\u0131 d\u00fc\u015f\u00fcnme, \u00e7\u00f6z\u00fcm bulma s\u00fcreci yapan... <a class=\"more-link\" href=\"https:\/\/dypall.com\/tr\/activity\/gamifyeu-ideathon-what-if-young-people-were-in-charge-of-europe\/\">Okumaya devam et <span class=\"screen-reader-text\">GamifyEU Ideathon  \u2047  Ya gen\u00e7ler Avrupa'dan sorumlu olsayd\u0131?<\/span><\/a><\/p>","protected":false},"author":1,"featured_media":4918,"comment_status":"closed","ping_status":"open","sticky":false,"template":"","format":"standard","meta":{"_acf_changed":false,"_jetpack_memberships_contains_paid_content":false,"footnotes":""},"categories":[111],"tags":[],"class_list":["post-4892","post","type-post","status-publish","format-standard","has-post-thumbnail","hentry","category-activity","entry"],"acf":[],"yoast_head":"<!-- This site is optimized with the Yoast SEO plugin v22.8 - https:\/\/yoast.com\/wordpress\/plugins\/seo\/ -->\n<title>GamifyEU Ideathon - What if young people were in charge of Europe? - DYPALL Network<\/title>\n<meta name=\"robots\" content=\"index, follow, max-snippet:-1, max-image-preview:large, max-video-preview:-1\" \/>\n<link rel=\"canonical\" href=\"https:\/\/dypall.com\/tr\/activity\/gamifyeu-ideathon-what-if-young-people-were-in-charge-of-europe\/\" \/>\n<meta property=\"og:locale\" content=\"tr_TR\" \/>\n<meta property=\"og:type\" content=\"article\" \/>\n<meta property=\"og:title\" content=\"GamifyEU Ideathon - What if young people were in charge of Europe? - DYPALL Network\" \/>\n<meta property=\"og:description\" content=\"GamifyEU Ideathon, a 48-hour online event took place from 26th &#8211; 28th March 2021. During the event, young people entered a collaborative challenge together with their peers from all over Europe and built solutions for different challenges Europe is facing. Much like a hackathon, in this Ideathon participants engaged in a creative-thinking, solution-finding process during&hellip; Okumaya devam et GamifyEU Ideathon &#8211; What if young people were in charge of Europe?\" \/>\n<meta property=\"og:url\" content=\"https:\/\/dypall.com\/tr\/activity\/gamifyeu-ideathon-what-if-young-people-were-in-charge-of-europe\/\" \/>\n<meta property=\"og:site_name\" content=\"DYPALL Network\" \/>\n<meta property=\"article:published_time\" content=\"2021-03-29T08:56:26+00:00\" \/>\n<meta name=\"author\" content=\"DYPALL Network\" \/>\n<meta name=\"twitter:card\" content=\"summary_large_image\" \/>\n<meta name=\"twitter:label1\" content=\"Written by\" \/>\n\t<meta name=\"twitter:data1\" content=\"DYPALL Network\" \/>\n\t<meta name=\"twitter:label2\" content=\"Est. reading time\" \/>\n\t<meta name=\"twitter:data2\" content=\"1 dakika\" \/>\n<script type=\"application\/ld+json\" class=\"yoast-schema-graph\">{\"@context\":\"https:\/\/schema.org\",\"@graph\":[{\"@type\":\"WebPage\",\"@id\":\"https:\/\/dypall.com\/activity\/gamifyeu-ideathon-what-if-young-people-were-in-charge-of-europe\/\",\"url\":\"https:\/\/dypall.com\/activity\/gamifyeu-ideathon-what-if-young-people-were-in-charge-of-europe\/\",\"name\":\"GamifyEU Ideathon - What if young people were in charge of Europe? - DYPALL Network\",\"isPartOf\":{\"@id\":\"https:\/\/dypall.com\/#website\"},\"primaryImageOfPage\":{\"@id\":\"https:\/\/dypall.com\/activity\/gamifyeu-ideathon-what-if-young-people-were-in-charge-of-europe\/#primaryimage\"},\"image\":{\"@id\":\"https:\/\/dypall.com\/activity\/gamifyeu-ideathon-what-if-young-people-were-in-charge-of-europe\/#primaryimage\"},\"thumbnailUrl\":\"\",\"datePublished\":\"2021-03-29T08:56:26+00:00\",\"dateModified\":\"2021-03-29T08:56:26+00:00\",\"author\":{\"@id\":\"https:\/\/dypall.com\/#\/schema\/person\/f92e08aa15c8ba711a9d153129f03377\"},\"breadcrumb\":{\"@id\":\"https:\/\/dypall.com\/activity\/gamifyeu-ideathon-what-if-young-people-were-in-charge-of-europe\/#breadcrumb\"},\"inLanguage\":\"tr\",\"potentialAction\":[{\"@type\":\"ReadAction\",\"target\":[\"https:\/\/dypall.com\/activity\/gamifyeu-ideathon-what-if-young-people-were-in-charge-of-europe\/\"]}]},{\"@type\":\"ImageObject\",\"inLanguage\":\"tr\",\"@id\":\"https:\/\/dypall.com\/activity\/gamifyeu-ideathon-what-if-young-people-were-in-charge-of-europe\/#primaryimage\",\"url\":\"\",\"contentUrl\":\"\"},{\"@type\":\"BreadcrumbList\",\"@id\":\"https:\/\/dypall.com\/activity\/gamifyeu-ideathon-what-if-young-people-were-in-charge-of-europe\/#breadcrumb\",\"itemListElement\":[{\"@type\":\"ListItem\",\"position\":1,\"name\":\"Home\",\"item\":\"https:\/\/dypall.com\/\"},{\"@type\":\"ListItem\",\"position\":2,\"name\":\"GamifyEU Ideathon &#8211; What if young people were in charge of Europe?\"}]},{\"@type\":\"WebSite\",\"@id\":\"https:\/\/dypall.com\/#website\",\"url\":\"https:\/\/dypall.com\/\",\"name\":\"DYPALL Network\",\"description\":\"We are a European network of civil society organisations, municipalities and research institutions dedicated to improving democracy through youth participation.\",\"potentialAction\":[{\"@type\":\"SearchAction\",\"target\":{\"@type\":\"EntryPoint\",\"urlTemplate\":\"https:\/\/dypall.com\/?s={search_term_string}\"},\"query-input\":\"required name=search_term_string\"}],\"inLanguage\":\"tr\"},{\"@type\":\"Person\",\"@id\":\"https:\/\/dypall.com\/#\/schema\/person\/f92e08aa15c8ba711a9d153129f03377\",\"name\":\"DYPALL Network\",\"image\":{\"@type\":\"ImageObject\",\"inLanguage\":\"tr\",\"@id\":\"https:\/\/dypall.com\/#\/schema\/person\/image\/\",\"url\":\"https:\/\/secure.gravatar.com\/avatar\/9c39e299279800c6d69c5e02cf613e7bab060889f373052a03d7ac399e8f0d3c?s=96&d=mm&r=g\",\"contentUrl\":\"https:\/\/secure.gravatar.com\/avatar\/9c39e299279800c6d69c5e02cf613e7bab060889f373052a03d7ac399e8f0d3c?s=96&d=mm&r=g\",\"caption\":\"DYPALL Network\"},\"sameAs\":[\"https:\/\/dypall.com\"],\"url\":\"https:\/\/dypall.com\/tr\/author\/dypall\/\"}]}<\/script>\n<!-- \/ Yoast SEO plugin. -->","yoast_head_json":{"title":"GamifyEU Ideathon - What if young people were in charge of Europe? - DYPALL Network","robots":{"index":"index","follow":"follow","max-snippet":"max-snippet:-1","max-image-preview":"max-image-preview:large","max-video-preview":"max-video-preview:-1"},"canonical":"https:\/\/dypall.com\/tr\/activity\/gamifyeu-ideathon-what-if-young-people-were-in-charge-of-europe\/","og_locale":"tr_TR","og_type":"article","og_title":"GamifyEU Ideathon - What if young people were in charge of Europe? - DYPALL Network","og_description":"GamifyEU Ideathon, a 48-hour online event took place from 26th &#8211; 28th March 2021. During the event, young people entered a collaborative challenge together with their peers from all over Europe and built solutions for different challenges Europe is facing. Much like a hackathon, in this Ideathon participants engaged in a creative-thinking, solution-finding process during&hellip; Okumaya devam et GamifyEU Ideathon &#8211; What if young people were in charge of Europe?","og_url":"https:\/\/dypall.com\/tr\/activity\/gamifyeu-ideathon-what-if-young-people-were-in-charge-of-europe\/","og_site_name":"DYPALL Network","article_published_time":"2021-03-29T08:56:26+00:00","author":"DYPALL Network","twitter_card":"summary_large_image","twitter_misc":{"Written by":"DYPALL Network","Est. reading time":"1 dakika"},"schema":{"@context":"https:\/\/schema.org","@graph":[{"@type":"WebPage","@id":"https:\/\/dypall.com\/activity\/gamifyeu-ideathon-what-if-young-people-were-in-charge-of-europe\/","url":"https:\/\/dypall.com\/activity\/gamifyeu-ideathon-what-if-young-people-were-in-charge-of-europe\/","name":"GamifyEU Ideathon - What if young people were in charge of Europe? - DYPALL Network","isPartOf":{"@id":"https:\/\/dypall.com\/#website"},"primaryImageOfPage":{"@id":"https:\/\/dypall.com\/activity\/gamifyeu-ideathon-what-if-young-people-were-in-charge-of-europe\/#primaryimage"},"image":{"@id":"https:\/\/dypall.com\/activity\/gamifyeu-ideathon-what-if-young-people-were-in-charge-of-europe\/#primaryimage"},"thumbnailUrl":"","datePublished":"2021-03-29T08:56:26+00:00","dateModified":"2021-03-29T08:56:26+00:00","author":{"@id":"https:\/\/dypall.com\/#\/schema\/person\/f92e08aa15c8ba711a9d153129f03377"},"breadcrumb":{"@id":"https:\/\/dypall.com\/activity\/gamifyeu-ideathon-what-if-young-people-were-in-charge-of-europe\/#breadcrumb"},"inLanguage":"tr","potentialAction":[{"@type":"ReadAction","target":["https:\/\/dypall.com\/activity\/gamifyeu-ideathon-what-if-young-people-were-in-charge-of-europe\/"]}]},{"@type":"ImageObject","inLanguage":"tr","@id":"https:\/\/dypall.com\/activity\/gamifyeu-ideathon-what-if-young-people-were-in-charge-of-europe\/#primaryimage","url":"","contentUrl":""},{"@type":"BreadcrumbList","@id":"https:\/\/dypall.com\/activity\/gamifyeu-ideathon-what-if-young-people-were-in-charge-of-europe\/#breadcrumb","itemListElement":[{"@type":"ListItem","position":1,"name":"Home","item":"https:\/\/dypall.com\/"},{"@type":"ListItem","position":2,"name":"GamifyEU Ideathon &#8211; What if young people were in charge of Europe?"}]},{"@type":"WebSite","@id":"https:\/\/dypall.com\/#website","url":"https:\/\/dypall.com\/","name":"DYPALL Network","description":"We are a European network of civil society organisations, municipalities and research institutions dedicated to improving democracy through youth participation.","potentialAction":[{"@type":"SearchAction","target":{"@type":"EntryPoint","urlTemplate":"https:\/\/dypall.com\/?s={search_term_string}"},"query-input":"required name=search_term_string"}],"inLanguage":"tr"},{"@type":"Person","@id":"https:\/\/dypall.com\/#\/schema\/person\/f92e08aa15c8ba711a9d153129f03377","name":"DYPALL Network","image":{"@type":"ImageObject","inLanguage":"tr","@id":"https:\/\/dypall.com\/#\/schema\/person\/image\/","url":"https:\/\/secure.gravatar.com\/avatar\/9c39e299279800c6d69c5e02cf613e7bab060889f373052a03d7ac399e8f0d3c?s=96&d=mm&r=g","contentUrl":"https:\/\/secure.gravatar.com\/avatar\/9c39e299279800c6d69c5e02cf613e7bab060889f373052a03d7ac399e8f0d3c?s=96&d=mm&r=g","caption":"DYPALL Network"},"sameAs":["https:\/\/dypall.com"],"url":"https:\/\/dypall.com\/tr\/author\/dypall\/"}]}},"jetpack_featured_media_url":"","jetpack_sharing_enabled":true,"_links":{"self":[{"href":"https:\/\/dypall.com\/tr\/wp-json\/wp\/v2\/posts\/4892","targetHints":{"allow":["GET"]}}],"collection":[{"href":"https:\/\/dypall.com\/tr\/wp-json\/wp\/v2\/posts"}],"about":[{"href":"https:\/\/dypall.com\/tr\/wp-json\/wp\/v2\/types\/post"}],"author":[{"embeddable":true,"href":"https:\/\/dypall.com\/tr\/wp-json\/wp\/v2\/users\/1"}],"replies":[{"embeddable":true,"href":"https:\/\/dypall.com\/tr\/wp-json\/wp\/v2\/comments?post=4892"}],"version-history":[{"count":0,"href":"https:\/\/dypall.com\/tr\/wp-json\/wp\/v2\/posts\/4892\/revisions"}],"wp:featuredmedia":[{"embeddable":true,"href":"https:\/\/dypall.com\/tr\/wp-json\/"}],"wp:attachment":[{"href":"https:\/\/dypall.com\/tr\/wp-json\/wp\/v2\/media?parent=4892"}],"wp:term":[{"taxonomy":"category","embeddable":true,"href":"https:\/\/dypall.com\/tr\/wp-json\/wp\/v2\/categories?post=4892"},{"taxonomy":"post_tag","embeddable":true,"href":"https:\/\/dypall.com\/tr\/wp-json\/wp\/v2\/tags?post=4892"}],"curies":[{"name":"wp","href":"https:\/\/api.w.org\/{rel}","templated":true}]}}