{"id":3979,"date":"2019-10-11T12:08:36","date_gmt":"2019-10-11T10:08:36","guid":{"rendered":"http:\/\/dypall.com\/?p=3979"},"modified":"2019-10-11T12:08:36","modified_gmt":"2019-10-11T10:08:36","slug":"dypall-network-at-the-20th-edition-of-the-uyd","status":"publish","type":"post","link":"https:\/\/dypall.com\/tr\/activity\/dypall-network-at-the-20th-edition-of-the-uyd\/","title":{"rendered":"DYPALL Network, UYD'nin 20. bask\u0131s\u0131nda"},"content":{"rendered":"<p>15-18 Eyl\u00fcl tarihleri aras\u0131nda DYPALL Network, Avrupa Konseyi Kuzey-G\u00fcney Merkezi taraf\u0131ndan kolayla\u015ft\u0131r\u0131lan CEULAJ'da (Mollina, \u0130spanya) Gen\u00e7lik ve Kalk\u0131nma \u00dcniversitesi'nin 20. bask\u0131s\u0131na kat\u0131ld\u0131.<\/p>\n<p>Network'\u00fcn gelecek y\u0131llar i\u00e7in stratejik \u00f6nceliklerini (2021-2023), proje geli\u015ftirme ve destek gibi farkl\u0131 faaliyetler \u00fczerindeki \u00e7al\u0131\u015fmalar\u0131m\u0131z\u0131 daha iyi hale getirme duygusuyla yans\u0131tt\u0131k. DYPALL Network, k\u00fcresel ve AB d\u00fczeyinde gen\u00e7lik stratejileri ve politika \u00e7er\u00e7eveleri ve Avrupa gen\u00e7lik politikalar\u0131n\u0131n yerel gen\u00e7lik kat\u0131l\u0131m\u0131na nas\u0131l ba\u011flanaca\u011f\u0131 hakk\u0131nda bir g\u00fcncelleme yapt\u0131.<\/p>\n<p>\u00dc\u00e7 i\u015f g\u00fcn\u00fc, yerel y\u00f6netimde gen\u00e7lik kat\u0131l\u0131m\u0131n\u0131n ana ak\u0131mla\u015ft\u0131r\u0131lmas\u0131 ve gen\u00e7lik politikas\u0131n\u0131n geli\u015ftirilmesi ile ilgili Network'\u00fcn amiral gemisi giri\u015fimlerinden baz\u0131lar\u0131n\u0131 tan\u0131mlamaya ve daha da geli\u015ftirmeye izin verdi.<\/p>\n<p>UYD'nin 20. bask\u0131s\u0131 bir\u00e7ok kurulu\u015fu bir araya getirdi ve amac\u0131m\u0131z\u0131 her zaman g\u00f6z \u00f6n\u00fcnde bulundurarak ve yerel demokrasileri g\u00fc\u00e7lendirerek a\u011f olu\u015fturma ve bilgi al\u0131\u015fveri\u015fi i\u00e7in bir yer a\u00e7t\u0131.<\/p>\n<p><img loading=\"lazy\" decoding=\"async\" class=\"aligncenter size-full wp-image-3981\" src=\"http:\/\/dypall.com\/wp-content\/uploads\/2019\/10\/70708534_2529065107136475_9034962254054817792_n.jpg\" alt=\"\" width=\"960\" height=\"640\" \/><\/p>\n<p><img loading=\"lazy\" decoding=\"async\" class=\"aligncenter size-large wp-image-3982\" src=\"http:\/\/dypall.com\/wp-content\/uploads\/2019\/10\/71209707_2529064593803193_2810427947675025408_n.jpg\" alt=\"\" width=\"960\" height=\"600\" \/><\/p>\n<p><img loading=\"lazy\" decoding=\"async\" class=\"aligncenter size-large wp-image-3983\" src=\"http:\/\/dypall.com\/wp-content\/uploads\/2019\/10\/48739177728_4e302b7fb3_o-1024x683.jpg\" alt=\"\" width=\"1024\" height=\"683\" \/><\/p>\n<p><img loading=\"lazy\" decoding=\"async\" class=\"aligncenter size-large wp-image-3984\" src=\"http:\/\/dypall.com\/wp-content\/uploads\/2019\/10\/48745946793_772b598a4f_o-1024x683.jpg\" alt=\"\" width=\"1024\" height=\"683\" \/><\/p>\n<p><img loading=\"lazy\" decoding=\"async\" class=\"aligncenter size-large wp-image-3985\" src=\"http:\/\/dypall.com\/wp-content\/uploads\/2019\/10\/48746277131_e3d5d38bd9_o-1024x683.jpg\" alt=\"\" width=\"1024\" height=\"683\" \/><\/p>","protected":false},"excerpt":{"rendered":"<p>15-18 Eyl\u00fcl tarihleri aras\u0131nda DYPALL Network, Avrupa Konseyi Kuzey-G\u00fcney Merkezi taraf\u0131ndan kolayla\u015ft\u0131r\u0131lan CEULAJ'da (Mollina, \u0130spanya) Gen\u00e7lik ve Kalk\u0131nma \u00dcniversitesi'nin 20. bask\u0131s\u0131na kat\u0131ld\u0131. Network'\u00fcn \u00f6n\u00fcm\u00fczdeki y\u0131llar i\u00e7in stratejik \u00f6nceliklerini (2021-2023) daha iyiye gitme duygusuyla yans\u0131tt\u0131k... <a class=\"more-link\" href=\"https:\/\/dypall.com\/tr\/activity\/dypall-network-at-the-20th-edition-of-the-uyd\/\">Okumaya devam et <span class=\"screen-reader-text\">DYPALL Network, UYD'nin 20. bask\u0131s\u0131nda<\/span><\/a><\/p>","protected":false},"author":2,"featured_media":3982,"comment_status":"closed","ping_status":"open","sticky":false,"template":"","format":"standard","meta":{"_acf_changed":false,"_jetpack_memberships_contains_paid_content":false,"footnotes":""},"categories":[111,112],"tags":[176],"class_list":["post-3979","post","type-post","status-publish","format-standard","has-post-thumbnail","hentry","category-activity","category-conference","tag-20uyd","entry"],"acf":[],"yoast_head":"<!-- This site is optimized with the Yoast SEO plugin v22.8 - https:\/\/yoast.com\/wordpress\/plugins\/seo\/ -->\n<title>DYPALL Network at the 20th edition of the UYD - DYPALL Network<\/title>\n<meta name=\"robots\" content=\"index, follow, max-snippet:-1, max-image-preview:large, max-video-preview:-1\" \/>\n<link rel=\"canonical\" href=\"https:\/\/dypall.com\/tr\/activity\/dypall-network-at-the-20th-edition-of-the-uyd\/\" \/>\n<meta property=\"og:locale\" content=\"tr_TR\" \/>\n<meta property=\"og:type\" content=\"article\" \/>\n<meta property=\"og:title\" content=\"DYPALL Network at the 20th edition of the UYD - DYPALL Network\" \/>\n<meta property=\"og:description\" content=\"From 15th-18th of September, DYPALL Network participated in the 20th edition of the University on Youth and Development, at CEULAJ (Mollina, Spain), facilitated by the North-South Centre of the Council of Europe, on the topic \u201cYouth and Justice\u201d. We reflected on the Network&#8217;s strategic priorities for the upcoming years (2021-2023), with the sense of bettering&hellip; Okumaya devam et DYPALL Network at the 20th edition of the UYD\" \/>\n<meta property=\"og:url\" content=\"https:\/\/dypall.com\/tr\/activity\/dypall-network-at-the-20th-edition-of-the-uyd\/\" \/>\n<meta property=\"og:site_name\" content=\"DYPALL Network\" \/>\n<meta property=\"article:published_time\" content=\"2019-10-11T10:08:36+00:00\" \/>\n<meta name=\"author\" content=\"dypall\" \/>\n<meta name=\"twitter:card\" content=\"summary_large_image\" \/>\n<meta name=\"twitter:label1\" content=\"Written by\" \/>\n\t<meta name=\"twitter:data1\" content=\"dypall\" \/>\n\t<meta name=\"twitter:label2\" content=\"Est. reading time\" \/>\n\t<meta name=\"twitter:data2\" content=\"1 dakika\" \/>\n<script type=\"application\/ld+json\" class=\"yoast-schema-graph\">{\"@context\":\"https:\/\/schema.org\",\"@graph\":[{\"@type\":\"WebPage\",\"@id\":\"https:\/\/dypall.com\/activity\/dypall-network-at-the-20th-edition-of-the-uyd\/\",\"url\":\"https:\/\/dypall.com\/activity\/dypall-network-at-the-20th-edition-of-the-uyd\/\",\"name\":\"DYPALL Network at the 20th edition of the UYD - DYPALL Network\",\"isPartOf\":{\"@id\":\"https:\/\/dypall.com\/#website\"},\"primaryImageOfPage\":{\"@id\":\"https:\/\/dypall.com\/activity\/dypall-network-at-the-20th-edition-of-the-uyd\/#primaryimage\"},\"image\":{\"@id\":\"https:\/\/dypall.com\/activity\/dypall-network-at-the-20th-edition-of-the-uyd\/#primaryimage\"},\"thumbnailUrl\":\"\",\"datePublished\":\"2019-10-11T10:08:36+00:00\",\"dateModified\":\"2019-10-11T10:08:36+00:00\",\"author\":{\"@id\":\"https:\/\/dypall.com\/#\/schema\/person\/206350efe851997fcdedef75d118766b\"},\"breadcrumb\":{\"@id\":\"https:\/\/dypall.com\/activity\/dypall-network-at-the-20th-edition-of-the-uyd\/#breadcrumb\"},\"inLanguage\":\"tr\",\"potentialAction\":[{\"@type\":\"ReadAction\",\"target\":[\"https:\/\/dypall.com\/activity\/dypall-network-at-the-20th-edition-of-the-uyd\/\"]}]},{\"@type\":\"ImageObject\",\"inLanguage\":\"tr\",\"@id\":\"https:\/\/dypall.com\/activity\/dypall-network-at-the-20th-edition-of-the-uyd\/#primaryimage\",\"url\":\"\",\"contentUrl\":\"\"},{\"@type\":\"BreadcrumbList\",\"@id\":\"https:\/\/dypall.com\/activity\/dypall-network-at-the-20th-edition-of-the-uyd\/#breadcrumb\",\"itemListElement\":[{\"@type\":\"ListItem\",\"position\":1,\"name\":\"Home\",\"item\":\"https:\/\/dypall.com\/\"},{\"@type\":\"ListItem\",\"position\":2,\"name\":\"DYPALL Network at the 20th edition of the UYD\"}]},{\"@type\":\"WebSite\",\"@id\":\"https:\/\/dypall.com\/#website\",\"url\":\"https:\/\/dypall.com\/\",\"name\":\"DYPALL Network\",\"description\":\"We are a European network of civil society organisations, municipalities and research institutions dedicated to improving democracy through youth participation.\",\"potentialAction\":[{\"@type\":\"SearchAction\",\"target\":{\"@type\":\"EntryPoint\",\"urlTemplate\":\"https:\/\/dypall.com\/?s={search_term_string}\"},\"query-input\":\"required name=search_term_string\"}],\"inLanguage\":\"tr\"},{\"@type\":\"Person\",\"@id\":\"https:\/\/dypall.com\/#\/schema\/person\/206350efe851997fcdedef75d118766b\",\"name\":\"dypall\",\"image\":{\"@type\":\"ImageObject\",\"inLanguage\":\"tr\",\"@id\":\"https:\/\/dypall.com\/#\/schema\/person\/image\/\",\"url\":\"https:\/\/secure.gravatar.com\/avatar\/14e8d3d8841cd0bdf69915120bcf9fcfac1567f1dc7035664907322ac47efe29?s=96&d=mm&r=g\",\"contentUrl\":\"https:\/\/secure.gravatar.com\/avatar\/14e8d3d8841cd0bdf69915120bcf9fcfac1567f1dc7035664907322ac47efe29?s=96&d=mm&r=g\",\"caption\":\"dypall\"},\"url\":\"https:\/\/dypall.com\/tr\/author\/dypall_info\/\"}]}<\/script>\n<!-- \/ Yoast SEO plugin. -->","yoast_head_json":{"title":"DYPALL Network at the 20th edition of the UYD - DYPALL Network","robots":{"index":"index","follow":"follow","max-snippet":"max-snippet:-1","max-image-preview":"max-image-preview:large","max-video-preview":"max-video-preview:-1"},"canonical":"https:\/\/dypall.com\/tr\/activity\/dypall-network-at-the-20th-edition-of-the-uyd\/","og_locale":"tr_TR","og_type":"article","og_title":"DYPALL Network at the 20th edition of the UYD - DYPALL Network","og_description":"From 15th-18th of September, DYPALL Network participated in the 20th edition of the University on Youth and Development, at CEULAJ (Mollina, Spain), facilitated by the North-South Centre of the Council of Europe, on the topic \u201cYouth and Justice\u201d. We reflected on the Network&#8217;s strategic priorities for the upcoming years (2021-2023), with the sense of bettering&hellip; Okumaya devam et DYPALL Network at the 20th edition of the UYD","og_url":"https:\/\/dypall.com\/tr\/activity\/dypall-network-at-the-20th-edition-of-the-uyd\/","og_site_name":"DYPALL Network","article_published_time":"2019-10-11T10:08:36+00:00","author":"dypall","twitter_card":"summary_large_image","twitter_misc":{"Written by":"dypall","Est. reading time":"1 dakika"},"schema":{"@context":"https:\/\/schema.org","@graph":[{"@type":"WebPage","@id":"https:\/\/dypall.com\/activity\/dypall-network-at-the-20th-edition-of-the-uyd\/","url":"https:\/\/dypall.com\/activity\/dypall-network-at-the-20th-edition-of-the-uyd\/","name":"DYPALL Network at the 20th edition of the UYD - DYPALL Network","isPartOf":{"@id":"https:\/\/dypall.com\/#website"},"primaryImageOfPage":{"@id":"https:\/\/dypall.com\/activity\/dypall-network-at-the-20th-edition-of-the-uyd\/#primaryimage"},"image":{"@id":"https:\/\/dypall.com\/activity\/dypall-network-at-the-20th-edition-of-the-uyd\/#primaryimage"},"thumbnailUrl":"","datePublished":"2019-10-11T10:08:36+00:00","dateModified":"2019-10-11T10:08:36+00:00","author":{"@id":"https:\/\/dypall.com\/#\/schema\/person\/206350efe851997fcdedef75d118766b"},"breadcrumb":{"@id":"https:\/\/dypall.com\/activity\/dypall-network-at-the-20th-edition-of-the-uyd\/#breadcrumb"},"inLanguage":"tr","potentialAction":[{"@type":"ReadAction","target":["https:\/\/dypall.com\/activity\/dypall-network-at-the-20th-edition-of-the-uyd\/"]}]},{"@type":"ImageObject","inLanguage":"tr","@id":"https:\/\/dypall.com\/activity\/dypall-network-at-the-20th-edition-of-the-uyd\/#primaryimage","url":"","contentUrl":""},{"@type":"BreadcrumbList","@id":"https:\/\/dypall.com\/activity\/dypall-network-at-the-20th-edition-of-the-uyd\/#breadcrumb","itemListElement":[{"@type":"ListItem","position":1,"name":"Home","item":"https:\/\/dypall.com\/"},{"@type":"ListItem","position":2,"name":"DYPALL Network at the 20th edition of the UYD"}]},{"@type":"WebSite","@id":"https:\/\/dypall.com\/#website","url":"https:\/\/dypall.com\/","name":"DYPALL Network","description":"We are a European network of civil society organisations, municipalities and research institutions dedicated to improving democracy through youth participation.","potentialAction":[{"@type":"SearchAction","target":{"@type":"EntryPoint","urlTemplate":"https:\/\/dypall.com\/?s={search_term_string}"},"query-input":"required name=search_term_string"}],"inLanguage":"tr"},{"@type":"Person","@id":"https:\/\/dypall.com\/#\/schema\/person\/206350efe851997fcdedef75d118766b","name":"dypall","image":{"@type":"ImageObject","inLanguage":"tr","@id":"https:\/\/dypall.com\/#\/schema\/person\/image\/","url":"https:\/\/secure.gravatar.com\/avatar\/14e8d3d8841cd0bdf69915120bcf9fcfac1567f1dc7035664907322ac47efe29?s=96&d=mm&r=g","contentUrl":"https:\/\/secure.gravatar.com\/avatar\/14e8d3d8841cd0bdf69915120bcf9fcfac1567f1dc7035664907322ac47efe29?s=96&d=mm&r=g","caption":"dypall"},"url":"https:\/\/dypall.com\/tr\/author\/dypall_info\/"}]}},"jetpack_featured_media_url":"","jetpack_sharing_enabled":true,"_links":{"self":[{"href":"https:\/\/dypall.com\/tr\/wp-json\/wp\/v2\/posts\/3979","targetHints":{"allow":["GET"]}}],"collection":[{"href":"https:\/\/dypall.com\/tr\/wp-json\/wp\/v2\/posts"}],"about":[{"href":"https:\/\/dypall.com\/tr\/wp-json\/wp\/v2\/types\/post"}],"author":[{"embeddable":true,"href":"https:\/\/dypall.com\/tr\/wp-json\/wp\/v2\/users\/2"}],"replies":[{"embeddable":true,"href":"https:\/\/dypall.com\/tr\/wp-json\/wp\/v2\/comments?post=3979"}],"version-history":[{"count":0,"href":"https:\/\/dypall.com\/tr\/wp-json\/wp\/v2\/posts\/3979\/revisions"}],"wp:featuredmedia":[{"embeddable":true,"href":"https:\/\/dypall.com\/tr\/wp-json\/"}],"wp:attachment":[{"href":"https:\/\/dypall.com\/tr\/wp-json\/wp\/v2\/media?parent=3979"}],"wp:term":[{"taxonomy":"category","embeddable":true,"href":"https:\/\/dypall.com\/tr\/wp-json\/wp\/v2\/categories?post=3979"},{"taxonomy":"post_tag","embeddable":true,"href":"https:\/\/dypall.com\/tr\/wp-json\/wp\/v2\/tags?post=3979"}],"curies":[{"name":"wp","href":"https:\/\/api.w.org\/{rel}","templated":true}]}}