{"id":3286,"date":"2019-01-10T13:03:37","date_gmt":"2019-01-10T12:03:37","guid":{"rendered":"http:\/\/dypall.com\/?p=3286"},"modified":"2019-01-10T13:03:37","modified_gmt":"2019-01-10T12:03:37","slug":"inventaciones-international-meeting","status":"publish","type":"post","link":"https:\/\/dypall.com\/tr\/activity\/inventaciones-international-meeting\/","title":{"rendered":"Bulu\u015flar  \u2047  Uluslararas\u0131 Toplant\u0131"},"content":{"rendered":"<p>DYPALL, Asociaci\u00f3n Profesional de Agentes Socioculturales de Granada Carreteras Secundarias taraf\u0131ndan y\u00fcr\u00fct\u00fclen ve 12-15 Kas\u0131m tarihleri aras\u0131nda \u0130spanya'n\u0131n Granada kentinde ger\u00e7ekle\u015fen bir toplant\u0131ya kat\u0131lan  \u2047 Inventaciones \u2047  projesinin ortaklar\u0131ndan biridir.<br \/>\nBulu\u015flar, Granada eyaletinin \u00e7e\u015fitli belediyelerinin politikalar\u0131n\u0131n, teknisyenlerin deste\u011fi ve Yerel Y\u00f6netimlerin siyasi taahh\u00fcd\u00fc ile gen\u00e7lerin karar vermede ger\u00e7ek kahraman olaca\u011f\u0131 yeni kat\u0131l\u0131m yap\u0131lar\u0131 ile tan\u0131mlanaca\u011f\u0131 bir e\u011fitim ve sosyal yeniden yap\u0131lanma s\u00fcrecidir.<br \/>\nToplant\u0131, deneyimlerini payla\u015fmak ve projede daha sonra uygulanacak yerel s\u00fcre\u00e7leri tasarlamaya yard\u0131mc\u0131 olmak i\u00e7in toplanan Portekiz, Polonya ve \u0130spanya'dan farkl\u0131 kurulu\u015flar\u0131n bir araya geldi\u011fi bir toplant\u0131yd\u0131.\u00a0Bu 2 g\u00fcnl\u00fck etkinlikte her kat\u0131l\u0131mc\u0131 kurulu\u015f, konuyla ilgili deneyimlerinin ve iyi uygulamalar\u0131n\u0131n net bir resmini vermek i\u00e7in kendisini ve \u00fczerinde \u00e7al\u0131\u015ft\u0131klar\u0131 projeleri tan\u0131tma \u015fans\u0131na sahip oldu. Yeni fikirlerin uygulanmas\u0131 i\u00e7in \u00f6neriler toplamak i\u00e7in anlar vard\u0131 ve bunun i\u00e7in kat\u0131l\u0131mc\u0131lar \u0130spanya'n\u0131n siyasi ve idari yap\u0131s\u0131n\u0131n yan\u0131 s\u0131ra ev sahibi organizasyonun \u00e7al\u0131\u015fmalar\u0131n\u0131 ve olanaklar\u0131n\u0131 anlama f\u0131rsat\u0131 buldular. End\u00fcl\u00fcs Gen\u00e7lik Enstit\u00fcs\u00fc'n\u00fc, Granada Diputaci\u00f3n'u ve yerel gen\u00e7lik merkezini ziyaret ederken, yerel politikac\u0131lardan ve b\u00f6lgedeki gen\u00e7lerden \u00e7ok ilgin\u00e7 sonu\u00e7larla konu\u015fmalar ve sunumlar yapmak, \u0130spanyol ger\u00e7ekli\u011finin anla\u015f\u0131lmas\u0131nda b\u00fcy\u00fck bir yard\u0131mc\u0131 oldu.<br \/>\nKat\u0131l\u0131mc\u0131lar ne yap\u0131lmas\u0131 gerekti\u011fini ve \u0130spanyol makamlar\u0131n\u0131n esnekli\u011finin ne \u00f6l\u00e7\u00fcde oldu\u011funu anlad\u0131ktan k\u0131sa bir s\u00fcre sonra, her kurulu\u015f yerel toplant\u0131lar i\u00e7in metodolojik \u00f6nerilerini ve ev sahibi kurulu\u015fa deneyimlerinden ve iyi uygulamalar\u0131n bu payla\u015f\u0131m\u0131na yard\u0131mc\u0131 olma iradesinden esinlenerek geri bildirimde bulundu.<br \/>\nKat\u0131lanlar\u0131n ortak hedefi, \u00f6n\u00fcm\u00fczdeki aylarda ger\u00e7ekle\u015fecek olan  \u2047 Inventaciones \u2047  projesinin sonraki ad\u0131mlar\u0131na ba\u015fka bir perspektiften yeni fikirlerin uygulanmas\u0131na yard\u0131mc\u0131 olmakt\u0131.<br \/>\nEtkinlik, Erasmus+ program\u0131n\u0131n deste\u011fiyle Asociaci\u00f3n Profesional de Agentes Socioculturales de Granada Carreteras Secundarias taraf\u0131ndan d\u00fczenlendi.<\/p>\n<p><img loading=\"lazy\" decoding=\"async\" class=\"aligncenter wp-image-3271 size-large\" src=\"http:\/\/dypall.com\/wp-content\/uploads\/2019\/01\/1-1024x683.jpg\" alt=\"\" width=\"960\" height=\"640\" \/><\/p>\n<p><img loading=\"lazy\" decoding=\"async\" class=\"aligncenter wp-image-3272 size-large\" src=\"http:\/\/dypall.com\/wp-content\/uploads\/2019\/01\/2-1024x683.jpg\" alt=\"\" width=\"960\" height=\"640\" \/><\/p>\n<p><img loading=\"lazy\" decoding=\"async\" class=\"aligncenter wp-image-3273 size-large\" src=\"http:\/\/dypall.com\/wp-content\/uploads\/2019\/01\/3-1024x683.jpg\" alt=\"\" width=\"960\" height=\"640\" \/><\/p>\n<p><img loading=\"lazy\" decoding=\"async\" class=\"aligncenter wp-image-3274 size-large\" src=\"http:\/\/dypall.com\/wp-content\/uploads\/2019\/01\/4-682x1024.jpg\" alt=\"\" width=\"682\" height=\"1024\" \/><\/p>\n<p><img loading=\"lazy\" decoding=\"async\" class=\"aligncenter wp-image-3275 size-large\" src=\"http:\/\/dypall.com\/wp-content\/uploads\/2019\/01\/5-1024x683.jpg\" alt=\"\" width=\"960\" height=\"640\" \/><\/p>\n<p><img loading=\"lazy\" decoding=\"async\" class=\"aligncenter wp-image-3276 size-large\" src=\"http:\/\/dypall.com\/wp-content\/uploads\/2019\/01\/6-1024x683.jpg\" alt=\"\" width=\"960\" height=\"640\" \/><\/p>\n<p><img loading=\"lazy\" decoding=\"async\" class=\"aligncenter wp-image-3277 size-large\" src=\"http:\/\/dypall.com\/wp-content\/uploads\/2019\/01\/7-1024x683.jpg\" alt=\"\" width=\"960\" height=\"640\" \/><\/p>\n<p><img loading=\"lazy\" decoding=\"async\" class=\"aligncenter wp-image-3278 size-large\" src=\"http:\/\/dypall.com\/wp-content\/uploads\/2019\/01\/8-1024x683.jpg\" alt=\"\" width=\"960\" height=\"640\" \/><\/p>\n<p><img loading=\"lazy\" decoding=\"async\" class=\"aligncenter wp-image-3279 size-large\" src=\"http:\/\/dypall.com\/wp-content\/uploads\/2019\/01\/9-1024x683.jpg\" alt=\"\" width=\"960\" height=\"640\" \/><\/p>\n<p><img loading=\"lazy\" decoding=\"async\" class=\"aligncenter wp-image-3280 size-large\" src=\"http:\/\/dypall.com\/wp-content\/uploads\/2019\/01\/10-1024x683.jpg\" alt=\"\" width=\"960\" height=\"640\" \/><\/p>","protected":false},"excerpt":{"rendered":"<p>DYPALL, Asociaci\u00f3n Profesional de Agentes Socioculturales de Granada Carreteras Secundarias taraf\u0131ndan y\u00fcr\u00fct\u00fclen ve 12-15 Kas\u0131m tarihleri aras\u0131nda \u0130spanya'n\u0131n Granada kentinde ger\u00e7ekle\u015fen bir toplant\u0131ya kat\u0131lan  \u2047 Inventaciones \u2047  projesinin ortaklar\u0131ndan biridir. Bulu\u015flar, Granada eyaletinin \u00e7e\u015fitli belediyelerinin politikalar\u0131n\u0131n uygulanaca\u011f\u0131 bir e\u011fitim ve sosyal yeniden yap\u0131lanma s\u00fcrecidir. <a class=\"more-link\" href=\"https:\/\/dypall.com\/tr\/activity\/inventaciones-international-meeting\/\">Okumaya devam et <span class=\"screen-reader-text\">Bulu\u015flar  \u2047  Uluslararas\u0131 Toplant\u0131<\/span><\/a><\/p>","protected":false},"author":2,"featured_media":3275,"comment_status":"closed","ping_status":"open","sticky":false,"template":"","format":"standard","meta":{"_acf_changed":false,"_jetpack_memberships_contains_paid_content":false,"footnotes":""},"categories":[111],"tags":[165],"class_list":["post-3286","post","type-post","status-publish","format-standard","has-post-thumbnail","hentry","category-activity","tag-partners-meeting-2","entry"],"acf":[],"yoast_head":"<!-- This site is optimized with the Yoast SEO plugin v22.8 - https:\/\/yoast.com\/wordpress\/plugins\/seo\/ -->\n<title>Inventaciones - International Meeting - DYPALL Network<\/title>\n<meta name=\"robots\" content=\"index, follow, max-snippet:-1, max-image-preview:large, max-video-preview:-1\" \/>\n<link rel=\"canonical\" href=\"https:\/\/dypall.com\/tr\/activity\/inventaciones-international-meeting\/\" \/>\n<meta property=\"og:locale\" content=\"tr_TR\" \/>\n<meta property=\"og:type\" content=\"article\" \/>\n<meta property=\"og:title\" content=\"Inventaciones - International Meeting - DYPALL Network\" \/>\n<meta property=\"og:description\" content=\"DYPALL is one of the partners of the project \u201cInventaciones\u201d implemented by Asociaci\u00f3n Profesional de Agentes Socioculturales de Granada Carreteras Secundarias and participated\u00a0in a meeting\u00a0that took place from 12th &#8211; 15th November in Granada, Spain. Inventaciones is a process of education and social reorganization where the policies of several municipalities of Granada province will be&hellip; Okumaya devam et Inventaciones &#8211; International Meeting\" \/>\n<meta property=\"og:url\" content=\"https:\/\/dypall.com\/tr\/activity\/inventaciones-international-meeting\/\" \/>\n<meta property=\"og:site_name\" content=\"DYPALL Network\" \/>\n<meta property=\"article:published_time\" content=\"2019-01-10T12:03:37+00:00\" \/>\n<meta name=\"author\" content=\"dypall\" \/>\n<meta name=\"twitter:card\" content=\"summary_large_image\" \/>\n<meta name=\"twitter:label1\" content=\"Written by\" \/>\n\t<meta name=\"twitter:data1\" content=\"dypall\" \/>\n\t<meta name=\"twitter:label2\" content=\"Est. reading time\" \/>\n\t<meta name=\"twitter:data2\" content=\"2 dakika\" \/>\n<script type=\"application\/ld+json\" class=\"yoast-schema-graph\">{\"@context\":\"https:\/\/schema.org\",\"@graph\":[{\"@type\":\"WebPage\",\"@id\":\"https:\/\/dypall.com\/activity\/inventaciones-international-meeting\/\",\"url\":\"https:\/\/dypall.com\/activity\/inventaciones-international-meeting\/\",\"name\":\"Inventaciones - International Meeting - DYPALL Network\",\"isPartOf\":{\"@id\":\"https:\/\/dypall.com\/#website\"},\"primaryImageOfPage\":{\"@id\":\"https:\/\/dypall.com\/activity\/inventaciones-international-meeting\/#primaryimage\"},\"image\":{\"@id\":\"https:\/\/dypall.com\/activity\/inventaciones-international-meeting\/#primaryimage\"},\"thumbnailUrl\":\"\",\"datePublished\":\"2019-01-10T12:03:37+00:00\",\"dateModified\":\"2019-01-10T12:03:37+00:00\",\"author\":{\"@id\":\"https:\/\/dypall.com\/#\/schema\/person\/206350efe851997fcdedef75d118766b\"},\"breadcrumb\":{\"@id\":\"https:\/\/dypall.com\/activity\/inventaciones-international-meeting\/#breadcrumb\"},\"inLanguage\":\"tr\",\"potentialAction\":[{\"@type\":\"ReadAction\",\"target\":[\"https:\/\/dypall.com\/activity\/inventaciones-international-meeting\/\"]}]},{\"@type\":\"ImageObject\",\"inLanguage\":\"tr\",\"@id\":\"https:\/\/dypall.com\/activity\/inventaciones-international-meeting\/#primaryimage\",\"url\":\"\",\"contentUrl\":\"\"},{\"@type\":\"BreadcrumbList\",\"@id\":\"https:\/\/dypall.com\/activity\/inventaciones-international-meeting\/#breadcrumb\",\"itemListElement\":[{\"@type\":\"ListItem\",\"position\":1,\"name\":\"Home\",\"item\":\"https:\/\/dypall.com\/\"},{\"@type\":\"ListItem\",\"position\":2,\"name\":\"Inventaciones &#8211; International Meeting\"}]},{\"@type\":\"WebSite\",\"@id\":\"https:\/\/dypall.com\/#website\",\"url\":\"https:\/\/dypall.com\/\",\"name\":\"DYPALL Network\",\"description\":\"We are a European network of civil society organisations, municipalities and research institutions dedicated to improving democracy through youth participation.\",\"potentialAction\":[{\"@type\":\"SearchAction\",\"target\":{\"@type\":\"EntryPoint\",\"urlTemplate\":\"https:\/\/dypall.com\/?s={search_term_string}\"},\"query-input\":\"required name=search_term_string\"}],\"inLanguage\":\"tr\"},{\"@type\":\"Person\",\"@id\":\"https:\/\/dypall.com\/#\/schema\/person\/206350efe851997fcdedef75d118766b\",\"name\":\"dypall\",\"image\":{\"@type\":\"ImageObject\",\"inLanguage\":\"tr\",\"@id\":\"https:\/\/dypall.com\/#\/schema\/person\/image\/\",\"url\":\"https:\/\/secure.gravatar.com\/avatar\/14e8d3d8841cd0bdf69915120bcf9fcfac1567f1dc7035664907322ac47efe29?s=96&d=mm&r=g\",\"contentUrl\":\"https:\/\/secure.gravatar.com\/avatar\/14e8d3d8841cd0bdf69915120bcf9fcfac1567f1dc7035664907322ac47efe29?s=96&d=mm&r=g\",\"caption\":\"dypall\"},\"url\":\"https:\/\/dypall.com\/tr\/author\/dypall_info\/\"}]}<\/script>\n<!-- \/ Yoast SEO plugin. -->","yoast_head_json":{"title":"Inventaciones - International Meeting - DYPALL Network","robots":{"index":"index","follow":"follow","max-snippet":"max-snippet:-1","max-image-preview":"max-image-preview:large","max-video-preview":"max-video-preview:-1"},"canonical":"https:\/\/dypall.com\/tr\/activity\/inventaciones-international-meeting\/","og_locale":"tr_TR","og_type":"article","og_title":"Inventaciones - International Meeting - DYPALL Network","og_description":"DYPALL is one of the partners of the project \u201cInventaciones\u201d implemented by Asociaci\u00f3n Profesional de Agentes Socioculturales de Granada Carreteras Secundarias and participated\u00a0in a meeting\u00a0that took place from 12th &#8211; 15th November in Granada, Spain. Inventaciones is a process of education and social reorganization where the policies of several municipalities of Granada province will be&hellip; Okumaya devam et Inventaciones &#8211; International Meeting","og_url":"https:\/\/dypall.com\/tr\/activity\/inventaciones-international-meeting\/","og_site_name":"DYPALL Network","article_published_time":"2019-01-10T12:03:37+00:00","author":"dypall","twitter_card":"summary_large_image","twitter_misc":{"Written by":"dypall","Est. reading time":"2 dakika"},"schema":{"@context":"https:\/\/schema.org","@graph":[{"@type":"WebPage","@id":"https:\/\/dypall.com\/activity\/inventaciones-international-meeting\/","url":"https:\/\/dypall.com\/activity\/inventaciones-international-meeting\/","name":"Inventaciones - International Meeting - DYPALL Network","isPartOf":{"@id":"https:\/\/dypall.com\/#website"},"primaryImageOfPage":{"@id":"https:\/\/dypall.com\/activity\/inventaciones-international-meeting\/#primaryimage"},"image":{"@id":"https:\/\/dypall.com\/activity\/inventaciones-international-meeting\/#primaryimage"},"thumbnailUrl":"","datePublished":"2019-01-10T12:03:37+00:00","dateModified":"2019-01-10T12:03:37+00:00","author":{"@id":"https:\/\/dypall.com\/#\/schema\/person\/206350efe851997fcdedef75d118766b"},"breadcrumb":{"@id":"https:\/\/dypall.com\/activity\/inventaciones-international-meeting\/#breadcrumb"},"inLanguage":"tr","potentialAction":[{"@type":"ReadAction","target":["https:\/\/dypall.com\/activity\/inventaciones-international-meeting\/"]}]},{"@type":"ImageObject","inLanguage":"tr","@id":"https:\/\/dypall.com\/activity\/inventaciones-international-meeting\/#primaryimage","url":"","contentUrl":""},{"@type":"BreadcrumbList","@id":"https:\/\/dypall.com\/activity\/inventaciones-international-meeting\/#breadcrumb","itemListElement":[{"@type":"ListItem","position":1,"name":"Home","item":"https:\/\/dypall.com\/"},{"@type":"ListItem","position":2,"name":"Inventaciones &#8211; International Meeting"}]},{"@type":"WebSite","@id":"https:\/\/dypall.com\/#website","url":"https:\/\/dypall.com\/","name":"DYPALL Network","description":"We are a European network of civil society organisations, municipalities and research institutions dedicated to improving democracy through youth participation.","potentialAction":[{"@type":"SearchAction","target":{"@type":"EntryPoint","urlTemplate":"https:\/\/dypall.com\/?s={search_term_string}"},"query-input":"required name=search_term_string"}],"inLanguage":"tr"},{"@type":"Person","@id":"https:\/\/dypall.com\/#\/schema\/person\/206350efe851997fcdedef75d118766b","name":"dypall","image":{"@type":"ImageObject","inLanguage":"tr","@id":"https:\/\/dypall.com\/#\/schema\/person\/image\/","url":"https:\/\/secure.gravatar.com\/avatar\/14e8d3d8841cd0bdf69915120bcf9fcfac1567f1dc7035664907322ac47efe29?s=96&d=mm&r=g","contentUrl":"https:\/\/secure.gravatar.com\/avatar\/14e8d3d8841cd0bdf69915120bcf9fcfac1567f1dc7035664907322ac47efe29?s=96&d=mm&r=g","caption":"dypall"},"url":"https:\/\/dypall.com\/tr\/author\/dypall_info\/"}]}},"jetpack_featured_media_url":"","jetpack_sharing_enabled":true,"_links":{"self":[{"href":"https:\/\/dypall.com\/tr\/wp-json\/wp\/v2\/posts\/3286","targetHints":{"allow":["GET"]}}],"collection":[{"href":"https:\/\/dypall.com\/tr\/wp-json\/wp\/v2\/posts"}],"about":[{"href":"https:\/\/dypall.com\/tr\/wp-json\/wp\/v2\/types\/post"}],"author":[{"embeddable":true,"href":"https:\/\/dypall.com\/tr\/wp-json\/wp\/v2\/users\/2"}],"replies":[{"embeddable":true,"href":"https:\/\/dypall.com\/tr\/wp-json\/wp\/v2\/comments?post=3286"}],"version-history":[{"count":0,"href":"https:\/\/dypall.com\/tr\/wp-json\/wp\/v2\/posts\/3286\/revisions"}],"wp:featuredmedia":[{"embeddable":true,"href":"https:\/\/dypall.com\/tr\/wp-json\/"}],"wp:attachment":[{"href":"https:\/\/dypall.com\/tr\/wp-json\/wp\/v2\/media?parent=3286"}],"wp:term":[{"taxonomy":"category","embeddable":true,"href":"https:\/\/dypall.com\/tr\/wp-json\/wp\/v2\/categories?post=3286"},{"taxonomy":"post_tag","embeddable":true,"href":"https:\/\/dypall.com\/tr\/wp-json\/wp\/v2\/tags?post=3286"}],"curies":[{"name":"wp","href":"https:\/\/api.w.org\/{rel}","templated":true}]}}