{"id":3162,"date":"2018-11-27T13:42:36","date_gmt":"2018-11-27T12:42:36","guid":{"rendered":"http:\/\/dypall.com\/?p=3162"},"modified":"2018-11-27T13:42:36","modified_gmt":"2018-11-27T12:42:36","slug":"ii-dypall-international-conference-youth-work-at-municipality-level","status":"publish","type":"post","link":"https:\/\/dypall.com\/tr\/activity\/ii-dypall-international-conference-youth-work-at-municipality-level\/","title":{"rendered":"II DYPALL Uluslararas\u0131 Konferans\u0131  \u2047 Belediye D\u00fczeyinde Gen\u00e7lik \u00c7al\u0131\u015fmalar\u0131  \u2047"},"content":{"rendered":"<p><img loading=\"lazy\" decoding=\"async\" class=\"aligncenter wp-image-3164 size-large\" src=\"http:\/\/dypall.com\/wp-content\/uploads\/2018\/11\/Poster_Conference-1024x724.png\" alt=\"\" width=\"960\" height=\"679\" \/><\/p>\n<p style=\"font-weight: 400;\"><a href=\"http:\/\/www.cascais2018.eu\/en\" data-saferedirecturl=\"https:\/\/www.google.com\/url?q=http:\/\/www.cascais2018.eu\/en&amp;source=gmail&amp;ust=1543407438998000&amp;usg=AFQjCNHnoUa-lm3HLvzw5Pr5XwmzesUrfA\"><strong>Cascais EYC2018\u00a0<\/strong><\/a><strong>\u00a0i\u015fbirli\u011fi i\u00e7inde\u00a0<\/strong><a href=\"https:\/\/dypall.com\/tr\/\" data-saferedirecturl=\"https:\/\/www.google.com\/url?q=http:\/\/dypall.com\/&amp;source=gmail&amp;ust=1543407438999000&amp;usg=AFQjCNGQIpnzD3SFaV07vjc-dCWKFIzhwg\"><strong>DYPALL A\u011f\u0131<\/strong><\/a><strong>\u00a0organize ediyor<\/strong>\u00a0<strong>olan<\/strong>\u00a0<strong>Kategori: II. D\u00fcnya Sava\u015f\u0131<\/strong><strong>\u00a0<\/strong><strong>D\u0130POL<\/strong>\u00a0<strong>Uluslararas\u0131 Konferans  \u2047 Belediye D\u00fczeyinde Gen\u00e7lik \u00c7al\u0131\u015fmalar\u0131  \u2047<\/strong><strong>\u00a0Cascais'te (Avrupa Gen\u00e7lik Ba\u015fkenti 2018)<\/strong>, \u2047 Yerel D\u00fczeyde S\u00fcrd\u00fcr\u00fclebilir Gen\u00e7lik Politikalar\u0131 Olu\u015fturma temas\u0131na odaklanarak  \u2047<strong>.<\/strong><\/p>\n<p style=\"font-weight: 400;\">II DYPALL Uluslararas\u0131 Konferans\u0131, yak\u0131n zamanda kurulmu\u015f olan birka\u00e7 Avrupa y\u00f6nergesinin takibinde yer almaktad\u0131r.\u00a0<strong>yerelde ana ak\u0131m gen\u00e7lik politikas\u0131n\u0131n \u00f6nemini vurgulamak ve\u00a0<\/strong><strong>b\u00f6lgesel d\u00fczeyde<\/strong><strong>s.<\/strong><\/p>\n<p style=\"font-weight: 400;\">Bununla birlikte, bu y\u00f6n\u00fcn al\u0131nmas\u0131 i\u00e7in etkili yollar bulabilmek ve faaliyetlerimizin etkisini ve eri\u015fimini iyile\u015ftirmeye devam edebilmek i\u00e7in payda\u015flar\u0131n bu t\u00fcr temalar \u00fczerinde birlikte \u00e7al\u0131\u015fmak i\u00e7in bir araya gelmeleri, tart\u0131\u015fmalar\u0131, yans\u0131tmalar\u0131, uygulama al\u0131\u015fveri\u015finde bulunmalar\u0131 ve yetkinliklerini geli\u015ftirmeleri gerekir.<\/p>\n<p style=\"font-weight: 400;\">Konferans amiral gemisi olayd\u0131r\u00a0<strong>gen\u00e7lik \u00e7al\u0131\u015fanlar\u0131, gen\u00e7lik liderleri, gen\u00e7ler ve yerel ve b\u00f6lgesel yetkililerden, yerel ger\u00e7ekliklerinde gen\u00e7likle \u00e7al\u0131\u015fan kamu g\u00f6revlileri i\u00e7in.<\/strong>\u00a0Gelecekler\u00a0<strong>Gen\u00e7lik \u00e7al\u0131\u015fmalar\u0131n\u0131 iyile\u015ftirmenin yollar\u0131n\u0131 bulmak i\u00e7in kilit politika alanlar\u0131 hakk\u0131nda tart\u0131\u015fmay\u0131 ve tart\u0131\u015fmay\u0131 payla\u015fmak i\u00e7in 4 g\u00fcn boyunca birlikte<\/strong>\u00a0\u015fu anda\u00a0<strong>belediye d\u00fczeyinde ve gen\u00e7lerin yerel ve b\u00f6lgesel d\u00fczeyde politika yap\u0131m\u0131na kat\u0131l\u0131m\u0131n\u0131 art\u0131rmak.<\/strong><\/p>\n<p>Detayl\u0131 program i\u00e7in l\u00fctfen t\u0131klay\u0131n\u0131z:\u00a0<a href=\"http:\/\/dypall.com\/wp-content\/uploads\/2018\/11\/Conference-Youth-Work-at-Municipality-Level.pdf\">Uluslararas\u0131 Konferans Program\u0131<\/a><\/p>","protected":false},"excerpt":{"rendered":"<p>Cascais EYC2018, DYPALL Network ile i\u015fbirli\u011fi i\u00e7inde Cascais'te (Avrupa Gen\u00e7lik Ba\u015fkenti 2018) II DYPALL Uluslararas\u0131 Konferans\u0131  \u2047 Youth Work at Municipality Level \u2047  d\u00fczenliyor ve  \u2047 Creating Sustainable Youth Policies at Local Level \u2047  temas\u0131na odaklan\u0131yor. II. DYPALL Uluslararas\u0131 Konferans\u0131, Avrupa'da ana ak\u0131m gen\u00e7lik politikas\u0131n\u0131n \u00f6nemini vurgulayan yak\u0131n zamanda olu\u015fturulmu\u015f birka\u00e7 Avrupa y\u00f6nergesinin takibinde yer almaktad\u0131r. <a class=\"more-link\" href=\"https:\/\/dypall.com\/tr\/activity\/ii-dypall-international-conference-youth-work-at-municipality-level\/\">Okumaya devam et <span class=\"screen-reader-text\">II DYPALL Uluslararas\u0131 Konferans\u0131  \u2047 Belediye D\u00fczeyinde Gen\u00e7lik \u00c7al\u0131\u015fmalar\u0131  \u2047<\/span><\/a><\/p>","protected":false},"author":1,"featured_media":3164,"comment_status":"closed","ping_status":"open","sticky":false,"template":"","format":"standard","meta":{"_acf_changed":false,"_jetpack_memberships_contains_paid_content":false,"footnotes":""},"categories":[111,112],"tags":[113,116],"class_list":["post-3162","post","type-post","status-publish","format-standard","has-post-thumbnail","hentry","category-activity","category-conference","tag-conference","tag-dypall-network","entry"],"acf":[],"yoast_head":"<!-- This site is optimized with the Yoast SEO plugin v22.8 - https:\/\/yoast.com\/wordpress\/plugins\/seo\/ -->\n<title>II\u00a0DYPALL\u00a0International Conference \u201cYouth Work at Municipality Level\u201d - DYPALL Network<\/title>\n<meta name=\"robots\" content=\"index, follow, max-snippet:-1, max-image-preview:large, max-video-preview:-1\" \/>\n<link rel=\"canonical\" href=\"https:\/\/dypall.com\/tr\/activity\/ii-dypall-international-conference-youth-work-at-municipality-level\/\" \/>\n<meta property=\"og:locale\" content=\"tr_TR\" \/>\n<meta property=\"og:type\" content=\"article\" \/>\n<meta property=\"og:title\" content=\"II\u00a0DYPALL\u00a0International Conference \u201cYouth Work at Municipality Level\u201d - DYPALL Network\" \/>\n<meta property=\"og:description\" content=\"Cascais EYC2018\u00a0\u00a0in cooperation with\u00a0DYPALL Network\u00a0is organizing\u00a0the\u00a0II\u00a0DYPALL\u00a0International Conference \u201cYouth Work at Municipality Level\u201d\u00a0in Cascais (European Youth Capital 2018), focusing on the theme of \u201cCreating Sustainable Youth Policies at Local Level\u201d. The II DYPALL International Conference comes in the follow up of several European guidelines that have been recently established\u00a0highlighting the importance to mainstream youth policy at&hellip; Okumaya devam et II\u00a0DYPALL\u00a0International Conference \u201cYouth Work at Municipality Level\u201d\" \/>\n<meta property=\"og:url\" content=\"https:\/\/dypall.com\/tr\/activity\/ii-dypall-international-conference-youth-work-at-municipality-level\/\" \/>\n<meta property=\"og:site_name\" content=\"DYPALL Network\" \/>\n<meta property=\"article:published_time\" content=\"2018-11-27T12:42:36+00:00\" \/>\n<meta name=\"author\" content=\"DYPALL Network\" \/>\n<meta name=\"twitter:card\" content=\"summary_large_image\" \/>\n<meta name=\"twitter:label1\" content=\"Written by\" \/>\n\t<meta name=\"twitter:data1\" content=\"DYPALL Network\" \/>\n\t<meta name=\"twitter:label2\" content=\"Est. reading time\" \/>\n\t<meta name=\"twitter:data2\" content=\"1 dakika\" \/>\n<script type=\"application\/ld+json\" class=\"yoast-schema-graph\">{\"@context\":\"https:\/\/schema.org\",\"@graph\":[{\"@type\":\"WebPage\",\"@id\":\"https:\/\/dypall.com\/activity\/ii-dypall-international-conference-youth-work-at-municipality-level\/\",\"url\":\"https:\/\/dypall.com\/activity\/ii-dypall-international-conference-youth-work-at-municipality-level\/\",\"name\":\"II\u00a0DYPALL\u00a0International Conference \u201cYouth Work at Municipality Level\u201d - DYPALL Network\",\"isPartOf\":{\"@id\":\"https:\/\/dypall.com\/#website\"},\"primaryImageOfPage\":{\"@id\":\"https:\/\/dypall.com\/activity\/ii-dypall-international-conference-youth-work-at-municipality-level\/#primaryimage\"},\"image\":{\"@id\":\"https:\/\/dypall.com\/activity\/ii-dypall-international-conference-youth-work-at-municipality-level\/#primaryimage\"},\"thumbnailUrl\":\"\",\"datePublished\":\"2018-11-27T12:42:36+00:00\",\"dateModified\":\"2018-11-27T12:42:36+00:00\",\"author\":{\"@id\":\"https:\/\/dypall.com\/#\/schema\/person\/f92e08aa15c8ba711a9d153129f03377\"},\"breadcrumb\":{\"@id\":\"https:\/\/dypall.com\/activity\/ii-dypall-international-conference-youth-work-at-municipality-level\/#breadcrumb\"},\"inLanguage\":\"tr\",\"potentialAction\":[{\"@type\":\"ReadAction\",\"target\":[\"https:\/\/dypall.com\/activity\/ii-dypall-international-conference-youth-work-at-municipality-level\/\"]}]},{\"@type\":\"ImageObject\",\"inLanguage\":\"tr\",\"@id\":\"https:\/\/dypall.com\/activity\/ii-dypall-international-conference-youth-work-at-municipality-level\/#primaryimage\",\"url\":\"\",\"contentUrl\":\"\"},{\"@type\":\"BreadcrumbList\",\"@id\":\"https:\/\/dypall.com\/activity\/ii-dypall-international-conference-youth-work-at-municipality-level\/#breadcrumb\",\"itemListElement\":[{\"@type\":\"ListItem\",\"position\":1,\"name\":\"Home\",\"item\":\"https:\/\/dypall.com\/\"},{\"@type\":\"ListItem\",\"position\":2,\"name\":\"II\u00a0DYPALL\u00a0International Conference \u201cYouth Work at Municipality Level\u201d\"}]},{\"@type\":\"WebSite\",\"@id\":\"https:\/\/dypall.com\/#website\",\"url\":\"https:\/\/dypall.com\/\",\"name\":\"DYPALL Network\",\"description\":\"We are a European network of civil society organisations, municipalities and research institutions dedicated to improving democracy through youth participation.\",\"potentialAction\":[{\"@type\":\"SearchAction\",\"target\":{\"@type\":\"EntryPoint\",\"urlTemplate\":\"https:\/\/dypall.com\/?s={search_term_string}\"},\"query-input\":\"required name=search_term_string\"}],\"inLanguage\":\"tr\"},{\"@type\":\"Person\",\"@id\":\"https:\/\/dypall.com\/#\/schema\/person\/f92e08aa15c8ba711a9d153129f03377\",\"name\":\"DYPALL Network\",\"image\":{\"@type\":\"ImageObject\",\"inLanguage\":\"tr\",\"@id\":\"https:\/\/dypall.com\/#\/schema\/person\/image\/\",\"url\":\"https:\/\/secure.gravatar.com\/avatar\/9c39e299279800c6d69c5e02cf613e7bab060889f373052a03d7ac399e8f0d3c?s=96&d=mm&r=g\",\"contentUrl\":\"https:\/\/secure.gravatar.com\/avatar\/9c39e299279800c6d69c5e02cf613e7bab060889f373052a03d7ac399e8f0d3c?s=96&d=mm&r=g\",\"caption\":\"DYPALL Network\"},\"sameAs\":[\"https:\/\/dypall.com\"],\"url\":\"https:\/\/dypall.com\/tr\/author\/dypall\/\"}]}<\/script>\n<!-- \/ Yoast SEO plugin. -->","yoast_head_json":{"title":"II\u00a0DYPALL\u00a0International Conference \u201cYouth Work at Municipality Level\u201d - DYPALL Network","robots":{"index":"index","follow":"follow","max-snippet":"max-snippet:-1","max-image-preview":"max-image-preview:large","max-video-preview":"max-video-preview:-1"},"canonical":"https:\/\/dypall.com\/tr\/activity\/ii-dypall-international-conference-youth-work-at-municipality-level\/","og_locale":"tr_TR","og_type":"article","og_title":"II\u00a0DYPALL\u00a0International Conference \u201cYouth Work at Municipality Level\u201d - DYPALL Network","og_description":"Cascais EYC2018\u00a0\u00a0in cooperation with\u00a0DYPALL Network\u00a0is organizing\u00a0the\u00a0II\u00a0DYPALL\u00a0International Conference \u201cYouth Work at Municipality Level\u201d\u00a0in Cascais (European Youth Capital 2018), focusing on the theme of \u201cCreating Sustainable Youth Policies at Local Level\u201d. The II DYPALL International Conference comes in the follow up of several European guidelines that have been recently established\u00a0highlighting the importance to mainstream youth policy at&hellip; Okumaya devam et II\u00a0DYPALL\u00a0International Conference \u201cYouth Work at Municipality Level\u201d","og_url":"https:\/\/dypall.com\/tr\/activity\/ii-dypall-international-conference-youth-work-at-municipality-level\/","og_site_name":"DYPALL Network","article_published_time":"2018-11-27T12:42:36+00:00","author":"DYPALL Network","twitter_card":"summary_large_image","twitter_misc":{"Written by":"DYPALL Network","Est. reading time":"1 dakika"},"schema":{"@context":"https:\/\/schema.org","@graph":[{"@type":"WebPage","@id":"https:\/\/dypall.com\/activity\/ii-dypall-international-conference-youth-work-at-municipality-level\/","url":"https:\/\/dypall.com\/activity\/ii-dypall-international-conference-youth-work-at-municipality-level\/","name":"II\u00a0DYPALL\u00a0International Conference \u201cYouth Work at Municipality Level\u201d - DYPALL Network","isPartOf":{"@id":"https:\/\/dypall.com\/#website"},"primaryImageOfPage":{"@id":"https:\/\/dypall.com\/activity\/ii-dypall-international-conference-youth-work-at-municipality-level\/#primaryimage"},"image":{"@id":"https:\/\/dypall.com\/activity\/ii-dypall-international-conference-youth-work-at-municipality-level\/#primaryimage"},"thumbnailUrl":"","datePublished":"2018-11-27T12:42:36+00:00","dateModified":"2018-11-27T12:42:36+00:00","author":{"@id":"https:\/\/dypall.com\/#\/schema\/person\/f92e08aa15c8ba711a9d153129f03377"},"breadcrumb":{"@id":"https:\/\/dypall.com\/activity\/ii-dypall-international-conference-youth-work-at-municipality-level\/#breadcrumb"},"inLanguage":"tr","potentialAction":[{"@type":"ReadAction","target":["https:\/\/dypall.com\/activity\/ii-dypall-international-conference-youth-work-at-municipality-level\/"]}]},{"@type":"ImageObject","inLanguage":"tr","@id":"https:\/\/dypall.com\/activity\/ii-dypall-international-conference-youth-work-at-municipality-level\/#primaryimage","url":"","contentUrl":""},{"@type":"BreadcrumbList","@id":"https:\/\/dypall.com\/activity\/ii-dypall-international-conference-youth-work-at-municipality-level\/#breadcrumb","itemListElement":[{"@type":"ListItem","position":1,"name":"Home","item":"https:\/\/dypall.com\/"},{"@type":"ListItem","position":2,"name":"II\u00a0DYPALL\u00a0International Conference \u201cYouth Work at Municipality Level\u201d"}]},{"@type":"WebSite","@id":"https:\/\/dypall.com\/#website","url":"https:\/\/dypall.com\/","name":"DYPALL Network","description":"We are a European network of civil society organisations, municipalities and research institutions dedicated to improving democracy through youth participation.","potentialAction":[{"@type":"SearchAction","target":{"@type":"EntryPoint","urlTemplate":"https:\/\/dypall.com\/?s={search_term_string}"},"query-input":"required name=search_term_string"}],"inLanguage":"tr"},{"@type":"Person","@id":"https:\/\/dypall.com\/#\/schema\/person\/f92e08aa15c8ba711a9d153129f03377","name":"DYPALL Network","image":{"@type":"ImageObject","inLanguage":"tr","@id":"https:\/\/dypall.com\/#\/schema\/person\/image\/","url":"https:\/\/secure.gravatar.com\/avatar\/9c39e299279800c6d69c5e02cf613e7bab060889f373052a03d7ac399e8f0d3c?s=96&d=mm&r=g","contentUrl":"https:\/\/secure.gravatar.com\/avatar\/9c39e299279800c6d69c5e02cf613e7bab060889f373052a03d7ac399e8f0d3c?s=96&d=mm&r=g","caption":"DYPALL Network"},"sameAs":["https:\/\/dypall.com"],"url":"https:\/\/dypall.com\/tr\/author\/dypall\/"}]}},"jetpack_featured_media_url":"","jetpack_sharing_enabled":true,"_links":{"self":[{"href":"https:\/\/dypall.com\/tr\/wp-json\/wp\/v2\/posts\/3162","targetHints":{"allow":["GET"]}}],"collection":[{"href":"https:\/\/dypall.com\/tr\/wp-json\/wp\/v2\/posts"}],"about":[{"href":"https:\/\/dypall.com\/tr\/wp-json\/wp\/v2\/types\/post"}],"author":[{"embeddable":true,"href":"https:\/\/dypall.com\/tr\/wp-json\/wp\/v2\/users\/1"}],"replies":[{"embeddable":true,"href":"https:\/\/dypall.com\/tr\/wp-json\/wp\/v2\/comments?post=3162"}],"version-history":[{"count":0,"href":"https:\/\/dypall.com\/tr\/wp-json\/wp\/v2\/posts\/3162\/revisions"}],"wp:featuredmedia":[{"embeddable":true,"href":"https:\/\/dypall.com\/tr\/wp-json\/"}],"wp:attachment":[{"href":"https:\/\/dypall.com\/tr\/wp-json\/wp\/v2\/media?parent=3162"}],"wp:term":[{"taxonomy":"category","embeddable":true,"href":"https:\/\/dypall.com\/tr\/wp-json\/wp\/v2\/categories?post=3162"},{"taxonomy":"post_tag","embeddable":true,"href":"https:\/\/dypall.com\/tr\/wp-json\/wp\/v2\/tags?post=3162"}],"curies":[{"name":"wp","href":"https:\/\/api.w.org\/{rel}","templated":true}]}}