{"id":2870,"date":"2018-04-30T19:14:47","date_gmt":"2018-04-30T17:14:47","guid":{"rendered":"http:\/\/dypall.com\/?p=2870"},"modified":"2018-04-30T19:14:47","modified_gmt":"2018-04-30T17:14:47","slug":"regional-youth-action-plan-madeira-jovem","status":"publish","type":"post","link":"https:\/\/dypall.com\/tr\/activity\/regional-youth-action-plan-madeira-jovem\/","title":{"rendered":"B\u00f6lgesel Gen\u00e7lik Eylem Plan\u0131  \u2047  Madeira Jovem"},"content":{"rendered":"<p>Bu a\u015famada, Madeira  \u2047  Portekiz \u00d6zerk b\u00f6lgesinde b\u00f6lgesel bir gen\u00e7lik politikas\u0131 \u00e7er\u00e7evesinin tan\u0131m\u0131n\u0131 destekleyen bu iddial\u0131 projenin uygulanmas\u0131n\u0131n yar\u0131s\u0131nda oldu\u011fumuzu d\u00fc\u015f\u00fcnebiliriz.<\/p>\n<p>Bu projenin arkas\u0131ndaki itici g\u00fc\u00e7, 60'tan fazla ortak kamu ve \u00f6zel kurulu\u015ftan olu\u015fan bir konsorsiyumla birlikte \u00e7al\u0131\u015fma metodolojimizi harekete ge\u00e7iren Gen\u00e7lik ve Spor B\u00f6lge M\u00fcd\u00fcrl\u00fc\u011f\u00fc ile DYPALL Ekibi aras\u0131ndaki yak\u0131n bir ortakl\u0131kt\u0131r. \u0130lk kez, bu kadar b\u00fcy\u00fck ve \u00e7e\u015fitli bir ortak grubunu bir araya getirmeyi ba\u015fard\u0131k; bunlar\u0131n hepsi, 14 kamu politikas\u0131 alan\u0131n\u0131 kapsayan kapsaml\u0131 bir gen\u00e7lik eylem plan\u0131 olu\u015fturmak i\u00e7in enerjilerini kullan\u0131yor ve ay\u0131r\u0131yor.<\/p>\n<p>Bu ay\u0131n ba\u015flar\u0131nda, 13<sup>inci<\/sup> Nisan ay\u0131nda Meclis Meclisi'ndeki projeyi tart\u0131\u015ft\u0131k ve bu s\u00fcreci en \u00fcst b\u00f6lgesel politika seviyesine ta\u015f\u0131d\u0131k. Ayr\u0131ca, \u00f6n\u00fcm\u00fczdeki 3 ay boyunca, isti\u015fare a\u015famas\u0131nda ger\u00e7ekle\u015fen kat\u0131l\u0131mc\u0131 oturumlarda 400 gencin \u00f6nerdi\u011fi ve \u00f6nceliklendirdi\u011fi 640 \u00e7\u00f6z\u00fcm \u00fczerinde birlikte \u00e7al\u0131\u015facak odak gruplar\u0131n\u0131 ba\u015flatt\u0131k.<a href=\"https:\/\/youtu.be\/8-T6lHOZWUs\">https:\/\/youtu.be\/8-T6lHOZWUs<\/a> ). Bu \u00e7al\u0131\u015fma, yeni programlar\u0131n ayarlanmas\u0131na ve mevcut programlar\u0131n g\u00fc\u00e7lendirilmesine izin verecektir.<\/p>\n<p>Konferans haz\u0131rl\u0131klar\u0131 da ba\u015flad\u0131. Bu etkinlik, yerel ve b\u00f6lgesel d\u00fczeyde gen\u00e7lik politikas\u0131 geli\u015ftirmenin rol\u00fcn\u00fc art\u0131rmak i\u00e7in uygulamalar\u0131 payla\u015fmak ve stratejileri belirlemek i\u00e7in uzmanlar\u0131 ve uygulay\u0131c\u0131lar\u0131 bir araya getirecektir. Bu nedenle, 19-21 Ekim tarihini Funchal  \u2047  Madeira'da kaydetmeyi unutmay\u0131n.<\/p>\n<p><img loading=\"lazy\" decoding=\"async\" class=\"alignnone size-column211 wp-image-2872\" src=\"http:\/\/dypall.com\/wp-content\/uploads\/2018\/04\/DSC0019.jpg\" alt=\"\" width=\"3543\" height=\"2362\" \/><\/p>\n<p><img loading=\"lazy\" decoding=\"async\" class=\"alignnone size-column211 wp-image-2873\" src=\"http:\/\/dypall.com\/wp-content\/uploads\/2018\/04\/DSC0025.jpg\" alt=\"\" width=\"3543\" height=\"2362\" \/><\/p>\n<p><img loading=\"lazy\" decoding=\"async\" class=\"alignnone size-column211 wp-image-2874\" src=\"http:\/\/dypall.com\/wp-content\/uploads\/2018\/04\/DSC0099a.jpg\" alt=\"\" width=\"1772\" height=\"1181\" \/><\/p>\n<p><img loading=\"lazy\" decoding=\"async\" class=\"alignnone size-full wp-image-2875\" src=\"http:\/\/dypall.com\/wp-content\/uploads\/2018\/04\/DSC0100a.jpg\" alt=\"\" width=\"1772\" height=\"1181\" \/><\/p>","protected":false},"excerpt":{"rendered":"<p>Bu a\u015famada, Madeira  \u2047  Portekiz \u00d6zerk b\u00f6lgesinde b\u00f6lgesel bir gen\u00e7lik politikas\u0131 \u00e7er\u00e7evesinin tan\u0131m\u0131n\u0131 destekleyen bu iddial\u0131 projenin uygulanmas\u0131n\u0131n yar\u0131s\u0131nda oldu\u011fumuzu d\u00fc\u015f\u00fcnebiliriz. Bu projenin arkas\u0131ndaki itici g\u00fc\u00e7, Gen\u00e7lik ve Spor B\u00f6lge M\u00fcd\u00fcrl\u00fc\u011f\u00fc ile Avrupa Birli\u011fi (AB) aras\u0131nda yak\u0131n bir ortakl\u0131kt\u0131r. <a class=\"more-link\" href=\"https:\/\/dypall.com\/tr\/activity\/regional-youth-action-plan-madeira-jovem\/\">Okumaya devam et <span class=\"screen-reader-text\">B\u00f6lgesel Gen\u00e7lik Eylem Plan\u0131  \u2047  Madeira Jovem<\/span><\/a><\/p>","protected":false},"author":2,"featured_media":2872,"comment_status":"closed","ping_status":"open","sticky":false,"template":"","format":"standard","meta":{"_acf_changed":false,"_jetpack_memberships_contains_paid_content":false,"footnotes":""},"categories":[111,158],"tags":[134],"class_list":["post-2870","post","type-post","status-publish","format-standard","has-post-thumbnail","hentry","category-activity","category-consultancy","tag-consultancy","entry"],"acf":[],"yoast_head":"<!-- This site is optimized with the Yoast SEO plugin v22.8 - https:\/\/yoast.com\/wordpress\/plugins\/seo\/ -->\n<title>Regional Youth Action Plan \u2013 Madeira Jovem - DYPALL Network<\/title>\n<meta name=\"robots\" content=\"index, follow, max-snippet:-1, max-image-preview:large, max-video-preview:-1\" \/>\n<link rel=\"canonical\" href=\"https:\/\/dypall.com\/tr\/activity\/regional-youth-action-plan-madeira-jovem\/\" \/>\n<meta property=\"og:locale\" content=\"tr_TR\" \/>\n<meta property=\"og:type\" content=\"article\" \/>\n<meta property=\"og:title\" content=\"Regional Youth Action Plan \u2013 Madeira Jovem - DYPALL Network\" \/>\n<meta property=\"og:description\" content=\"At this stage, we can consider that we are now halfway through the implementation of this ambitious project supporting the definition of a regional youth policy framework in the Autonomous regional of Madeira \u2013 Portugal. The driving force behind this project is a close partnership between the Regional Directorate of Youth and Sports and the&hellip; Okumaya devam et Regional Youth Action Plan \u2013 Madeira Jovem\" \/>\n<meta property=\"og:url\" content=\"https:\/\/dypall.com\/tr\/activity\/regional-youth-action-plan-madeira-jovem\/\" \/>\n<meta property=\"og:site_name\" content=\"DYPALL Network\" \/>\n<meta property=\"article:published_time\" content=\"2018-04-30T17:14:47+00:00\" \/>\n<meta name=\"author\" content=\"dypall\" \/>\n<meta name=\"twitter:card\" content=\"summary_large_image\" \/>\n<meta name=\"twitter:label1\" content=\"Written by\" \/>\n\t<meta name=\"twitter:data1\" content=\"dypall\" \/>\n\t<meta name=\"twitter:label2\" content=\"Est. reading time\" \/>\n\t<meta name=\"twitter:data2\" content=\"1 dakika\" \/>\n<script type=\"application\/ld+json\" class=\"yoast-schema-graph\">{\"@context\":\"https:\/\/schema.org\",\"@graph\":[{\"@type\":\"WebPage\",\"@id\":\"https:\/\/dypall.com\/activity\/regional-youth-action-plan-madeira-jovem\/\",\"url\":\"https:\/\/dypall.com\/activity\/regional-youth-action-plan-madeira-jovem\/\",\"name\":\"Regional Youth Action Plan \u2013 Madeira Jovem - DYPALL Network\",\"isPartOf\":{\"@id\":\"https:\/\/dypall.com\/#website\"},\"primaryImageOfPage\":{\"@id\":\"https:\/\/dypall.com\/activity\/regional-youth-action-plan-madeira-jovem\/#primaryimage\"},\"image\":{\"@id\":\"https:\/\/dypall.com\/activity\/regional-youth-action-plan-madeira-jovem\/#primaryimage\"},\"thumbnailUrl\":\"\",\"datePublished\":\"2018-04-30T17:14:47+00:00\",\"dateModified\":\"2018-04-30T17:14:47+00:00\",\"author\":{\"@id\":\"https:\/\/dypall.com\/#\/schema\/person\/206350efe851997fcdedef75d118766b\"},\"breadcrumb\":{\"@id\":\"https:\/\/dypall.com\/activity\/regional-youth-action-plan-madeira-jovem\/#breadcrumb\"},\"inLanguage\":\"tr\",\"potentialAction\":[{\"@type\":\"ReadAction\",\"target\":[\"https:\/\/dypall.com\/activity\/regional-youth-action-plan-madeira-jovem\/\"]}]},{\"@type\":\"ImageObject\",\"inLanguage\":\"tr\",\"@id\":\"https:\/\/dypall.com\/activity\/regional-youth-action-plan-madeira-jovem\/#primaryimage\",\"url\":\"\",\"contentUrl\":\"\"},{\"@type\":\"BreadcrumbList\",\"@id\":\"https:\/\/dypall.com\/activity\/regional-youth-action-plan-madeira-jovem\/#breadcrumb\",\"itemListElement\":[{\"@type\":\"ListItem\",\"position\":1,\"name\":\"Home\",\"item\":\"https:\/\/dypall.com\/\"},{\"@type\":\"ListItem\",\"position\":2,\"name\":\"Regional Youth Action Plan \u2013 Madeira Jovem\"}]},{\"@type\":\"WebSite\",\"@id\":\"https:\/\/dypall.com\/#website\",\"url\":\"https:\/\/dypall.com\/\",\"name\":\"DYPALL Network\",\"description\":\"We are a European network of civil society organisations, municipalities and research institutions dedicated to improving democracy through youth participation.\",\"potentialAction\":[{\"@type\":\"SearchAction\",\"target\":{\"@type\":\"EntryPoint\",\"urlTemplate\":\"https:\/\/dypall.com\/?s={search_term_string}\"},\"query-input\":\"required name=search_term_string\"}],\"inLanguage\":\"tr\"},{\"@type\":\"Person\",\"@id\":\"https:\/\/dypall.com\/#\/schema\/person\/206350efe851997fcdedef75d118766b\",\"name\":\"dypall\",\"image\":{\"@type\":\"ImageObject\",\"inLanguage\":\"tr\",\"@id\":\"https:\/\/dypall.com\/#\/schema\/person\/image\/\",\"url\":\"https:\/\/secure.gravatar.com\/avatar\/14e8d3d8841cd0bdf69915120bcf9fcfac1567f1dc7035664907322ac47efe29?s=96&d=mm&r=g\",\"contentUrl\":\"https:\/\/secure.gravatar.com\/avatar\/14e8d3d8841cd0bdf69915120bcf9fcfac1567f1dc7035664907322ac47efe29?s=96&d=mm&r=g\",\"caption\":\"dypall\"},\"url\":\"https:\/\/dypall.com\/tr\/author\/dypall_info\/\"}]}<\/script>\n<!-- \/ Yoast SEO plugin. -->","yoast_head_json":{"title":"Regional Youth Action Plan \u2013 Madeira Jovem - DYPALL Network","robots":{"index":"index","follow":"follow","max-snippet":"max-snippet:-1","max-image-preview":"max-image-preview:large","max-video-preview":"max-video-preview:-1"},"canonical":"https:\/\/dypall.com\/tr\/activity\/regional-youth-action-plan-madeira-jovem\/","og_locale":"tr_TR","og_type":"article","og_title":"Regional Youth Action Plan \u2013 Madeira Jovem - DYPALL Network","og_description":"At this stage, we can consider that we are now halfway through the implementation of this ambitious project supporting the definition of a regional youth policy framework in the Autonomous regional of Madeira \u2013 Portugal. The driving force behind this project is a close partnership between the Regional Directorate of Youth and Sports and the&hellip; Okumaya devam et Regional Youth Action Plan \u2013 Madeira Jovem","og_url":"https:\/\/dypall.com\/tr\/activity\/regional-youth-action-plan-madeira-jovem\/","og_site_name":"DYPALL Network","article_published_time":"2018-04-30T17:14:47+00:00","author":"dypall","twitter_card":"summary_large_image","twitter_misc":{"Written by":"dypall","Est. reading time":"1 dakika"},"schema":{"@context":"https:\/\/schema.org","@graph":[{"@type":"WebPage","@id":"https:\/\/dypall.com\/activity\/regional-youth-action-plan-madeira-jovem\/","url":"https:\/\/dypall.com\/activity\/regional-youth-action-plan-madeira-jovem\/","name":"Regional Youth Action Plan \u2013 Madeira Jovem - DYPALL Network","isPartOf":{"@id":"https:\/\/dypall.com\/#website"},"primaryImageOfPage":{"@id":"https:\/\/dypall.com\/activity\/regional-youth-action-plan-madeira-jovem\/#primaryimage"},"image":{"@id":"https:\/\/dypall.com\/activity\/regional-youth-action-plan-madeira-jovem\/#primaryimage"},"thumbnailUrl":"","datePublished":"2018-04-30T17:14:47+00:00","dateModified":"2018-04-30T17:14:47+00:00","author":{"@id":"https:\/\/dypall.com\/#\/schema\/person\/206350efe851997fcdedef75d118766b"},"breadcrumb":{"@id":"https:\/\/dypall.com\/activity\/regional-youth-action-plan-madeira-jovem\/#breadcrumb"},"inLanguage":"tr","potentialAction":[{"@type":"ReadAction","target":["https:\/\/dypall.com\/activity\/regional-youth-action-plan-madeira-jovem\/"]}]},{"@type":"ImageObject","inLanguage":"tr","@id":"https:\/\/dypall.com\/activity\/regional-youth-action-plan-madeira-jovem\/#primaryimage","url":"","contentUrl":""},{"@type":"BreadcrumbList","@id":"https:\/\/dypall.com\/activity\/regional-youth-action-plan-madeira-jovem\/#breadcrumb","itemListElement":[{"@type":"ListItem","position":1,"name":"Home","item":"https:\/\/dypall.com\/"},{"@type":"ListItem","position":2,"name":"Regional Youth Action Plan \u2013 Madeira Jovem"}]},{"@type":"WebSite","@id":"https:\/\/dypall.com\/#website","url":"https:\/\/dypall.com\/","name":"DYPALL Network","description":"We are a European network of civil society organisations, municipalities and research institutions dedicated to improving democracy through youth participation.","potentialAction":[{"@type":"SearchAction","target":{"@type":"EntryPoint","urlTemplate":"https:\/\/dypall.com\/?s={search_term_string}"},"query-input":"required name=search_term_string"}],"inLanguage":"tr"},{"@type":"Person","@id":"https:\/\/dypall.com\/#\/schema\/person\/206350efe851997fcdedef75d118766b","name":"dypall","image":{"@type":"ImageObject","inLanguage":"tr","@id":"https:\/\/dypall.com\/#\/schema\/person\/image\/","url":"https:\/\/secure.gravatar.com\/avatar\/14e8d3d8841cd0bdf69915120bcf9fcfac1567f1dc7035664907322ac47efe29?s=96&d=mm&r=g","contentUrl":"https:\/\/secure.gravatar.com\/avatar\/14e8d3d8841cd0bdf69915120bcf9fcfac1567f1dc7035664907322ac47efe29?s=96&d=mm&r=g","caption":"dypall"},"url":"https:\/\/dypall.com\/tr\/author\/dypall_info\/"}]}},"jetpack_featured_media_url":"","jetpack_sharing_enabled":true,"_links":{"self":[{"href":"https:\/\/dypall.com\/tr\/wp-json\/wp\/v2\/posts\/2870","targetHints":{"allow":["GET"]}}],"collection":[{"href":"https:\/\/dypall.com\/tr\/wp-json\/wp\/v2\/posts"}],"about":[{"href":"https:\/\/dypall.com\/tr\/wp-json\/wp\/v2\/types\/post"}],"author":[{"embeddable":true,"href":"https:\/\/dypall.com\/tr\/wp-json\/wp\/v2\/users\/2"}],"replies":[{"embeddable":true,"href":"https:\/\/dypall.com\/tr\/wp-json\/wp\/v2\/comments?post=2870"}],"version-history":[{"count":0,"href":"https:\/\/dypall.com\/tr\/wp-json\/wp\/v2\/posts\/2870\/revisions"}],"wp:featuredmedia":[{"embeddable":true,"href":"https:\/\/dypall.com\/tr\/wp-json\/"}],"wp:attachment":[{"href":"https:\/\/dypall.com\/tr\/wp-json\/wp\/v2\/media?parent=2870"}],"wp:term":[{"taxonomy":"category","embeddable":true,"href":"https:\/\/dypall.com\/tr\/wp-json\/wp\/v2\/categories?post=2870"},{"taxonomy":"post_tag","embeddable":true,"href":"https:\/\/dypall.com\/tr\/wp-json\/wp\/v2\/tags?post=2870"}],"curies":[{"name":"wp","href":"https:\/\/api.w.org\/{rel}","templated":true}]}}