{"id":2149,"date":"2017-06-22T20:18:43","date_gmt":"2017-06-22T18:18:43","guid":{"rendered":"http:\/\/dypall.com\/?p=2149"},"modified":"2017-06-22T20:18:43","modified_gmt":"2017-06-22T18:18:43","slug":"conclusions-from-the-symposium-youth-policy-responses-to-the-contemporary-challenges-faced-by-young-people-12-14-june-prague","status":"publish","type":"post","link":"https:\/\/dypall.com\/tr\/activity\/conclusions-from-the-symposium-youth-policy-responses-to-the-contemporary-challenges-faced-by-young-people-12-14-june-prague\/","title":{"rendered":"Sempozyumdan Sonu\u00e7lar  \u2047 Gen\u00e7lerin Kar\u015f\u0131la\u015ft\u0131\u011f\u0131 \u00c7a\u011fda\u015f Zorluklara Gen\u00e7lik Politikas\u0131 Yan\u0131tlar\u0131  \u2047  (12-14 Haziran, Prag)"},"content":{"rendered":"<p>Makedonya K\u00fclt\u00fcrleraras\u0131 Diyalog Merkezi'nden Elena Ceban ve DYPALL A\u011f\u0131'n\u0131n bir \u00fcyesi, <strong>Sy<img loading=\"lazy\" decoding=\"async\" class=\"size-medium wp-image-2152 alignright\" src=\"http:\/\/dypall.com\/wp-content\/uploads\/2017\/06\/19059304_1811740415508035_4880887241793676795_n-300x225.jpg\" alt=\"\" width=\"300\" height=\"225\" \/> Gen\u00e7lerin Kar\u015f\u0131la\u015ft\u0131\u011f\u0131 \u00c7a\u011fda\u015f Zorluklara Gen\u00e7lik Politikas\u0131 Yan\u0131tlar\u0131<\/strong> 12-14 Haziran 2017 tarihleri aras\u0131nda Prag'da d\u00fczenlenen:<\/p>\n<p><em>Avrupa Konseyi Bakanlar Komitesi \u00c7ek Ba\u015fkanl\u0131\u011f\u0131 \u00e7er\u00e7evesinde 12-14 Haziran tarihleri aras\u0131nda d\u00fczenlenen Sempozyum, Avrupa'daki gen\u00e7lerin kar\u015f\u0131la\u015ft\u0131\u011f\u0131 zorluklar\u0131 haritalamak ve tart\u0131\u015fmak ve bu zorluklara olas\u0131 politika yan\u0131tlar\u0131n\u0131 belirlemek i\u00e7in birlikte \u00e7al\u0131\u015fmak amac\u0131yla 110 h\u00fck\u00fcmet, sivil toplum kurulu\u015fu ve uluslararas\u0131 kurulu\u015f, \u00fcniversite ve ara\u015ft\u0131rma enstit\u00fcs\u00fc vb. temsilcisini bir araya getirdi.<\/em><\/p>\n<p><em>Sempozyum, uygulama ve fikir al\u0131\u015fveri\u015fini kolayla\u015ft\u0131rmak i\u00e7in genel oturumlar\u0131, tematik gruplar\u0131 ve gayri resmi a\u011flar\u0131 entegre etti. Alt\u0131 tematik grup, a\u015fa\u011f\u0131daki konular\u0131n perspektifinden bakarak zorluklar\u0131 ve bunlar\u0131 ele alan politika yan\u0131tlar\u0131n\u0131 belirlemeye \u00e7al\u0131\u015ft\u0131: \u2047 ait olmak \u2047 ,  \u2047 ajans ve g\u00fc\u00e7lendirme \u2047 ,  \u2047 kat\u0131l\u0131m ve ifade \u2047 ,  \u2047 g\u00f6n\u00fcll\u00fcl\u00fck \u2047 ,  \u2047 \u00f6\u011frenme ve e\u011fitim \u2047 , ve  \u2047 \u00e7al\u0131\u015fma ve olu\u015fturma \u2047 .<\/em><\/p>\n<p><em><img loading=\"lazy\" decoding=\"async\" class=\"size-medium wp-image-2154 alignleft\" src=\"http:\/\/dypall.com\/wp-content\/uploads\/2017\/06\/board-300x224.jpg\" alt=\"\" width=\"300\" height=\"224\" \/><\/em><\/p>\n<p><em>Hikaye anlat\u0131m\u0131 genel oturumunda Bruno Antonio (DYPALL), ki\u015fisel hikayesini olas\u0131 bir gen\u00e7lik politikas\u0131 tepkisi olarak payla\u015ft\u0131 ve gen\u00e7lik politikas\u0131n\u0131n bir dilek olmad\u0131\u011f\u0131n\u0131, sadece gen\u00e7ler i\u00e7in de\u011fil, ayn\u0131 zamanda yerel toplum i\u00e7in de bir zorunluluk oldu\u011funu g\u00fc\u00e7lendirdi. Gen\u00e7lerin kar\u015f\u0131la\u015ft\u0131\u011f\u0131 zorluklar\u0131 ele almak i\u00e7in gen\u00e7likle ilgili konularda \u00e7al\u0131\u015fan yerel d\u00fczeydeki akt\u00f6rlerin kapasitesini g\u00fc\u00e7lendirme ba\u011flam\u0131nda DYPALL A\u011f\u0131 kavram\u0131n\u0131 sundu.<\/em><\/p>\n<p><em>Tematik gruplardaki beyin f\u0131rt\u0131nas\u0131n\u0131n ard\u0131ndan kat\u0131l\u0131mc\u0131lar taraf\u0131ndan derlenen \u00f6nemli mesajlar yak\u0131nda Avrupa Konseyi'nin resmi web sitesinde yay\u0131nlanacak. Bu arada, \u00e7al\u0131\u015fma gruplar\u0131ndan baz\u0131 sonu\u00e7lar a\u015fa\u011f\u0131da okunabilir:<\/em><\/p>\n<ul>\n<li><em>Gen\u00e7lik politikas\u0131 siyasi bir ba\u011flamda var, bu nedenle e\u015fitsizli\u011fin kabul edilmesi gerekiyor.<img loading=\"lazy\" decoding=\"async\" class=\"size-medium wp-image-2151 alignright\" src=\"http:\/\/dypall.com\/wp-content\/uploads\/2017\/06\/speaker-300x224.jpg\" alt=\"\" width=\"300\" height=\"224\" \/>nd politika perspektifinden ele al\u0131nd\u0131;<\/em><\/li>\n<li><em>G\u00f6n\u00fcll\u00fcl\u00fck i\u00e7in \u00e7er\u00e7eve, mevcut ger\u00e7ekleri ve \u00e7e\u015fitli ulusal \u00e7er\u00e7eveleri g\u00f6z \u00f6n\u00fcnde bulundurarak g\u00f6zden ge\u00e7irilmeli, g\u00fcncellenmelidir;<\/em><\/li>\n<li><em>Dayan\u0131\u015fma, aidiyet duygusunun yay\u0131lmas\u0131nda ve farkl\u0131 kimliklerin kabul edilmesinde \u00e7ok \u00f6nemli bir rol oynar;<\/em><\/li>\n<li><em>Yap\u0131land\u0131r\u0131lm\u0131\u015f diyalog, karar vericiler ve gen\u00e7ler aras\u0131nda ger\u00e7ek bir diyalo\u011fa ula\u015fmak i\u00e7in ulusal ve yerel d\u00fczeyde ger\u00e7ekle\u015fecek bir uygulama olarak te\u015fvik edilmelidir;<\/em><\/li>\n<li><em>Gen\u00e7lik \u00e7al\u0131\u015fmalar\u0131n\u0131n e\u011fitimde bir yakla\u015f\u0131m olarak ve yayg\u0131n e\u011fitimin bir metodoloji olarak tan\u0131nmas\u0131, daha kapsay\u0131c\u0131 ve ihtiya\u00e7 odakl\u0131 bir gen\u00e7lik politikas\u0131n\u0131n olu\u015fturulmas\u0131na katk\u0131da bulunacakt\u0131r;<\/em><\/li>\n<li><em>Deneyimli ve test edilmi\u015f metodolojileri yeni ve yenilik\u00e7i fikirlerle birle\u015ftirmek i\u00e7in sekt\u00f6rler aras\u0131 i\u015fbirli\u011fine ve nesiller aras\u0131 yakla\u015f\u0131ma daha fazla dikkat edilmelidir.<\/em><\/li>\n<\/ul>\n<p><em>Avrupa Komisyonu Genel E\u011fitim ve K\u00fclt\u00fcr M\u00fcd\u00fcrl\u00fc\u011f\u00fc Politika Sorumlusu Jacob Kornbeck, sempozyumu gen\u00e7lerin politika olu\u015fturma s\u00fcre\u00e7lerinin merkezinde olmas\u0131 gerekti\u011fini s\u00f6yleyerek tamamlad\u0131, \u00e7\u00fcnk\u00fc  \u2047 Masada de\u011filseniz, men\u00fcdesiniz. \u2047 .<\/em><\/p>\n<p><em>Sempozyum ile ilgili t\u00fcm belgelere buradan ula\u015fabilirsiniz. <a href=\"http:\/\/pjp-eu.coe.int\/en\/web\/youth-partnership\/symposium\">burada<\/a>.<\/em><\/p>","protected":false},"excerpt":{"rendered":"<p>Makedonya K\u00fclt\u00fcrleraras\u0131 Diyalog Merkezi'nden Elena Ceban ve DYPALL Network \u00fcyesi, 12-14 Haziran 2017 tarihleri aras\u0131nda Prag'da d\u00fczenlenen Sy mposium  \u2047 Youth Policy Responses to the Contemporary Challenges Faced by Young People \u2047  (Gen\u00e7lik Politikas\u0131n\u0131n Gen\u00e7lerin Kar\u015f\u0131la\u015ft\u0131\u011f\u0131 \u00c7a\u011fda\u015f Zorluklara Yan\u0131tlar\u0131) adl\u0131 konferans\u0131n sonu\u00e7lar\u0131n\u0131 payla\u015ft\u0131: 12-14 Haziran tarihleri aras\u0131nda ger\u00e7ekle\u015ftirilen Sempozyum... <a class=\"more-link\" href=\"https:\/\/dypall.com\/tr\/activity\/conclusions-from-the-symposium-youth-policy-responses-to-the-contemporary-challenges-faced-by-young-people-12-14-june-prague\/\">Okumaya devam et <span class=\"screen-reader-text\">Sempozyumdan Sonu\u00e7lar  \u2047 Gen\u00e7lerin Kar\u015f\u0131la\u015ft\u0131\u011f\u0131 \u00c7a\u011fda\u015f Zorluklara Gen\u00e7lik Politikas\u0131 Yan\u0131tlar\u0131  \u2047  (12-14 Haziran, Prag)<\/span><\/a><\/p>","protected":false},"author":1,"featured_media":2150,"comment_status":"closed","ping_status":"open","sticky":false,"template":"","format":"standard","meta":{"_acf_changed":false,"_jetpack_memberships_contains_paid_content":false,"footnotes":""},"categories":[111,112],"tags":[113,115],"class_list":["post-2149","post","type-post","status-publish","format-standard","has-post-thumbnail","hentry","category-activity","category-conference","tag-conference","tag-seminar","entry"],"acf":[],"yoast_head":"<!-- This site is optimized with the Yoast SEO plugin v22.8 - https:\/\/yoast.com\/wordpress\/plugins\/seo\/ -->\n<title>Conclusions from the Symposium &#039;Youth Policy Responses to the Contemporary Challenges Faced by Young People\u2019 (12-14 June, Prague) - DYPALL Network<\/title>\n<meta name=\"robots\" content=\"index, follow, max-snippet:-1, max-image-preview:large, max-video-preview:-1\" \/>\n<link rel=\"canonical\" href=\"https:\/\/dypall.com\/tr\/activity\/conclusions-from-the-symposium-youth-policy-responses-to-the-contemporary-challenges-faced-by-young-people-12-14-june-prague\/\" \/>\n<meta property=\"og:locale\" content=\"tr_TR\" \/>\n<meta property=\"og:type\" content=\"article\" \/>\n<meta property=\"og:title\" content=\"Conclusions from the Symposium &#039;Youth Policy Responses to the Contemporary Challenges Faced by Young People\u2019 (12-14 June, Prague) - DYPALL Network\" \/>\n<meta property=\"og:description\" content=\"Elena Ceban, from the Center for Intercultural Dialogue in Macedonia, and a member of DYPALL Network shared the conclusions from the Sy mposium &#8216;Youth Policy Responses to the Contemporary Challenges Faced by Young People\u2019 held in Prague, from 12 to 14 June 2017: The Symposium that was held between 12-14 of June in the framework&hellip; Okumaya devam et Conclusions from the Symposium &#8216;Youth Policy Responses to the Contemporary Challenges Faced by Young People\u2019 (12-14 June, Prague)\" \/>\n<meta property=\"og:url\" content=\"https:\/\/dypall.com\/tr\/activity\/conclusions-from-the-symposium-youth-policy-responses-to-the-contemporary-challenges-faced-by-young-people-12-14-june-prague\/\" \/>\n<meta property=\"og:site_name\" content=\"DYPALL Network\" \/>\n<meta property=\"article:published_time\" content=\"2017-06-22T18:18:43+00:00\" \/>\n<meta name=\"author\" content=\"DYPALL Network\" \/>\n<meta name=\"twitter:card\" content=\"summary_large_image\" \/>\n<meta name=\"twitter:label1\" content=\"Written by\" \/>\n\t<meta name=\"twitter:data1\" content=\"DYPALL Network\" \/>\n\t<meta name=\"twitter:label2\" content=\"Est. reading time\" \/>\n\t<meta name=\"twitter:data2\" content=\"2 dakika\" \/>\n<script type=\"application\/ld+json\" class=\"yoast-schema-graph\">{\"@context\":\"https:\/\/schema.org\",\"@graph\":[{\"@type\":\"WebPage\",\"@id\":\"https:\/\/dypall.com\/activity\/conclusions-from-the-symposium-youth-policy-responses-to-the-contemporary-challenges-faced-by-young-people-12-14-june-prague\/\",\"url\":\"https:\/\/dypall.com\/activity\/conclusions-from-the-symposium-youth-policy-responses-to-the-contemporary-challenges-faced-by-young-people-12-14-june-prague\/\",\"name\":\"Conclusions from the Symposium 'Youth Policy Responses to the Contemporary Challenges Faced by Young People\u2019 (12-14 June, Prague) - DYPALL Network\",\"isPartOf\":{\"@id\":\"https:\/\/dypall.com\/#website\"},\"primaryImageOfPage\":{\"@id\":\"https:\/\/dypall.com\/activity\/conclusions-from-the-symposium-youth-policy-responses-to-the-contemporary-challenges-faced-by-young-people-12-14-june-prague\/#primaryimage\"},\"image\":{\"@id\":\"https:\/\/dypall.com\/activity\/conclusions-from-the-symposium-youth-policy-responses-to-the-contemporary-challenges-faced-by-young-people-12-14-june-prague\/#primaryimage\"},\"thumbnailUrl\":\"\",\"datePublished\":\"2017-06-22T18:18:43+00:00\",\"dateModified\":\"2017-06-22T18:18:43+00:00\",\"author\":{\"@id\":\"https:\/\/dypall.com\/#\/schema\/person\/f92e08aa15c8ba711a9d153129f03377\"},\"breadcrumb\":{\"@id\":\"https:\/\/dypall.com\/activity\/conclusions-from-the-symposium-youth-policy-responses-to-the-contemporary-challenges-faced-by-young-people-12-14-june-prague\/#breadcrumb\"},\"inLanguage\":\"tr\",\"potentialAction\":[{\"@type\":\"ReadAction\",\"target\":[\"https:\/\/dypall.com\/activity\/conclusions-from-the-symposium-youth-policy-responses-to-the-contemporary-challenges-faced-by-young-people-12-14-june-prague\/\"]}]},{\"@type\":\"ImageObject\",\"inLanguage\":\"tr\",\"@id\":\"https:\/\/dypall.com\/activity\/conclusions-from-the-symposium-youth-policy-responses-to-the-contemporary-challenges-faced-by-young-people-12-14-june-prague\/#primaryimage\",\"url\":\"\",\"contentUrl\":\"\"},{\"@type\":\"BreadcrumbList\",\"@id\":\"https:\/\/dypall.com\/activity\/conclusions-from-the-symposium-youth-policy-responses-to-the-contemporary-challenges-faced-by-young-people-12-14-june-prague\/#breadcrumb\",\"itemListElement\":[{\"@type\":\"ListItem\",\"position\":1,\"name\":\"Home\",\"item\":\"https:\/\/dypall.com\/\"},{\"@type\":\"ListItem\",\"position\":2,\"name\":\"Conclusions from the Symposium &#8216;Youth Policy Responses to the Contemporary Challenges Faced by Young People\u2019 (12-14 June, Prague)\"}]},{\"@type\":\"WebSite\",\"@id\":\"https:\/\/dypall.com\/#website\",\"url\":\"https:\/\/dypall.com\/\",\"name\":\"DYPALL Network\",\"description\":\"We are a European network of civil society organisations, municipalities and research institutions dedicated to improving democracy through youth participation.\",\"potentialAction\":[{\"@type\":\"SearchAction\",\"target\":{\"@type\":\"EntryPoint\",\"urlTemplate\":\"https:\/\/dypall.com\/?s={search_term_string}\"},\"query-input\":\"required name=search_term_string\"}],\"inLanguage\":\"tr\"},{\"@type\":\"Person\",\"@id\":\"https:\/\/dypall.com\/#\/schema\/person\/f92e08aa15c8ba711a9d153129f03377\",\"name\":\"DYPALL Network\",\"image\":{\"@type\":\"ImageObject\",\"inLanguage\":\"tr\",\"@id\":\"https:\/\/dypall.com\/#\/schema\/person\/image\/\",\"url\":\"https:\/\/secure.gravatar.com\/avatar\/9c39e299279800c6d69c5e02cf613e7bab060889f373052a03d7ac399e8f0d3c?s=96&d=mm&r=g\",\"contentUrl\":\"https:\/\/secure.gravatar.com\/avatar\/9c39e299279800c6d69c5e02cf613e7bab060889f373052a03d7ac399e8f0d3c?s=96&d=mm&r=g\",\"caption\":\"DYPALL Network\"},\"sameAs\":[\"https:\/\/dypall.com\"],\"url\":\"https:\/\/dypall.com\/tr\/author\/dypall\/\"}]}<\/script>\n<!-- \/ Yoast SEO plugin. -->","yoast_head_json":{"title":"Conclusions from the Symposium 'Youth Policy Responses to the Contemporary Challenges Faced by Young People\u2019 (12-14 June, Prague) - DYPALL Network","robots":{"index":"index","follow":"follow","max-snippet":"max-snippet:-1","max-image-preview":"max-image-preview:large","max-video-preview":"max-video-preview:-1"},"canonical":"https:\/\/dypall.com\/tr\/activity\/conclusions-from-the-symposium-youth-policy-responses-to-the-contemporary-challenges-faced-by-young-people-12-14-june-prague\/","og_locale":"tr_TR","og_type":"article","og_title":"Conclusions from the Symposium 'Youth Policy Responses to the Contemporary Challenges Faced by Young People\u2019 (12-14 June, Prague) - DYPALL Network","og_description":"Elena Ceban, from the Center for Intercultural Dialogue in Macedonia, and a member of DYPALL Network shared the conclusions from the Sy mposium &#8216;Youth Policy Responses to the Contemporary Challenges Faced by Young People\u2019 held in Prague, from 12 to 14 June 2017: The Symposium that was held between 12-14 of June in the framework&hellip; Okumaya devam et Conclusions from the Symposium &#8216;Youth Policy Responses to the Contemporary Challenges Faced by Young People\u2019 (12-14 June, Prague)","og_url":"https:\/\/dypall.com\/tr\/activity\/conclusions-from-the-symposium-youth-policy-responses-to-the-contemporary-challenges-faced-by-young-people-12-14-june-prague\/","og_site_name":"DYPALL Network","article_published_time":"2017-06-22T18:18:43+00:00","author":"DYPALL Network","twitter_card":"summary_large_image","twitter_misc":{"Written by":"DYPALL Network","Est. reading time":"2 dakika"},"schema":{"@context":"https:\/\/schema.org","@graph":[{"@type":"WebPage","@id":"https:\/\/dypall.com\/activity\/conclusions-from-the-symposium-youth-policy-responses-to-the-contemporary-challenges-faced-by-young-people-12-14-june-prague\/","url":"https:\/\/dypall.com\/activity\/conclusions-from-the-symposium-youth-policy-responses-to-the-contemporary-challenges-faced-by-young-people-12-14-june-prague\/","name":"Conclusions from the Symposium 'Youth Policy Responses to the Contemporary Challenges Faced by Young People\u2019 (12-14 June, Prague) - DYPALL Network","isPartOf":{"@id":"https:\/\/dypall.com\/#website"},"primaryImageOfPage":{"@id":"https:\/\/dypall.com\/activity\/conclusions-from-the-symposium-youth-policy-responses-to-the-contemporary-challenges-faced-by-young-people-12-14-june-prague\/#primaryimage"},"image":{"@id":"https:\/\/dypall.com\/activity\/conclusions-from-the-symposium-youth-policy-responses-to-the-contemporary-challenges-faced-by-young-people-12-14-june-prague\/#primaryimage"},"thumbnailUrl":"","datePublished":"2017-06-22T18:18:43+00:00","dateModified":"2017-06-22T18:18:43+00:00","author":{"@id":"https:\/\/dypall.com\/#\/schema\/person\/f92e08aa15c8ba711a9d153129f03377"},"breadcrumb":{"@id":"https:\/\/dypall.com\/activity\/conclusions-from-the-symposium-youth-policy-responses-to-the-contemporary-challenges-faced-by-young-people-12-14-june-prague\/#breadcrumb"},"inLanguage":"tr","potentialAction":[{"@type":"ReadAction","target":["https:\/\/dypall.com\/activity\/conclusions-from-the-symposium-youth-policy-responses-to-the-contemporary-challenges-faced-by-young-people-12-14-june-prague\/"]}]},{"@type":"ImageObject","inLanguage":"tr","@id":"https:\/\/dypall.com\/activity\/conclusions-from-the-symposium-youth-policy-responses-to-the-contemporary-challenges-faced-by-young-people-12-14-june-prague\/#primaryimage","url":"","contentUrl":""},{"@type":"BreadcrumbList","@id":"https:\/\/dypall.com\/activity\/conclusions-from-the-symposium-youth-policy-responses-to-the-contemporary-challenges-faced-by-young-people-12-14-june-prague\/#breadcrumb","itemListElement":[{"@type":"ListItem","position":1,"name":"Home","item":"https:\/\/dypall.com\/"},{"@type":"ListItem","position":2,"name":"Conclusions from the Symposium &#8216;Youth Policy Responses to the Contemporary Challenges Faced by Young People\u2019 (12-14 June, Prague)"}]},{"@type":"WebSite","@id":"https:\/\/dypall.com\/#website","url":"https:\/\/dypall.com\/","name":"DYPALL Network","description":"We are a European network of civil society organisations, municipalities and research institutions dedicated to improving democracy through youth participation.","potentialAction":[{"@type":"SearchAction","target":{"@type":"EntryPoint","urlTemplate":"https:\/\/dypall.com\/?s={search_term_string}"},"query-input":"required name=search_term_string"}],"inLanguage":"tr"},{"@type":"Person","@id":"https:\/\/dypall.com\/#\/schema\/person\/f92e08aa15c8ba711a9d153129f03377","name":"DYPALL Network","image":{"@type":"ImageObject","inLanguage":"tr","@id":"https:\/\/dypall.com\/#\/schema\/person\/image\/","url":"https:\/\/secure.gravatar.com\/avatar\/9c39e299279800c6d69c5e02cf613e7bab060889f373052a03d7ac399e8f0d3c?s=96&d=mm&r=g","contentUrl":"https:\/\/secure.gravatar.com\/avatar\/9c39e299279800c6d69c5e02cf613e7bab060889f373052a03d7ac399e8f0d3c?s=96&d=mm&r=g","caption":"DYPALL Network"},"sameAs":["https:\/\/dypall.com"],"url":"https:\/\/dypall.com\/tr\/author\/dypall\/"}]}},"jetpack_featured_media_url":"","jetpack_sharing_enabled":true,"_links":{"self":[{"href":"https:\/\/dypall.com\/tr\/wp-json\/wp\/v2\/posts\/2149","targetHints":{"allow":["GET"]}}],"collection":[{"href":"https:\/\/dypall.com\/tr\/wp-json\/wp\/v2\/posts"}],"about":[{"href":"https:\/\/dypall.com\/tr\/wp-json\/wp\/v2\/types\/post"}],"author":[{"embeddable":true,"href":"https:\/\/dypall.com\/tr\/wp-json\/wp\/v2\/users\/1"}],"replies":[{"embeddable":true,"href":"https:\/\/dypall.com\/tr\/wp-json\/wp\/v2\/comments?post=2149"}],"version-history":[{"count":0,"href":"https:\/\/dypall.com\/tr\/wp-json\/wp\/v2\/posts\/2149\/revisions"}],"wp:featuredmedia":[{"embeddable":true,"href":"https:\/\/dypall.com\/tr\/wp-json\/"}],"wp:attachment":[{"href":"https:\/\/dypall.com\/tr\/wp-json\/wp\/v2\/media?parent=2149"}],"wp:term":[{"taxonomy":"category","embeddable":true,"href":"https:\/\/dypall.com\/tr\/wp-json\/wp\/v2\/categories?post=2149"},{"taxonomy":"post_tag","embeddable":true,"href":"https:\/\/dypall.com\/tr\/wp-json\/wp\/v2\/tags?post=2149"}],"curies":[{"name":"wp","href":"https:\/\/api.w.org\/{rel}","templated":true}]}}