{"id":2117,"date":"2017-06-16T18:36:38","date_gmt":"2017-06-16T16:36:38","guid":{"rendered":"http:\/\/dypall.com\/?p=2117"},"modified":"2017-06-16T18:36:38","modified_gmt":"2017-06-16T16:36:38","slug":"feedback-on-the-impact-of-the-training-course-young-migrant-voices-held-in-november-2016","status":"publish","type":"post","link":"https:\/\/dypall.com\/tr\/activity\/feedback-on-the-impact-of-the-training-course-young-migrant-voices-held-in-november-2016\/","title":{"rendered":"Kas\u0131m 2016'da d\u00fczenlenen  \u2047 Young Migrant Voices \u2047  e\u011fitim kursunun etkisi hakk\u0131nda geri bildirim."},"content":{"rendered":"<p>\u2047 Young Migrant Voices giri\u015fimi: Gen\u00e7 g\u00f6\u00e7menlerin yerel d\u00fczeyde karar alma s\u00fcre\u00e7lerine kat\u0131l\u0131m\u0131n\u0131 art\u0131rmak i\u00e7in bir e\u011fitim kursu, ADYNE Hollanda taraf\u0131ndan DYPALL Network ile ortakla\u015fa d\u00fczenlendi ve Kas\u0131m 2016'da uyguland\u0131. Biz web sitemizde bu konuda yazd\u0131 <a href=\"https:\/\/dypall.com\/tr\/activity\/international-training-course-young-migrant-voices-a-training-course-for-boosting-participation-of-young-migrants-in-decision-making-processes-at-local-level\/\">burada<\/a> ve <a href=\"https:\/\/dypall.com\/tr\/activity\/picture-review-young-migrant-voices-training-course\/\">burada<\/a>.<\/p>\n<p>Eva Lindberg ve Anna Beata Ekstr\u00f6m, bu e\u011fitim kursuna kat\u0131ld\u0131lar ve DYPALL Network ile bu deneyimin kendileri i\u00e7in ne anlama geldi\u011fini ve birlikte \u00e7al\u0131\u015ft\u0131klar\u0131 hedef gruplar \u00fczerindeki etkisini daha kapsaml\u0131 bir \u015fekilde ilettiler.<\/p>\n<p><strong>Eva Lindberg<\/strong> i\u00e7inde \u00e7al\u0131\u015f\u0131r <strong>Karlstad belediyesi<\/strong> (\u0130sve\u00e7) refakatsiz gelen ve 18 ya\u015f\u0131na kadar belediye bar\u0131naklar\u0131nda ya\u015fayan gen\u00e7 (18-21 ya\u015f aras\u0131) ile. 18 ya\u015f\u0131ndan sonra belediye bu genci daireler, okullarla temaslar, sivil toplumla temaslar, sa\u011fl\u0131k hizmeti sa\u011flay\u0131c\u0131lar\u0131yla temaslar ile destekliyor ve psiko-sosyal destek veriyor. Belediye, 21 ya\u015f\u0131na kadar entegrasyonlar\u0131nda bu deste\u011fi sa\u011flamaya devam ediyor.<\/p>\n<p><strong>Anna BeataEkstr\u00f6m<\/strong> Organizasyonda \u00e7al\u0131\u015f\u0131r <strong>Save the Children \u0130sve\u00e7<\/strong> refakatsiz \u00e7ocuklar ve gen\u00e7ler i\u00e7in projelerde. \u00c7al\u0131\u015fman\u0131n \u00f6nemli bir k\u0131sm\u0131, daha sonra edinilen bilgilerin belediyelere ve di\u011fer payda\u015flara da yay\u0131ld\u0131\u011f\u0131 \u00e7al\u0131\u015ftaylar olan Meetingpoints arac\u0131l\u0131\u011f\u0131yla refakatsiz \u00e7ocuklar\u0131n ve gen\u00e7lerin durumlar\u0131 hakk\u0131nda seslerini bir araya getirmek ve durumlar\u0131n\u0131 iyile\u015ftirmeye y\u00f6nelik daha iyi bir destek sistemine izin vermektir.<img loading=\"lazy\" decoding=\"async\" class=\"size-medium wp-image-2119 aligncenter\" src=\"http:\/\/dypall.com\/wp-content\/uploads\/2017\/06\/IMG_3133-300x200.jpg\" alt=\"\" width=\"300\" height=\"200\" \/><\/p>\n<p><strong>Bu e\u011fitim kursunun \u00e7al\u0131\u015fmalar\u0131 \u00fczerindeki etkisi \u00fczerine a\u015fa\u011f\u0131dakileri payla\u015ft\u0131lar:<\/strong><\/p>\n<p><em>Karlstad Kommun, hedef kitleye daha fazla destek verebilmek i\u00e7in sivil toplumla i\u015fbirli\u011fi yapman\u0131n daha fazla yolunu bulmaya \u00e7al\u0131\u015fmakla \u00e7ok ilgileniyor.<\/em><\/p>\n<p><em>\u00d6te yandan, V\u00e4rmand'da d\u00fczenlenen Meetingpoint'teki \u00e7al\u0131\u015fmalarla Save the Children, V\u00e4rmland'daki refakatsiz \u00e7ocuklar i\u00e7in etkinliklere kat\u0131lan farkl\u0131 kurulu\u015flar aras\u0131nda tart\u0131\u015fma ve al\u0131\u015fveri\u015f i\u00e7in bir platform geli\u015ftirdi. Bu, hedef grubun kendisini Meetingpoints'te ara\u015ft\u0131r\u0131lan sorular\u0131n ve ihtiya\u00e7lar\u0131n sahibi haline getirme konusunda fikirler \u00fcretti.<\/em><\/p>\n<p><em>Sadece genel bir bak\u0131\u015f a\u00e7\u0131s\u0131 sa\u011flamak i\u00e7in: \u0130sve\u00e7 belediyeleri hem b\u00fcy\u00fck sosyal hizmet sorumluluklar\u0131na hem de farkl\u0131 savunmas\u0131z gruplar\u0131 destekleme konusunda yeterli kaynaklara ve bilgiye sahiptir. Ancak, savunmas\u0131z gruplar\u0131 bulmada ve kar\u015f\u0131lamada daha etkili olmak i\u00e7in sivil toplumla i\u015fbirli\u011fi yapma stratejileri bulduklar\u0131nda \u00e7ok \u015fey kazan\u0131rlar. \u015eimdi, \u00f6zellikle m\u00fclteciler ve refakatsiz \u00e7ocuklarla yap\u0131lan \u00e7al\u0131\u015fmalarda, bu t\u00fcr bir i\u015fbirli\u011fi i\u00e7in stratejiler bulmaya b\u00fcy\u00fck ihtiya\u00e7 var. Hem sivil toplum hem de belediyeler, bu gruplara deste\u011fi g\u00fc\u00e7lendirmek i\u00e7in a\u011flara ve ortakl\u0131klara ula\u015f\u0131yor ve olu\u015fturuyor.\u00a0<\/em><\/p>\n<p><em>Bu ba\u011flamda Save the Children ve Karlstad Kommun, belediye i\u00e7inde refakatsiz \u00e7ocuklar\u0131 desteklemenin daha iyi yollar\u0131n\u0131 bulmak i\u00e7in birlikte \u00e7al\u0131\u015fma \u015fans\u0131 buldu. Odiliapeel'deki e\u011fitim kursu, bu olas\u0131l\u0131klar\u0131 birlikte ke\u015ffetmek ve gelecekteki i\u015fbirli\u011finin yollar\u0131n\u0131 bulmak i\u00e7in ortak bir ilk ad\u0131m atmak i\u00e7in iyi bir f\u0131rsatt\u0131.<\/em><\/p>\n<p><em>E\u011fitim kursu s\u0131ras\u0131nda, hem g\u00fcnl\u00fck kar\u015f\u0131la\u015fmam\u0131z hem de \u00e7al\u0131\u015fmalar\u0131m\u0131z i\u00e7in yararl\u0131 bilgilere eri\u015febildik. <img loading=\"lazy\" decoding=\"async\" class=\"size-medium wp-image-2123 alignleft\" src=\"http:\/\/dypall.com\/wp-content\/uploads\/2017\/06\/IMG_3465-300x200.jpg\" alt=\"\" width=\"300\" height=\"200\" \/>hem hedef kitleyle hem de di\u011fer kurulu\u015flarla ortak \u00e7al\u0131\u015fmalarda bulunmak. Ayr\u0131ca Avrupa'n\u0131n her yerinden gen\u00e7 g\u00f6\u00e7menlerle veya m\u00fcltecilerle profesyonel veya g\u00f6n\u00fcll\u00fc olarak \u00e7al\u0131\u015fan insanlarla tan\u0131\u015ft\u0131k.<\/em><\/p>\n<p><em>Bu toplant\u0131lardan elde edilen deneyimlerin yan\u0131 s\u0131ra, sivil toplum ve yerel y\u00f6netimler aras\u0131ndaki i\u015fbirli\u011finin \u00f6nemini ve avantajlar\u0131n\u0131 ve hedef kitlenin yan\u0131 s\u0131ra her iki tarafa da fayda sa\u011flayan bir i\u015fbirli\u011fine ula\u015fmak i\u00e7in farkl\u0131 stratejilerin daha iyi anla\u015f\u0131lmas\u0131n\u0131 sa\u011flayan konuyla ilgili e\u011fitim kurslar\u0131 \u00e7al\u0131\u015fmalar\u0131n\u0131 payla\u015ft\u0131lar.<\/em><\/p>\n<p><em>T\u00fcm kat\u0131l\u0131mc\u0131lar bir proje plan\u0131 olu\u015fturabildikleri, birlikte tart\u0131\u015fabildikleri ve tart\u0131\u015fabildikleri i\u00e7in, refakatsiz \u00e7ocuklarla \u00e7al\u0131\u015fman\u0131n nas\u0131l devam ettirilece\u011fi ve geli\u015ftirilece\u011fi hakk\u0131ndaki d\u00fc\u015f\u00fcnceler test edilebilir. Bu, kazan\u0131lan bilgiyi uygulamaya ba\u015flamak i\u00e7in \u00e7ok fazla ilham ve motivasyon verdi.<\/em><\/p>\n<p><em>Save the Children, son iki y\u0131ld\u0131r, s\u0131\u011f\u0131nma s\u00fcrecinde aylakl\u0131k ve ak\u0131l hastal\u0131\u011f\u0131 riskini azaltman\u0131n ve \u0130sve\u00e7'teki ilk g\u00fcnden itibaren kurulu\u015f s\u00fcrecini ba\u015flatman\u0131n bir yolu olarak yeti\u015fkin m\u00fclteciler aras\u0131nda \u00f6z-\u00f6rg\u00fctlenme ile \u00e7al\u0131\u015f\u0131yor. \u00d6z-\u00f6rg\u00fctlenme ile ba\u011flant\u0131l\u0131 olarak, kendi kendini \u00f6rg\u00fctleyen hedef grubu i\u00e7eren (sivil toplumdan ve yerel makamlardan) i\u015fbirli\u011fi yapan \u00f6rg\u00fctlerden olu\u015fan bir a\u011f vard\u0131r. Bu y\u00fczden bu <img loading=\"lazy\" decoding=\"async\" class=\"size-medium wp-image-2121 alignright\" src=\"http:\/\/dypall.com\/wp-content\/uploads\/2017\/06\/IMG_3264-300x200.jpg\" alt=\"\" width=\"300\" height=\"200\" \/>\u00c7al\u0131\u015fma \u00e7ok ba\u015far\u0131l\u0131 olmu\u015ftur ve s\u0131\u011f\u0131nmac\u0131larla yap\u0131lan \u00e7al\u0131\u015fmalar\u0131n yukar\u0131dan bir bak\u0131\u015f a\u00e7\u0131s\u0131na sahip olmaktan, i\u00e7ten d\u0131\u015fa bir kat\u0131l\u0131m ve ortakl\u0131k perspektifine sahip olmaya ge\u00e7ti\u011fi toplumda zihin de\u011fi\u015fimine katk\u0131da bulunmaktad\u0131r.<\/em><\/p>\n<p><em>Save the Children'\u0131n E\u011fitim Kursu'ndan sonra ba\u015flatt\u0131\u011f\u0131 proje plan\u0131  \u2047 Crea Diem  \u2047  refakatsiz \u00e7ocuklar i\u00e7in kendi kendine \u00f6rg\u00fctlenme ve stratejik i\u015fbirli\u011fi  \u2047  idi.<\/em><\/p>\n<p><em>Karlstad Kommun, sivil toplumla i\u015fbirli\u011fi yapmak ve Karlstad Kommun'da kalma, i\u015f bulma, kendilerini kurma, anlaml\u0131l\u0131k bulma ve topluma katk\u0131da bulunma \u015fanslar\u0131n\u0131 art\u0131rmak i\u00e7in refakatsiz \u00e7ocuklarla \u00e7al\u0131\u015fmay\u0131 geli\u015ftirmek i\u00e7in daha etkili ve yap\u0131c\u0131 yollar bulmak istiyor. Bunu yapmak i\u00e7in Karlstad Kommun, belediyenin farkl\u0131 b\u00f6l\u00fcmleri ve sivil toplum aras\u0131nda, hedef grup i\u00e7in faaliyetlerin, deste\u011fin ve bilgilerin bir ortak yerle\u015fime ve hedef grup i\u00e7in bir \"tek y\u00f6nl\u00fc\" konsepte sahip olabilece\u011fi ortak bir yerel ile i\u015fbirli\u011fi i\u00e7in bir platform olu\u015fturmak istiyor. Bu projeye  \u2047 Meetingpoint Galaxen \u2047  ad\u0131 verilir.<\/em><\/p>\n<p><em>Birlikte, bu iki proje, refakatsiz \u00e7ocuklar i\u00e7in, kurulu\u015f s\u00fcre\u00e7lerinde yer alan kurulu\u015flardan bilgi ve destek bulabilecekleri ve alabilecekleri bir bulu\u015fma noktas\u0131 olu\u015fturabilir. Bulu\u015fma noktas\u0131 ayn\u0131 zamanda ilgili kurulu\u015flar\u0131n hedef grupla birlikte \u00e7al\u0131\u015fman\u0131n daha etkili yollar\u0131n\u0131 bulmak i\u00e7in a\u011f olu\u015fturdu\u011fu bir yerdir. Bulu\u015fma noktas\u0131nda refakatsiz \u00e7ocuklar kendilerini \u00f6nemli bulduklar\u0131 sorular etraf\u0131nda organize edebilirler. A\u011f kurulu\u015flar\u0131yla birlikte, bu sorulara g\u00f6re hareket edebilir ve destekle, sa\u011fl\u0131klar\u0131n\u0131 geli\u015ftirecek ve kurulu\u015f s\u00fcre\u00e7lerini geli\u015ftirecek faaliyetler olu\u015fturabilirler.<\/em><\/p>","protected":false},"excerpt":{"rendered":"<p>\u2047 Young Migrant Voices giri\u015fimi: Gen\u00e7 g\u00f6\u00e7menlerin yerel d\u00fczeyde karar alma s\u00fcre\u00e7lerine kat\u0131l\u0131m\u0131n\u0131 art\u0131rmak i\u00e7in bir e\u011fitim kursu, ADYNE Hollanda taraf\u0131ndan DYPALL Network ile ortakla\u015fa d\u00fczenlendi ve Kas\u0131m 2016'da uyguland\u0131. Bunu web sitemizde burada ve burada yazd\u0131k. Eva Lindberg ve Anna Beata Ekstr\u00f6m, bu... <a class=\"more-link\" href=\"https:\/\/dypall.com\/tr\/activity\/feedback-on-the-impact-of-the-training-course-young-migrant-voices-held-in-november-2016\/\">Okumaya devam et <span class=\"screen-reader-text\">Kas\u0131m 2016'da d\u00fczenlenen  \u2047 Young Migrant Voices \u2047  e\u011fitim kursunun etkisi hakk\u0131nda geri bildirim.<\/span><\/a><\/p>","protected":false},"author":2,"featured_media":2118,"comment_status":"closed","ping_status":"open","sticky":false,"template":"","format":"standard","meta":{"_acf_changed":false,"_jetpack_memberships_contains_paid_content":false,"footnotes":""},"categories":[111,141],"tags":[136],"class_list":["post-2117","post","type-post","status-publish","format-standard","has-post-thumbnail","hentry","category-activity","category-training-course","tag-training-course","entry"],"acf":[],"yoast_head":"<!-- This site is optimized with the Yoast SEO plugin v22.8 - https:\/\/yoast.com\/wordpress\/plugins\/seo\/ -->\n<title>Feedback on the impact of the training course \u201cYoung Migrant Voices\u201d held in November 2016. - DYPALL Network<\/title>\n<meta name=\"robots\" content=\"index, follow, max-snippet:-1, max-image-preview:large, max-video-preview:-1\" \/>\n<link rel=\"canonical\" href=\"https:\/\/dypall.com\/tr\/activity\/feedback-on-the-impact-of-the-training-course-young-migrant-voices-held-in-november-2016\/\" \/>\n<meta property=\"og:locale\" content=\"tr_TR\" \/>\n<meta property=\"og:type\" content=\"article\" \/>\n<meta property=\"og:title\" content=\"Feedback on the impact of the training course \u201cYoung Migrant Voices\u201d held in November 2016. - DYPALL Network\" \/>\n<meta property=\"og:description\" content=\"The initiative \u201cYoung Migrant Voices: a training course for boosting participation of young migrants in decision-making processes at local level\u201d was organized by ADYNE Netherlands in partnership with DYPALL Network, and was implemented in November 2016. We wrote about it on our\u00a0\u00a0website here and here. Eva Lindberg \u00a0and Anna Beata Ekstr\u00f6m, were participants in this&hellip; Okumaya devam et Feedback on the impact of the training course \u201cYoung Migrant Voices\u201d held in November 2016.\" \/>\n<meta property=\"og:url\" content=\"https:\/\/dypall.com\/tr\/activity\/feedback-on-the-impact-of-the-training-course-young-migrant-voices-held-in-november-2016\/\" \/>\n<meta property=\"og:site_name\" content=\"DYPALL Network\" \/>\n<meta property=\"article:published_time\" content=\"2017-06-16T16:36:38+00:00\" \/>\n<meta name=\"author\" content=\"dypall\" \/>\n<meta name=\"twitter:card\" content=\"summary_large_image\" \/>\n<meta name=\"twitter:label1\" content=\"Written by\" \/>\n\t<meta name=\"twitter:data1\" content=\"dypall\" \/>\n\t<meta name=\"twitter:label2\" content=\"Est. reading time\" \/>\n\t<meta name=\"twitter:data2\" content=\"5 dakika\" \/>\n<script type=\"application\/ld+json\" class=\"yoast-schema-graph\">{\"@context\":\"https:\/\/schema.org\",\"@graph\":[{\"@type\":\"WebPage\",\"@id\":\"https:\/\/dypall.com\/activity\/feedback-on-the-impact-of-the-training-course-young-migrant-voices-held-in-november-2016\/\",\"url\":\"https:\/\/dypall.com\/activity\/feedback-on-the-impact-of-the-training-course-young-migrant-voices-held-in-november-2016\/\",\"name\":\"Feedback on the impact of the training course \u201cYoung Migrant Voices\u201d held in November 2016. - DYPALL Network\",\"isPartOf\":{\"@id\":\"https:\/\/dypall.com\/#website\"},\"primaryImageOfPage\":{\"@id\":\"https:\/\/dypall.com\/activity\/feedback-on-the-impact-of-the-training-course-young-migrant-voices-held-in-november-2016\/#primaryimage\"},\"image\":{\"@id\":\"https:\/\/dypall.com\/activity\/feedback-on-the-impact-of-the-training-course-young-migrant-voices-held-in-november-2016\/#primaryimage\"},\"thumbnailUrl\":\"\",\"datePublished\":\"2017-06-16T16:36:38+00:00\",\"dateModified\":\"2017-06-16T16:36:38+00:00\",\"author\":{\"@id\":\"https:\/\/dypall.com\/#\/schema\/person\/206350efe851997fcdedef75d118766b\"},\"breadcrumb\":{\"@id\":\"https:\/\/dypall.com\/activity\/feedback-on-the-impact-of-the-training-course-young-migrant-voices-held-in-november-2016\/#breadcrumb\"},\"inLanguage\":\"tr\",\"potentialAction\":[{\"@type\":\"ReadAction\",\"target\":[\"https:\/\/dypall.com\/activity\/feedback-on-the-impact-of-the-training-course-young-migrant-voices-held-in-november-2016\/\"]}]},{\"@type\":\"ImageObject\",\"inLanguage\":\"tr\",\"@id\":\"https:\/\/dypall.com\/activity\/feedback-on-the-impact-of-the-training-course-young-migrant-voices-held-in-november-2016\/#primaryimage\",\"url\":\"\",\"contentUrl\":\"\"},{\"@type\":\"BreadcrumbList\",\"@id\":\"https:\/\/dypall.com\/activity\/feedback-on-the-impact-of-the-training-course-young-migrant-voices-held-in-november-2016\/#breadcrumb\",\"itemListElement\":[{\"@type\":\"ListItem\",\"position\":1,\"name\":\"Home\",\"item\":\"https:\/\/dypall.com\/\"},{\"@type\":\"ListItem\",\"position\":2,\"name\":\"Feedback on the impact of the training course \u201cYoung Migrant Voices\u201d held in November 2016.\"}]},{\"@type\":\"WebSite\",\"@id\":\"https:\/\/dypall.com\/#website\",\"url\":\"https:\/\/dypall.com\/\",\"name\":\"DYPALL Network\",\"description\":\"We are a European network of civil society organisations, municipalities and research institutions dedicated to improving democracy through youth participation.\",\"potentialAction\":[{\"@type\":\"SearchAction\",\"target\":{\"@type\":\"EntryPoint\",\"urlTemplate\":\"https:\/\/dypall.com\/?s={search_term_string}\"},\"query-input\":\"required name=search_term_string\"}],\"inLanguage\":\"tr\"},{\"@type\":\"Person\",\"@id\":\"https:\/\/dypall.com\/#\/schema\/person\/206350efe851997fcdedef75d118766b\",\"name\":\"dypall\",\"image\":{\"@type\":\"ImageObject\",\"inLanguage\":\"tr\",\"@id\":\"https:\/\/dypall.com\/#\/schema\/person\/image\/\",\"url\":\"https:\/\/secure.gravatar.com\/avatar\/14e8d3d8841cd0bdf69915120bcf9fcfac1567f1dc7035664907322ac47efe29?s=96&d=mm&r=g\",\"contentUrl\":\"https:\/\/secure.gravatar.com\/avatar\/14e8d3d8841cd0bdf69915120bcf9fcfac1567f1dc7035664907322ac47efe29?s=96&d=mm&r=g\",\"caption\":\"dypall\"},\"url\":\"https:\/\/dypall.com\/tr\/author\/dypall_info\/\"}]}<\/script>\n<!-- \/ Yoast SEO plugin. -->","yoast_head_json":{"title":"Feedback on the impact of the training course \u201cYoung Migrant Voices\u201d held in November 2016. - DYPALL Network","robots":{"index":"index","follow":"follow","max-snippet":"max-snippet:-1","max-image-preview":"max-image-preview:large","max-video-preview":"max-video-preview:-1"},"canonical":"https:\/\/dypall.com\/tr\/activity\/feedback-on-the-impact-of-the-training-course-young-migrant-voices-held-in-november-2016\/","og_locale":"tr_TR","og_type":"article","og_title":"Feedback on the impact of the training course \u201cYoung Migrant Voices\u201d held in November 2016. - DYPALL Network","og_description":"The initiative \u201cYoung Migrant Voices: a training course for boosting participation of young migrants in decision-making processes at local level\u201d was organized by ADYNE Netherlands in partnership with DYPALL Network, and was implemented in November 2016. We wrote about it on our\u00a0\u00a0website here and here. Eva Lindberg \u00a0and Anna Beata Ekstr\u00f6m, were participants in this&hellip; Okumaya devam et Feedback on the impact of the training course \u201cYoung Migrant Voices\u201d held in November 2016.","og_url":"https:\/\/dypall.com\/tr\/activity\/feedback-on-the-impact-of-the-training-course-young-migrant-voices-held-in-november-2016\/","og_site_name":"DYPALL Network","article_published_time":"2017-06-16T16:36:38+00:00","author":"dypall","twitter_card":"summary_large_image","twitter_misc":{"Written by":"dypall","Est. reading time":"5 dakika"},"schema":{"@context":"https:\/\/schema.org","@graph":[{"@type":"WebPage","@id":"https:\/\/dypall.com\/activity\/feedback-on-the-impact-of-the-training-course-young-migrant-voices-held-in-november-2016\/","url":"https:\/\/dypall.com\/activity\/feedback-on-the-impact-of-the-training-course-young-migrant-voices-held-in-november-2016\/","name":"Feedback on the impact of the training course \u201cYoung Migrant Voices\u201d held in November 2016. - DYPALL Network","isPartOf":{"@id":"https:\/\/dypall.com\/#website"},"primaryImageOfPage":{"@id":"https:\/\/dypall.com\/activity\/feedback-on-the-impact-of-the-training-course-young-migrant-voices-held-in-november-2016\/#primaryimage"},"image":{"@id":"https:\/\/dypall.com\/activity\/feedback-on-the-impact-of-the-training-course-young-migrant-voices-held-in-november-2016\/#primaryimage"},"thumbnailUrl":"","datePublished":"2017-06-16T16:36:38+00:00","dateModified":"2017-06-16T16:36:38+00:00","author":{"@id":"https:\/\/dypall.com\/#\/schema\/person\/206350efe851997fcdedef75d118766b"},"breadcrumb":{"@id":"https:\/\/dypall.com\/activity\/feedback-on-the-impact-of-the-training-course-young-migrant-voices-held-in-november-2016\/#breadcrumb"},"inLanguage":"tr","potentialAction":[{"@type":"ReadAction","target":["https:\/\/dypall.com\/activity\/feedback-on-the-impact-of-the-training-course-young-migrant-voices-held-in-november-2016\/"]}]},{"@type":"ImageObject","inLanguage":"tr","@id":"https:\/\/dypall.com\/activity\/feedback-on-the-impact-of-the-training-course-young-migrant-voices-held-in-november-2016\/#primaryimage","url":"","contentUrl":""},{"@type":"BreadcrumbList","@id":"https:\/\/dypall.com\/activity\/feedback-on-the-impact-of-the-training-course-young-migrant-voices-held-in-november-2016\/#breadcrumb","itemListElement":[{"@type":"ListItem","position":1,"name":"Home","item":"https:\/\/dypall.com\/"},{"@type":"ListItem","position":2,"name":"Feedback on the impact of the training course \u201cYoung Migrant Voices\u201d held in November 2016."}]},{"@type":"WebSite","@id":"https:\/\/dypall.com\/#website","url":"https:\/\/dypall.com\/","name":"DYPALL Network","description":"We are a European network of civil society organisations, municipalities and research institutions dedicated to improving democracy through youth participation.","potentialAction":[{"@type":"SearchAction","target":{"@type":"EntryPoint","urlTemplate":"https:\/\/dypall.com\/?s={search_term_string}"},"query-input":"required name=search_term_string"}],"inLanguage":"tr"},{"@type":"Person","@id":"https:\/\/dypall.com\/#\/schema\/person\/206350efe851997fcdedef75d118766b","name":"dypall","image":{"@type":"ImageObject","inLanguage":"tr","@id":"https:\/\/dypall.com\/#\/schema\/person\/image\/","url":"https:\/\/secure.gravatar.com\/avatar\/14e8d3d8841cd0bdf69915120bcf9fcfac1567f1dc7035664907322ac47efe29?s=96&d=mm&r=g","contentUrl":"https:\/\/secure.gravatar.com\/avatar\/14e8d3d8841cd0bdf69915120bcf9fcfac1567f1dc7035664907322ac47efe29?s=96&d=mm&r=g","caption":"dypall"},"url":"https:\/\/dypall.com\/tr\/author\/dypall_info\/"}]}},"jetpack_featured_media_url":"","jetpack_sharing_enabled":true,"_links":{"self":[{"href":"https:\/\/dypall.com\/tr\/wp-json\/wp\/v2\/posts\/2117","targetHints":{"allow":["GET"]}}],"collection":[{"href":"https:\/\/dypall.com\/tr\/wp-json\/wp\/v2\/posts"}],"about":[{"href":"https:\/\/dypall.com\/tr\/wp-json\/wp\/v2\/types\/post"}],"author":[{"embeddable":true,"href":"https:\/\/dypall.com\/tr\/wp-json\/wp\/v2\/users\/2"}],"replies":[{"embeddable":true,"href":"https:\/\/dypall.com\/tr\/wp-json\/wp\/v2\/comments?post=2117"}],"version-history":[{"count":0,"href":"https:\/\/dypall.com\/tr\/wp-json\/wp\/v2\/posts\/2117\/revisions"}],"wp:featuredmedia":[{"embeddable":true,"href":"https:\/\/dypall.com\/tr\/wp-json\/"}],"wp:attachment":[{"href":"https:\/\/dypall.com\/tr\/wp-json\/wp\/v2\/media?parent=2117"}],"wp:term":[{"taxonomy":"category","embeddable":true,"href":"https:\/\/dypall.com\/tr\/wp-json\/wp\/v2\/categories?post=2117"},{"taxonomy":"post_tag","embeddable":true,"href":"https:\/\/dypall.com\/tr\/wp-json\/wp\/v2\/tags?post=2117"}],"curies":[{"name":"wp","href":"https:\/\/api.w.org\/{rel}","templated":true}]}}