{"id":2086,"date":"2017-05-30T12:51:42","date_gmt":"2017-05-30T10:51:42","guid":{"rendered":"http:\/\/dypall.com\/?p=2086"},"modified":"2017-05-30T12:51:42","modified_gmt":"2017-05-30T10:51:42","slug":"europe-goes-local-academia-de-desenvolvimento-juvenil-youth-development-academy","status":"publish","type":"post","link":"https:\/\/dypall.com\/tr\/activity\/europe-goes-local-academia-de-desenvolvimento-juvenil-youth-development-academy\/","title":{"rendered":"Academia de Desenvolvimento Juvenil (Gen\u00e7lik Geli\u015fim Akademisi)"},"content":{"rendered":"<p>Europe Goes Local, belediye d\u00fczeyinde gen\u00e7lik \u00e7al\u0131\u015fmalar\u0131n\u0131 desteklemek i\u00e7in Erasmus+ gen\u00e7lik program\u0131 kapsam\u0131nda uzun vadeli bir i\u015fbirli\u011fidir. Bu nedenle, Erasmus+ program\u0131n\u0131n gen\u00e7lik sekt\u00f6r\u00fcndeki 21 Ulusal Ajans\u0131, bu giri\u015fimle, \u00e7e\u015fitli ilgili taraflar ve payda\u015flar aras\u0131ndaki i\u015fbirli\u011fini g\u00fc\u00e7lendirerek gen\u00e7likle i\u015f kalitesini art\u0131rmay\u0131 ama\u00e7lamaktad\u0131r.<\/p>\n<p>Ayr\u0131ca bu hedefler do\u011frultusunda, 20-22 May\u0131s 2017 tarihleri aras\u0131nda Portekiz'in Algarve b\u00f6lgesindeki Faro Gen\u00e7lik Merkezi'nde (IPDJ) <strong>Academia de Desenvolvimento Juvenil<\/strong> (Gen\u00e7lik Geli\u015fim Akademisi) kuruldu. Bu etkinlik, gen\u00e7lik \u00e7al\u0131\u015fanlar\u0131n\u0131n, liderlerin ve gen\u00e7lik \u00f6rg\u00fctlerinin kapasite geli\u015ftirme ve e\u011fitiminin yan\u0131 s\u0131ra iyi uygulamalar\u0131n de\u011fi\u015f toku\u015fu i\u00e7in bir alan yaratmay\u0131 ama\u00e7lamaktad\u0131r.<\/p>\n<p><img loading=\"lazy\" decoding=\"async\" class=\"wp-image-2088 aligncenter\" src=\"http:\/\/dypall.com\/wp-content\/uploads\/2017\/05\/IMG_20170522_141310-300x169.jpg\" alt=\"\" width=\"327\" height=\"184\" \/><\/p>\n<p>DYPALL Network'\u00fcn ekibinin bir par\u00e7as\u0131 olan ve temsil eden Bruno Ant\u00f3nio, bu etkinlikte Erasmus + Portekiz Ulusal Ajans\u0131'n\u0131 temsil eden bir e\u011fitmen olarak bu etkinlikte yer ald\u0131. E\u011fitmenlerin teslim edilen e\u011fitiminde gen\u00e7lik \u00e7al\u0131\u015fanlar\u0131, belediye g\u00f6revlileri ve gen\u00e7lik temsilcileri, yayg\u0131n e\u011fitim ba\u011flam\u0131nda \u00f6\u011frenme konular\u0131n\u0131 kapsaml\u0131 bir \u015fekilde ke\u015ffetme, bir gen\u00e7lik e\u011fitim program\u0131 ve grup dinamikleri olu\u015fturma f\u0131rsat\u0131 buldu. Bu ayn\u0131 zamanda belediyelerdeki ve kurulu\u015flardaki gen\u00e7lik \u00e7al\u0131\u015fanlar\u0131n\u0131n DYPALL Network'\u00fc projelerde ve sinerji olu\u015fturmada olas\u0131 ortak ve destek\u00e7i olarak tan\u0131malar\u0131n\u0131 sa\u011flamak i\u00e7in bir \u015fanst\u0131.<img loading=\"lazy\" decoding=\"async\" class=\"size-medium wp-image-2089 alignright\" src=\"http:\/\/dypall.com\/wp-content\/uploads\/2017\/05\/IMG_20170521_122253-300x169.jpg\" alt=\"\" width=\"300\" height=\"169\" \/><\/p>\n<p>Bu \u015fekilde, bu giri\u015fimden sonra, Avrupa Yerelle\u015fiyor'un ulusal d\u00fczeyde a\u015fa\u011f\u0131daki hedeflerine ula\u015f\u0131ld\u0131\u011f\u0131 yayg\u0131n olarak alg\u0131land\u0131:<\/p>\n<ul>\n<li>Ulusal Ajans\u0131 yerel d\u00fczeyde gen\u00e7lik \u00e7al\u0131\u015fmalar\u0131na bir ad\u0131m daha yakla\u015ft\u0131r\u0131n;<\/li>\n<li>Belediyelere uluslararas\u0131\/Avrupa unsurunu (uluslararas\u0131 gen\u00e7lik \u00e7al\u0131\u015fmas\u0131) tan\u0131tmak;<\/li>\n<li>Belediye d\u00fczeyinde gen\u00e7lik \u00e7al\u0131\u015fmalar\u0131n\u0131n ve gen\u00e7lik \u00e7al\u0131\u015fmalar\u0131n\u0131n ihtiya\u00e7lar\u0131n\u0131n haritas\u0131n\u0131 \u00e7\u0131karmak;<\/li>\n<li>Yerel d\u00fczeyde payda\u015flarla (gen\u00e7lik \u00e7al\u0131\u015fanlar\u0131, belediye memurlar\u0131 ve politikac\u0131lar) a\u011flar kurmak;<\/li>\n<li>Mal uygulamalar\u0131n\u0131 de\u011fi\u015ftirin ve yerel olarak in\u015fa edilen ve uygulanan iyi projelerin \u00f6rneklerini payla\u015f\u0131n;<\/li>\n<li>Gen\u00e7lik \u00e7al\u0131\u015fanlar\u0131n\u0131 Avrupa G\u00fcndemi konusunda bilin\u00e7lendirmek.<\/li>\n<\/ul>\n<p><img loading=\"lazy\" decoding=\"async\" class=\"wp-image-2090 aligncenter\" src=\"http:\/\/dypall.com\/wp-content\/uploads\/2017\/05\/IMG_20170522_101150-300x169.jpg\" alt=\"\" width=\"311\" height=\"175\" \/><\/p>","protected":false},"excerpt":{"rendered":"<p>Europe Goes Local, belediye d\u00fczeyinde gen\u00e7lik \u00e7al\u0131\u015fmalar\u0131n\u0131 desteklemek i\u00e7in Erasmus+ gen\u00e7lik program\u0131 kapsam\u0131nda uzun vadeli bir i\u015fbirli\u011fidir. Bu nedenle, Erasmus+ program\u0131n\u0131n gen\u00e7lik sekt\u00f6r\u00fcndeki 21 Ulusal Ajans\u0131, bu giri\u015fimle, \u00e7e\u015fitli ilgili taraflar ve payda\u015flar aras\u0131ndaki i\u015fbirli\u011fini g\u00fc\u00e7lendirerek gen\u00e7likle i\u015f kalitesini art\u0131rmay\u0131 ama\u00e7lamaktad\u0131r. Ayn\u0131 zamanda... <a class=\"more-link\" href=\"https:\/\/dypall.com\/tr\/activity\/europe-goes-local-academia-de-desenvolvimento-juvenil-youth-development-academy\/\">Okumaya devam et <span class=\"screen-reader-text\">Academia de Desenvolvimento Juvenil (Gen\u00e7lik Geli\u015fim Akademisi)<\/span><\/a><\/p>","protected":false},"author":1,"featured_media":2087,"comment_status":"closed","ping_status":"open","sticky":false,"template":"","format":"standard","meta":{"_acf_changed":false,"_jetpack_memberships_contains_paid_content":false,"footnotes":""},"categories":[111,141],"tags":[136],"class_list":["post-2086","post","type-post","status-publish","format-standard","has-post-thumbnail","hentry","category-activity","category-training-course","tag-training-course","entry"],"acf":[],"yoast_head":"<!-- This site is optimized with the Yoast SEO plugin v22.8 - https:\/\/yoast.com\/wordpress\/plugins\/seo\/ -->\n<title>Europe Goes Local | Academia de Desenvolvimento Juvenil (Youth Development Academy) - DYPALL Network<\/title>\n<meta name=\"robots\" content=\"index, follow, max-snippet:-1, max-image-preview:large, max-video-preview:-1\" \/>\n<link rel=\"canonical\" href=\"https:\/\/dypall.com\/tr\/activity\/europe-goes-local-academia-de-desenvolvimento-juvenil-youth-development-academy\/\" \/>\n<meta property=\"og:locale\" content=\"tr_TR\" \/>\n<meta property=\"og:type\" content=\"article\" \/>\n<meta property=\"og:title\" content=\"Europe Goes Local | Academia de Desenvolvimento Juvenil (Youth Development Academy) - DYPALL Network\" \/>\n<meta property=\"og:description\" content=\"Europe Goes Local is a long-term cooperation within the Erasmus+ youth programme to support youth work at the municipal level. Thus, 21 National Agencies of the Erasmus+ programme in the youth sector aim with this initiative, to improve work quality with youth, through strengthened cooperation between several interested parties and stakeholders. Also in line with&hellip; Okumaya devam et Europe Goes Local | Academia de Desenvolvimento Juvenil (Youth Development Academy)\" \/>\n<meta property=\"og:url\" content=\"https:\/\/dypall.com\/tr\/activity\/europe-goes-local-academia-de-desenvolvimento-juvenil-youth-development-academy\/\" \/>\n<meta property=\"og:site_name\" content=\"DYPALL Network\" \/>\n<meta property=\"article:published_time\" content=\"2017-05-30T10:51:42+00:00\" \/>\n<meta name=\"author\" content=\"DYPALL Network\" \/>\n<meta name=\"twitter:card\" content=\"summary_large_image\" \/>\n<meta name=\"twitter:label1\" content=\"Written by\" \/>\n\t<meta name=\"twitter:data1\" content=\"DYPALL Network\" \/>\n\t<meta name=\"twitter:label2\" content=\"Est. reading time\" \/>\n\t<meta name=\"twitter:data2\" content=\"1 dakika\" \/>\n<script type=\"application\/ld+json\" class=\"yoast-schema-graph\">{\"@context\":\"https:\/\/schema.org\",\"@graph\":[{\"@type\":\"WebPage\",\"@id\":\"https:\/\/dypall.com\/activity\/europe-goes-local-academia-de-desenvolvimento-juvenil-youth-development-academy\/\",\"url\":\"https:\/\/dypall.com\/activity\/europe-goes-local-academia-de-desenvolvimento-juvenil-youth-development-academy\/\",\"name\":\"Europe Goes Local | Academia de Desenvolvimento Juvenil (Youth Development Academy) - DYPALL Network\",\"isPartOf\":{\"@id\":\"https:\/\/dypall.com\/#website\"},\"primaryImageOfPage\":{\"@id\":\"https:\/\/dypall.com\/activity\/europe-goes-local-academia-de-desenvolvimento-juvenil-youth-development-academy\/#primaryimage\"},\"image\":{\"@id\":\"https:\/\/dypall.com\/activity\/europe-goes-local-academia-de-desenvolvimento-juvenil-youth-development-academy\/#primaryimage\"},\"thumbnailUrl\":\"\",\"datePublished\":\"2017-05-30T10:51:42+00:00\",\"dateModified\":\"2017-05-30T10:51:42+00:00\",\"author\":{\"@id\":\"https:\/\/dypall.com\/#\/schema\/person\/f92e08aa15c8ba711a9d153129f03377\"},\"breadcrumb\":{\"@id\":\"https:\/\/dypall.com\/activity\/europe-goes-local-academia-de-desenvolvimento-juvenil-youth-development-academy\/#breadcrumb\"},\"inLanguage\":\"tr\",\"potentialAction\":[{\"@type\":\"ReadAction\",\"target\":[\"https:\/\/dypall.com\/activity\/europe-goes-local-academia-de-desenvolvimento-juvenil-youth-development-academy\/\"]}]},{\"@type\":\"ImageObject\",\"inLanguage\":\"tr\",\"@id\":\"https:\/\/dypall.com\/activity\/europe-goes-local-academia-de-desenvolvimento-juvenil-youth-development-academy\/#primaryimage\",\"url\":\"\",\"contentUrl\":\"\"},{\"@type\":\"BreadcrumbList\",\"@id\":\"https:\/\/dypall.com\/activity\/europe-goes-local-academia-de-desenvolvimento-juvenil-youth-development-academy\/#breadcrumb\",\"itemListElement\":[{\"@type\":\"ListItem\",\"position\":1,\"name\":\"Home\",\"item\":\"https:\/\/dypall.com\/\"},{\"@type\":\"ListItem\",\"position\":2,\"name\":\"Europe Goes Local | Academia de Desenvolvimento Juvenil (Youth Development Academy)\"}]},{\"@type\":\"WebSite\",\"@id\":\"https:\/\/dypall.com\/#website\",\"url\":\"https:\/\/dypall.com\/\",\"name\":\"DYPALL Network\",\"description\":\"We are a European network of civil society organisations, municipalities and research institutions dedicated to improving democracy through youth participation.\",\"potentialAction\":[{\"@type\":\"SearchAction\",\"target\":{\"@type\":\"EntryPoint\",\"urlTemplate\":\"https:\/\/dypall.com\/?s={search_term_string}\"},\"query-input\":\"required name=search_term_string\"}],\"inLanguage\":\"tr\"},{\"@type\":\"Person\",\"@id\":\"https:\/\/dypall.com\/#\/schema\/person\/f92e08aa15c8ba711a9d153129f03377\",\"name\":\"DYPALL Network\",\"image\":{\"@type\":\"ImageObject\",\"inLanguage\":\"tr\",\"@id\":\"https:\/\/dypall.com\/#\/schema\/person\/image\/\",\"url\":\"https:\/\/secure.gravatar.com\/avatar\/9c39e299279800c6d69c5e02cf613e7bab060889f373052a03d7ac399e8f0d3c?s=96&d=mm&r=g\",\"contentUrl\":\"https:\/\/secure.gravatar.com\/avatar\/9c39e299279800c6d69c5e02cf613e7bab060889f373052a03d7ac399e8f0d3c?s=96&d=mm&r=g\",\"caption\":\"DYPALL Network\"},\"sameAs\":[\"https:\/\/dypall.com\"],\"url\":\"https:\/\/dypall.com\/tr\/author\/dypall\/\"}]}<\/script>\n<!-- \/ Yoast SEO plugin. -->","yoast_head_json":{"title":"Europe Goes Local | Academia de Desenvolvimento Juvenil (Youth Development Academy) - DYPALL Network","robots":{"index":"index","follow":"follow","max-snippet":"max-snippet:-1","max-image-preview":"max-image-preview:large","max-video-preview":"max-video-preview:-1"},"canonical":"https:\/\/dypall.com\/tr\/activity\/europe-goes-local-academia-de-desenvolvimento-juvenil-youth-development-academy\/","og_locale":"tr_TR","og_type":"article","og_title":"Europe Goes Local | Academia de Desenvolvimento Juvenil (Youth Development Academy) - DYPALL Network","og_description":"Europe Goes Local is a long-term cooperation within the Erasmus+ youth programme to support youth work at the municipal level. Thus, 21 National Agencies of the Erasmus+ programme in the youth sector aim with this initiative, to improve work quality with youth, through strengthened cooperation between several interested parties and stakeholders. Also in line with&hellip; Okumaya devam et Europe Goes Local | Academia de Desenvolvimento Juvenil (Youth Development Academy)","og_url":"https:\/\/dypall.com\/tr\/activity\/europe-goes-local-academia-de-desenvolvimento-juvenil-youth-development-academy\/","og_site_name":"DYPALL Network","article_published_time":"2017-05-30T10:51:42+00:00","author":"DYPALL Network","twitter_card":"summary_large_image","twitter_misc":{"Written by":"DYPALL Network","Est. reading time":"1 dakika"},"schema":{"@context":"https:\/\/schema.org","@graph":[{"@type":"WebPage","@id":"https:\/\/dypall.com\/activity\/europe-goes-local-academia-de-desenvolvimento-juvenil-youth-development-academy\/","url":"https:\/\/dypall.com\/activity\/europe-goes-local-academia-de-desenvolvimento-juvenil-youth-development-academy\/","name":"Europe Goes Local | Academia de Desenvolvimento Juvenil (Youth Development Academy) - DYPALL Network","isPartOf":{"@id":"https:\/\/dypall.com\/#website"},"primaryImageOfPage":{"@id":"https:\/\/dypall.com\/activity\/europe-goes-local-academia-de-desenvolvimento-juvenil-youth-development-academy\/#primaryimage"},"image":{"@id":"https:\/\/dypall.com\/activity\/europe-goes-local-academia-de-desenvolvimento-juvenil-youth-development-academy\/#primaryimage"},"thumbnailUrl":"","datePublished":"2017-05-30T10:51:42+00:00","dateModified":"2017-05-30T10:51:42+00:00","author":{"@id":"https:\/\/dypall.com\/#\/schema\/person\/f92e08aa15c8ba711a9d153129f03377"},"breadcrumb":{"@id":"https:\/\/dypall.com\/activity\/europe-goes-local-academia-de-desenvolvimento-juvenil-youth-development-academy\/#breadcrumb"},"inLanguage":"tr","potentialAction":[{"@type":"ReadAction","target":["https:\/\/dypall.com\/activity\/europe-goes-local-academia-de-desenvolvimento-juvenil-youth-development-academy\/"]}]},{"@type":"ImageObject","inLanguage":"tr","@id":"https:\/\/dypall.com\/activity\/europe-goes-local-academia-de-desenvolvimento-juvenil-youth-development-academy\/#primaryimage","url":"","contentUrl":""},{"@type":"BreadcrumbList","@id":"https:\/\/dypall.com\/activity\/europe-goes-local-academia-de-desenvolvimento-juvenil-youth-development-academy\/#breadcrumb","itemListElement":[{"@type":"ListItem","position":1,"name":"Home","item":"https:\/\/dypall.com\/"},{"@type":"ListItem","position":2,"name":"Europe Goes Local | Academia de Desenvolvimento Juvenil (Youth Development Academy)"}]},{"@type":"WebSite","@id":"https:\/\/dypall.com\/#website","url":"https:\/\/dypall.com\/","name":"DYPALL Network","description":"We are a European network of civil society organisations, municipalities and research institutions dedicated to improving democracy through youth participation.","potentialAction":[{"@type":"SearchAction","target":{"@type":"EntryPoint","urlTemplate":"https:\/\/dypall.com\/?s={search_term_string}"},"query-input":"required name=search_term_string"}],"inLanguage":"tr"},{"@type":"Person","@id":"https:\/\/dypall.com\/#\/schema\/person\/f92e08aa15c8ba711a9d153129f03377","name":"DYPALL Network","image":{"@type":"ImageObject","inLanguage":"tr","@id":"https:\/\/dypall.com\/#\/schema\/person\/image\/","url":"https:\/\/secure.gravatar.com\/avatar\/9c39e299279800c6d69c5e02cf613e7bab060889f373052a03d7ac399e8f0d3c?s=96&d=mm&r=g","contentUrl":"https:\/\/secure.gravatar.com\/avatar\/9c39e299279800c6d69c5e02cf613e7bab060889f373052a03d7ac399e8f0d3c?s=96&d=mm&r=g","caption":"DYPALL Network"},"sameAs":["https:\/\/dypall.com"],"url":"https:\/\/dypall.com\/tr\/author\/dypall\/"}]}},"jetpack_featured_media_url":"","jetpack_sharing_enabled":true,"_links":{"self":[{"href":"https:\/\/dypall.com\/tr\/wp-json\/wp\/v2\/posts\/2086","targetHints":{"allow":["GET"]}}],"collection":[{"href":"https:\/\/dypall.com\/tr\/wp-json\/wp\/v2\/posts"}],"about":[{"href":"https:\/\/dypall.com\/tr\/wp-json\/wp\/v2\/types\/post"}],"author":[{"embeddable":true,"href":"https:\/\/dypall.com\/tr\/wp-json\/wp\/v2\/users\/1"}],"replies":[{"embeddable":true,"href":"https:\/\/dypall.com\/tr\/wp-json\/wp\/v2\/comments?post=2086"}],"version-history":[{"count":0,"href":"https:\/\/dypall.com\/tr\/wp-json\/wp\/v2\/posts\/2086\/revisions"}],"wp:featuredmedia":[{"embeddable":true,"href":"https:\/\/dypall.com\/tr\/wp-json\/"}],"wp:attachment":[{"href":"https:\/\/dypall.com\/tr\/wp-json\/wp\/v2\/media?parent=2086"}],"wp:term":[{"taxonomy":"category","embeddable":true,"href":"https:\/\/dypall.com\/tr\/wp-json\/wp\/v2\/categories?post=2086"},{"taxonomy":"post_tag","embeddable":true,"href":"https:\/\/dypall.com\/tr\/wp-json\/wp\/v2\/tags?post=2086"}],"curies":[{"name":"wp","href":"https:\/\/api.w.org\/{rel}","templated":true}]}}