{"id":1786,"date":"2017-01-10T15:01:01","date_gmt":"2017-01-10T14:01:01","guid":{"rendered":"http:\/\/dypall.com\/?p=1786"},"modified":"2017-01-10T15:01:01","modified_gmt":"2017-01-10T14:01:01","slug":"sharing-participation-practices-at-local-level-3-good-practices","status":"publish","type":"post","link":"https:\/\/dypall.com\/tr\/activity\/sharing-participation-practices-at-local-level-3-good-practices\/","title":{"rendered":"Yerel D\u00fczeyde Kat\u0131l\u0131m Uygulamalar\u0131n\u0131n Payla\u015f\u0131lmas\u0131: 3 \u0130yi uygulamalar"},"content":{"rendered":"<h3>Sizin taraf\u0131n\u0131zdan yap\u0131lan b\u00fct\u00e7eleme (th)<\/h3>\n<p>Estarreja Belediyesi arac\u0131l\u0131\u011f\u0131yla Portekiz'de <strong>Kat\u0131l\u0131mc\u0131 Gen\u00e7lik Belediye b\u00fct\u00e7esi<\/strong> Yerel yat\u0131r\u0131mlar i\u00e7in \u00f6nceliklerin belirlenmesi amac\u0131yla 12-30 ya\u015f aras\u0131 gen\u00e7lerin (ikamet edenler, \u00f6\u011frenciler, i\u015f\u00e7iler, dernek \u00fcyeleri vb.) isti\u015fare edildi\u011fi Estarreja Gen\u00e7lik Belediye Meclisi'nden kaynaklanan bir sivil kat\u0131l\u0131m s\u00fcrecinden olu\u015fur. Bu dan\u0131\u015fma s\u00fcreci, gen\u00e7lere Estarreja'n\u0131n yerel projelerini belirleme, tart\u0131\u015fma ve \u00f6nceliklendirme f\u0131rsat\u0131 verir.<\/p>\n<p>Bu, gen\u00e7leri siyasi karar alma alan\u0131na getiren ve bunu yaparak aktif ve sorumlu vatanda\u015fl\u0131klar\u0131n\u0131 ve yerel ger\u00e7ekliklerine ait olma duygular\u0131n\u0131 geli\u015ftiren bir kat\u0131l\u0131m uygulamas\u0131 \u00f6rne\u011fidir. Ayr\u0131ca Gen\u00e7lik Konseyi'nin Estarreja'daki gen\u00e7lerin ya\u015fam kalitesini art\u0131rmak i\u00e7in \u00e7\u00f6z\u00fcmler bulma hedefini g\u00fc\u00e7lendiriyor.<\/p>\n<p><a href=\"http:\/\/dypall.com\/wp-content\/uploads\/2017\/01\/DSC_0698-e1484830539501.jpg\"><img loading=\"lazy\" decoding=\"async\" class=\"alignleft wp-image-1823 size-medium\" src=\"http:\/\/dypall.com\/wp-content\/uploads\/2017\/01\/DSC_0698-300x201.jpg\" width=\"300\" height=\"201\" \/><\/a><\/p>\n<h3 style=\"text-align: left;\"><\/h3>\n<h3 style=\"text-align: left;\"><\/h3>\n<h3 style=\"text-align: left;\"><\/h3>\n<h3 style=\"text-align: left;\"><\/h3>\n<h3 style=\"text-align: left;\"><\/h3>\n<h3 style=\"text-align: left;\">\u2047 cool \u2047 'yu okula geri getirmek<\/h3>\n<p style=\"text-align: left;\"><strong>LoopMe<\/strong> \u00d6\u011frencilerin akranlar\u0131 ve \u00f6\u011fretmenleri aras\u0131nda duygular\u0131n\u0131, fikirlerini, duygular\u0131n\u0131 ve \u00f6nerilerini ifade etmelerine yard\u0131mc\u0131 olan bir ak\u0131ll\u0131 telefon uygulamas\u0131d\u0131r. Uygulaman\u0131n arkas\u0131ndaki ara\u015ft\u0131rma Chalmers Teknoloji \u00dcniversitesi'nde ve G\u00f6teborg'dan (\u0130sve\u00e7) bir analist ekibinde ger\u00e7ekle\u015ftirildi. Norve\u00e7, T\u00fcrkiye ve \u0130sve\u00e7'teki e\u011fitim kurumlar\u0131 ve okullar, uygulamay\u0131 zaten olumlu sonu\u00e7larla kullan\u0131yor.<\/p>\n<p style=\"text-align: left;\">Uygulama, \u00f6\u011frencilerin anketler, g\u00f6revler olu\u015fturmas\u0131na, g\u00f6r\u00fc\u015flerini ve geri bildirimlerini anonim olarak bile ifade etmelerine olanak tan\u0131r.<\/p>\n<p style=\"text-align: left;\">T\u00fcrkiye'de kullanmaya ba\u015flad\u0131\u011f\u0131m\u0131zdan bu yana, iki y\u0131ll\u0131k bir \u00e7er\u00e7evede \u00f6\u011frenci taraf\u0131ndan \u00f6nerilen be\u015f bireysel proje ger\u00e7ekle\u015ftirdik. Uygulaman\u0131n arkas\u0131ndaki pedagojik fikir <em>de\u011fer yaratma pedagojisi<\/em>\u2047  diyor Esenyurt \u015eerife Bac\u0131 Ya\u015fam Boyu \u00d6\u011frenme Enstit\u00fcs\u00fc ve Gen\u00e7lik Merkezi'nden \u00d6ner Kaynakdemir.<\/p>\n<p style=\"text-align: left;\">Ayr\u0131ca, \u00f6\u011frencilerin giri\u015fimcilik becerilerini, karar verme stratejilerini geli\u015ftirmelerinin ve kendilerini daha iyi ifade etmelerinin beklendi\u011fini ve \u00f6\u011frencilerin okullar\u0131nda ve ayn\u0131 zamanda okullar\u0131n\u0131n d\u0131\u015f\u0131nda y\u00fcr\u00fct\u00fclen etkinliklere aktif kat\u0131l\u0131m\u0131n\u0131 te\u015fvik etmelerinin beklendi\u011fini de s\u00f6zlerine ekledi.<br \/>\nDaha fazla bilgiyi \u015fu adreste bulabilirsiniz: <span style=\"color: #99ccff;\"><a style=\"color: #99ccff;\" href=\"http:\/\/www.loopme.io\">www.loopme.io<\/a>\u00a0<\/span><\/p>\n<p style=\"text-align: left;\"><a href=\"http:\/\/dypall.com\/wp-content\/uploads\/2017\/01\/DSC_0722-e1484830587233.jpg\"><img loading=\"lazy\" decoding=\"async\" class=\"alignnone wp-image-1824 size-medium\" src=\"http:\/\/dypall.com\/wp-content\/uploads\/2017\/01\/DSC_0722-300x201.jpg\" width=\"300\" height=\"201\" \/><\/a><\/p>\n<h3>S\u0131f\u0131rdan ba\u015flamak<\/h3>\n<p>Stockholm'deki \u00f6\u011frenciler sadece yerel d\u00fczeyde karar alma s\u00fcre\u00e7lerine kat\u0131lmaya te\u015fvik edilmekle kalmaz, ayn\u0131 zamanda 16 ya\u015f\u0131ndan ba\u015flayarak, \u0130sve\u00e7'in ba\u015fkenti h\u00fck\u00fcmetinin resmi siyasi yap\u0131lar\u0131n\u0131n zikzaklar\u0131 aras\u0131nda nas\u0131l dola\u015facaklar\u0131 \u00f6\u011fretilir. Belediye genelindeki bu \u00e7aba 2001'den beri y\u00fcr\u00fcrl\u00fckte ve Martin Nyblom, \u00f6\u011fretmenlerin gen\u00e7 ya\u015ftan itibaren s\u0131n\u0131f ortam\u0131nda sivil ve demokratik fark\u0131ndal\u0131\u011f\u0131 nas\u0131l art\u0131rabilece\u011fini a\u00e7\u0131kl\u0131yor.<\/p>\n<p>16-19 ya\u015f aras\u0131 yakla\u015f\u0131k 1000 \u00f6\u011frenci ve Stockholm Belediyesi'nden 10-15 kat\u0131l\u0131mc\u0131 okuldan \u00f6\u011fretmenler <strong>Stockholm Gen\u00e7lik Parlamentosu'nda<\/strong>, D\u00fczenli e\u011fitimin yan\u0131nda ger\u00e7ekle\u015fen demokratik ve politik bir e\u011fitimdir.<\/p>\n<p>Her y\u0131l, \u00f6\u011frenciler ele almak istedikleri 5 konuya karar verirler. Daha sonra liderlik ve politika olu\u015fturma konusunda bir e\u011fitim al\u0131rlar, b\u00f6ylece \u00f6\u011fretmenleriyle birlikte etkinlikler planlamaya, politika \u00f6nerilerini \u00e7izmeye ve diyalog seminerlerinde politikac\u0131larla tan\u0131\u015fmaya haz\u0131rlan\u0131rlar.\u00a0Martin son y\u0131llarda bu projeyi y\u00fcr\u00fct\u00fcyor ve bunu gen\u00e7lerin siyasi kat\u0131l\u0131m\u0131n\u0131 art\u0131rmak i\u00e7in b\u00fcy\u00fck bir f\u0131rsat olarak g\u00f6r\u00fcyor, ancak demokratik okuryazarl\u0131\u011f\u0131n \u00f6tesinde bir eri\u015fim g\u00f6r\u00fcyor:<\/p>\n<blockquote><p>Gen\u00e7ler pastan\u0131n tamam\u0131n\u0131 almay\u0131 hedeflememelidir, \u00e7\u00fcnk\u00fc m\u00fczakere istedi\u011finizi elde etmekle ilgili de\u011fildir, bunun i\u00e7in \u00e7ok \u00e7al\u0131\u015ft\u0131\u011f\u0131n\u0131z iyi bir sonu\u00e7 almakt\u0131r.<\/p><\/blockquote>\n<p>Gen\u00e7lerin siyasi karar \u00e7er\u00e7evesiyle ilgili deneyim kazanmalar\u0131n\u0131 sa\u011flayarak, herhangi bir karar verme s\u00fcrecinin do\u011fas\u0131nda bulunan karma\u015f\u0131kl\u0131\u011f\u0131 da takdir ederler ve b\u00f6ylece hayatlar\u0131n\u0131n di\u011fer y\u00f6nlerine aktarabilecekleri yumu\u015fak beceriler kazan\u0131rlar.<\/p>\n<p><a href=\"http:\/\/dypall.com\/wp-content\/uploads\/2017\/01\/DSC_0795-e1484830809755.jpg\"><img loading=\"lazy\" decoding=\"async\" class=\"alignleft wp-image-1825 size-medium\" src=\"http:\/\/dypall.com\/wp-content\/uploads\/2017\/01\/DSC_0795-300x201.jpg\" width=\"300\" height=\"201\" \/><\/a><\/p>\n<p>&nbsp;<\/p>\n<p>&nbsp;<\/p>\n<p>&nbsp;<\/p>\n<p>&nbsp;<\/p>\n<p>&nbsp;<\/p>\n<p>&nbsp;<\/p>\n<hr \/>\n<p class=\"p1\"><span class=\"s1\">Bu uygulamalar, 7-13 Ocak 2017 tarihleri aras\u0131nda Letonya'da ger\u00e7ekle\u015fen ve R\u0113zekne Belediyesi taraf\u0131ndan DYPALL ortakl\u0131\u011f\u0131nda d\u00fczenlenen  \u2047 Youth Actors in Decision Making \u2047  e\u011fitim kursu s\u0131ras\u0131nda kat\u0131l\u0131mc\u0131lar taraf\u0131ndan payla\u015f\u0131ld\u0131.<\/span><\/p>","protected":false},"excerpt":{"rendered":"<p>Kat\u0131l\u0131mc\u0131 Gen\u00e7lik Belediye B\u00fct\u00e7esi ile Portekiz'deki Siz (th) Estarreja Belediyesi taraf\u0131ndan yap\u0131lan b\u00fct\u00e7eleme, yerel yat\u0131r\u0131mlar i\u00e7in \u00f6ncelikleri tan\u0131mlamak amac\u0131yla 12 ila 30 ya\u015f aras\u0131 gen\u00e7lerin (ikamet edenler, \u00f6\u011frenciler, i\u015f\u00e7iler, dernek \u00fcyeleri vb.) isti\u015fare edildi\u011fi Estarreja Gen\u00e7lik Belediye Konseyi'nden kaynaklanan bir sivil kat\u0131l\u0131m s\u00fcrecini i\u00e7erir. Bu dan\u0131\u015fma s\u00fcreci gen\u00e7lere f\u0131rsat verir... <a class=\"more-link\" href=\"https:\/\/dypall.com\/tr\/activity\/sharing-participation-practices-at-local-level-3-good-practices\/\">Okumaya devam et <span class=\"screen-reader-text\">Yerel D\u00fczeyde Kat\u0131l\u0131m Uygulamalar\u0131n\u0131n Payla\u015f\u0131lmas\u0131: 3 \u0130yi uygulamalar<\/span><\/a><\/p>","protected":false},"author":1,"featured_media":1839,"comment_status":"closed","ping_status":"open","sticky":false,"template":"","format":"standard","meta":{"_acf_changed":false,"_jetpack_memberships_contains_paid_content":false,"footnotes":""},"categories":[111,128,141],"tags":[136],"class_list":["post-1786","post","type-post","status-publish","format-standard","has-post-thumbnail","hentry","category-activity","category-goodpractice","category-training-course","tag-training-course","entry"],"acf":[],"yoast_head":"<!-- This site is optimized with the Yoast SEO plugin v22.8 - https:\/\/yoast.com\/wordpress\/plugins\/seo\/ -->\n<title>Sharing Participation Practices at Local Level: 3 Good Practices - DYPALL Network<\/title>\n<meta name=\"robots\" content=\"index, follow, max-snippet:-1, max-image-preview:large, max-video-preview:-1\" \/>\n<link rel=\"canonical\" href=\"https:\/\/dypall.com\/tr\/activity\/sharing-participation-practices-at-local-level-3-good-practices\/\" \/>\n<meta property=\"og:locale\" content=\"tr_TR\" \/>\n<meta property=\"og:type\" content=\"article\" \/>\n<meta property=\"og:title\" content=\"Sharing Participation Practices at Local Level: 3 Good Practices - DYPALL Network\" \/>\n<meta property=\"og:description\" content=\"Budgeting made by\u00a0You(th) Estarreja Municipality in Portugal through its Participative Youth Municipal Budget comprises\u00a0a civil participation process, that stems from Estarreja Youth Municipal Council, in which consultation of\u00a0youngsters aged 12 to 30 (residents, students, workers, association members, etc.) with the aim of defining the priorities for\u00a0local investments. This consultation process gives young people the opportunity\u00a0to&hellip; Okumaya devam et Sharing Participation Practices at Local Level: 3 Good Practices\" \/>\n<meta property=\"og:url\" content=\"https:\/\/dypall.com\/tr\/activity\/sharing-participation-practices-at-local-level-3-good-practices\/\" \/>\n<meta property=\"og:site_name\" content=\"DYPALL Network\" \/>\n<meta property=\"article:published_time\" content=\"2017-01-10T14:01:01+00:00\" \/>\n<meta name=\"author\" content=\"DYPALL Network\" \/>\n<meta name=\"twitter:card\" content=\"summary_large_image\" \/>\n<meta name=\"twitter:label1\" content=\"Written by\" \/>\n\t<meta name=\"twitter:data1\" content=\"DYPALL Network\" \/>\n\t<meta name=\"twitter:label2\" content=\"Est. reading time\" \/>\n\t<meta name=\"twitter:data2\" content=\"3 dakika\" \/>\n<script type=\"application\/ld+json\" class=\"yoast-schema-graph\">{\"@context\":\"https:\/\/schema.org\",\"@graph\":[{\"@type\":\"WebPage\",\"@id\":\"https:\/\/dypall.com\/activity\/sharing-participation-practices-at-local-level-3-good-practices\/\",\"url\":\"https:\/\/dypall.com\/activity\/sharing-participation-practices-at-local-level-3-good-practices\/\",\"name\":\"Sharing Participation Practices at Local Level: 3 Good Practices - DYPALL Network\",\"isPartOf\":{\"@id\":\"https:\/\/dypall.com\/#website\"},\"primaryImageOfPage\":{\"@id\":\"https:\/\/dypall.com\/activity\/sharing-participation-practices-at-local-level-3-good-practices\/#primaryimage\"},\"image\":{\"@id\":\"https:\/\/dypall.com\/activity\/sharing-participation-practices-at-local-level-3-good-practices\/#primaryimage\"},\"thumbnailUrl\":\"\",\"datePublished\":\"2017-01-10T14:01:01+00:00\",\"dateModified\":\"2017-01-10T14:01:01+00:00\",\"author\":{\"@id\":\"https:\/\/dypall.com\/#\/schema\/person\/f92e08aa15c8ba711a9d153129f03377\"},\"breadcrumb\":{\"@id\":\"https:\/\/dypall.com\/activity\/sharing-participation-practices-at-local-level-3-good-practices\/#breadcrumb\"},\"inLanguage\":\"tr\",\"potentialAction\":[{\"@type\":\"ReadAction\",\"target\":[\"https:\/\/dypall.com\/activity\/sharing-participation-practices-at-local-level-3-good-practices\/\"]}]},{\"@type\":\"ImageObject\",\"inLanguage\":\"tr\",\"@id\":\"https:\/\/dypall.com\/activity\/sharing-participation-practices-at-local-level-3-good-practices\/#primaryimage\",\"url\":\"\",\"contentUrl\":\"\"},{\"@type\":\"BreadcrumbList\",\"@id\":\"https:\/\/dypall.com\/activity\/sharing-participation-practices-at-local-level-3-good-practices\/#breadcrumb\",\"itemListElement\":[{\"@type\":\"ListItem\",\"position\":1,\"name\":\"Home\",\"item\":\"https:\/\/dypall.com\/\"},{\"@type\":\"ListItem\",\"position\":2,\"name\":\"Sharing Participation Practices at Local Level: 3 Good Practices\"}]},{\"@type\":\"WebSite\",\"@id\":\"https:\/\/dypall.com\/#website\",\"url\":\"https:\/\/dypall.com\/\",\"name\":\"DYPALL Network\",\"description\":\"We are a European network of civil society organisations, municipalities and research institutions dedicated to improving democracy through youth participation.\",\"potentialAction\":[{\"@type\":\"SearchAction\",\"target\":{\"@type\":\"EntryPoint\",\"urlTemplate\":\"https:\/\/dypall.com\/?s={search_term_string}\"},\"query-input\":\"required name=search_term_string\"}],\"inLanguage\":\"tr\"},{\"@type\":\"Person\",\"@id\":\"https:\/\/dypall.com\/#\/schema\/person\/f92e08aa15c8ba711a9d153129f03377\",\"name\":\"DYPALL Network\",\"image\":{\"@type\":\"ImageObject\",\"inLanguage\":\"tr\",\"@id\":\"https:\/\/dypall.com\/#\/schema\/person\/image\/\",\"url\":\"https:\/\/secure.gravatar.com\/avatar\/9c39e299279800c6d69c5e02cf613e7bab060889f373052a03d7ac399e8f0d3c?s=96&d=mm&r=g\",\"contentUrl\":\"https:\/\/secure.gravatar.com\/avatar\/9c39e299279800c6d69c5e02cf613e7bab060889f373052a03d7ac399e8f0d3c?s=96&d=mm&r=g\",\"caption\":\"DYPALL Network\"},\"sameAs\":[\"https:\/\/dypall.com\"],\"url\":\"https:\/\/dypall.com\/tr\/author\/dypall\/\"}]}<\/script>\n<!-- \/ Yoast SEO plugin. -->","yoast_head_json":{"title":"Sharing Participation Practices at Local Level: 3 Good Practices - DYPALL Network","robots":{"index":"index","follow":"follow","max-snippet":"max-snippet:-1","max-image-preview":"max-image-preview:large","max-video-preview":"max-video-preview:-1"},"canonical":"https:\/\/dypall.com\/tr\/activity\/sharing-participation-practices-at-local-level-3-good-practices\/","og_locale":"tr_TR","og_type":"article","og_title":"Sharing Participation Practices at Local Level: 3 Good Practices - DYPALL Network","og_description":"Budgeting made by\u00a0You(th) Estarreja Municipality in Portugal through its Participative Youth Municipal Budget comprises\u00a0a civil participation process, that stems from Estarreja Youth Municipal Council, in which consultation of\u00a0youngsters aged 12 to 30 (residents, students, workers, association members, etc.) with the aim of defining the priorities for\u00a0local investments. This consultation process gives young people the opportunity\u00a0to&hellip; Okumaya devam et Sharing Participation Practices at Local Level: 3 Good Practices","og_url":"https:\/\/dypall.com\/tr\/activity\/sharing-participation-practices-at-local-level-3-good-practices\/","og_site_name":"DYPALL Network","article_published_time":"2017-01-10T14:01:01+00:00","author":"DYPALL Network","twitter_card":"summary_large_image","twitter_misc":{"Written by":"DYPALL Network","Est. reading time":"3 dakika"},"schema":{"@context":"https:\/\/schema.org","@graph":[{"@type":"WebPage","@id":"https:\/\/dypall.com\/activity\/sharing-participation-practices-at-local-level-3-good-practices\/","url":"https:\/\/dypall.com\/activity\/sharing-participation-practices-at-local-level-3-good-practices\/","name":"Sharing Participation Practices at Local Level: 3 Good Practices - DYPALL Network","isPartOf":{"@id":"https:\/\/dypall.com\/#website"},"primaryImageOfPage":{"@id":"https:\/\/dypall.com\/activity\/sharing-participation-practices-at-local-level-3-good-practices\/#primaryimage"},"image":{"@id":"https:\/\/dypall.com\/activity\/sharing-participation-practices-at-local-level-3-good-practices\/#primaryimage"},"thumbnailUrl":"","datePublished":"2017-01-10T14:01:01+00:00","dateModified":"2017-01-10T14:01:01+00:00","author":{"@id":"https:\/\/dypall.com\/#\/schema\/person\/f92e08aa15c8ba711a9d153129f03377"},"breadcrumb":{"@id":"https:\/\/dypall.com\/activity\/sharing-participation-practices-at-local-level-3-good-practices\/#breadcrumb"},"inLanguage":"tr","potentialAction":[{"@type":"ReadAction","target":["https:\/\/dypall.com\/activity\/sharing-participation-practices-at-local-level-3-good-practices\/"]}]},{"@type":"ImageObject","inLanguage":"tr","@id":"https:\/\/dypall.com\/activity\/sharing-participation-practices-at-local-level-3-good-practices\/#primaryimage","url":"","contentUrl":""},{"@type":"BreadcrumbList","@id":"https:\/\/dypall.com\/activity\/sharing-participation-practices-at-local-level-3-good-practices\/#breadcrumb","itemListElement":[{"@type":"ListItem","position":1,"name":"Home","item":"https:\/\/dypall.com\/"},{"@type":"ListItem","position":2,"name":"Sharing Participation Practices at Local Level: 3 Good Practices"}]},{"@type":"WebSite","@id":"https:\/\/dypall.com\/#website","url":"https:\/\/dypall.com\/","name":"DYPALL Network","description":"We are a European network of civil society organisations, municipalities and research institutions dedicated to improving democracy through youth participation.","potentialAction":[{"@type":"SearchAction","target":{"@type":"EntryPoint","urlTemplate":"https:\/\/dypall.com\/?s={search_term_string}"},"query-input":"required name=search_term_string"}],"inLanguage":"tr"},{"@type":"Person","@id":"https:\/\/dypall.com\/#\/schema\/person\/f92e08aa15c8ba711a9d153129f03377","name":"DYPALL Network","image":{"@type":"ImageObject","inLanguage":"tr","@id":"https:\/\/dypall.com\/#\/schema\/person\/image\/","url":"https:\/\/secure.gravatar.com\/avatar\/9c39e299279800c6d69c5e02cf613e7bab060889f373052a03d7ac399e8f0d3c?s=96&d=mm&r=g","contentUrl":"https:\/\/secure.gravatar.com\/avatar\/9c39e299279800c6d69c5e02cf613e7bab060889f373052a03d7ac399e8f0d3c?s=96&d=mm&r=g","caption":"DYPALL Network"},"sameAs":["https:\/\/dypall.com"],"url":"https:\/\/dypall.com\/tr\/author\/dypall\/"}]}},"jetpack_featured_media_url":"","jetpack_sharing_enabled":true,"_links":{"self":[{"href":"https:\/\/dypall.com\/tr\/wp-json\/wp\/v2\/posts\/1786","targetHints":{"allow":["GET"]}}],"collection":[{"href":"https:\/\/dypall.com\/tr\/wp-json\/wp\/v2\/posts"}],"about":[{"href":"https:\/\/dypall.com\/tr\/wp-json\/wp\/v2\/types\/post"}],"author":[{"embeddable":true,"href":"https:\/\/dypall.com\/tr\/wp-json\/wp\/v2\/users\/1"}],"replies":[{"embeddable":true,"href":"https:\/\/dypall.com\/tr\/wp-json\/wp\/v2\/comments?post=1786"}],"version-history":[{"count":0,"href":"https:\/\/dypall.com\/tr\/wp-json\/wp\/v2\/posts\/1786\/revisions"}],"wp:featuredmedia":[{"embeddable":true,"href":"https:\/\/dypall.com\/tr\/wp-json\/"}],"wp:attachment":[{"href":"https:\/\/dypall.com\/tr\/wp-json\/wp\/v2\/media?parent=1786"}],"wp:term":[{"taxonomy":"category","embeddable":true,"href":"https:\/\/dypall.com\/tr\/wp-json\/wp\/v2\/categories?post=1786"},{"taxonomy":"post_tag","embeddable":true,"href":"https:\/\/dypall.com\/tr\/wp-json\/wp\/v2\/tags?post=1786"}],"curies":[{"name":"wp","href":"https:\/\/api.w.org\/{rel}","templated":true}]}}