{"id":1484,"date":"2016-04-12T18:12:45","date_gmt":"2016-04-12T16:12:45","guid":{"rendered":"http:\/\/dypall.com\/?p=1484"},"modified":"2016-04-12T18:12:45","modified_gmt":"2016-04-12T16:12:45","slug":"hearyourvoices2","status":"publish","type":"post","link":"https:\/\/dypall.com\/tr\/activity\/hearyourvoices2\/","title":{"rendered":"#seslerinizi duyun: Konferans\u0131n Bak\u0131\u015f A\u00e7\u0131lar\u0131"},"content":{"rendered":"<p><em><a href=\"http:\/\/dypall.com\/tr\/2016\/04\/12\/hearyourvoices2\/ioana\/#main\" rel=\"attachment wp-att-1487\"><img loading=\"lazy\" decoding=\"async\" class=\"size-medium wp-image-1487 alignleft\" src=\"http:\/\/dypall.com\/wp-content\/uploads\/2016\/11\/Ioana-300x226.png\" alt=\"ioana\" width=\"300\" height=\"226\" \/><\/a>\u2047  ECOS ve DYPALL Network taraf\u0131ndan d\u00fczenlenen Uluslararas\u0131 Yerel ve B\u00f6lgesel D\u00fczeyde Gen\u00e7lik Politikas\u0131 Konferans\u0131'nda Yunanistan'\u0131n Selanik Belediyesi'ni temsil ediyorum; Belediyede topluluk dan\u0131\u015fman\u0131 olarak se\u00e7ilmi\u015f bir \u00fcyeyim.<\/em><em><br \/>\nBu konferans s\u0131ras\u0131nda yeni insanlarla tan\u0131\u015fmay\u0131, di\u011fer \u00fclkelerin gen\u00e7lerin nas\u0131l \u00e7al\u0131\u015ft\u0131\u011f\u0131n\u0131 ve gen\u00e7lerin kat\u0131l\u0131m\u0131n\u0131 nas\u0131l te\u015fvik ettiklerini g\u00f6rmeyi ve gelecekteki projeler i\u00e7in ba\u011flant\u0131lar kurmay\u0131 umuyorum.<br \/>\n<\/em><\/p>\n<p><em><br \/>\nGen\u00e7lerin kat\u0131l\u0131m\u0131 en \u00f6nemli \u015feylerden biri, ben de gen\u00e7 bir insan\u0131m ve karar alma s\u00fcre\u00e7lerinde yer alan insanlar\u0131n yan\u0131 s\u0131ra ilgilenmeyenleri de g\u00f6rd\u00fcm ve bu nedenle hepimizin daha aktif olmas\u0131n\u0131n, \u00f6zellikle de gen\u00e7lerin \u00f6nemli oldu\u011funa inan\u0131yorum, \u00e7\u00fcnk\u00fc gelecek onlara ait.\u00a0Yunanistan'da, insanlar\u0131 yerel d\u00fczeyde de\u011fil, b\u00f6lgesel d\u00fczeyde aktif g\u00f6rmek daha yayg\u0131nd\u0131r. Selanik'te mevcut belediye ba\u015fkan\u0131 son 6 y\u0131ld\u0131r bu pozisyonda bulunuyor ve bir\u00e7ok gencin Belediye'ye ve Kent Konseyi'ne se\u00e7ilmesi ve kat\u0131lmas\u0131 sonucunda gen\u00e7lerin kat\u0131l\u0131m\u0131n\u0131 te\u015fvik etmek i\u00e7in \u00e7ok \u00e7al\u0131\u015f\u0131yor.  \u2047<\/em><\/p>\n<p><strong>Ioanna Dagdileli, Selanik Belediyesi (Yunanistan)<\/strong><\/p>\n<p>&nbsp;<\/p>\n<p>Uluslararas\u0131 Konferans hakk\u0131nda devam\u0131n\u0131 oku <a href=\"https:\/\/dypall.com\/tr\/activity\/international-conference-developing-our-territories-through-youth-participation-in-decision-making\/\">\u2047  Yerel ve B\u00f6lgesel D\u00fczeyde Gen\u00e7lik Politikas\u0131  \u2047  Karar Vermede Gen\u00e7lik Kat\u0131l\u0131m\u0131 Yoluyla B\u00f6lgelerimizi Geli\u015ftirmek  \u2047<\/a> Portim\u00e3o (Portekiz) 12-15 Nisan 2016<\/p>","protected":false},"excerpt":{"rendered":"<p>\u2047  ECOS ve DYPALL Network taraf\u0131ndan d\u00fczenlenen Uluslararas\u0131 Yerel ve B\u00f6lgesel D\u00fczeyde Gen\u00e7lik Politikas\u0131 Konferans\u0131'nda Yunanistan'\u0131n Selanik Belediyesi'ni temsil ediyorum; Belediyede topluluk dan\u0131\u015fman\u0131 olarak se\u00e7ilmi\u015f bir \u00fcyeyim. Bu konferans s\u0131ras\u0131nda, yeni insanlarla tan\u0131\u015fmay\u0131, di\u011fer \u00fclkelerin gen\u00e7lerin nas\u0131l \u00e7al\u0131\u015ft\u0131\u011f\u0131n\u0131 ve nas\u0131l \u00e7al\u0131\u015ft\u0131klar\u0131n\u0131 g\u00f6rmeyi bekliyorum. <a class=\"more-link\" href=\"https:\/\/dypall.com\/tr\/activity\/hearyourvoices2\/\">Okumaya devam et <span class=\"screen-reader-text\">#seslerinizi duyun: Konferans\u0131n Bak\u0131\u015f A\u00e7\u0131lar\u0131<\/span><\/a><\/p>","protected":false},"author":2,"featured_media":1487,"comment_status":"closed","ping_status":"open","sticky":false,"template":"","format":"standard","meta":{"_acf_changed":false,"_jetpack_memberships_contains_paid_content":false,"footnotes":""},"categories":[111,112],"tags":[113,115,121],"class_list":["post-1484","post","type-post","status-publish","format-standard","has-post-thumbnail","hentry","category-activity","category-conference","tag-conference","tag-seminar","tag-testimony","entry"],"acf":[],"yoast_head":"<!-- This site is optimized with the Yoast SEO plugin v22.8 - https:\/\/yoast.com\/wordpress\/plugins\/seo\/ -->\n<title>#hearyourvoices: glimpses of the Conference - DYPALL Network<\/title>\n<meta name=\"robots\" content=\"index, follow, max-snippet:-1, max-image-preview:large, max-video-preview:-1\" \/>\n<link rel=\"canonical\" href=\"https:\/\/dypall.com\/tr\/activity\/hearyourvoices2\/\" \/>\n<meta property=\"og:locale\" content=\"tr_TR\" \/>\n<meta property=\"og:type\" content=\"article\" \/>\n<meta property=\"og:title\" content=\"#hearyourvoices: glimpses of the Conference - DYPALL Network\" \/>\n<meta property=\"og:description\" content=\"&#8220;I am representing the Municipality of Thessaloniki, Greece, in the International Conference \u201cYouth Policy at Local and Regional level\u201d organized by ECOS and DYPALL Network; I am an elected member in the municipality as a community\u00a0advisor. During this Conference, I expect to meet new people, see how other countries do youth work and how they&hellip; Okumaya devam et #hearyourvoices: glimpses of the Conference\" \/>\n<meta property=\"og:url\" content=\"https:\/\/dypall.com\/tr\/activity\/hearyourvoices2\/\" \/>\n<meta property=\"og:site_name\" content=\"DYPALL Network\" \/>\n<meta property=\"article:published_time\" content=\"2016-04-12T16:12:45+00:00\" \/>\n<meta name=\"author\" content=\"dypall\" \/>\n<meta name=\"twitter:card\" content=\"summary_large_image\" \/>\n<meta name=\"twitter:label1\" content=\"Written by\" \/>\n\t<meta name=\"twitter:data1\" content=\"dypall\" \/>\n\t<meta name=\"twitter:label2\" content=\"Est. reading time\" \/>\n\t<meta name=\"twitter:data2\" content=\"1 dakika\" \/>\n<script type=\"application\/ld+json\" class=\"yoast-schema-graph\">{\"@context\":\"https:\/\/schema.org\",\"@graph\":[{\"@type\":\"WebPage\",\"@id\":\"https:\/\/dypall.com\/activity\/hearyourvoices2\/\",\"url\":\"https:\/\/dypall.com\/activity\/hearyourvoices2\/\",\"name\":\"#hearyourvoices: glimpses of the Conference - DYPALL Network\",\"isPartOf\":{\"@id\":\"https:\/\/dypall.com\/#website\"},\"primaryImageOfPage\":{\"@id\":\"https:\/\/dypall.com\/activity\/hearyourvoices2\/#primaryimage\"},\"image\":{\"@id\":\"https:\/\/dypall.com\/activity\/hearyourvoices2\/#primaryimage\"},\"thumbnailUrl\":\"\",\"datePublished\":\"2016-04-12T16:12:45+00:00\",\"dateModified\":\"2016-04-12T16:12:45+00:00\",\"author\":{\"@id\":\"https:\/\/dypall.com\/#\/schema\/person\/206350efe851997fcdedef75d118766b\"},\"breadcrumb\":{\"@id\":\"https:\/\/dypall.com\/activity\/hearyourvoices2\/#breadcrumb\"},\"inLanguage\":\"tr\",\"potentialAction\":[{\"@type\":\"ReadAction\",\"target\":[\"https:\/\/dypall.com\/activity\/hearyourvoices2\/\"]}]},{\"@type\":\"ImageObject\",\"inLanguage\":\"tr\",\"@id\":\"https:\/\/dypall.com\/activity\/hearyourvoices2\/#primaryimage\",\"url\":\"\",\"contentUrl\":\"\"},{\"@type\":\"BreadcrumbList\",\"@id\":\"https:\/\/dypall.com\/activity\/hearyourvoices2\/#breadcrumb\",\"itemListElement\":[{\"@type\":\"ListItem\",\"position\":1,\"name\":\"Home\",\"item\":\"https:\/\/dypall.com\/\"},{\"@type\":\"ListItem\",\"position\":2,\"name\":\"#hearyourvoices: glimpses of the Conference\"}]},{\"@type\":\"WebSite\",\"@id\":\"https:\/\/dypall.com\/#website\",\"url\":\"https:\/\/dypall.com\/\",\"name\":\"DYPALL Network\",\"description\":\"We are a European network of civil society organisations, municipalities and research institutions dedicated to improving democracy through youth participation.\",\"potentialAction\":[{\"@type\":\"SearchAction\",\"target\":{\"@type\":\"EntryPoint\",\"urlTemplate\":\"https:\/\/dypall.com\/?s={search_term_string}\"},\"query-input\":\"required name=search_term_string\"}],\"inLanguage\":\"tr\"},{\"@type\":\"Person\",\"@id\":\"https:\/\/dypall.com\/#\/schema\/person\/206350efe851997fcdedef75d118766b\",\"name\":\"dypall\",\"image\":{\"@type\":\"ImageObject\",\"inLanguage\":\"tr\",\"@id\":\"https:\/\/dypall.com\/#\/schema\/person\/image\/\",\"url\":\"https:\/\/secure.gravatar.com\/avatar\/14e8d3d8841cd0bdf69915120bcf9fcfac1567f1dc7035664907322ac47efe29?s=96&d=mm&r=g\",\"contentUrl\":\"https:\/\/secure.gravatar.com\/avatar\/14e8d3d8841cd0bdf69915120bcf9fcfac1567f1dc7035664907322ac47efe29?s=96&d=mm&r=g\",\"caption\":\"dypall\"},\"url\":\"https:\/\/dypall.com\/tr\/author\/dypall_info\/\"}]}<\/script>\n<!-- \/ Yoast SEO plugin. -->","yoast_head_json":{"title":"#hearyourvoices: glimpses of the Conference - DYPALL Network","robots":{"index":"index","follow":"follow","max-snippet":"max-snippet:-1","max-image-preview":"max-image-preview:large","max-video-preview":"max-video-preview:-1"},"canonical":"https:\/\/dypall.com\/tr\/activity\/hearyourvoices2\/","og_locale":"tr_TR","og_type":"article","og_title":"#hearyourvoices: glimpses of the Conference - DYPALL Network","og_description":"&#8220;I am representing the Municipality of Thessaloniki, Greece, in the International Conference \u201cYouth Policy at Local and Regional level\u201d organized by ECOS and DYPALL Network; I am an elected member in the municipality as a community\u00a0advisor. During this Conference, I expect to meet new people, see how other countries do youth work and how they&hellip; Okumaya devam et #hearyourvoices: glimpses of the Conference","og_url":"https:\/\/dypall.com\/tr\/activity\/hearyourvoices2\/","og_site_name":"DYPALL Network","article_published_time":"2016-04-12T16:12:45+00:00","author":"dypall","twitter_card":"summary_large_image","twitter_misc":{"Written by":"dypall","Est. reading time":"1 dakika"},"schema":{"@context":"https:\/\/schema.org","@graph":[{"@type":"WebPage","@id":"https:\/\/dypall.com\/activity\/hearyourvoices2\/","url":"https:\/\/dypall.com\/activity\/hearyourvoices2\/","name":"#hearyourvoices: glimpses of the Conference - DYPALL Network","isPartOf":{"@id":"https:\/\/dypall.com\/#website"},"primaryImageOfPage":{"@id":"https:\/\/dypall.com\/activity\/hearyourvoices2\/#primaryimage"},"image":{"@id":"https:\/\/dypall.com\/activity\/hearyourvoices2\/#primaryimage"},"thumbnailUrl":"","datePublished":"2016-04-12T16:12:45+00:00","dateModified":"2016-04-12T16:12:45+00:00","author":{"@id":"https:\/\/dypall.com\/#\/schema\/person\/206350efe851997fcdedef75d118766b"},"breadcrumb":{"@id":"https:\/\/dypall.com\/activity\/hearyourvoices2\/#breadcrumb"},"inLanguage":"tr","potentialAction":[{"@type":"ReadAction","target":["https:\/\/dypall.com\/activity\/hearyourvoices2\/"]}]},{"@type":"ImageObject","inLanguage":"tr","@id":"https:\/\/dypall.com\/activity\/hearyourvoices2\/#primaryimage","url":"","contentUrl":""},{"@type":"BreadcrumbList","@id":"https:\/\/dypall.com\/activity\/hearyourvoices2\/#breadcrumb","itemListElement":[{"@type":"ListItem","position":1,"name":"Home","item":"https:\/\/dypall.com\/"},{"@type":"ListItem","position":2,"name":"#hearyourvoices: glimpses of the Conference"}]},{"@type":"WebSite","@id":"https:\/\/dypall.com\/#website","url":"https:\/\/dypall.com\/","name":"DYPALL Network","description":"We are a European network of civil society organisations, municipalities and research institutions dedicated to improving democracy through youth participation.","potentialAction":[{"@type":"SearchAction","target":{"@type":"EntryPoint","urlTemplate":"https:\/\/dypall.com\/?s={search_term_string}"},"query-input":"required name=search_term_string"}],"inLanguage":"tr"},{"@type":"Person","@id":"https:\/\/dypall.com\/#\/schema\/person\/206350efe851997fcdedef75d118766b","name":"dypall","image":{"@type":"ImageObject","inLanguage":"tr","@id":"https:\/\/dypall.com\/#\/schema\/person\/image\/","url":"https:\/\/secure.gravatar.com\/avatar\/14e8d3d8841cd0bdf69915120bcf9fcfac1567f1dc7035664907322ac47efe29?s=96&d=mm&r=g","contentUrl":"https:\/\/secure.gravatar.com\/avatar\/14e8d3d8841cd0bdf69915120bcf9fcfac1567f1dc7035664907322ac47efe29?s=96&d=mm&r=g","caption":"dypall"},"url":"https:\/\/dypall.com\/tr\/author\/dypall_info\/"}]}},"jetpack_featured_media_url":"","jetpack_sharing_enabled":true,"_links":{"self":[{"href":"https:\/\/dypall.com\/tr\/wp-json\/wp\/v2\/posts\/1484","targetHints":{"allow":["GET"]}}],"collection":[{"href":"https:\/\/dypall.com\/tr\/wp-json\/wp\/v2\/posts"}],"about":[{"href":"https:\/\/dypall.com\/tr\/wp-json\/wp\/v2\/types\/post"}],"author":[{"embeddable":true,"href":"https:\/\/dypall.com\/tr\/wp-json\/wp\/v2\/users\/2"}],"replies":[{"embeddable":true,"href":"https:\/\/dypall.com\/tr\/wp-json\/wp\/v2\/comments?post=1484"}],"version-history":[{"count":0,"href":"https:\/\/dypall.com\/tr\/wp-json\/wp\/v2\/posts\/1484\/revisions"}],"wp:featuredmedia":[{"embeddable":true,"href":"https:\/\/dypall.com\/tr\/wp-json\/"}],"wp:attachment":[{"href":"https:\/\/dypall.com\/tr\/wp-json\/wp\/v2\/media?parent=1484"}],"wp:term":[{"taxonomy":"category","embeddable":true,"href":"https:\/\/dypall.com\/tr\/wp-json\/wp\/v2\/categories?post=1484"},{"taxonomy":"post_tag","embeddable":true,"href":"https:\/\/dypall.com\/tr\/wp-json\/wp\/v2\/tags?post=1484"}],"curies":[{"name":"wp","href":"https:\/\/api.w.org\/{rel}","templated":true}]}}