{"id":8146,"date":"2024-12-19T16:50:57","date_gmt":"2024-12-19T16:50:57","guid":{"rendered":"https:\/\/dypall.com\/?p=8146"},"modified":"2024-12-19T16:50:57","modified_gmt":"2024-12-19T16:50:57","slug":"climbing-the-ladder-fostering-a-culture-of-youth-engagement-cl-ye-study-visit-to-brussels-belgium","status":"publish","type":"post","link":"https:\/\/dypall.com\/ro\/activity\/climbing-the-ladder-fostering-a-culture-of-youth-engagement-cl-ye-study-visit-to-brussels-belgium\/","title":{"rendered":"\u201eS\u0103 urc\u0103m pe scar\u0103: promovarea unei culturi a implic\u0103rii tinerilor (CL-YE)\u201d, vizit\u0103 de studiu la Bruxelles, Belgia"},"content":{"rendered":"<p>A treia \u0219i ultima vizit\u0103 de studiu a proiectului \u201eClimbing the Ladder: Promovarea unei culturi a implic\u0103rii tinerilor CL-YE\u201d a avut loc \u00een perioada 2-6 decembrie 2024 la Bruxelles, Belgia, fiind g\u0103zduit\u0103 de Adunarea Regiunilor Europene (ARE). Acest eveniment a reunit reprezentan\u021bi ai consor\u021biului de proiect pentru a se conecta cu institu\u021biile-cheie ale Europei, analiz\u00e2nd modul \u00een care perspectivele tinerilor sunt integrate \u00een procesele decizionale la nivel regional \u0219i european.<\/p>\n\n\n\n<p>Participan\u021bii au participat la Biroul de toamn\u0103 al AER din cadrul Parlamentului European, observ\u00e2nd procesele decizionale care modeleaz\u0103 regiunile europene. \u00cen cadrul Biroului de leg\u0103tur\u0103 al Consiliului Europei, consilierul politic Aleksandra Celar a f\u0103cut schimb de informa\u021bii cu privire la eforturile de promovare a particip\u0103rii tinerilor la procesele democratice. Participan\u021bii au explorat oportunit\u0103\u021bile de finan\u021bare Erasmus+ \u00eempreun\u0103 cu Agen\u021bia Executiv\u0103 European\u0103 pentru Educa\u021bie \u0219i Cultur\u0103, \u00eenv\u0103\u021b\u00e2nd despre sprijinul acordat ini\u021biativelor de implicare a tinerilor din \u00eentreaga Europ\u0103. \u00cent\u00e2lnirea cu Susannah Hallgren din partea Grupului ad-hoc al CESE privind tineretul a eviden\u021biat succesele \u0219i provoc\u0103rile \u00een ceea ce prive\u0219te integrarea perspectivelor tinerilor \u00een procesele consultative ale UE.<\/p>\n\n\n\n<p>Ace\u0219tia au avut, de asemenea, ocazia de a se \u00eent\u00e2lni cu reprezentan\u021bi ai Forumului European de Tineret \u0219i ai Conseil de la Jeunesse Belgique (Consiliul belgian al tineretului din comunitatea francofon\u0103), pentru a explora modul \u00een care vocile tinerilor modeleaz\u0103 guvernan\u021ba \u0219i ac\u021biunile de promovare.<\/p>\n\n\n\n<p>Vizita la Bruxelles a marcat un pas important al proiectului CL-YE, \u00een urma vizitelor anterioare la Bratislava \u0219i Viena. Participan\u021bii au reflectat asupra lec\u021biilor \u00eenv\u0103\u021bate \u0219i au subliniat importan\u021ba colabor\u0103rii transfrontaliere pentru a amplifica vocile tinerilor \u00een materie de guvernan\u021b\u0103.<\/p>\n\n\n\n<p>Urc\u00e2nd pe scar\u0103: promovarea unei culturi a implic\u0103rii tinerilor (CL-YE) este condus\u0103 de re\u021beaua DYPALL \u00een parteneriat cu Europiamo (Italia), Nordland fylkeskommune (Norvegia), EDYN (Slovacia), YEPP Europe (Germania), Assembl\u00e9e des R\u00e9gions d\u2019Europe \u2013 AER (Fran\u021ba) \u0219i SQ Learn (Grecia), \u00een cadrul programului Erasmus+.<\/p>\n\n\n\n<figure class=\"wp-block-gallery has-nested-images columns-default is-cropped wp-block-gallery-1 is-layout-flex wp-block-gallery-is-layout-flex\">\n<figure class=\"wp-block-image size-large\"><img loading=\"lazy\" decoding=\"async\" width=\"1200\" height=\"900\" data-id=\"8152\" src=\"https:\/\/dypall.com\/wp-content\/uploads\/2024\/12\/469287225_18336862057194866_2075258328803176463_n.jpg\" alt=\"\" class=\"wp-image-8152\" srcset=\"https:\/\/dypall.com\/wp-content\/uploads\/2024\/12\/469287225_18336862057194866_2075258328803176463_n.jpg 1200w, https:\/\/dypall.com\/wp-content\/uploads\/2024\/12\/469287225_18336862057194866_2075258328803176463_n-768x576.jpg 768w\" sizes=\"auto, (max-width: 1200px) 100vw, 1200px\" \/><\/figure>\n\n\n\n<figure class=\"wp-block-image size-large\"><img loading=\"lazy\" decoding=\"async\" width=\"1200\" height=\"900\" data-id=\"8150\" src=\"https:\/\/dypall.com\/wp-content\/uploads\/2024\/12\/469529369_18336862090194866_2331180784438110933_n.jpg\" alt=\"\" class=\"wp-image-8150\" srcset=\"https:\/\/dypall.com\/wp-content\/uploads\/2024\/12\/469529369_18336862090194866_2331180784438110933_n.jpg 1200w, https:\/\/dypall.com\/wp-content\/uploads\/2024\/12\/469529369_18336862090194866_2331180784438110933_n-768x576.jpg 768w\" sizes=\"auto, (max-width: 1200px) 100vw, 1200px\" \/><\/figure>\n\n\n\n<figure class=\"wp-block-image size-large\"><img loading=\"lazy\" decoding=\"async\" width=\"2000\" height=\"1500\" data-id=\"8149\" src=\"https:\/\/dypall.com\/wp-content\/uploads\/2024\/12\/WhatsApp-Image-2024-12-19-at-16.30.22.jpeg\" alt=\"\" class=\"wp-image-8149\" srcset=\"https:\/\/dypall.com\/wp-content\/uploads\/2024\/12\/WhatsApp-Image-2024-12-19-at-16.30.22.jpeg 2000w, https:\/\/dypall.com\/wp-content\/uploads\/2024\/12\/WhatsApp-Image-2024-12-19-at-16.30.22-768x576.jpeg 768w, https:\/\/dypall.com\/wp-content\/uploads\/2024\/12\/WhatsApp-Image-2024-12-19-at-16.30.22-1536x1152.jpeg 1536w, https:\/\/dypall.com\/wp-content\/uploads\/2024\/12\/WhatsApp-Image-2024-12-19-at-16.30.22-1568x1176.jpeg 1568w\" sizes=\"auto, (max-width: 2000px) 100vw, 2000px\" \/><\/figure>\n\n\n\n<figure class=\"wp-block-image size-large\"><img loading=\"lazy\" decoding=\"async\" width=\"1200\" height=\"900\" data-id=\"8151\" src=\"https:\/\/dypall.com\/wp-content\/uploads\/2024\/12\/469705963_18336862075194866_9128199404775648445_n.jpg\" alt=\"\" class=\"wp-image-8151\" srcset=\"https:\/\/dypall.com\/wp-content\/uploads\/2024\/12\/469705963_18336862075194866_9128199404775648445_n.jpg 1200w, https:\/\/dypall.com\/wp-content\/uploads\/2024\/12\/469705963_18336862075194866_9128199404775648445_n-768x576.jpg 768w\" sizes=\"auto, (max-width: 1200px) 100vw, 1200px\" \/><\/figure>\n\n\n\n<figure class=\"wp-block-image size-large\"><img loading=\"lazy\" decoding=\"async\" width=\"1600\" height=\"1200\" data-id=\"8147\" src=\"https:\/\/dypall.com\/wp-content\/uploads\/2024\/12\/WhatsApp-Image-2024-12-19-at-16.31.05.jpeg\" alt=\"\" class=\"wp-image-8147\" srcset=\"https:\/\/dypall.com\/wp-content\/uploads\/2024\/12\/WhatsApp-Image-2024-12-19-at-16.31.05.jpeg 1600w, https:\/\/dypall.com\/wp-content\/uploads\/2024\/12\/WhatsApp-Image-2024-12-19-at-16.31.05-768x576.jpeg 768w, https:\/\/dypall.com\/wp-content\/uploads\/2024\/12\/WhatsApp-Image-2024-12-19-at-16.31.05-1536x1152.jpeg 1536w, https:\/\/dypall.com\/wp-content\/uploads\/2024\/12\/WhatsApp-Image-2024-12-19-at-16.31.05-1568x1176.jpeg 1568w\" sizes=\"auto, (max-width: 1600px) 100vw, 1600px\" \/><\/figure>\n<\/figure>","protected":false},"excerpt":{"rendered":"<p>A treia \u0219i ultima vizit\u0103 de studiu a proiectului \u201eClimbing the Ladder: Promovarea unei culturi a implic\u0103rii tinerilor CL-YE\u201d a avut loc \u00een perioada 2-6 decembrie 2024 la Bruxelles, Belgia, fiind g\u0103zduit\u0103 de Adunarea Regiunilor Europene (ARE). Acest eveniment a reunit reprezentan\u021bi ai consor\u021biului de proiect pentru a se conecta cu institu\u021biile-cheie ale Europei, analiz\u00e2nd modul \u00een care tinerii... <a class=\"more-link\" href=\"https:\/\/dypall.com\/ro\/activity\/climbing-the-ladder-fostering-a-culture-of-youth-engagement-cl-ye-study-visit-to-brussels-belgium\/\">Continu\u0103 lectura <span class=\"screen-reader-text\">\u201eS\u0103 urc\u0103m pe scar\u0103: promovarea unei culturi a implic\u0103rii tinerilor (CL-YE)\u201d, vizit\u0103 de studiu la Bruxelles, Belgia<\/span><\/a><\/p>","protected":false},"author":5,"featured_media":8149,"comment_status":"open","ping_status":"open","sticky":false,"template":"","format":"standard","meta":{"_acf_changed":false,"_jetpack_memberships_contains_paid_content":false,"footnotes":""},"categories":[111],"tags":[],"class_list":["post-8146","post","type-post","status-publish","format-standard","has-post-thumbnail","hentry","category-activity","entry"],"acf":[],"yoast_head":"<!-- This site is optimized with the Yoast SEO plugin v22.8 - https:\/\/yoast.com\/wordpress\/plugins\/seo\/ -->\n<title>\u201cClimbing the Ladder: fostering a culture of Youth Engagement (CL-YE)\u201d Study visit to Brussels, Belgium - DYPALL Network<\/title>\n<meta name=\"robots\" content=\"index, follow, max-snippet:-1, max-image-preview:large, max-video-preview:-1\" \/>\n<link rel=\"canonical\" href=\"https:\/\/dypall.com\/ro\/activity\/climbing-the-ladder-fostering-a-culture-of-youth-engagement-cl-ye-study-visit-to-brussels-belgium\/\" \/>\n<meta property=\"og:locale\" content=\"ro_RO\" \/>\n<meta property=\"og:type\" content=\"article\" \/>\n<meta property=\"og:title\" content=\"\u201cClimbing the Ladder: fostering a culture of Youth Engagement (CL-YE)\u201d Study visit to Brussels, Belgium - DYPALL Network\" \/>\n<meta property=\"og:description\" content=\"The third and final Study visit of the project \u201cClimbing the Ladder: Fostering a Culture of Youth Engagement CL-YE\u201d\u2019 took place from 2nd-6th December 2024 in Brussels, Belgium, hoste by the Assembly of European Regions (AER). This evebt brought together representatives of the project consortium to connect with Europe\u2019s key institutions, delving into how youth&hellip; Continu\u0103 lectura \u201cClimbing the Ladder: fostering a culture of Youth Engagement (CL-YE)\u201d Study visit to Brussels, Belgium\" \/>\n<meta property=\"og:url\" content=\"https:\/\/dypall.com\/ro\/activity\/climbing-the-ladder-fostering-a-culture-of-youth-engagement-cl-ye-study-visit-to-brussels-belgium\/\" \/>\n<meta property=\"og:site_name\" content=\"DYPALL Network\" \/>\n<meta property=\"article:published_time\" content=\"2024-12-19T16:50:57+00:00\" \/>\n<meta property=\"og:image\" content=\"https:\/\/dypall.com\/wp-content\/uploads\/2024\/12\/WhatsApp-Image-2024-12-19-at-16.30.22.jpeg\" \/>\n\t<meta property=\"og:image:width\" content=\"2000\" \/>\n\t<meta property=\"og:image:height\" content=\"1500\" \/>\n\t<meta property=\"og:image:type\" content=\"image\/jpeg\" \/>\n<meta name=\"author\" content=\"DYPALL Network\" \/>\n<meta name=\"twitter:card\" content=\"summary_large_image\" \/>\n<meta name=\"twitter:label1\" content=\"Written by\" \/>\n\t<meta name=\"twitter:data1\" content=\"DYPALL Network\" \/>\n\t<meta name=\"twitter:label2\" content=\"Est. reading time\" \/>\n\t<meta name=\"twitter:data2\" content=\"3 minute\" \/>\n<script type=\"application\/ld+json\" class=\"yoast-schema-graph\">{\"@context\":\"https:\/\/schema.org\",\"@graph\":[{\"@type\":\"WebPage\",\"@id\":\"https:\/\/dypall.com\/activity\/climbing-the-ladder-fostering-a-culture-of-youth-engagement-cl-ye-study-visit-to-brussels-belgium\/\",\"url\":\"https:\/\/dypall.com\/activity\/climbing-the-ladder-fostering-a-culture-of-youth-engagement-cl-ye-study-visit-to-brussels-belgium\/\",\"name\":\"\u201cClimbing the Ladder: fostering a culture of Youth Engagement (CL-YE)\u201d Study visit to Brussels, Belgium - DYPALL Network\",\"isPartOf\":{\"@id\":\"https:\/\/dypall.com\/#website\"},\"primaryImageOfPage\":{\"@id\":\"https:\/\/dypall.com\/activity\/climbing-the-ladder-fostering-a-culture-of-youth-engagement-cl-ye-study-visit-to-brussels-belgium\/#primaryimage\"},\"image\":{\"@id\":\"https:\/\/dypall.com\/activity\/climbing-the-ladder-fostering-a-culture-of-youth-engagement-cl-ye-study-visit-to-brussels-belgium\/#primaryimage\"},\"thumbnailUrl\":\"https:\/\/dypall.com\/wp-content\/uploads\/2024\/12\/WhatsApp-Image-2024-12-19-at-16.30.22.jpeg\",\"datePublished\":\"2024-12-19T16:50:57+00:00\",\"dateModified\":\"2024-12-19T16:50:57+00:00\",\"author\":{\"@id\":\"https:\/\/dypall.com\/#\/schema\/person\/e87206094ce8bcf88449b35f00e40fb1\"},\"breadcrumb\":{\"@id\":\"https:\/\/dypall.com\/activity\/climbing-the-ladder-fostering-a-culture-of-youth-engagement-cl-ye-study-visit-to-brussels-belgium\/#breadcrumb\"},\"inLanguage\":\"ro-RO\",\"potentialAction\":[{\"@type\":\"ReadAction\",\"target\":[\"https:\/\/dypall.com\/activity\/climbing-the-ladder-fostering-a-culture-of-youth-engagement-cl-ye-study-visit-to-brussels-belgium\/\"]}]},{\"@type\":\"ImageObject\",\"inLanguage\":\"ro-RO\",\"@id\":\"https:\/\/dypall.com\/activity\/climbing-the-ladder-fostering-a-culture-of-youth-engagement-cl-ye-study-visit-to-brussels-belgium\/#primaryimage\",\"url\":\"https:\/\/dypall.com\/wp-content\/uploads\/2024\/12\/WhatsApp-Image-2024-12-19-at-16.30.22.jpeg\",\"contentUrl\":\"https:\/\/dypall.com\/wp-content\/uploads\/2024\/12\/WhatsApp-Image-2024-12-19-at-16.30.22.jpeg\",\"width\":2000,\"height\":1500},{\"@type\":\"BreadcrumbList\",\"@id\":\"https:\/\/dypall.com\/activity\/climbing-the-ladder-fostering-a-culture-of-youth-engagement-cl-ye-study-visit-to-brussels-belgium\/#breadcrumb\",\"itemListElement\":[{\"@type\":\"ListItem\",\"position\":1,\"name\":\"Home\",\"item\":\"https:\/\/dypall.com\/\"},{\"@type\":\"ListItem\",\"position\":2,\"name\":\"\u201cClimbing the Ladder: fostering a culture of Youth Engagement (CL-YE)\u201d Study visit to Brussels, Belgium\"}]},{\"@type\":\"WebSite\",\"@id\":\"https:\/\/dypall.com\/#website\",\"url\":\"https:\/\/dypall.com\/\",\"name\":\"DYPALL Network\",\"description\":\"We are a European network of civil society organisations, municipalities and research institutions dedicated to improving democracy through youth participation.\",\"potentialAction\":[{\"@type\":\"SearchAction\",\"target\":{\"@type\":\"EntryPoint\",\"urlTemplate\":\"https:\/\/dypall.com\/?s={search_term_string}\"},\"query-input\":\"required name=search_term_string\"}],\"inLanguage\":\"ro-RO\"},{\"@type\":\"Person\",\"@id\":\"https:\/\/dypall.com\/#\/schema\/person\/e87206094ce8bcf88449b35f00e40fb1\",\"name\":\"DYPALL Network\",\"image\":{\"@type\":\"ImageObject\",\"inLanguage\":\"ro-RO\",\"@id\":\"https:\/\/dypall.com\/#\/schema\/person\/image\/\",\"url\":\"https:\/\/secure.gravatar.com\/avatar\/1061d2d4c9b4f1a9b496774795b5deac1200dfd1d3abecb8f85cf8b580e6963b?s=96&d=mm&r=g\",\"contentUrl\":\"https:\/\/secure.gravatar.com\/avatar\/1061d2d4c9b4f1a9b496774795b5deac1200dfd1d3abecb8f85cf8b580e6963b?s=96&d=mm&r=g\",\"caption\":\"DYPALL Network\"},\"sameAs\":[\"https:\/\/dypall.com\/\"],\"url\":\"https:\/\/dypall.com\/ro\/author\/dypallonsteroids\/\"}]}<\/script>\n<!-- \/ Yoast SEO plugin. -->","yoast_head_json":{"title":"\u201cClimbing the Ladder: fostering a culture of Youth Engagement (CL-YE)\u201d Study visit to Brussels, Belgium - DYPALL Network","robots":{"index":"index","follow":"follow","max-snippet":"max-snippet:-1","max-image-preview":"max-image-preview:large","max-video-preview":"max-video-preview:-1"},"canonical":"https:\/\/dypall.com\/ro\/activity\/climbing-the-ladder-fostering-a-culture-of-youth-engagement-cl-ye-study-visit-to-brussels-belgium\/","og_locale":"ro_RO","og_type":"article","og_title":"\u201cClimbing the Ladder: fostering a culture of Youth Engagement (CL-YE)\u201d Study visit to Brussels, Belgium - DYPALL Network","og_description":"The third and final Study visit of the project \u201cClimbing the Ladder: Fostering a Culture of Youth Engagement CL-YE\u201d\u2019 took place from 2nd-6th December 2024 in Brussels, Belgium, hoste by the Assembly of European Regions (AER). This evebt brought together representatives of the project consortium to connect with Europe\u2019s key institutions, delving into how youth&hellip; Continu\u0103 lectura \u201cClimbing the Ladder: fostering a culture of Youth Engagement (CL-YE)\u201d Study visit to Brussels, Belgium","og_url":"https:\/\/dypall.com\/ro\/activity\/climbing-the-ladder-fostering-a-culture-of-youth-engagement-cl-ye-study-visit-to-brussels-belgium\/","og_site_name":"DYPALL Network","article_published_time":"2024-12-19T16:50:57+00:00","og_image":[{"width":2000,"height":1500,"url":"https:\/\/dypall.com\/wp-content\/uploads\/2024\/12\/WhatsApp-Image-2024-12-19-at-16.30.22.jpeg","type":"image\/jpeg"}],"author":"DYPALL Network","twitter_card":"summary_large_image","twitter_misc":{"Written by":"DYPALL Network","Est. reading time":"3 minute"},"schema":{"@context":"https:\/\/schema.org","@graph":[{"@type":"WebPage","@id":"https:\/\/dypall.com\/activity\/climbing-the-ladder-fostering-a-culture-of-youth-engagement-cl-ye-study-visit-to-brussels-belgium\/","url":"https:\/\/dypall.com\/activity\/climbing-the-ladder-fostering-a-culture-of-youth-engagement-cl-ye-study-visit-to-brussels-belgium\/","name":"\u201cClimbing the Ladder: fostering a culture of Youth Engagement (CL-YE)\u201d Study visit to Brussels, Belgium - DYPALL Network","isPartOf":{"@id":"https:\/\/dypall.com\/#website"},"primaryImageOfPage":{"@id":"https:\/\/dypall.com\/activity\/climbing-the-ladder-fostering-a-culture-of-youth-engagement-cl-ye-study-visit-to-brussels-belgium\/#primaryimage"},"image":{"@id":"https:\/\/dypall.com\/activity\/climbing-the-ladder-fostering-a-culture-of-youth-engagement-cl-ye-study-visit-to-brussels-belgium\/#primaryimage"},"thumbnailUrl":"https:\/\/dypall.com\/wp-content\/uploads\/2024\/12\/WhatsApp-Image-2024-12-19-at-16.30.22.jpeg","datePublished":"2024-12-19T16:50:57+00:00","dateModified":"2024-12-19T16:50:57+00:00","author":{"@id":"https:\/\/dypall.com\/#\/schema\/person\/e87206094ce8bcf88449b35f00e40fb1"},"breadcrumb":{"@id":"https:\/\/dypall.com\/activity\/climbing-the-ladder-fostering-a-culture-of-youth-engagement-cl-ye-study-visit-to-brussels-belgium\/#breadcrumb"},"inLanguage":"ro-RO","potentialAction":[{"@type":"ReadAction","target":["https:\/\/dypall.com\/activity\/climbing-the-ladder-fostering-a-culture-of-youth-engagement-cl-ye-study-visit-to-brussels-belgium\/"]}]},{"@type":"ImageObject","inLanguage":"ro-RO","@id":"https:\/\/dypall.com\/activity\/climbing-the-ladder-fostering-a-culture-of-youth-engagement-cl-ye-study-visit-to-brussels-belgium\/#primaryimage","url":"https:\/\/dypall.com\/wp-content\/uploads\/2024\/12\/WhatsApp-Image-2024-12-19-at-16.30.22.jpeg","contentUrl":"https:\/\/dypall.com\/wp-content\/uploads\/2024\/12\/WhatsApp-Image-2024-12-19-at-16.30.22.jpeg","width":2000,"height":1500},{"@type":"BreadcrumbList","@id":"https:\/\/dypall.com\/activity\/climbing-the-ladder-fostering-a-culture-of-youth-engagement-cl-ye-study-visit-to-brussels-belgium\/#breadcrumb","itemListElement":[{"@type":"ListItem","position":1,"name":"Home","item":"https:\/\/dypall.com\/"},{"@type":"ListItem","position":2,"name":"\u201cClimbing the Ladder: fostering a culture of Youth Engagement (CL-YE)\u201d Study visit to Brussels, Belgium"}]},{"@type":"WebSite","@id":"https:\/\/dypall.com\/#website","url":"https:\/\/dypall.com\/","name":"DYPALL Network","description":"We are a European network of civil society organisations, municipalities and research institutions dedicated to improving democracy through youth participation.","potentialAction":[{"@type":"SearchAction","target":{"@type":"EntryPoint","urlTemplate":"https:\/\/dypall.com\/?s={search_term_string}"},"query-input":"required name=search_term_string"}],"inLanguage":"ro-RO"},{"@type":"Person","@id":"https:\/\/dypall.com\/#\/schema\/person\/e87206094ce8bcf88449b35f00e40fb1","name":"DYPALL Network","image":{"@type":"ImageObject","inLanguage":"ro-RO","@id":"https:\/\/dypall.com\/#\/schema\/person\/image\/","url":"https:\/\/secure.gravatar.com\/avatar\/1061d2d4c9b4f1a9b496774795b5deac1200dfd1d3abecb8f85cf8b580e6963b?s=96&d=mm&r=g","contentUrl":"https:\/\/secure.gravatar.com\/avatar\/1061d2d4c9b4f1a9b496774795b5deac1200dfd1d3abecb8f85cf8b580e6963b?s=96&d=mm&r=g","caption":"DYPALL Network"},"sameAs":["https:\/\/dypall.com\/"],"url":"https:\/\/dypall.com\/ro\/author\/dypallonsteroids\/"}]}},"jetpack_featured_media_url":"https:\/\/dypall.com\/wp-content\/uploads\/2024\/12\/WhatsApp-Image-2024-12-19-at-16.30.22.jpeg","jetpack_sharing_enabled":true,"_links":{"self":[{"href":"https:\/\/dypall.com\/ro\/wp-json\/wp\/v2\/posts\/8146","targetHints":{"allow":["GET"]}}],"collection":[{"href":"https:\/\/dypall.com\/ro\/wp-json\/wp\/v2\/posts"}],"about":[{"href":"https:\/\/dypall.com\/ro\/wp-json\/wp\/v2\/types\/post"}],"author":[{"embeddable":true,"href":"https:\/\/dypall.com\/ro\/wp-json\/wp\/v2\/users\/5"}],"replies":[{"embeddable":true,"href":"https:\/\/dypall.com\/ro\/wp-json\/wp\/v2\/comments?post=8146"}],"version-history":[{"count":1,"href":"https:\/\/dypall.com\/ro\/wp-json\/wp\/v2\/posts\/8146\/revisions"}],"predecessor-version":[{"id":8153,"href":"https:\/\/dypall.com\/ro\/wp-json\/wp\/v2\/posts\/8146\/revisions\/8153"}],"wp:featuredmedia":[{"embeddable":true,"href":"https:\/\/dypall.com\/ro\/wp-json\/wp\/v2\/media\/8149"}],"wp:attachment":[{"href":"https:\/\/dypall.com\/ro\/wp-json\/wp\/v2\/media?parent=8146"}],"wp:term":[{"taxonomy":"category","embeddable":true,"href":"https:\/\/dypall.com\/ro\/wp-json\/wp\/v2\/categories?post=8146"},{"taxonomy":"post_tag","embeddable":true,"href":"https:\/\/dypall.com\/ro\/wp-json\/wp\/v2\/tags?post=8146"}],"curies":[{"name":"wp","href":"https:\/\/api.w.org\/{rel}","templated":true}]}}