{"id":8067,"date":"2024-11-11T11:23:48","date_gmt":"2024-11-11T11:23:48","guid":{"rendered":"https:\/\/dypall.com\/?p=8067"},"modified":"2024-12-19T14:22:21","modified_gmt":"2024-12-19T14:22:21","slug":"europe-goes-local-steering-group-and-advisory-board-in-madeira-portugal","status":"publish","type":"post","link":"https:\/\/dypall.com\/ro\/activity\/europe-goes-local-steering-group-and-advisory-board-in-madeira-portugal\/","title":{"rendered":"Grupul de coordonare \u0219i Consiliul consultativ \u201eEuropa devine local\u0103\u201d din Madeira, Portugalia"},"content":{"rendered":"<p>\u00cen perioada 5-7 noiembrie 2024, insula Madeira, Portugalia, a g\u0103zduit reuniunile <strong>Grupul de coordonare<\/strong> \u0219i <strong>Consiliul consultativ<\/strong> din<strong> \u201eEuropa devine local\u0103\u201d (EGL)<\/strong>, organizat\u0103 de re\u021beaua DYPALL \u0219i JINT, cu sprijinul Direc\u021biei regionale pentru tineret din Madeira.<\/p>\n\n\n\n<p>Reuniunile din Madeira au fost semnificative din mai multe motive:<\/p>\n\n\n\n<ol class=\"wp-block-list\">\n<li>planificarea strategic\u0103 pentru perioada 2024-2027; <\/li>\n\n\n\n<li>explorarea \u0219i ajungerea la un acord cu privire la \u201emodalit\u0103\u021bile de lucru ale LEG\u201d;<\/li>\n\n\n\n<li>discutarea activit\u0103\u021bilor pentru planul trienal.<\/li>\n<\/ol>\n\n\n\n<p><a href=\"https:\/\/europegoeslocal.eu\/home\/\">Europa ac\u021bioneaz\u0103 la nivel local<\/a> este un proiect de cooperare european\u0103 pentru dezvoltarea \u0219i consolidarea activit\u0103\u021bilor locale pentru tineret. Acesta este finan\u021bat de agen\u021biile na\u021bionale participante prin intermediul programelor Erasmus+ \u0219i Corpul european de solidaritate.<\/p>\n\n\n\n<p>EGL este gestionat de Grupul de coordonare, care supravegheaz\u0103 principalele sale obiective, \u0219i de Comitetul consultativ, care planific\u0103 activit\u0103\u021bi la nivel european \u0219i na\u021bional. Reunind exper\u021bi, factori de decizie \u0219i practicieni, EGL contribuie la consolidarea practicilor \u0219i politicilor privind activit\u0103\u021bile pentru tineret \u00een \u00eentreaga Europ\u0103.<\/p>\n\n\n\n<p><\/p>\n\n\n\n<figure class=\"wp-block-gallery has-nested-images columns-default is-cropped wp-block-gallery-1 is-layout-flex wp-block-gallery-is-layout-flex\">\n<figure class=\"wp-block-image size-large\"><img loading=\"lazy\" decoding=\"async\" width=\"2048\" height=\"1537\" data-id=\"8068\" src=\"https:\/\/dypall.com\/wp-content\/uploads\/2024\/11\/WhatsApp-Image-2024-11-06-at-15.46.42-11.jpeg\" alt=\"\" class=\"wp-image-8068\" srcset=\"https:\/\/dypall.com\/wp-content\/uploads\/2024\/11\/WhatsApp-Image-2024-11-06-at-15.46.42-11.jpeg 2048w, https:\/\/dypall.com\/wp-content\/uploads\/2024\/11\/WhatsApp-Image-2024-11-06-at-15.46.42-11-768x576.jpeg 768w, https:\/\/dypall.com\/wp-content\/uploads\/2024\/11\/WhatsApp-Image-2024-11-06-at-15.46.42-11-1536x1153.jpeg 1536w, https:\/\/dypall.com\/wp-content\/uploads\/2024\/11\/WhatsApp-Image-2024-11-06-at-15.46.42-11-1568x1177.jpeg 1568w\" sizes=\"auto, (max-width: 2048px) 100vw, 2048px\" \/><\/figure>\n\n\n\n<figure class=\"wp-block-image size-large\"><img loading=\"lazy\" decoding=\"async\" width=\"2048\" height=\"1537\" data-id=\"8069\" src=\"https:\/\/dypall.com\/wp-content\/uploads\/2024\/11\/WhatsApp-Image-2024-11-06-at-15.46.42-10.jpeg\" alt=\"\" class=\"wp-image-8069\" srcset=\"https:\/\/dypall.com\/wp-content\/uploads\/2024\/11\/WhatsApp-Image-2024-11-06-at-15.46.42-10.jpeg 2048w, https:\/\/dypall.com\/wp-content\/uploads\/2024\/11\/WhatsApp-Image-2024-11-06-at-15.46.42-10-768x576.jpeg 768w, https:\/\/dypall.com\/wp-content\/uploads\/2024\/11\/WhatsApp-Image-2024-11-06-at-15.46.42-10-1536x1153.jpeg 1536w, https:\/\/dypall.com\/wp-content\/uploads\/2024\/11\/WhatsApp-Image-2024-11-06-at-15.46.42-10-1568x1177.jpeg 1568w\" sizes=\"auto, (max-width: 2048px) 100vw, 2048px\" \/><\/figure>\n\n\n\n<figure class=\"wp-block-image size-large\"><img loading=\"lazy\" decoding=\"async\" width=\"2048\" height=\"1537\" data-id=\"8071\" src=\"https:\/\/dypall.com\/wp-content\/uploads\/2024\/11\/WhatsApp-Image-2024-11-06-at-15.46.42-8.jpeg\" alt=\"\" class=\"wp-image-8071\" srcset=\"https:\/\/dypall.com\/wp-content\/uploads\/2024\/11\/WhatsApp-Image-2024-11-06-at-15.46.42-8.jpeg 2048w, https:\/\/dypall.com\/wp-content\/uploads\/2024\/11\/WhatsApp-Image-2024-11-06-at-15.46.42-8-768x576.jpeg 768w, https:\/\/dypall.com\/wp-content\/uploads\/2024\/11\/WhatsApp-Image-2024-11-06-at-15.46.42-8-1536x1153.jpeg 1536w, https:\/\/dypall.com\/wp-content\/uploads\/2024\/11\/WhatsApp-Image-2024-11-06-at-15.46.42-8-1568x1177.jpeg 1568w\" sizes=\"auto, (max-width: 2048px) 100vw, 2048px\" \/><\/figure>\n\n\n\n<figure class=\"wp-block-image size-large\"><img loading=\"lazy\" decoding=\"async\" width=\"2048\" height=\"1537\" data-id=\"8072\" src=\"https:\/\/dypall.com\/wp-content\/uploads\/2024\/11\/WhatsApp-Image-2024-11-06-at-15.46.42-7.jpeg\" alt=\"\" class=\"wp-image-8072\" srcset=\"https:\/\/dypall.com\/wp-content\/uploads\/2024\/11\/WhatsApp-Image-2024-11-06-at-15.46.42-7.jpeg 2048w, https:\/\/dypall.com\/wp-content\/uploads\/2024\/11\/WhatsApp-Image-2024-11-06-at-15.46.42-7-768x576.jpeg 768w, https:\/\/dypall.com\/wp-content\/uploads\/2024\/11\/WhatsApp-Image-2024-11-06-at-15.46.42-7-1536x1153.jpeg 1536w, https:\/\/dypall.com\/wp-content\/uploads\/2024\/11\/WhatsApp-Image-2024-11-06-at-15.46.42-7-1568x1177.jpeg 1568w\" sizes=\"auto, (max-width: 2048px) 100vw, 2048px\" \/><\/figure>\n\n\n\n<figure class=\"wp-block-image size-large\"><img loading=\"lazy\" decoding=\"async\" width=\"2048\" height=\"1537\" data-id=\"8073\" src=\"https:\/\/dypall.com\/wp-content\/uploads\/2024\/11\/WhatsApp-Image-2024-11-06-at-15.46.42-6.jpeg\" alt=\"\" class=\"wp-image-8073\" srcset=\"https:\/\/dypall.com\/wp-content\/uploads\/2024\/11\/WhatsApp-Image-2024-11-06-at-15.46.42-6.jpeg 2048w, https:\/\/dypall.com\/wp-content\/uploads\/2024\/11\/WhatsApp-Image-2024-11-06-at-15.46.42-6-768x576.jpeg 768w, https:\/\/dypall.com\/wp-content\/uploads\/2024\/11\/WhatsApp-Image-2024-11-06-at-15.46.42-6-1536x1153.jpeg 1536w, https:\/\/dypall.com\/wp-content\/uploads\/2024\/11\/WhatsApp-Image-2024-11-06-at-15.46.42-6-1568x1177.jpeg 1568w\" sizes=\"auto, (max-width: 2048px) 100vw, 2048px\" \/><\/figure>\n<\/figure>","protected":false},"excerpt":{"rendered":"<p>\u00cen perioada 5-7 noiembrie 2024, insula Madeira, Portugalia, a g\u0103zduit reuniunile grupului de coordonare \u0219i ale Consiliului consultativ \u201eEuropa devine local\u0103\u201d (EGL), organizate de re\u021beaua DYPALL \u0219i de JINT, cu sprijinul Direc\u021biei regionale pentru tineret din Madeira. Reuniunile din Madeira au fost semnificative din mai multe motive: Europa merge la nivel local este... <a class=\"more-link\" href=\"https:\/\/dypall.com\/ro\/activity\/europe-goes-local-steering-group-and-advisory-board-in-madeira-portugal\/\">Continu\u0103 lectura <span class=\"screen-reader-text\">Grupul de coordonare \u0219i Consiliul consultativ \u201eEuropa devine local\u0103\u201d din Madeira, Portugalia<\/span><\/a><\/p>","protected":false},"author":5,"featured_media":8071,"comment_status":"open","ping_status":"open","sticky":false,"template":"","format":"standard","meta":{"_acf_changed":false,"_jetpack_memberships_contains_paid_content":false,"footnotes":""},"categories":[111],"tags":[],"class_list":["post-8067","post","type-post","status-publish","format-standard","has-post-thumbnail","hentry","category-activity","entry"],"acf":[],"yoast_head":"<!-- This site is optimized with the Yoast SEO plugin v22.8 - https:\/\/yoast.com\/wordpress\/plugins\/seo\/ -->\n<title>\u201cEurope Goes Local\u201d Steering group and Advisory Board in Madeira, Portugal - DYPALL Network<\/title>\n<meta name=\"robots\" content=\"index, follow, max-snippet:-1, max-image-preview:large, max-video-preview:-1\" \/>\n<link rel=\"canonical\" href=\"https:\/\/dypall.com\/ro\/activity\/europe-goes-local-steering-group-and-advisory-board-in-madeira-portugal\/\" \/>\n<meta property=\"og:locale\" content=\"ro_RO\" \/>\n<meta property=\"og:type\" content=\"article\" \/>\n<meta property=\"og:title\" content=\"\u201cEurope Goes Local\u201d Steering group and Advisory Board in Madeira, Portugal - DYPALL Network\" \/>\n<meta property=\"og:description\" content=\"From 5 to 7 November 2024, the island of Madeira, Portugal, hosted the meetings of the Steering Group and Advisory Board of \u2018Europe Goes Local\u2019 (EGL), organised by the DYPALL Network and JINT, with the support of the Madeira Regional Youth Directorate. The meetings in Madeira were significant for several reasons: Europe Goes Local is&hellip; Continu\u0103 lectura \u201cEurope Goes Local\u201d Steering group and Advisory Board in Madeira, Portugal\" \/>\n<meta property=\"og:url\" content=\"https:\/\/dypall.com\/ro\/activity\/europe-goes-local-steering-group-and-advisory-board-in-madeira-portugal\/\" \/>\n<meta property=\"og:site_name\" content=\"DYPALL Network\" \/>\n<meta property=\"article:published_time\" content=\"2024-11-11T11:23:48+00:00\" \/>\n<meta property=\"article:modified_time\" content=\"2024-12-19T14:22:21+00:00\" \/>\n<meta property=\"og:image\" content=\"https:\/\/dypall.com\/wp-content\/uploads\/2024\/11\/WhatsApp-Image-2024-11-06-at-15.46.42-8.jpeg\" \/>\n\t<meta property=\"og:image:width\" content=\"2048\" \/>\n\t<meta property=\"og:image:height\" content=\"1537\" \/>\n\t<meta property=\"og:image:type\" content=\"image\/jpeg\" \/>\n<meta name=\"author\" content=\"DYPALL Network\" \/>\n<meta name=\"twitter:card\" content=\"summary_large_image\" \/>\n<meta name=\"twitter:label1\" content=\"Written by\" \/>\n\t<meta name=\"twitter:data1\" content=\"DYPALL Network\" \/>\n\t<meta name=\"twitter:label2\" content=\"Est. reading time\" \/>\n\t<meta name=\"twitter:data2\" content=\"2 minute\" \/>\n<script type=\"application\/ld+json\" class=\"yoast-schema-graph\">{\"@context\":\"https:\/\/schema.org\",\"@graph\":[{\"@type\":\"WebPage\",\"@id\":\"https:\/\/dypall.com\/activity\/europe-goes-local-steering-group-and-advisory-board-in-madeira-portugal\/\",\"url\":\"https:\/\/dypall.com\/activity\/europe-goes-local-steering-group-and-advisory-board-in-madeira-portugal\/\",\"name\":\"\u201cEurope Goes Local\u201d Steering group and Advisory Board in Madeira, Portugal - DYPALL Network\",\"isPartOf\":{\"@id\":\"https:\/\/dypall.com\/#website\"},\"primaryImageOfPage\":{\"@id\":\"https:\/\/dypall.com\/activity\/europe-goes-local-steering-group-and-advisory-board-in-madeira-portugal\/#primaryimage\"},\"image\":{\"@id\":\"https:\/\/dypall.com\/activity\/europe-goes-local-steering-group-and-advisory-board-in-madeira-portugal\/#primaryimage\"},\"thumbnailUrl\":\"https:\/\/dypall.com\/wp-content\/uploads\/2024\/11\/WhatsApp-Image-2024-11-06-at-15.46.42-8.jpeg\",\"datePublished\":\"2024-11-11T11:23:48+00:00\",\"dateModified\":\"2024-12-19T14:22:21+00:00\",\"author\":{\"@id\":\"https:\/\/dypall.com\/#\/schema\/person\/e87206094ce8bcf88449b35f00e40fb1\"},\"breadcrumb\":{\"@id\":\"https:\/\/dypall.com\/activity\/europe-goes-local-steering-group-and-advisory-board-in-madeira-portugal\/#breadcrumb\"},\"inLanguage\":\"ro-RO\",\"potentialAction\":[{\"@type\":\"ReadAction\",\"target\":[\"https:\/\/dypall.com\/activity\/europe-goes-local-steering-group-and-advisory-board-in-madeira-portugal\/\"]}]},{\"@type\":\"ImageObject\",\"inLanguage\":\"ro-RO\",\"@id\":\"https:\/\/dypall.com\/activity\/europe-goes-local-steering-group-and-advisory-board-in-madeira-portugal\/#primaryimage\",\"url\":\"https:\/\/dypall.com\/wp-content\/uploads\/2024\/11\/WhatsApp-Image-2024-11-06-at-15.46.42-8.jpeg\",\"contentUrl\":\"https:\/\/dypall.com\/wp-content\/uploads\/2024\/11\/WhatsApp-Image-2024-11-06-at-15.46.42-8.jpeg\",\"width\":2048,\"height\":1537},{\"@type\":\"BreadcrumbList\",\"@id\":\"https:\/\/dypall.com\/activity\/europe-goes-local-steering-group-and-advisory-board-in-madeira-portugal\/#breadcrumb\",\"itemListElement\":[{\"@type\":\"ListItem\",\"position\":1,\"name\":\"Home\",\"item\":\"https:\/\/dypall.com\/\"},{\"@type\":\"ListItem\",\"position\":2,\"name\":\"\u201cEurope Goes Local\u201d Steering group and Advisory Board in Madeira, Portugal\"}]},{\"@type\":\"WebSite\",\"@id\":\"https:\/\/dypall.com\/#website\",\"url\":\"https:\/\/dypall.com\/\",\"name\":\"DYPALL Network\",\"description\":\"We are a European network of civil society organisations, municipalities and research institutions dedicated to improving democracy through youth participation.\",\"potentialAction\":[{\"@type\":\"SearchAction\",\"target\":{\"@type\":\"EntryPoint\",\"urlTemplate\":\"https:\/\/dypall.com\/?s={search_term_string}\"},\"query-input\":\"required name=search_term_string\"}],\"inLanguage\":\"ro-RO\"},{\"@type\":\"Person\",\"@id\":\"https:\/\/dypall.com\/#\/schema\/person\/e87206094ce8bcf88449b35f00e40fb1\",\"name\":\"DYPALL Network\",\"image\":{\"@type\":\"ImageObject\",\"inLanguage\":\"ro-RO\",\"@id\":\"https:\/\/dypall.com\/#\/schema\/person\/image\/\",\"url\":\"https:\/\/secure.gravatar.com\/avatar\/1061d2d4c9b4f1a9b496774795b5deac1200dfd1d3abecb8f85cf8b580e6963b?s=96&d=mm&r=g\",\"contentUrl\":\"https:\/\/secure.gravatar.com\/avatar\/1061d2d4c9b4f1a9b496774795b5deac1200dfd1d3abecb8f85cf8b580e6963b?s=96&d=mm&r=g\",\"caption\":\"DYPALL Network\"},\"sameAs\":[\"https:\/\/dypall.com\/\"],\"url\":\"https:\/\/dypall.com\/ro\/author\/dypallonsteroids\/\"}]}<\/script>\n<!-- \/ Yoast SEO plugin. -->","yoast_head_json":{"title":"\u201cEurope Goes Local\u201d Steering group and Advisory Board in Madeira, Portugal - DYPALL Network","robots":{"index":"index","follow":"follow","max-snippet":"max-snippet:-1","max-image-preview":"max-image-preview:large","max-video-preview":"max-video-preview:-1"},"canonical":"https:\/\/dypall.com\/ro\/activity\/europe-goes-local-steering-group-and-advisory-board-in-madeira-portugal\/","og_locale":"ro_RO","og_type":"article","og_title":"\u201cEurope Goes Local\u201d Steering group and Advisory Board in Madeira, Portugal - DYPALL Network","og_description":"From 5 to 7 November 2024, the island of Madeira, Portugal, hosted the meetings of the Steering Group and Advisory Board of \u2018Europe Goes Local\u2019 (EGL), organised by the DYPALL Network and JINT, with the support of the Madeira Regional Youth Directorate. The meetings in Madeira were significant for several reasons: Europe Goes Local is&hellip; Continu\u0103 lectura \u201cEurope Goes Local\u201d Steering group and Advisory Board in Madeira, Portugal","og_url":"https:\/\/dypall.com\/ro\/activity\/europe-goes-local-steering-group-and-advisory-board-in-madeira-portugal\/","og_site_name":"DYPALL Network","article_published_time":"2024-11-11T11:23:48+00:00","article_modified_time":"2024-12-19T14:22:21+00:00","og_image":[{"width":2048,"height":1537,"url":"https:\/\/dypall.com\/wp-content\/uploads\/2024\/11\/WhatsApp-Image-2024-11-06-at-15.46.42-8.jpeg","type":"image\/jpeg"}],"author":"DYPALL Network","twitter_card":"summary_large_image","twitter_misc":{"Written by":"DYPALL Network","Est. reading time":"2 minute"},"schema":{"@context":"https:\/\/schema.org","@graph":[{"@type":"WebPage","@id":"https:\/\/dypall.com\/activity\/europe-goes-local-steering-group-and-advisory-board-in-madeira-portugal\/","url":"https:\/\/dypall.com\/activity\/europe-goes-local-steering-group-and-advisory-board-in-madeira-portugal\/","name":"\u201cEurope Goes Local\u201d Steering group and Advisory Board in Madeira, Portugal - DYPALL Network","isPartOf":{"@id":"https:\/\/dypall.com\/#website"},"primaryImageOfPage":{"@id":"https:\/\/dypall.com\/activity\/europe-goes-local-steering-group-and-advisory-board-in-madeira-portugal\/#primaryimage"},"image":{"@id":"https:\/\/dypall.com\/activity\/europe-goes-local-steering-group-and-advisory-board-in-madeira-portugal\/#primaryimage"},"thumbnailUrl":"https:\/\/dypall.com\/wp-content\/uploads\/2024\/11\/WhatsApp-Image-2024-11-06-at-15.46.42-8.jpeg","datePublished":"2024-11-11T11:23:48+00:00","dateModified":"2024-12-19T14:22:21+00:00","author":{"@id":"https:\/\/dypall.com\/#\/schema\/person\/e87206094ce8bcf88449b35f00e40fb1"},"breadcrumb":{"@id":"https:\/\/dypall.com\/activity\/europe-goes-local-steering-group-and-advisory-board-in-madeira-portugal\/#breadcrumb"},"inLanguage":"ro-RO","potentialAction":[{"@type":"ReadAction","target":["https:\/\/dypall.com\/activity\/europe-goes-local-steering-group-and-advisory-board-in-madeira-portugal\/"]}]},{"@type":"ImageObject","inLanguage":"ro-RO","@id":"https:\/\/dypall.com\/activity\/europe-goes-local-steering-group-and-advisory-board-in-madeira-portugal\/#primaryimage","url":"https:\/\/dypall.com\/wp-content\/uploads\/2024\/11\/WhatsApp-Image-2024-11-06-at-15.46.42-8.jpeg","contentUrl":"https:\/\/dypall.com\/wp-content\/uploads\/2024\/11\/WhatsApp-Image-2024-11-06-at-15.46.42-8.jpeg","width":2048,"height":1537},{"@type":"BreadcrumbList","@id":"https:\/\/dypall.com\/activity\/europe-goes-local-steering-group-and-advisory-board-in-madeira-portugal\/#breadcrumb","itemListElement":[{"@type":"ListItem","position":1,"name":"Home","item":"https:\/\/dypall.com\/"},{"@type":"ListItem","position":2,"name":"\u201cEurope Goes Local\u201d Steering group and Advisory Board in Madeira, Portugal"}]},{"@type":"WebSite","@id":"https:\/\/dypall.com\/#website","url":"https:\/\/dypall.com\/","name":"DYPALL Network","description":"We are a European network of civil society organisations, municipalities and research institutions dedicated to improving democracy through youth participation.","potentialAction":[{"@type":"SearchAction","target":{"@type":"EntryPoint","urlTemplate":"https:\/\/dypall.com\/?s={search_term_string}"},"query-input":"required name=search_term_string"}],"inLanguage":"ro-RO"},{"@type":"Person","@id":"https:\/\/dypall.com\/#\/schema\/person\/e87206094ce8bcf88449b35f00e40fb1","name":"DYPALL Network","image":{"@type":"ImageObject","inLanguage":"ro-RO","@id":"https:\/\/dypall.com\/#\/schema\/person\/image\/","url":"https:\/\/secure.gravatar.com\/avatar\/1061d2d4c9b4f1a9b496774795b5deac1200dfd1d3abecb8f85cf8b580e6963b?s=96&d=mm&r=g","contentUrl":"https:\/\/secure.gravatar.com\/avatar\/1061d2d4c9b4f1a9b496774795b5deac1200dfd1d3abecb8f85cf8b580e6963b?s=96&d=mm&r=g","caption":"DYPALL Network"},"sameAs":["https:\/\/dypall.com\/"],"url":"https:\/\/dypall.com\/ro\/author\/dypallonsteroids\/"}]}},"jetpack_featured_media_url":"https:\/\/dypall.com\/wp-content\/uploads\/2024\/11\/WhatsApp-Image-2024-11-06-at-15.46.42-8.jpeg","jetpack_sharing_enabled":true,"_links":{"self":[{"href":"https:\/\/dypall.com\/ro\/wp-json\/wp\/v2\/posts\/8067","targetHints":{"allow":["GET"]}}],"collection":[{"href":"https:\/\/dypall.com\/ro\/wp-json\/wp\/v2\/posts"}],"about":[{"href":"https:\/\/dypall.com\/ro\/wp-json\/wp\/v2\/types\/post"}],"author":[{"embeddable":true,"href":"https:\/\/dypall.com\/ro\/wp-json\/wp\/v2\/users\/5"}],"replies":[{"embeddable":true,"href":"https:\/\/dypall.com\/ro\/wp-json\/wp\/v2\/comments?post=8067"}],"version-history":[{"count":1,"href":"https:\/\/dypall.com\/ro\/wp-json\/wp\/v2\/posts\/8067\/revisions"}],"predecessor-version":[{"id":8074,"href":"https:\/\/dypall.com\/ro\/wp-json\/wp\/v2\/posts\/8067\/revisions\/8074"}],"wp:featuredmedia":[{"embeddable":true,"href":"https:\/\/dypall.com\/ro\/wp-json\/wp\/v2\/media\/8071"}],"wp:attachment":[{"href":"https:\/\/dypall.com\/ro\/wp-json\/wp\/v2\/media?parent=8067"}],"wp:term":[{"taxonomy":"category","embeddable":true,"href":"https:\/\/dypall.com\/ro\/wp-json\/wp\/v2\/categories?post=8067"},{"taxonomy":"post_tag","embeddable":true,"href":"https:\/\/dypall.com\/ro\/wp-json\/wp\/v2\/tags?post=8067"}],"curies":[{"name":"wp","href":"https:\/\/api.w.org\/{rel}","templated":true}]}}