{"id":7636,"date":"2024-06-05T09:31:06","date_gmt":"2024-06-05T09:31:06","guid":{"rendered":"https:\/\/dypall.com\/?p=7636"},"modified":"2024-09-13T09:27:20","modified_gmt":"2024-09-13T09:27:20","slug":"study-visit-to-lisbon-one-step-higher-climbing-the-ladder-of-participation","status":"publish","type":"post","link":"https:\/\/dypall.com\/ro\/activity\/study-visit-to-lisbon-one-step-higher-climbing-the-ladder-of-participation\/","title":{"rendered":"Vizit\u0103 de studiu la Lisabona \u201eUn pas mai sus \u2013 urcarea pe scara particip\u0103rii\u201d"},"content":{"rendered":"<p>Vizita de studiu la Lisabona \u201eUn pas mai sus: Practici de participare a tinerilor\u201d, organizat\u0103 de re\u021beaua DYPALL \u00een cooperare cu Bangherang \u0219i cu autorit\u0103\u021bile locale din Almada, Lisabona \u0219i Cascais, a avut loc \u00een perioada 18-23 mai 2024 la Lisabona, Portugalia.<\/p>\n\n\n\n<p>Aceasta a implicat participan\u021bi din toate \u021b\u0103rile partenere la proiect \u0219i a permis consolidarea capacit\u0103\u021bii lucr\u0103torilor de tineret din cadrul organiza\u021biilor societ\u0103\u021bii civile \u0219i al birourilor municipale de a colabora \u0219i de a pune \u00een aplicare proiecte specifice privind implicarea tinerilor \u00een procesele decizionale la nivel local.<\/p>\n\n\n\n<p>\u00cen timpul activit\u0103\u021bii, participan\u021bii au explorat cadrul institu\u021bional al politicii pentru tineret din Portugalia \u0219i au colaborat cu diverse organiza\u021bii europene care activeaz\u0103 \u00een domeniul particip\u0103rii tinerilor. Activitatea s-a axat \u00een principal pe explorarea instrumentelor de e-participare, a modelelor de participare incluziv\u0103 \u0219i a programelor municipale de implicare activ\u0103 a tinerilor \u00een afacerile locale.<\/p>\n\n\n\n<p>Participan\u021bii au avut ocazia s\u0103 viziteze sediul central al <a href=\"https:\/\/ipdj.gov.pt\/\">Institutul Portughez de Tineret \u0219i Sport<\/a> (IPDJ), unde ar putea \u00een\u021belege modul \u00een care institutul na\u021bional sprijin\u0103 participarea tinerilor la procesele decizionale la nivel local \u00een Portugalia, de exemplu prin intermediul bugetului na\u021bional de participare a tinerilor.&nbsp;<\/p>\n\n\n\n<p>Programul a oferit, de asemenea, participan\u021bilor posibilitatea de a vizita <a href=\"https:\/\/www.cm-almada.pt\/\">Almada<\/a> \u0219i <a href=\"https:\/\/www.cascais.pt\/\">Cascais<\/a> (Capitala european\u0103 a tineretului \u00een 2018) municipalit\u0103\u021bi. Aceste vizite au inclus mese rotunde cu membri ai consiliilor locale de tineret, care reprezint\u0103 organiza\u021biile locale de tineret, tinerii lideri \u0219i lucr\u0103torii municipali de tineret. Vizitele au oferit informa\u021bii interesante cu privire la procesul de elaborare a strategiei locale pentru tineret \u0219i la punerea \u00een aplicare a acesteia. Participan\u021bilor li s-au prezentat practici eficace pentru sistemele participative, inclusiv bugetul participativ re\u00eennoit pentru tineret \u0219i consiliile pentru copii. Participan\u021bii au descoperit, de asemenea, ini\u021biative locale, cum ar fi <a href=\"https:\/\/www.instagram.com\/ptwrestlefest\/\">Wrestlefest \u00een Portugalia<\/a>, finan\u021bat\u0103 \u0219i sprijinit\u0103 de municipalitatea Almada, \u0219i <a href=\"https:\/\/www.cascais.pt\/sub-area\/voz-dos-jovens\">Voz do Jovens<\/a> proiect, pus \u00een aplicare de municipalitatea Cascais.<\/p>\n\n\n\n<p>Unul dintre obiectivele programului a fost de a permite participan\u021bilor s\u0103 \u00ee\u0219i transfere experien\u021ba \u00een propria realitate local\u0103. Activitatea a inclus un atelier \u00een cadrul c\u0103ruia ace\u0219tia \u0219i-au asumat roluri active \u0219i au \u00eembog\u0103\u021bit vizita f\u0103c\u00e2nd schimb de bune practici din \u021b\u0103rile lor, dezvolt\u00e2nd idei pentru ac\u021biuni ulterioare \u0219i analiz\u00e2nd modul de adaptare a practicilor prezentate la contextele lor locale.<\/p>\n\n\n\n<p>Vizita de studiu a fost finan\u021bat\u0103 \u00een cadrul programului Erasmus+ prin intermediul Agen\u021biei Na\u021bionale Italiene.<\/p>\n\n\n\n<figure class=\"wp-block-gallery has-nested-images columns-default is-cropped wp-block-gallery-1 is-layout-flex wp-block-gallery-is-layout-flex\">\n<figure class=\"wp-block-image size-large\"><img loading=\"lazy\" decoding=\"async\" width=\"1600\" height=\"1200\" data-id=\"7639\" src=\"https:\/\/dypall.com\/wp-content\/uploads\/2024\/07\/PHOTO-2024-07-01-10-28-23.jpg\" alt=\"\" class=\"wp-image-7639\" srcset=\"https:\/\/dypall.com\/wp-content\/uploads\/2024\/07\/PHOTO-2024-07-01-10-28-23.jpg 1600w, https:\/\/dypall.com\/wp-content\/uploads\/2024\/07\/PHOTO-2024-07-01-10-28-23-768x576.jpg 768w, https:\/\/dypall.com\/wp-content\/uploads\/2024\/07\/PHOTO-2024-07-01-10-28-23-1536x1152.jpg 1536w, https:\/\/dypall.com\/wp-content\/uploads\/2024\/07\/PHOTO-2024-07-01-10-28-23-1568x1176.jpg 1568w\" sizes=\"auto, (max-width: 1600px) 100vw, 1600px\" \/><\/figure>\n\n\n\n<figure class=\"wp-block-image size-large\"><img loading=\"lazy\" decoding=\"async\" width=\"2560\" height=\"1920\" data-id=\"7641\" src=\"https:\/\/dypall.com\/wp-content\/uploads\/2024\/07\/PHOTO-2024-05-22-12-50-14-scaled.jpg\" alt=\"\" class=\"wp-image-7641\" srcset=\"https:\/\/dypall.com\/wp-content\/uploads\/2024\/07\/PHOTO-2024-05-22-12-50-14-scaled.jpg 2560w, https:\/\/dypall.com\/wp-content\/uploads\/2024\/07\/PHOTO-2024-05-22-12-50-14-768x576.jpg 768w, https:\/\/dypall.com\/wp-content\/uploads\/2024\/07\/PHOTO-2024-05-22-12-50-14-1536x1152.jpg 1536w, https:\/\/dypall.com\/wp-content\/uploads\/2024\/07\/PHOTO-2024-05-22-12-50-14-2048x1536.jpg 2048w, https:\/\/dypall.com\/wp-content\/uploads\/2024\/07\/PHOTO-2024-05-22-12-50-14-1568x1176.jpg 1568w\" sizes=\"auto, (max-width: 2560px) 100vw, 2560px\" \/><\/figure>\n<\/figure>\n\n\n\n<figure class=\"wp-block-gallery has-nested-images columns-default is-cropped wp-block-gallery-2 is-layout-flex wp-block-gallery-is-layout-flex\">\n<figure class=\"wp-block-image size-large\"><img loading=\"lazy\" decoding=\"async\" width=\"1920\" height=\"2560\" data-id=\"7644\" src=\"https:\/\/dypall.com\/wp-content\/uploads\/2024\/07\/PHOTO-2024-05-22-12-50-13-1-scaled.jpg\" alt=\"\" class=\"wp-image-7644\" srcset=\"https:\/\/dypall.com\/wp-content\/uploads\/2024\/07\/PHOTO-2024-05-22-12-50-13-1-scaled.jpg 1920w, https:\/\/dypall.com\/wp-content\/uploads\/2024\/07\/PHOTO-2024-05-22-12-50-13-1-768x1024.jpg 768w, https:\/\/dypall.com\/wp-content\/uploads\/2024\/07\/PHOTO-2024-05-22-12-50-13-1-1152x1536.jpg 1152w, https:\/\/dypall.com\/wp-content\/uploads\/2024\/07\/PHOTO-2024-05-22-12-50-13-1-1536x2048.jpg 1536w, https:\/\/dypall.com\/wp-content\/uploads\/2024\/07\/PHOTO-2024-05-22-12-50-13-1-1568x2091.jpg 1568w\" sizes=\"auto, (max-width: 1920px) 100vw, 1920px\" \/><\/figure>\n\n\n\n<figure class=\"wp-block-image size-large\"><img loading=\"lazy\" decoding=\"async\" width=\"1200\" height=\"1600\" data-id=\"7643\" src=\"https:\/\/dypall.com\/wp-content\/uploads\/2024\/07\/PHOTO-2024-07-01-10-28-23-2-1.jpg\" alt=\"\" class=\"wp-image-7643\" srcset=\"https:\/\/dypall.com\/wp-content\/uploads\/2024\/07\/PHOTO-2024-07-01-10-28-23-2-1.jpg 1200w, https:\/\/dypall.com\/wp-content\/uploads\/2024\/07\/PHOTO-2024-07-01-10-28-23-2-1-768x1024.jpg 768w, https:\/\/dypall.com\/wp-content\/uploads\/2024\/07\/PHOTO-2024-07-01-10-28-23-2-1-1152x1536.jpg 1152w\" sizes=\"auto, (max-width: 1200px) 100vw, 1200px\" \/><\/figure>\n<\/figure>","protected":false},"excerpt":{"rendered":"<p>Vizita de studiu la Lisabona \u201eUn pas mai sus: Practici de participare a tinerilor\u201d, organizat\u0103 de re\u021beaua DYPALL \u00een cooperare cu Bangherang \u0219i cu autorit\u0103\u021bile locale din Almada, Lisabona \u0219i Cascais, a avut loc \u00een perioada 18-23 mai 2024 la Lisabona, Portugalia. Aceasta a implicat participan\u021bi din toate \u021b\u0103rile partenere la proiect \u0219i a permis consolidarea capacit\u0103\u021bii... <a class=\"more-link\" href=\"https:\/\/dypall.com\/ro\/activity\/study-visit-to-lisbon-one-step-higher-climbing-the-ladder-of-participation\/\">Continu\u0103 lectura <span class=\"screen-reader-text\">Vizit\u0103 de studiu la Lisabona \u201eUn pas mai sus \u2013 urcarea pe scara particip\u0103rii\u201d<\/span><\/a><\/p>","protected":false},"author":5,"featured_media":7638,"comment_status":"open","ping_status":"open","sticky":false,"template":"","format":"standard","meta":{"_acf_changed":false,"_jetpack_memberships_contains_paid_content":false,"footnotes":""},"categories":[111],"tags":[],"class_list":["post-7636","post","type-post","status-publish","format-standard","has-post-thumbnail","hentry","category-activity","entry"],"acf":[],"yoast_head":"<!-- This site is optimized with the Yoast SEO plugin v22.8 - https:\/\/yoast.com\/wordpress\/plugins\/seo\/ -->\n<title>Study visit to Lisbon \u201cOne Step Higher - Climbing the ladder of participation\u201d - DYPALL Network<\/title>\n<meta name=\"description\" content=\"The Study visit to Lisbon \u201cOne Step Higher: Youth Participation Practices,\u201d organised by DYPALL Network in cooperation with Bangherang and the local authorities of Almada, Lisbon, and Cascais, took place from 18th \u2013 23rd May 2024 in Lisbon, Portugal.\" \/>\n<meta name=\"robots\" content=\"index, follow, max-snippet:-1, max-image-preview:large, max-video-preview:-1\" \/>\n<link rel=\"canonical\" href=\"https:\/\/dypall.com\/ro\/activity\/study-visit-to-lisbon-one-step-higher-climbing-the-ladder-of-participation\/\" \/>\n<meta property=\"og:locale\" content=\"ro_RO\" \/>\n<meta property=\"og:type\" content=\"article\" \/>\n<meta property=\"og:title\" content=\"Study visit to Lisbon \u201cOne Step Higher - Climbing the ladder of participation\u201d - DYPALL Network\" \/>\n<meta property=\"og:description\" content=\"The Study visit to Lisbon \u201cOne Step Higher: Youth Participation Practices,\u201d organised by DYPALL Network in cooperation with Bangherang and the local authorities of Almada, Lisbon, and Cascais, took place from 18th \u2013 23rd May 2024 in Lisbon, Portugal.\" \/>\n<meta property=\"og:url\" content=\"https:\/\/dypall.com\/ro\/activity\/study-visit-to-lisbon-one-step-higher-climbing-the-ladder-of-participation\/\" \/>\n<meta property=\"og:site_name\" content=\"DYPALL Network\" \/>\n<meta property=\"article:published_time\" content=\"2024-06-05T09:31:06+00:00\" \/>\n<meta property=\"article:modified_time\" content=\"2024-09-13T09:27:20+00:00\" \/>\n<meta property=\"og:image\" content=\"https:\/\/dypall.com\/wp-content\/uploads\/2024\/07\/PHOTO-2024-07-01-10-28-23-1.jpg\" \/>\n\t<meta property=\"og:image:width\" content=\"1280\" \/>\n\t<meta property=\"og:image:height\" content=\"960\" \/>\n\t<meta property=\"og:image:type\" content=\"image\/jpeg\" \/>\n<meta name=\"author\" content=\"DYPALL Network\" \/>\n<meta name=\"twitter:card\" content=\"summary_large_image\" \/>\n<meta name=\"twitter:label1\" content=\"Written by\" \/>\n\t<meta name=\"twitter:data1\" content=\"DYPALL Network\" \/>\n\t<meta name=\"twitter:label2\" content=\"Est. reading time\" \/>\n\t<meta name=\"twitter:data2\" content=\"3 minute\" \/>\n<script type=\"application\/ld+json\" class=\"yoast-schema-graph\">{\"@context\":\"https:\/\/schema.org\",\"@graph\":[{\"@type\":\"WebPage\",\"@id\":\"https:\/\/dypall.com\/activity\/study-visit-to-lisbon-one-step-higher-climbing-the-ladder-of-participation\/\",\"url\":\"https:\/\/dypall.com\/activity\/study-visit-to-lisbon-one-step-higher-climbing-the-ladder-of-participation\/\",\"name\":\"Study visit to Lisbon \u201cOne Step Higher - Climbing the ladder of participation\u201d - DYPALL Network\",\"isPartOf\":{\"@id\":\"https:\/\/dypall.com\/#website\"},\"primaryImageOfPage\":{\"@id\":\"https:\/\/dypall.com\/activity\/study-visit-to-lisbon-one-step-higher-climbing-the-ladder-of-participation\/#primaryimage\"},\"image\":{\"@id\":\"https:\/\/dypall.com\/activity\/study-visit-to-lisbon-one-step-higher-climbing-the-ladder-of-participation\/#primaryimage\"},\"thumbnailUrl\":\"https:\/\/dypall.com\/wp-content\/uploads\/2024\/07\/PHOTO-2024-07-01-10-28-23-1.jpg\",\"datePublished\":\"2024-06-05T09:31:06+00:00\",\"dateModified\":\"2024-09-13T09:27:20+00:00\",\"author\":{\"@id\":\"https:\/\/dypall.com\/#\/schema\/person\/e87206094ce8bcf88449b35f00e40fb1\"},\"description\":\"The Study visit to Lisbon \u201cOne Step Higher: Youth Participation Practices,\u201d organised by DYPALL Network in cooperation with Bangherang and the local authorities of Almada, Lisbon, and Cascais, took place from 18th \u2013 23rd May 2024 in Lisbon, Portugal.\",\"breadcrumb\":{\"@id\":\"https:\/\/dypall.com\/activity\/study-visit-to-lisbon-one-step-higher-climbing-the-ladder-of-participation\/#breadcrumb\"},\"inLanguage\":\"ro-RO\",\"potentialAction\":[{\"@type\":\"ReadAction\",\"target\":[\"https:\/\/dypall.com\/activity\/study-visit-to-lisbon-one-step-higher-climbing-the-ladder-of-participation\/\"]}]},{\"@type\":\"ImageObject\",\"inLanguage\":\"ro-RO\",\"@id\":\"https:\/\/dypall.com\/activity\/study-visit-to-lisbon-one-step-higher-climbing-the-ladder-of-participation\/#primaryimage\",\"url\":\"https:\/\/dypall.com\/wp-content\/uploads\/2024\/07\/PHOTO-2024-07-01-10-28-23-1.jpg\",\"contentUrl\":\"https:\/\/dypall.com\/wp-content\/uploads\/2024\/07\/PHOTO-2024-07-01-10-28-23-1.jpg\",\"width\":1280,\"height\":960},{\"@type\":\"BreadcrumbList\",\"@id\":\"https:\/\/dypall.com\/activity\/study-visit-to-lisbon-one-step-higher-climbing-the-ladder-of-participation\/#breadcrumb\",\"itemListElement\":[{\"@type\":\"ListItem\",\"position\":1,\"name\":\"Home\",\"item\":\"https:\/\/dypall.com\/\"},{\"@type\":\"ListItem\",\"position\":2,\"name\":\"Study visit to Lisbon \u201cOne Step Higher &#8211; Climbing the ladder of participation\u201d\"}]},{\"@type\":\"WebSite\",\"@id\":\"https:\/\/dypall.com\/#website\",\"url\":\"https:\/\/dypall.com\/\",\"name\":\"DYPALL Network\",\"description\":\"We are a European network of civil society organisations, municipalities and research institutions dedicated to improving democracy through youth participation.\",\"potentialAction\":[{\"@type\":\"SearchAction\",\"target\":{\"@type\":\"EntryPoint\",\"urlTemplate\":\"https:\/\/dypall.com\/?s={search_term_string}\"},\"query-input\":\"required name=search_term_string\"}],\"inLanguage\":\"ro-RO\"},{\"@type\":\"Person\",\"@id\":\"https:\/\/dypall.com\/#\/schema\/person\/e87206094ce8bcf88449b35f00e40fb1\",\"name\":\"DYPALL Network\",\"image\":{\"@type\":\"ImageObject\",\"inLanguage\":\"ro-RO\",\"@id\":\"https:\/\/dypall.com\/#\/schema\/person\/image\/\",\"url\":\"https:\/\/secure.gravatar.com\/avatar\/1061d2d4c9b4f1a9b496774795b5deac1200dfd1d3abecb8f85cf8b580e6963b?s=96&d=mm&r=g\",\"contentUrl\":\"https:\/\/secure.gravatar.com\/avatar\/1061d2d4c9b4f1a9b496774795b5deac1200dfd1d3abecb8f85cf8b580e6963b?s=96&d=mm&r=g\",\"caption\":\"DYPALL Network\"},\"sameAs\":[\"https:\/\/dypall.com\/\"],\"url\":\"https:\/\/dypall.com\/ro\/author\/dypallonsteroids\/\"}]}<\/script>\n<!-- \/ Yoast SEO plugin. -->","yoast_head_json":{"title":"Study visit to Lisbon \u201cOne Step Higher - Climbing the ladder of participation\u201d - DYPALL Network","description":"The Study visit to Lisbon \u201cOne Step Higher: Youth Participation Practices,\u201d organised by DYPALL Network in cooperation with Bangherang and the local authorities of Almada, Lisbon, and Cascais, took place from 18th \u2013 23rd May 2024 in Lisbon, Portugal.","robots":{"index":"index","follow":"follow","max-snippet":"max-snippet:-1","max-image-preview":"max-image-preview:large","max-video-preview":"max-video-preview:-1"},"canonical":"https:\/\/dypall.com\/ro\/activity\/study-visit-to-lisbon-one-step-higher-climbing-the-ladder-of-participation\/","og_locale":"ro_RO","og_type":"article","og_title":"Study visit to Lisbon \u201cOne Step Higher - Climbing the ladder of participation\u201d - DYPALL Network","og_description":"The Study visit to Lisbon \u201cOne Step Higher: Youth Participation Practices,\u201d organised by DYPALL Network in cooperation with Bangherang and the local authorities of Almada, Lisbon, and Cascais, took place from 18th \u2013 23rd May 2024 in Lisbon, Portugal.","og_url":"https:\/\/dypall.com\/ro\/activity\/study-visit-to-lisbon-one-step-higher-climbing-the-ladder-of-participation\/","og_site_name":"DYPALL Network","article_published_time":"2024-06-05T09:31:06+00:00","article_modified_time":"2024-09-13T09:27:20+00:00","og_image":[{"width":1280,"height":960,"url":"https:\/\/dypall.com\/wp-content\/uploads\/2024\/07\/PHOTO-2024-07-01-10-28-23-1.jpg","type":"image\/jpeg"}],"author":"DYPALL Network","twitter_card":"summary_large_image","twitter_misc":{"Written by":"DYPALL Network","Est. reading time":"3 minute"},"schema":{"@context":"https:\/\/schema.org","@graph":[{"@type":"WebPage","@id":"https:\/\/dypall.com\/activity\/study-visit-to-lisbon-one-step-higher-climbing-the-ladder-of-participation\/","url":"https:\/\/dypall.com\/activity\/study-visit-to-lisbon-one-step-higher-climbing-the-ladder-of-participation\/","name":"Study visit to Lisbon \u201cOne Step Higher - Climbing the ladder of participation\u201d - DYPALL Network","isPartOf":{"@id":"https:\/\/dypall.com\/#website"},"primaryImageOfPage":{"@id":"https:\/\/dypall.com\/activity\/study-visit-to-lisbon-one-step-higher-climbing-the-ladder-of-participation\/#primaryimage"},"image":{"@id":"https:\/\/dypall.com\/activity\/study-visit-to-lisbon-one-step-higher-climbing-the-ladder-of-participation\/#primaryimage"},"thumbnailUrl":"https:\/\/dypall.com\/wp-content\/uploads\/2024\/07\/PHOTO-2024-07-01-10-28-23-1.jpg","datePublished":"2024-06-05T09:31:06+00:00","dateModified":"2024-09-13T09:27:20+00:00","author":{"@id":"https:\/\/dypall.com\/#\/schema\/person\/e87206094ce8bcf88449b35f00e40fb1"},"description":"The Study visit to Lisbon \u201cOne Step Higher: Youth Participation Practices,\u201d organised by DYPALL Network in cooperation with Bangherang and the local authorities of Almada, Lisbon, and Cascais, took place from 18th \u2013 23rd May 2024 in Lisbon, Portugal.","breadcrumb":{"@id":"https:\/\/dypall.com\/activity\/study-visit-to-lisbon-one-step-higher-climbing-the-ladder-of-participation\/#breadcrumb"},"inLanguage":"ro-RO","potentialAction":[{"@type":"ReadAction","target":["https:\/\/dypall.com\/activity\/study-visit-to-lisbon-one-step-higher-climbing-the-ladder-of-participation\/"]}]},{"@type":"ImageObject","inLanguage":"ro-RO","@id":"https:\/\/dypall.com\/activity\/study-visit-to-lisbon-one-step-higher-climbing-the-ladder-of-participation\/#primaryimage","url":"https:\/\/dypall.com\/wp-content\/uploads\/2024\/07\/PHOTO-2024-07-01-10-28-23-1.jpg","contentUrl":"https:\/\/dypall.com\/wp-content\/uploads\/2024\/07\/PHOTO-2024-07-01-10-28-23-1.jpg","width":1280,"height":960},{"@type":"BreadcrumbList","@id":"https:\/\/dypall.com\/activity\/study-visit-to-lisbon-one-step-higher-climbing-the-ladder-of-participation\/#breadcrumb","itemListElement":[{"@type":"ListItem","position":1,"name":"Home","item":"https:\/\/dypall.com\/"},{"@type":"ListItem","position":2,"name":"Study visit to Lisbon \u201cOne Step Higher &#8211; Climbing the ladder of participation\u201d"}]},{"@type":"WebSite","@id":"https:\/\/dypall.com\/#website","url":"https:\/\/dypall.com\/","name":"DYPALL Network","description":"We are a European network of civil society organisations, municipalities and research institutions dedicated to improving democracy through youth participation.","potentialAction":[{"@type":"SearchAction","target":{"@type":"EntryPoint","urlTemplate":"https:\/\/dypall.com\/?s={search_term_string}"},"query-input":"required name=search_term_string"}],"inLanguage":"ro-RO"},{"@type":"Person","@id":"https:\/\/dypall.com\/#\/schema\/person\/e87206094ce8bcf88449b35f00e40fb1","name":"DYPALL Network","image":{"@type":"ImageObject","inLanguage":"ro-RO","@id":"https:\/\/dypall.com\/#\/schema\/person\/image\/","url":"https:\/\/secure.gravatar.com\/avatar\/1061d2d4c9b4f1a9b496774795b5deac1200dfd1d3abecb8f85cf8b580e6963b?s=96&d=mm&r=g","contentUrl":"https:\/\/secure.gravatar.com\/avatar\/1061d2d4c9b4f1a9b496774795b5deac1200dfd1d3abecb8f85cf8b580e6963b?s=96&d=mm&r=g","caption":"DYPALL Network"},"sameAs":["https:\/\/dypall.com\/"],"url":"https:\/\/dypall.com\/ro\/author\/dypallonsteroids\/"}]}},"jetpack_featured_media_url":"https:\/\/dypall.com\/wp-content\/uploads\/2024\/07\/PHOTO-2024-07-01-10-28-23-1.jpg","jetpack_sharing_enabled":true,"_links":{"self":[{"href":"https:\/\/dypall.com\/ro\/wp-json\/wp\/v2\/posts\/7636","targetHints":{"allow":["GET"]}}],"collection":[{"href":"https:\/\/dypall.com\/ro\/wp-json\/wp\/v2\/posts"}],"about":[{"href":"https:\/\/dypall.com\/ro\/wp-json\/wp\/v2\/types\/post"}],"author":[{"embeddable":true,"href":"https:\/\/dypall.com\/ro\/wp-json\/wp\/v2\/users\/5"}],"replies":[{"embeddable":true,"href":"https:\/\/dypall.com\/ro\/wp-json\/wp\/v2\/comments?post=7636"}],"version-history":[{"count":2,"href":"https:\/\/dypall.com\/ro\/wp-json\/wp\/v2\/posts\/7636\/revisions"}],"predecessor-version":[{"id":7646,"href":"https:\/\/dypall.com\/ro\/wp-json\/wp\/v2\/posts\/7636\/revisions\/7646"}],"wp:featuredmedia":[{"embeddable":true,"href":"https:\/\/dypall.com\/ro\/wp-json\/wp\/v2\/media\/7638"}],"wp:attachment":[{"href":"https:\/\/dypall.com\/ro\/wp-json\/wp\/v2\/media?parent=7636"}],"wp:term":[{"taxonomy":"category","embeddable":true,"href":"https:\/\/dypall.com\/ro\/wp-json\/wp\/v2\/categories?post=7636"},{"taxonomy":"post_tag","embeddable":true,"href":"https:\/\/dypall.com\/ro\/wp-json\/wp\/v2\/tags?post=7636"}],"curies":[{"name":"wp","href":"https:\/\/api.w.org\/{rel}","templated":true}]}}