{"id":6855,"date":"2024-01-09T14:29:53","date_gmt":"2024-01-09T14:29:53","guid":{"rendered":"https:\/\/dypall.com\/?p=6855"},"modified":"2024-10-31T09:57:17","modified_gmt":"2024-10-31T09:57:17","slug":"winter-democracy-academy-a-week-long-focus-on-youth-participation-for-stronger-local-democracies","status":"publish","type":"post","link":"https:\/\/dypall.com\/ro\/activity\/winter-democracy-academy-a-week-long-focus-on-youth-participation-for-stronger-local-democracies\/","title":{"rendered":"Academia de democra\u021bie de iarn\u0103: Un eveniment de o s\u0103pt\u0103m\u00e2n\u0103 axat pe participarea tinerilor pentru democra\u021bii locale mai puternice"},"content":{"rendered":"<p><span style=\"font-weight: 400;\">Prima edi\u021bie a <em><strong>Academia de Democra\u021bie de Iarn\u0103<\/strong><\/em><strong> (WDA)<\/strong> a avut loc \u00een perioada 10-16 decembrie 2023 la Lisabona, Portugalia. Acesta a fost organizat de re\u021beaua DYPALL \u0219i de Centrul pentru tineret din Lisabona, cooper\u00e2nd cu mai multe institu\u021bii cu activit\u0103\u021bi importante privind participarea tinerilor ca unul dintre pilonii democra\u021biei locale. WDA s-a str\u0103duit s\u0103 devin\u0103 un eveniment de referin\u021b\u0103 pentru lucr\u0103torii de tineret, factorii de decizie, exper\u021bii \u00een domeniu \u0219i reprezentan\u021bii institu\u021bionali, oferindu-le tuturor un spa\u021biu pentru a se \u00eent\u00e2lni, a dezbate, a-\u0219i consolida capacit\u0103\u021bile \u0219i a coopera cu privire la aspectele legate de participarea tinerilor. Pentru a atinge acest obiectiv ambi\u021bios, evenimentul a inclus mai multe activit\u0103\u021bi care au avut loc simultan.\u00a0<\/span><\/p>\n<p><span style=\"font-weight: 400;\">Aspectul <strong>Grupul de coordonare european al re\u021belei DYPALL<\/strong> \u0219i <strong>Reuniunea membrilor re\u021belei<\/strong> Evenimentul a avut loc \u00een primele zile ale evenimentului. Reuniunea grupului de coordonare a \u00eenceput cu prezentarea general\u0103 din 2023 a activit\u0103\u021bii re\u021belei DYPALL, care cuprinde o varietate de proiecte interna\u021bionale, inclusiv activit\u0103\u021bi precum cursuri de formare, o conferin\u021b\u0103 interna\u021bional\u0103, vizite de studiu, activit\u0103\u021bi de consolidare a parteneriatului, schimburi de tineri, o sesiune de studiu etc. <\/span><span style=\"font-weight: 400;\">Discu\u021biile din cadrul reuniunii au subliniat importan\u021ba alinierii proiectelor, a optimiz\u0103rii resurselor \u0219i a m\u0103sur\u0103rii impactului asupra p\u0103r\u021bilor interesate \u0219i a procesului de elaborare a politicilor. Membrii grupului de coordonare au subliniat importan\u021ba standardiz\u0103rii metodelor de evaluare, a \u00eembun\u0103t\u0103\u021birii conectivit\u0103\u021bii proiectelor \u0219i a urm\u0103ririi impactului prin feedback \u0219i planificarea de calitate a evenimentelor.<\/span><span style=\"font-weight: 400;\"> I<\/span><span style=\"font-weight: 400;\">\u00cen 2024, re\u021beaua DYPALL \u00ee\u0219i propune s\u0103 organizeze conferin\u021be online suplimentare, s\u0103 extind\u0103 vizitele de studiu \u0219i s\u0103 pun\u0103 \u00een aplicare un plan de ac\u021biune pentru mediu axat pe atelierele privind durabilitatea pentru a ne spori raza de ac\u021biune \u0219i impactul.<\/span><\/p>\n<p><span style=\"font-weight: 400;\">\u00cen timpul <strong>Adunarea membrilor<\/strong> la 12 decembrie, coordonatorul re\u021belei DYPALL, Bruno Antonio, a subliniat angajamentul continuu al organiza\u021biei de a promova implicarea tinerilor \u0219i promovarea democra\u021biei la nivel local. Printre altele, eforturile au inclus crearea de publica\u021bii privind participarea tinerilor migran\u021bi \u0219i consiliile locale ale tinerilor pentru a \u00eenfiin\u021ba ora\u0219e favorabile migran\u021bilor \u0219i pentru a consolida spa\u021biile de implicare a tinerilor. Accentul a fost pus, de asemenea, pe proiecte de educa\u021bie inter pares, cum ar fi Influencerii UE \u0219i vizitele de studiu, ca oportunit\u0103\u021bi eficace de consolidare a capacit\u0103\u021bilor. Ini\u021biativele structurale ale re\u021belei DYPALL au vizat consolidarea democra\u021biilor, capacitarea tinerilor \u0219i colaborarea mai str\u00e2ns\u0103 cu municipalit\u0103\u021bile portugheze pentru \u00eembun\u0103t\u0103\u021birea politicilor locale \u00een domeniul tineretului.\u00a0<\/span><span style=\"font-weight: 400;\">Membrii au prezentat diverse proiecte \u0219i s-au implicat \u00een sesiuni care au subliniat participarea tinerilor \u0219i democra\u021biile durabile, \u00eencuraj\u00e2nd discu\u021biile pentru a consolida evenimentele interna\u021bionale ale re\u021belei \u0219i subliniind procesele favorabile incluziunii din cadrul re\u021belei DYPALL.<\/span><\/p>\n<p><span style=\"font-weight: 400;\">Aspectul <strong>Activitatea de consolidare a parteneriatului (PBA) <em>\u201eCrearea de sinergii pentru democra\u021bii locale durabile\u201d<\/em><\/strong> A avut loc toat\u0103 s\u0103pt\u0103m\u00e2na, \u00een paralel cu celelalte activit\u0103\u021bi. PBA a reunit 24 de participan\u021bi din Norvegia, Turcia, Croa\u021bia, Spania, Macedonia de Nord, Slovacia, Grecia, Portugalia, Armenia, Georgia, Serbia, Cipru \u0219i Italia, care au \u00eemp\u0103rt\u0103\u0219it un obiectiv comun: consolidarea rolului tinerilor \u00een modelarea democra\u021biilor durabile. Printr-o serie de sesiuni bazate pe metode de educa\u021bie non-formal\u0103, participan\u021bii au explorat diverse aspecte ale particip\u0103rii tinerilor, programul Erasmus + \u0219i metodele \u0219i instrumentele de colaborare pentru crearea de proiecte durabile. Sesiunile-cheie au inclus o discu\u021bie comun\u0103 axat\u0103 pe integrarea diverselor perspective organiza\u021bionale \u0219i culturale pentru a aborda participarea tinerilor \u0219i rolul acesteia \u00een construirea unor democra\u021bii durabile.\u00a0<\/span><span style=\"font-weight: 400;\">Activitatea a inclus, de asemenea, prezent\u0103ri de proiecte, eviden\u021biind ini\u021biative inovatoare de cre\u0219tere a calit\u0103\u021bii votului \u0219i a prezen\u021bei la vot \u0219i de \u00eembun\u0103t\u0103\u021bire a educa\u021biei reciproce. Fiecare proiect a demonstrat angajamentul participan\u021bilor de a crea schimb\u0103ri de impact \u00een comunit\u0103\u021bile lor.<\/span><\/p>\n<p><span style=\"font-weight: 400;\">\u00cen plus, <strong>conferin\u021b\u0103 interna\u021bional\u0103<\/strong>, <em><strong>\u201eProvoc\u0103rile democra\u021biei de ast\u0103zi\u201d,<\/strong><\/em> a avut loc la 13 decembrie, oferind un spa\u021biu de reflec\u021bie \u0219i schimburi \u00eentre liderii tinerilor, cercet\u0103tori, reprezentan\u021bi ai organiza\u021biilor societ\u0103\u021bii civile \u0219i autorit\u0103\u021bile locale. \u00cen timpul conferin\u021bei, el <strong>discurs programatic<\/strong>, intitulat <em><strong>\u201eProvoc\u0103rile democra\u021biei de ast\u0103zi\u201d,<\/strong><\/em>\u00a0a fost livrat de <strong>Sofia Serra-Silva<\/strong>, politolog \u0219i profesor la Universitatea din Lisabona. Prezentarea sa a clarificat conceptul de \u201epatologii politice\u201d, \u201edeficitul democra\u021biei\u201d \u0219i criza de legitimitate care amenin\u021b\u0103 democra\u021biile moderne. Dup\u0103 aceea, liderii de tineret au avut un spa\u021biu pentru a dezbate starea democra\u021biilor moderne \u0219i locul tineretului \u00een ele \u00een timpul <strong>mas\u0103 rotund\u0103<\/strong> <em><strong>\u201eSolu\u021bii emergente pentru provoc\u0103rile legate de participarea tinerilor\u201d<\/strong><\/em>. Conferin\u021ba a fost finalizat\u0103 cu <strong>serie de prezent\u0103ri ale activit\u0103\u021bilor pentru tineret \u00een practic\u0103<\/strong>: <strong>\u201eProiecte \u0219i practici europene\u201d<\/strong>, \u00een cadrul c\u0103reia au fost prezentate trei proiecte participative: <em><strong>Polis al meu<\/strong><\/em>, <em><strong>Transformatoare<\/strong><\/em>, \u0219i <em><strong>Academia genera\u021biei urm\u0103toare<\/strong><\/em>.\u00a0<\/span><\/p>\n<p><span style=\"font-weight: 400;\">Ziua conferin\u021bei a continuat cu o <strong>Vizit\u0103 de studiu<\/strong>, <em><strong>\u201eExploring Successful Lisbon Youth Work Practices\u201d (Explorarea practicilor de succes \u00een materie de activit\u0103\u021bi pentru tineret \u00een cadrul Strategiei de la Lisabona),<\/strong><\/em>\u00a0c\u0103tre <strong>Centrul de Tineret<\/strong> \u00een <strong>Municipalitatea Almada<\/strong>. Vizita de studiu a ilustrat provoc\u0103rile practice \u00een ceea ce prive\u0219te implicarea tinerilor \u00een procesele democratice. Discu\u021biile \u0219i observa\u021biile din cadrul acestei conferin\u021be ofer\u0103 perspective valoroase pentru ini\u021biativele viitoare menite s\u0103 consolideze participarea democratic\u0103 \u0219i s\u0103 abordeze provoc\u0103rile actuale.\u00a0<\/span><\/p>\n<p><span style=\"font-weight: 400;\">\u00cen general, Academia pentru democra\u021bie de iarn\u0103, care a durat o s\u0103pt\u0103m\u00e2n\u0103, a prezentat o varietate de activit\u0103\u021bi \u0219i a subliniat importan\u021ba implic\u0103rii tinerilor \u00een procesele democratice \u0219i a promov\u0103rii democra\u021biilor durabile prin consolidarea politicilor locale \u00een domeniul tineretului. Aspectul <strong>S\u0103pt\u0103m\u00e2na Academiei Democra\u021biei de Iarn\u0103<\/strong> \u0219i <strong>Conferin\u021ba interna\u021bional\u0103 \u201eProvoc\u0103rile democra\u021biei de ast\u0103zi\u201d<\/strong> a fost organizat cu sprijinul programului Erasmus + prin intermediul Agen\u021biei Na\u021bionale Portugheze \u0219i al Comisiei Europene, \u00een parteneriat cu <a href=\"https:\/\/cjl.ipdj.gov.pt\/\">Centrul de Tineret din Lisabona (CJL)<\/a> din <a href=\"https:\/\/ipdj.gov.pt\/\">Institutul Portughez de Sport \u0219i Tineret<\/a>.<\/span><\/p>\n<p><em><span style=\"font-weight: 400;\">Finan\u021bat de Uniunea European\u0103. Cu toate acestea, opiniile exprimate apar\u021bin exclusiv autorului (autorilor) \u0219i nu reflect\u0103 neap\u0103rat opiniile Uniunii Europene sau ale Comisiei Europene. Nici Uniunea European\u0103, nici autoritatea care acord\u0103 grantul nu pot fi considerate responsabile pentru acestea.<\/span><\/em><\/p>\n<p>\u00a0<\/p>\n\n\n<figure class=\"wp-block-gallery has-nested-images columns-default is-cropped wp-block-gallery-1 is-layout-flex wp-block-gallery-is-layout-flex\">\n<figure class=\"wp-block-image size-large\"><img loading=\"lazy\" decoding=\"async\" width=\"2560\" height=\"1707\" data-id=\"7984\" src=\"https:\/\/dypall.com\/wp-content\/uploads\/2024\/01\/DSC_0020-min-1-scaled.jpg\" alt=\"\" class=\"wp-image-7984\" srcset=\"https:\/\/dypall.com\/wp-content\/uploads\/2024\/01\/DSC_0020-min-1-scaled.jpg 2560w, https:\/\/dypall.com\/wp-content\/uploads\/2024\/01\/DSC_0020-min-1-768x512.jpg 768w, https:\/\/dypall.com\/wp-content\/uploads\/2024\/01\/DSC_0020-min-1-1536x1024.jpg 1536w, https:\/\/dypall.com\/wp-content\/uploads\/2024\/01\/DSC_0020-min-1-2048x1365.jpg 2048w, https:\/\/dypall.com\/wp-content\/uploads\/2024\/01\/DSC_0020-min-1-1568x1045.jpg 1568w\" sizes=\"auto, (max-width: 2560px) 100vw, 2560px\" \/><\/figure>\n\n\n\n<figure class=\"wp-block-image size-large\"><img loading=\"lazy\" decoding=\"async\" width=\"2560\" height=\"1707\" data-id=\"7985\" src=\"https:\/\/dypall.com\/wp-content\/uploads\/2024\/01\/DSC_0023-min-1-scaled.jpg\" alt=\"\" class=\"wp-image-7985\" srcset=\"https:\/\/dypall.com\/wp-content\/uploads\/2024\/01\/DSC_0023-min-1-scaled.jpg 2560w, https:\/\/dypall.com\/wp-content\/uploads\/2024\/01\/DSC_0023-min-1-768x512.jpg 768w, https:\/\/dypall.com\/wp-content\/uploads\/2024\/01\/DSC_0023-min-1-1536x1024.jpg 1536w, https:\/\/dypall.com\/wp-content\/uploads\/2024\/01\/DSC_0023-min-1-2048x1365.jpg 2048w, https:\/\/dypall.com\/wp-content\/uploads\/2024\/01\/DSC_0023-min-1-1568x1045.jpg 1568w\" sizes=\"auto, (max-width: 2560px) 100vw, 2560px\" \/><\/figure>\n\n\n\n<figure class=\"wp-block-image size-large\"><img loading=\"lazy\" decoding=\"async\" width=\"2560\" height=\"1707\" data-id=\"7986\" src=\"https:\/\/dypall.com\/wp-content\/uploads\/2024\/01\/DSC_0052-min-1-scaled.jpg\" alt=\"\" class=\"wp-image-7986\" srcset=\"https:\/\/dypall.com\/wp-content\/uploads\/2024\/01\/DSC_0052-min-1-scaled.jpg 2560w, https:\/\/dypall.com\/wp-content\/uploads\/2024\/01\/DSC_0052-min-1-768x512.jpg 768w, https:\/\/dypall.com\/wp-content\/uploads\/2024\/01\/DSC_0052-min-1-1536x1024.jpg 1536w, https:\/\/dypall.com\/wp-content\/uploads\/2024\/01\/DSC_0052-min-1-2048x1365.jpg 2048w, https:\/\/dypall.com\/wp-content\/uploads\/2024\/01\/DSC_0052-min-1-1568x1045.jpg 1568w\" sizes=\"auto, (max-width: 2560px) 100vw, 2560px\" \/><\/figure>\n\n\n\n<figure class=\"wp-block-image size-large\"><img loading=\"lazy\" decoding=\"async\" width=\"2560\" height=\"1707\" data-id=\"7987\" src=\"https:\/\/dypall.com\/wp-content\/uploads\/2024\/01\/DSC_0917-min-2-scaled.jpg\" alt=\"\" class=\"wp-image-7987\" srcset=\"https:\/\/dypall.com\/wp-content\/uploads\/2024\/01\/DSC_0917-min-2-scaled.jpg 2560w, https:\/\/dypall.com\/wp-content\/uploads\/2024\/01\/DSC_0917-min-2-768x512.jpg 768w, https:\/\/dypall.com\/wp-content\/uploads\/2024\/01\/DSC_0917-min-2-1536x1024.jpg 1536w, https:\/\/dypall.com\/wp-content\/uploads\/2024\/01\/DSC_0917-min-2-2048x1365.jpg 2048w, https:\/\/dypall.com\/wp-content\/uploads\/2024\/01\/DSC_0917-min-2-1568x1045.jpg 1568w\" sizes=\"auto, (max-width: 2560px) 100vw, 2560px\" \/><\/figure>\n<\/figure>","protected":false},"excerpt":{"rendered":"<p>Prima edi\u021bie a Winter Democracy Academy (WDA) a avut loc \u00een perioada 10-16 decembrie 2023 la Lisabona, Portugalia. Acesta a fost organizat de re\u021beaua DYPALL \u0219i de Centrul pentru tineret din Lisabona, cooper\u00e2nd cu mai multe institu\u021bii cu activit\u0103\u021bi importante privind participarea tinerilor ca unul dintre pilonii democra\u021biei locale. WDA s-a str\u0103duit s\u0103 devin\u0103 un eveniment de referin\u021b\u0103... <a class=\"more-link\" href=\"https:\/\/dypall.com\/ro\/activity\/winter-democracy-academy-a-week-long-focus-on-youth-participation-for-stronger-local-democracies\/\">Continu\u0103 lectura <span class=\"screen-reader-text\">Academia de democra\u021bie de iarn\u0103: Un eveniment de o s\u0103pt\u0103m\u00e2n\u0103 axat pe participarea tinerilor pentru democra\u021bii locale mai puternice<\/span><\/a><\/p>","protected":false},"author":1,"featured_media":7167,"comment_status":"closed","ping_status":"open","sticky":false,"template":"","format":"standard","meta":{"_acf_changed":false,"_jetpack_memberships_contains_paid_content":false,"footnotes":""},"categories":[111,112,152],"tags":[],"class_list":["post-6855","post","type-post","status-publish","format-standard","has-post-thumbnail","hentry","category-activity","category-conference","category-study-visits","entry"],"acf":[],"yoast_head":"<!-- This site is optimized with the Yoast SEO plugin v22.8 - https:\/\/yoast.com\/wordpress\/plugins\/seo\/ -->\n<title>Winter Democracy Academy: A Week-long event Focused on Youth Participation for Stronger Local Democracies - DYPALL Network<\/title>\n<meta name=\"robots\" content=\"index, follow, max-snippet:-1, max-image-preview:large, max-video-preview:-1\" \/>\n<link rel=\"canonical\" href=\"https:\/\/dypall.com\/ro\/activity\/winter-democracy-academy-a-week-long-focus-on-youth-participation-for-stronger-local-democracies\/\" \/>\n<meta property=\"og:locale\" content=\"ro_RO\" \/>\n<meta property=\"og:type\" content=\"article\" \/>\n<meta property=\"og:title\" content=\"Winter Democracy Academy: A Week-long event Focused on Youth Participation for Stronger Local Democracies - DYPALL Network\" \/>\n<meta property=\"og:description\" content=\"The first edition of Winter Democracy Academy (WDA) took place from 10th-16th December 2023 in Lisbon, Portugal. It was organised by DYPALL Network and the Lisbon Youth Centre, cooperating with several institutions with important work on youth participation as one of the pillars of local democracy. The WDA strived to become an event of reference&hellip; Continu\u0103 lectura Winter Democracy Academy: A Week-long event Focused on Youth Participation for Stronger Local Democracies\" \/>\n<meta property=\"og:url\" content=\"https:\/\/dypall.com\/ro\/activity\/winter-democracy-academy-a-week-long-focus-on-youth-participation-for-stronger-local-democracies\/\" \/>\n<meta property=\"og:site_name\" content=\"DYPALL Network\" \/>\n<meta property=\"article:published_time\" content=\"2024-01-09T14:29:53+00:00\" \/>\n<meta property=\"article:modified_time\" content=\"2024-10-31T09:57:17+00:00\" \/>\n<meta property=\"og:image\" content=\"https:\/\/dypall.com\/wp-content\/uploads\/2024\/01\/DYPALL_03.jpeg\" \/>\n\t<meta property=\"og:image:width\" content=\"2048\" \/>\n\t<meta property=\"og:image:height\" content=\"1365\" \/>\n\t<meta property=\"og:image:type\" content=\"image\/jpeg\" \/>\n<meta name=\"author\" content=\"DYPALL Network\" \/>\n<meta name=\"twitter:card\" content=\"summary_large_image\" \/>\n<meta name=\"twitter:label1\" content=\"Written by\" \/>\n\t<meta name=\"twitter:data1\" content=\"DYPALL Network\" \/>\n\t<meta name=\"twitter:label2\" content=\"Est. reading time\" \/>\n\t<meta name=\"twitter:data2\" content=\"5 minute\" \/>\n<script type=\"application\/ld+json\" class=\"yoast-schema-graph\">{\"@context\":\"https:\/\/schema.org\",\"@graph\":[{\"@type\":\"WebPage\",\"@id\":\"https:\/\/dypall.com\/activity\/winter-democracy-academy-a-week-long-focus-on-youth-participation-for-stronger-local-democracies\/\",\"url\":\"https:\/\/dypall.com\/activity\/winter-democracy-academy-a-week-long-focus-on-youth-participation-for-stronger-local-democracies\/\",\"name\":\"Winter Democracy Academy: A Week-long event Focused on Youth Participation for Stronger Local Democracies - DYPALL Network\",\"isPartOf\":{\"@id\":\"https:\/\/dypall.com\/#website\"},\"primaryImageOfPage\":{\"@id\":\"https:\/\/dypall.com\/activity\/winter-democracy-academy-a-week-long-focus-on-youth-participation-for-stronger-local-democracies\/#primaryimage\"},\"image\":{\"@id\":\"https:\/\/dypall.com\/activity\/winter-democracy-academy-a-week-long-focus-on-youth-participation-for-stronger-local-democracies\/#primaryimage\"},\"thumbnailUrl\":\"https:\/\/dypall.com\/wp-content\/uploads\/2024\/01\/DYPALL_03.jpeg\",\"datePublished\":\"2024-01-09T14:29:53+00:00\",\"dateModified\":\"2024-10-31T09:57:17+00:00\",\"author\":{\"@id\":\"https:\/\/dypall.com\/#\/schema\/person\/f92e08aa15c8ba711a9d153129f03377\"},\"breadcrumb\":{\"@id\":\"https:\/\/dypall.com\/activity\/winter-democracy-academy-a-week-long-focus-on-youth-participation-for-stronger-local-democracies\/#breadcrumb\"},\"inLanguage\":\"ro-RO\",\"potentialAction\":[{\"@type\":\"ReadAction\",\"target\":[\"https:\/\/dypall.com\/activity\/winter-democracy-academy-a-week-long-focus-on-youth-participation-for-stronger-local-democracies\/\"]}]},{\"@type\":\"ImageObject\",\"inLanguage\":\"ro-RO\",\"@id\":\"https:\/\/dypall.com\/activity\/winter-democracy-academy-a-week-long-focus-on-youth-participation-for-stronger-local-democracies\/#primaryimage\",\"url\":\"https:\/\/dypall.com\/wp-content\/uploads\/2024\/01\/DYPALL_03.jpeg\",\"contentUrl\":\"https:\/\/dypall.com\/wp-content\/uploads\/2024\/01\/DYPALL_03.jpeg\",\"width\":2048,\"height\":1365},{\"@type\":\"BreadcrumbList\",\"@id\":\"https:\/\/dypall.com\/activity\/winter-democracy-academy-a-week-long-focus-on-youth-participation-for-stronger-local-democracies\/#breadcrumb\",\"itemListElement\":[{\"@type\":\"ListItem\",\"position\":1,\"name\":\"Home\",\"item\":\"https:\/\/dypall.com\/\"},{\"@type\":\"ListItem\",\"position\":2,\"name\":\"Winter Democracy Academy: A Week-long event Focused on Youth Participation for Stronger Local Democracies\"}]},{\"@type\":\"WebSite\",\"@id\":\"https:\/\/dypall.com\/#website\",\"url\":\"https:\/\/dypall.com\/\",\"name\":\"DYPALL Network\",\"description\":\"We are a European network of civil society organisations, municipalities and research institutions dedicated to improving democracy through youth participation.\",\"potentialAction\":[{\"@type\":\"SearchAction\",\"target\":{\"@type\":\"EntryPoint\",\"urlTemplate\":\"https:\/\/dypall.com\/?s={search_term_string}\"},\"query-input\":\"required name=search_term_string\"}],\"inLanguage\":\"ro-RO\"},{\"@type\":\"Person\",\"@id\":\"https:\/\/dypall.com\/#\/schema\/person\/f92e08aa15c8ba711a9d153129f03377\",\"name\":\"DYPALL Network\",\"image\":{\"@type\":\"ImageObject\",\"inLanguage\":\"ro-RO\",\"@id\":\"https:\/\/dypall.com\/#\/schema\/person\/image\/\",\"url\":\"https:\/\/secure.gravatar.com\/avatar\/9c39e299279800c6d69c5e02cf613e7bab060889f373052a03d7ac399e8f0d3c?s=96&d=mm&r=g\",\"contentUrl\":\"https:\/\/secure.gravatar.com\/avatar\/9c39e299279800c6d69c5e02cf613e7bab060889f373052a03d7ac399e8f0d3c?s=96&d=mm&r=g\",\"caption\":\"DYPALL Network\"},\"sameAs\":[\"https:\/\/dypall.com\"],\"url\":\"https:\/\/dypall.com\/ro\/author\/dypall\/\"}]}<\/script>\n<!-- \/ Yoast SEO plugin. -->","yoast_head_json":{"title":"Winter Democracy Academy: A Week-long event Focused on Youth Participation for Stronger Local Democracies - DYPALL Network","robots":{"index":"index","follow":"follow","max-snippet":"max-snippet:-1","max-image-preview":"max-image-preview:large","max-video-preview":"max-video-preview:-1"},"canonical":"https:\/\/dypall.com\/ro\/activity\/winter-democracy-academy-a-week-long-focus-on-youth-participation-for-stronger-local-democracies\/","og_locale":"ro_RO","og_type":"article","og_title":"Winter Democracy Academy: A Week-long event Focused on Youth Participation for Stronger Local Democracies - DYPALL Network","og_description":"The first edition of Winter Democracy Academy (WDA) took place from 10th-16th December 2023 in Lisbon, Portugal. It was organised by DYPALL Network and the Lisbon Youth Centre, cooperating with several institutions with important work on youth participation as one of the pillars of local democracy. The WDA strived to become an event of reference&hellip; Continu\u0103 lectura Winter Democracy Academy: A Week-long event Focused on Youth Participation for Stronger Local Democracies","og_url":"https:\/\/dypall.com\/ro\/activity\/winter-democracy-academy-a-week-long-focus-on-youth-participation-for-stronger-local-democracies\/","og_site_name":"DYPALL Network","article_published_time":"2024-01-09T14:29:53+00:00","article_modified_time":"2024-10-31T09:57:17+00:00","og_image":[{"width":2048,"height":1365,"url":"https:\/\/dypall.com\/wp-content\/uploads\/2024\/01\/DYPALL_03.jpeg","type":"image\/jpeg"}],"author":"DYPALL Network","twitter_card":"summary_large_image","twitter_misc":{"Written by":"DYPALL Network","Est. reading time":"5 minute"},"schema":{"@context":"https:\/\/schema.org","@graph":[{"@type":"WebPage","@id":"https:\/\/dypall.com\/activity\/winter-democracy-academy-a-week-long-focus-on-youth-participation-for-stronger-local-democracies\/","url":"https:\/\/dypall.com\/activity\/winter-democracy-academy-a-week-long-focus-on-youth-participation-for-stronger-local-democracies\/","name":"Winter Democracy Academy: A Week-long event Focused on Youth Participation for Stronger Local Democracies - DYPALL Network","isPartOf":{"@id":"https:\/\/dypall.com\/#website"},"primaryImageOfPage":{"@id":"https:\/\/dypall.com\/activity\/winter-democracy-academy-a-week-long-focus-on-youth-participation-for-stronger-local-democracies\/#primaryimage"},"image":{"@id":"https:\/\/dypall.com\/activity\/winter-democracy-academy-a-week-long-focus-on-youth-participation-for-stronger-local-democracies\/#primaryimage"},"thumbnailUrl":"https:\/\/dypall.com\/wp-content\/uploads\/2024\/01\/DYPALL_03.jpeg","datePublished":"2024-01-09T14:29:53+00:00","dateModified":"2024-10-31T09:57:17+00:00","author":{"@id":"https:\/\/dypall.com\/#\/schema\/person\/f92e08aa15c8ba711a9d153129f03377"},"breadcrumb":{"@id":"https:\/\/dypall.com\/activity\/winter-democracy-academy-a-week-long-focus-on-youth-participation-for-stronger-local-democracies\/#breadcrumb"},"inLanguage":"ro-RO","potentialAction":[{"@type":"ReadAction","target":["https:\/\/dypall.com\/activity\/winter-democracy-academy-a-week-long-focus-on-youth-participation-for-stronger-local-democracies\/"]}]},{"@type":"ImageObject","inLanguage":"ro-RO","@id":"https:\/\/dypall.com\/activity\/winter-democracy-academy-a-week-long-focus-on-youth-participation-for-stronger-local-democracies\/#primaryimage","url":"https:\/\/dypall.com\/wp-content\/uploads\/2024\/01\/DYPALL_03.jpeg","contentUrl":"https:\/\/dypall.com\/wp-content\/uploads\/2024\/01\/DYPALL_03.jpeg","width":2048,"height":1365},{"@type":"BreadcrumbList","@id":"https:\/\/dypall.com\/activity\/winter-democracy-academy-a-week-long-focus-on-youth-participation-for-stronger-local-democracies\/#breadcrumb","itemListElement":[{"@type":"ListItem","position":1,"name":"Home","item":"https:\/\/dypall.com\/"},{"@type":"ListItem","position":2,"name":"Winter Democracy Academy: A Week-long event Focused on Youth Participation for Stronger Local Democracies"}]},{"@type":"WebSite","@id":"https:\/\/dypall.com\/#website","url":"https:\/\/dypall.com\/","name":"DYPALL Network","description":"We are a European network of civil society organisations, municipalities and research institutions dedicated to improving democracy through youth participation.","potentialAction":[{"@type":"SearchAction","target":{"@type":"EntryPoint","urlTemplate":"https:\/\/dypall.com\/?s={search_term_string}"},"query-input":"required name=search_term_string"}],"inLanguage":"ro-RO"},{"@type":"Person","@id":"https:\/\/dypall.com\/#\/schema\/person\/f92e08aa15c8ba711a9d153129f03377","name":"DYPALL Network","image":{"@type":"ImageObject","inLanguage":"ro-RO","@id":"https:\/\/dypall.com\/#\/schema\/person\/image\/","url":"https:\/\/secure.gravatar.com\/avatar\/9c39e299279800c6d69c5e02cf613e7bab060889f373052a03d7ac399e8f0d3c?s=96&d=mm&r=g","contentUrl":"https:\/\/secure.gravatar.com\/avatar\/9c39e299279800c6d69c5e02cf613e7bab060889f373052a03d7ac399e8f0d3c?s=96&d=mm&r=g","caption":"DYPALL Network"},"sameAs":["https:\/\/dypall.com"],"url":"https:\/\/dypall.com\/ro\/author\/dypall\/"}]}},"jetpack_featured_media_url":"https:\/\/dypall.com\/wp-content\/uploads\/2024\/01\/DYPALL_03.jpeg","jetpack_sharing_enabled":true,"_links":{"self":[{"href":"https:\/\/dypall.com\/ro\/wp-json\/wp\/v2\/posts\/6855","targetHints":{"allow":["GET"]}}],"collection":[{"href":"https:\/\/dypall.com\/ro\/wp-json\/wp\/v2\/posts"}],"about":[{"href":"https:\/\/dypall.com\/ro\/wp-json\/wp\/v2\/types\/post"}],"author":[{"embeddable":true,"href":"https:\/\/dypall.com\/ro\/wp-json\/wp\/v2\/users\/1"}],"replies":[{"embeddable":true,"href":"https:\/\/dypall.com\/ro\/wp-json\/wp\/v2\/comments?post=6855"}],"version-history":[{"count":6,"href":"https:\/\/dypall.com\/ro\/wp-json\/wp\/v2\/posts\/6855\/revisions"}],"predecessor-version":[{"id":7988,"href":"https:\/\/dypall.com\/ro\/wp-json\/wp\/v2\/posts\/6855\/revisions\/7988"}],"wp:featuredmedia":[{"embeddable":true,"href":"https:\/\/dypall.com\/ro\/wp-json\/wp\/v2\/media\/7167"}],"wp:attachment":[{"href":"https:\/\/dypall.com\/ro\/wp-json\/wp\/v2\/media?parent=6855"}],"wp:term":[{"taxonomy":"category","embeddable":true,"href":"https:\/\/dypall.com\/ro\/wp-json\/wp\/v2\/categories?post=6855"},{"taxonomy":"post_tag","embeddable":true,"href":"https:\/\/dypall.com\/ro\/wp-json\/wp\/v2\/tags?post=6855"}],"curies":[{"name":"wp","href":"https:\/\/api.w.org\/{rel}","templated":true}]}}