{"id":6452,"date":"2023-05-31T14:35:16","date_gmt":"2023-05-31T13:35:16","guid":{"rendered":"https:\/\/dypall.com\/?p=6452"},"modified":"2023-05-31T14:35:16","modified_gmt":"2023-05-31T13:35:16","slug":"local-youth-councils-at-international-scale-lycis-training-course","status":"publish","type":"post","link":"https:\/\/dypall.com\/ro\/activity\/local-youth-councils-at-international-scale-lycis-training-course\/","title":{"rendered":"Curs de formare \u201eConstruirea unor consilii locale de tineret de calitate\u201d"},"content":{"rendered":"<p><span style=\"font-weight: 400;\">Aspectul<strong> Instruirea interna\u021bional\u0103 a tinerilor multiplicatori,<\/strong> <strong>\u201e<\/strong><em><strong>construirea unor consilii locale de tineret de calitate\u201d,<\/strong><\/em><\/span><span style=\"font-weight: 400;\">\u00a0parte din \u201e<strong>Consiliile locale de tineret la scar\u0103 interna\u021bional\u0103<\/strong>\u201eProiectul (LYCIS) a avut loc \u00een perioada 21-27 mai 2023 la Maia, Portugalia. <\/span><\/p>\n<p><span style=\"font-weight: 400;\">Instruirea a avut ca scop explorarea instrumentelor \u0219i mecanismelor care permit tinerilor s\u0103 se implice \u00een procesele decizionale locale prin \u00eenfiin\u021barea sau \u00eembun\u0103t\u0103\u021birea consiliilor locale de tineret. Participan\u021bii din Portugalia, Italia, Macedonia de Nord, Maroc, Tunisia \u0219i Palestina s-au reunit pentru a face schimb de experien\u021b\u0103, de informa\u021bii \u0219i de bune practici cu privire la diferite structuri, instrumente \u0219i mecanisme utilizate \u00een realit\u0103\u021bile locale.<\/span><\/p>\n<p><span style=\"font-weight: 400;\">Participan\u021bii au evaluat starea consiliilor locale de tineret \u00een realit\u0103\u021bile lor locale \u0219i au discutat despre punerea \u00een aplicare a unor strategii de implicare durabil\u0103 \u0219i favorabil\u0103 incluziunii \u00een contextele locale. Prin schimbul de cuno\u0219tin\u021be, participan\u021bii au dezvoltat competen\u021be \u0219i s-au preg\u0103tit s\u0103 le \u00eemp\u0103rt\u0103\u0219easc\u0103 cu colegii lor, ac\u021bion\u00e2nd ca multiplicatori ai cuno\u0219tin\u021belor \u0219i experien\u021belor \u2013 formarea a vizat consolidarea capacit\u0103\u021bii colective \u0219i stimularea implic\u0103rii cu impact a tinerilor.<\/span><\/p>\n<p><span style=\"font-weight: 400;\">Sesiunile conduse de formatorii re\u021belei DYPALL au \u00eembun\u0103t\u0103\u021bit \u00een\u021belegerea participan\u021bilor \u0219i capacit\u0103\u021bile legate de consiliile locale de tineret. Aceste sesiuni au utilizat educa\u021bia non-formal\u0103 \u0219i metodologii multiple, cum ar fi o scar\u0103 de participare, jocul de rol, bulg\u0103re de z\u0103pad\u0103, barometru \u0219i alte metode.\u00a0<\/span><\/p>\n<p><span style=\"font-weight: 400;\">\u00cen timpul sesiunilor, participan\u021bii au fost invita\u021bi s\u0103 se implice \u00een activit\u0103\u021bi de \u00eenv\u0103\u021bare, inclusiv s\u0103 evalueze realit\u0103\u021bile locale pentru a contribui la abord\u0103ri adaptate, s\u0103 construiasc\u0103 campanii eficiente de advocacy, un atelier privind crearea de con\u021binut pentru o comunicare cu impact \u0219i oportunit\u0103\u021bi de a descoperi practici locale \u0219i solu\u021bii inovatoare puse \u00een aplicare de consiliile de tineret din zon\u0103. \u00cen plus, participan\u021bii au putut s\u0103 se \u00eent\u00e2lneasc\u0103 cu Prim\u0103ria Maia \u0219i s\u0103 se familiarizeze cu strategiile de tineret de acolo.<\/span><\/p>\n<p><span style=\"font-weight: 400;\">Prin intermediul sesiunilor, participan\u021bii au f\u0103cut schimb de aspira\u021bii, temeri, provoc\u0103ri \u0219i posibile solu\u021bii \u00een ceea ce prive\u0219te implementarea consiliilor locale de tineret \u00een realit\u0103\u021bi diverse \u0219i multiculturale.\u00a0<\/span><\/p>\n<p><span style=\"font-weight: 400;\">Formarea LYCIS a demonstrat angajamentul de a capacita consiliile locale ale tinerilor \u0219i de a promova implicarea durabil\u0103 \u0219i favorabil\u0103 incluziunii a tinerilor. Prin explorarea instrumentelor \u0219i mecanismelor, evaluarea st\u0103rii consiliilor locale de tineret, schimbul de experien\u021b\u0103 \u0219i preg\u0103tirea tinerilor multiplicatori, formarea a urm\u0103rit consolidarea capacit\u0103\u021bii participan\u021bilor de a aduce schimb\u0103ri pozitive \u00een comunit\u0103\u021bile lor. Pentru a atinge obiectivele ambi\u021bioase \u00een cadrul comunit\u0103\u021bilor lor, participan\u021bii au contribuit la dezvoltarea <strong>Carta calit\u0103\u021bii<\/strong> \u00een calitate de <strong>instrument de evaluare pentru LYC<\/strong>, care va fi disponibil \u00een cur\u00e2nd.\u00a0<\/span><\/p>\n<p><span style=\"font-weight: 400;\">Formarea a fost cofinan\u021bat\u0103 prin programul Erasmus+ al Uniunii Europene \u0219i coordonat\u0103 de re\u021beaua DYPALL cu sprijinul municipalit\u0103\u021bii Maia. Proiectul este implementat \u00eempreun\u0103 cu <a href=\"https:\/\/www.europiamo.org\/\">Europiamo ETS<\/a> (Italia), <a href=\"https:\/\/youthonboard.com.mk\/\">Tineretul la bord<\/a> (Macedonia de Nord), <a href=\"https:\/\/ysfi.ps\/En\/index.php\/en\/\">Institutul Forumului Studen\u021bilor<\/a> (Palestina), <a href=\"https:\/\/www.facebook.com\/fjmtm\">Forumul Tinerilor Marocani pentru Mileniul III<\/a> (Maroc) \u0219i <a href=\"http:\/\/www.fhird.tn\/\">Institutul Farhat Hached pentru Cercetare \u0219i Democra\u021bie<\/a> (Tunisia).<\/span><\/p>\n<p>&nbsp;<\/p>\n<p><a href=\"https:\/\/dypall.com\/ro\/2023\/05\/31\/local-youth-councils-at-international-scale-lycis-training-course\/schermata-2023-05-31-alle-14-30-16\/#main\" rel=\"attachment wp-att-6454\"><img loading=\"lazy\" decoding=\"async\" class=\"wp-image-6454 aligncenter\" src=\"https:\/\/dypall.com\/wp-content\/uploads\/2023\/05\/Schermata-2023-05-31-alle-14.30.16.png\" alt=\"\" width=\"792\" height=\"516\" \/><\/a><\/p>\n<p><a href=\"https:\/\/dypall.com\/ro\/2023\/05\/31\/local-youth-councils-at-international-scale-lycis-training-course\/schermata-2023-05-31-alle-14-29-05\/#main\" rel=\"attachment wp-att-6453\"><img loading=\"lazy\" decoding=\"async\" class=\"wp-image-6453 aligncenter\" src=\"https:\/\/dypall.com\/wp-content\/uploads\/2023\/05\/Schermata-2023-05-31-alle-14.29.05-e1685539867955.png\" alt=\"\" width=\"792\" height=\"523\" \/><\/a><\/p>","protected":false},"excerpt":{"rendered":"<p>Formarea interna\u021bional\u0103 pentru tinerii multiplicatori, \u201eConstruirea unor consilii locale de tineret de calitate\u201d, care face parte din proiectul \u201eConsilii locale de tineret la scar\u0103 interna\u021bional\u0103\u201d (LYCIS), a avut loc \u00een perioada 21-27 mai 2023 la Maia, Portugalia. Instruirea a avut ca scop explorarea instrumentelor \u0219i mecanismelor care \u00eemputernicesc tinerii s\u0103 se implice \u00een procesele de luare a deciziilor la nivel local prin stabilirea sau \u00eembun\u0103t\u0103\u021birea... <a class=\"more-link\" href=\"https:\/\/dypall.com\/ro\/activity\/local-youth-councils-at-international-scale-lycis-training-course\/\">Continu\u0103 lectura <span class=\"screen-reader-text\">Curs de formare \u201eConstruirea unor consilii locale de tineret de calitate\u201d<\/span><\/a><\/p>","protected":false},"author":2,"featured_media":6453,"comment_status":"closed","ping_status":"open","sticky":false,"template":"","format":"standard","meta":{"_acf_changed":false,"_jetpack_memberships_contains_paid_content":false,"footnotes":""},"categories":[111,141],"tags":[],"class_list":["post-6452","post","type-post","status-publish","format-standard","has-post-thumbnail","hentry","category-activity","category-training-course","entry"],"acf":[],"yoast_head":"<!-- This site is optimized with the Yoast SEO plugin v22.8 - https:\/\/yoast.com\/wordpress\/plugins\/seo\/ -->\n<title>\u201cBuilding Quality Local Youth Councils\u201d training course - DYPALL Network<\/title>\n<meta name=\"robots\" content=\"index, follow, max-snippet:-1, max-image-preview:large, max-video-preview:-1\" \/>\n<link rel=\"canonical\" href=\"https:\/\/dypall.com\/ro\/activity\/local-youth-councils-at-international-scale-lycis-training-course\/\" \/>\n<meta property=\"og:locale\" content=\"ro_RO\" \/>\n<meta property=\"og:type\" content=\"article\" \/>\n<meta property=\"og:title\" content=\"\u201cBuilding Quality Local Youth Councils\u201d training course - DYPALL Network\" \/>\n<meta property=\"og:description\" content=\"The International Training for Young Multipliers, \u201cBuilding Quality Local Youth Councils\u201d,\u00a0part of the \u201cLocal Youth Councils at International Scale\u201d (LYCIS) project, was held from 21st &#8211; 27th May 2023 in Maia, Portugal. The training aimed to explore tools and mechanisms that empower young people to engage in local decision-making processes by establishing or improving local&hellip; Continu\u0103 lectura \u201cBuilding Quality Local Youth Councils\u201d training course\" \/>\n<meta property=\"og:url\" content=\"https:\/\/dypall.com\/ro\/activity\/local-youth-councils-at-international-scale-lycis-training-course\/\" \/>\n<meta property=\"og:site_name\" content=\"DYPALL Network\" \/>\n<meta property=\"article:published_time\" content=\"2023-05-31T13:35:16+00:00\" \/>\n<meta name=\"author\" content=\"dypall\" \/>\n<meta name=\"twitter:card\" content=\"summary_large_image\" \/>\n<meta name=\"twitter:label1\" content=\"Written by\" \/>\n\t<meta name=\"twitter:data1\" content=\"dypall\" \/>\n\t<meta name=\"twitter:label2\" content=\"Est. reading time\" \/>\n\t<meta name=\"twitter:data2\" content=\"2 minute\" \/>\n<script type=\"application\/ld+json\" class=\"yoast-schema-graph\">{\"@context\":\"https:\/\/schema.org\",\"@graph\":[{\"@type\":\"WebPage\",\"@id\":\"https:\/\/dypall.com\/activity\/local-youth-councils-at-international-scale-lycis-training-course\/\",\"url\":\"https:\/\/dypall.com\/activity\/local-youth-councils-at-international-scale-lycis-training-course\/\",\"name\":\"\u201cBuilding Quality Local Youth Councils\u201d training course - DYPALL Network\",\"isPartOf\":{\"@id\":\"https:\/\/dypall.com\/#website\"},\"primaryImageOfPage\":{\"@id\":\"https:\/\/dypall.com\/activity\/local-youth-councils-at-international-scale-lycis-training-course\/#primaryimage\"},\"image\":{\"@id\":\"https:\/\/dypall.com\/activity\/local-youth-councils-at-international-scale-lycis-training-course\/#primaryimage\"},\"thumbnailUrl\":\"\",\"datePublished\":\"2023-05-31T13:35:16+00:00\",\"dateModified\":\"2023-05-31T13:35:16+00:00\",\"author\":{\"@id\":\"https:\/\/dypall.com\/#\/schema\/person\/206350efe851997fcdedef75d118766b\"},\"breadcrumb\":{\"@id\":\"https:\/\/dypall.com\/activity\/local-youth-councils-at-international-scale-lycis-training-course\/#breadcrumb\"},\"inLanguage\":\"ro-RO\",\"potentialAction\":[{\"@type\":\"ReadAction\",\"target\":[\"https:\/\/dypall.com\/activity\/local-youth-councils-at-international-scale-lycis-training-course\/\"]}]},{\"@type\":\"ImageObject\",\"inLanguage\":\"ro-RO\",\"@id\":\"https:\/\/dypall.com\/activity\/local-youth-councils-at-international-scale-lycis-training-course\/#primaryimage\",\"url\":\"\",\"contentUrl\":\"\"},{\"@type\":\"BreadcrumbList\",\"@id\":\"https:\/\/dypall.com\/activity\/local-youth-councils-at-international-scale-lycis-training-course\/#breadcrumb\",\"itemListElement\":[{\"@type\":\"ListItem\",\"position\":1,\"name\":\"Home\",\"item\":\"https:\/\/dypall.com\/\"},{\"@type\":\"ListItem\",\"position\":2,\"name\":\"\u201cBuilding Quality Local Youth Councils\u201d training course\"}]},{\"@type\":\"WebSite\",\"@id\":\"https:\/\/dypall.com\/#website\",\"url\":\"https:\/\/dypall.com\/\",\"name\":\"DYPALL Network\",\"description\":\"We are a European network of civil society organisations, municipalities and research institutions dedicated to improving democracy through youth participation.\",\"potentialAction\":[{\"@type\":\"SearchAction\",\"target\":{\"@type\":\"EntryPoint\",\"urlTemplate\":\"https:\/\/dypall.com\/?s={search_term_string}\"},\"query-input\":\"required name=search_term_string\"}],\"inLanguage\":\"ro-RO\"},{\"@type\":\"Person\",\"@id\":\"https:\/\/dypall.com\/#\/schema\/person\/206350efe851997fcdedef75d118766b\",\"name\":\"dypall\",\"image\":{\"@type\":\"ImageObject\",\"inLanguage\":\"ro-RO\",\"@id\":\"https:\/\/dypall.com\/#\/schema\/person\/image\/\",\"url\":\"https:\/\/secure.gravatar.com\/avatar\/14e8d3d8841cd0bdf69915120bcf9fcfac1567f1dc7035664907322ac47efe29?s=96&d=mm&r=g\",\"contentUrl\":\"https:\/\/secure.gravatar.com\/avatar\/14e8d3d8841cd0bdf69915120bcf9fcfac1567f1dc7035664907322ac47efe29?s=96&d=mm&r=g\",\"caption\":\"dypall\"},\"url\":\"https:\/\/dypall.com\/ro\/author\/dypall_info\/\"}]}<\/script>\n<!-- \/ Yoast SEO plugin. -->","yoast_head_json":{"title":"\u201cBuilding Quality Local Youth Councils\u201d training course - DYPALL Network","robots":{"index":"index","follow":"follow","max-snippet":"max-snippet:-1","max-image-preview":"max-image-preview:large","max-video-preview":"max-video-preview:-1"},"canonical":"https:\/\/dypall.com\/ro\/activity\/local-youth-councils-at-international-scale-lycis-training-course\/","og_locale":"ro_RO","og_type":"article","og_title":"\u201cBuilding Quality Local Youth Councils\u201d training course - DYPALL Network","og_description":"The International Training for Young Multipliers, \u201cBuilding Quality Local Youth Councils\u201d,\u00a0part of the \u201cLocal Youth Councils at International Scale\u201d (LYCIS) project, was held from 21st &#8211; 27th May 2023 in Maia, Portugal. The training aimed to explore tools and mechanisms that empower young people to engage in local decision-making processes by establishing or improving local&hellip; Continu\u0103 lectura \u201cBuilding Quality Local Youth Councils\u201d training course","og_url":"https:\/\/dypall.com\/ro\/activity\/local-youth-councils-at-international-scale-lycis-training-course\/","og_site_name":"DYPALL Network","article_published_time":"2023-05-31T13:35:16+00:00","author":"dypall","twitter_card":"summary_large_image","twitter_misc":{"Written by":"dypall","Est. reading time":"2 minute"},"schema":{"@context":"https:\/\/schema.org","@graph":[{"@type":"WebPage","@id":"https:\/\/dypall.com\/activity\/local-youth-councils-at-international-scale-lycis-training-course\/","url":"https:\/\/dypall.com\/activity\/local-youth-councils-at-international-scale-lycis-training-course\/","name":"\u201cBuilding Quality Local Youth Councils\u201d training course - DYPALL Network","isPartOf":{"@id":"https:\/\/dypall.com\/#website"},"primaryImageOfPage":{"@id":"https:\/\/dypall.com\/activity\/local-youth-councils-at-international-scale-lycis-training-course\/#primaryimage"},"image":{"@id":"https:\/\/dypall.com\/activity\/local-youth-councils-at-international-scale-lycis-training-course\/#primaryimage"},"thumbnailUrl":"","datePublished":"2023-05-31T13:35:16+00:00","dateModified":"2023-05-31T13:35:16+00:00","author":{"@id":"https:\/\/dypall.com\/#\/schema\/person\/206350efe851997fcdedef75d118766b"},"breadcrumb":{"@id":"https:\/\/dypall.com\/activity\/local-youth-councils-at-international-scale-lycis-training-course\/#breadcrumb"},"inLanguage":"ro-RO","potentialAction":[{"@type":"ReadAction","target":["https:\/\/dypall.com\/activity\/local-youth-councils-at-international-scale-lycis-training-course\/"]}]},{"@type":"ImageObject","inLanguage":"ro-RO","@id":"https:\/\/dypall.com\/activity\/local-youth-councils-at-international-scale-lycis-training-course\/#primaryimage","url":"","contentUrl":""},{"@type":"BreadcrumbList","@id":"https:\/\/dypall.com\/activity\/local-youth-councils-at-international-scale-lycis-training-course\/#breadcrumb","itemListElement":[{"@type":"ListItem","position":1,"name":"Home","item":"https:\/\/dypall.com\/"},{"@type":"ListItem","position":2,"name":"\u201cBuilding Quality Local Youth Councils\u201d training course"}]},{"@type":"WebSite","@id":"https:\/\/dypall.com\/#website","url":"https:\/\/dypall.com\/","name":"DYPALL Network","description":"We are a European network of civil society organisations, municipalities and research institutions dedicated to improving democracy through youth participation.","potentialAction":[{"@type":"SearchAction","target":{"@type":"EntryPoint","urlTemplate":"https:\/\/dypall.com\/?s={search_term_string}"},"query-input":"required name=search_term_string"}],"inLanguage":"ro-RO"},{"@type":"Person","@id":"https:\/\/dypall.com\/#\/schema\/person\/206350efe851997fcdedef75d118766b","name":"dypall","image":{"@type":"ImageObject","inLanguage":"ro-RO","@id":"https:\/\/dypall.com\/#\/schema\/person\/image\/","url":"https:\/\/secure.gravatar.com\/avatar\/14e8d3d8841cd0bdf69915120bcf9fcfac1567f1dc7035664907322ac47efe29?s=96&d=mm&r=g","contentUrl":"https:\/\/secure.gravatar.com\/avatar\/14e8d3d8841cd0bdf69915120bcf9fcfac1567f1dc7035664907322ac47efe29?s=96&d=mm&r=g","caption":"dypall"},"url":"https:\/\/dypall.com\/ro\/author\/dypall_info\/"}]}},"jetpack_featured_media_url":"","jetpack_sharing_enabled":true,"_links":{"self":[{"href":"https:\/\/dypall.com\/ro\/wp-json\/wp\/v2\/posts\/6452","targetHints":{"allow":["GET"]}}],"collection":[{"href":"https:\/\/dypall.com\/ro\/wp-json\/wp\/v2\/posts"}],"about":[{"href":"https:\/\/dypall.com\/ro\/wp-json\/wp\/v2\/types\/post"}],"author":[{"embeddable":true,"href":"https:\/\/dypall.com\/ro\/wp-json\/wp\/v2\/users\/2"}],"replies":[{"embeddable":true,"href":"https:\/\/dypall.com\/ro\/wp-json\/wp\/v2\/comments?post=6452"}],"version-history":[{"count":0,"href":"https:\/\/dypall.com\/ro\/wp-json\/wp\/v2\/posts\/6452\/revisions"}],"wp:featuredmedia":[{"embeddable":true,"href":"https:\/\/dypall.com\/ro\/wp-json\/"}],"wp:attachment":[{"href":"https:\/\/dypall.com\/ro\/wp-json\/wp\/v2\/media?parent=6452"}],"wp:term":[{"taxonomy":"category","embeddable":true,"href":"https:\/\/dypall.com\/ro\/wp-json\/wp\/v2\/categories?post=6452"},{"taxonomy":"post_tag","embeddable":true,"href":"https:\/\/dypall.com\/ro\/wp-json\/wp\/v2\/tags?post=6452"}],"curies":[{"name":"wp","href":"https:\/\/api.w.org\/{rel}","templated":true}]}}