{"id":6211,"date":"2022-12-22T15:33:23","date_gmt":"2022-12-22T15:33:23","guid":{"rendered":"https:\/\/dypall.com\/?p=6211"},"modified":"2022-12-22T15:33:23","modified_gmt":"2022-12-22T15:33:23","slug":"youth2europe-project-kick-off","status":"publish","type":"post","link":"https:\/\/dypall.com\/ro\/activity\/youth2europe-project-kick-off\/","title":{"rendered":"Lansarea proiectului \u201eYouth2EUrope\u201d"},"content":{"rendered":"<p><span style=\"font-weight: 400;\">Prima reuniune transna\u021bional\u0103 a partenerilor din cadrul \u201e<strong>Youth2EUrope\u201d (Y2EU)<\/strong>\u00a0Proiectul a avut loc din 7<\/span><span style=\"font-weight: 400;\">th<\/span><span style=\"font-weight: 400;\"> \u2013 10<\/span><span style=\"font-weight: 400;\">th<\/span><span style=\"font-weight: 400;\"> decembrie 2022 la Kaunas, Lituania.<\/span><\/p>\n<p><span style=\"font-weight: 400;\">Aceasta a fost o reuniune de lansare \u00een cadrul c\u0103reia partenerii au avut ocazia s\u0103 discute \u0219i s\u0103 planifice activit\u0103\u021bile prev\u0103zute ale proiectului care vor fi puse \u00een aplicare \u00een urm\u0103torii doi ani pentru a familiariza tinerii cu func\u021bionarea institu\u021biilor europene, concentr\u00e2ndu-se asupra Parlamentului European \u0219i aduc\u00e2nd institu\u021biile mai aproape de cet\u0103\u021benii pe care \u00eei reprezint\u0103 \u0219i pentru care lucreaz\u0103.<\/span><\/p>\n<p><span style=\"font-weight: 400;\">Aspectul <strong>principal\u0103<\/strong> <strong>obiective<\/strong> ale proiectului sunt:<\/span><\/p>\n<ol>\n<li style=\"font-weight: 400;\" aria-level=\"1\"><span style=\"font-weight: 400;\">s\u0103 contribuie la o genera\u021bie mai con\u0219tient\u0103 din punct de vedere politic \u0219i mai implicat\u0103 din punct de vedere politic, prin analizarea cuno\u0219tin\u021belor tinerilor cu privire la Parlamentul European \u0219i a nivelului de implicare politic\u0103 pe teritoriile partenerilor de proiect;<\/span><\/li>\n<li style=\"font-weight: 400;\" aria-level=\"1\"><span style=\"font-weight: 400;\">s\u0103 ofere tinerilor cuno\u0219tin\u021be \u0219i spa\u021biu pentru a discuta despre democra\u021bie, drepturile fundamentale \u0219i valorile europene \u0219i pentru a-\u0219i exprima opiniile prin experimentarea procesului decizional prin simularea Parlamentului European.<\/span><\/li>\n<\/ol>\n<p><span style=\"font-weight: 400;\">Un obiectiv suplimentar care se axeaz\u0103 pe organiza\u021biile de tineret \u0219i pe lucr\u0103torii de tineret este de a oferi instrumente organiza\u021biilor care lucreaz\u0103 la cre\u0219terea particip\u0103rii tinerilor, ceea ce ar contribui la educarea \u0219i dezvoltarea comunit\u0103\u021bii de tineri interesa\u021bi de chestiunile legate de UE.<\/span><\/p>\n<p><span style=\"font-weight: 400;\">Un consor\u021biu format din 4 organiza\u021bii pune \u00een aplicare proiectul Y2EU: <a href=\"https:\/\/manoeuropa.org\/\">Mano Europa<\/a> (Lituania), <a href=\"https:\/\/dkolektiv.hr\/public\/hr\">DKolektiv<\/a> (Croa\u021bia), <a href=\"https:\/\/www.glocalfactory.eu\/\">Fabrica Glocal din<\/a> (Italia) \u0219i re\u021beaua DYPALL \u00een cadrul programului CEDV.<\/span><\/p>\n<p><a href=\"https:\/\/dypall.com\/ro\/2022\/12\/22\/youth2europe-project-kick-off\/whatsapp-image-2022-12-22-at-15-14-38\/#main\" rel=\"attachment wp-att-6214\"><img loading=\"lazy\" decoding=\"async\" class=\"alignnone size-full wp-image-6214\" src=\"https:\/\/dypall.com\/wp-content\/uploads\/2022\/12\/WhatsApp-Image-2022-12-22-at-15.14.38.jpeg\" alt=\"\" width=\"2048\" height=\"1536\" \/><\/a><\/p>\n<p><a href=\"https:\/\/dypall.com\/ro\/2022\/12\/22\/youth2europe-project-kick-off\/whatsapp-image-2022-12-22-at-15-14-38-1\/#main\" rel=\"attachment wp-att-6213\"><img loading=\"lazy\" decoding=\"async\" class=\"alignnone size-full wp-image-6213\" src=\"https:\/\/dypall.com\/wp-content\/uploads\/2022\/12\/WhatsApp-Image-2022-12-22-at-15.14.38-1.jpeg\" alt=\"\" width=\"1536\" height=\"2048\" \/><\/a><\/p>","protected":false},"excerpt":{"rendered":"<p>Prima reuniune transna\u021bional\u0103 a partenerilor din cadrul proiectului \u201eYouth2EUrope\u201d (Y2EU) a avut loc \u00een perioada 7-10 decembrie 2022 la Kaunas, Lituania. Aceasta a fost o \u00eent\u00e2lnire de lansare \u00een care partenerii au avut ocazia s\u0103 discute \u0219i s\u0103 planifice activit\u0103\u021bile prev\u0103zute ale proiectului care vor fi puse \u00een aplicare \u00een urm\u0103torii doi ani pentru a familiariza tinerii cu lucr\u0103rile... <a class=\"more-link\" href=\"https:\/\/dypall.com\/ro\/activity\/youth2europe-project-kick-off\/\">Continu\u0103 lectura <span class=\"screen-reader-text\">Lansarea proiectului \u201eYouth2EUrope\u201d<\/span><\/a><\/p>","protected":false},"author":1,"featured_media":6212,"comment_status":"closed","ping_status":"open","sticky":false,"template":"","format":"standard","meta":{"_acf_changed":false,"_jetpack_memberships_contains_paid_content":false,"footnotes":""},"categories":[111],"tags":[],"class_list":["post-6211","post","type-post","status-publish","format-standard","has-post-thumbnail","hentry","category-activity","entry"],"acf":[],"yoast_head":"<!-- This site is optimized with the Yoast SEO plugin v22.8 - https:\/\/yoast.com\/wordpress\/plugins\/seo\/ -->\n<title>&quot;Youth2EUrope&quot; project kick-off - DYPALL Network<\/title>\n<meta name=\"robots\" content=\"index, follow, max-snippet:-1, max-image-preview:large, max-video-preview:-1\" \/>\n<link rel=\"canonical\" href=\"https:\/\/dypall.com\/ro\/activity\/youth2europe-project-kick-off\/\" \/>\n<meta property=\"og:locale\" content=\"ro_RO\" \/>\n<meta property=\"og:type\" content=\"article\" \/>\n<meta property=\"og:title\" content=\"&quot;Youth2EUrope&quot; project kick-off - DYPALL Network\" \/>\n<meta property=\"og:description\" content=\"The first Transnational partner\u2019s meeting of the &#8220;Youth2EUrope&#8221; (Y2EU)\u00a0project took place from 7th \u2013 10th December 2022 in Kaunas, Lithuania. This was a kick-off meeting where partners had an opportunity to discuss and plan the foreseen activities of the project that will be implemented in the next two years to familiarize youth with the workings&hellip; Continu\u0103 lectura &#8220;Youth2EUrope&#8221; project kick-off\" \/>\n<meta property=\"og:url\" content=\"https:\/\/dypall.com\/ro\/activity\/youth2europe-project-kick-off\/\" \/>\n<meta property=\"og:site_name\" content=\"DYPALL Network\" \/>\n<meta property=\"article:published_time\" content=\"2022-12-22T15:33:23+00:00\" \/>\n<meta name=\"author\" content=\"DYPALL Network\" \/>\n<meta name=\"twitter:card\" content=\"summary_large_image\" \/>\n<meta name=\"twitter:label1\" content=\"Written by\" \/>\n\t<meta name=\"twitter:data1\" content=\"DYPALL Network\" \/>\n\t<meta name=\"twitter:label2\" content=\"Est. reading time\" \/>\n\t<meta name=\"twitter:data2\" content=\"1 minut\" \/>\n<script type=\"application\/ld+json\" class=\"yoast-schema-graph\">{\"@context\":\"https:\/\/schema.org\",\"@graph\":[{\"@type\":\"WebPage\",\"@id\":\"https:\/\/dypall.com\/activity\/youth2europe-project-kick-off\/\",\"url\":\"https:\/\/dypall.com\/activity\/youth2europe-project-kick-off\/\",\"name\":\"\\\"Youth2EUrope\\\" project kick-off - DYPALL Network\",\"isPartOf\":{\"@id\":\"https:\/\/dypall.com\/#website\"},\"primaryImageOfPage\":{\"@id\":\"https:\/\/dypall.com\/activity\/youth2europe-project-kick-off\/#primaryimage\"},\"image\":{\"@id\":\"https:\/\/dypall.com\/activity\/youth2europe-project-kick-off\/#primaryimage\"},\"thumbnailUrl\":\"\",\"datePublished\":\"2022-12-22T15:33:23+00:00\",\"dateModified\":\"2022-12-22T15:33:23+00:00\",\"author\":{\"@id\":\"https:\/\/dypall.com\/#\/schema\/person\/f92e08aa15c8ba711a9d153129f03377\"},\"breadcrumb\":{\"@id\":\"https:\/\/dypall.com\/activity\/youth2europe-project-kick-off\/#breadcrumb\"},\"inLanguage\":\"ro-RO\",\"potentialAction\":[{\"@type\":\"ReadAction\",\"target\":[\"https:\/\/dypall.com\/activity\/youth2europe-project-kick-off\/\"]}]},{\"@type\":\"ImageObject\",\"inLanguage\":\"ro-RO\",\"@id\":\"https:\/\/dypall.com\/activity\/youth2europe-project-kick-off\/#primaryimage\",\"url\":\"\",\"contentUrl\":\"\"},{\"@type\":\"BreadcrumbList\",\"@id\":\"https:\/\/dypall.com\/activity\/youth2europe-project-kick-off\/#breadcrumb\",\"itemListElement\":[{\"@type\":\"ListItem\",\"position\":1,\"name\":\"Home\",\"item\":\"https:\/\/dypall.com\/\"},{\"@type\":\"ListItem\",\"position\":2,\"name\":\"&#8220;Youth2EUrope&#8221; project kick-off\"}]},{\"@type\":\"WebSite\",\"@id\":\"https:\/\/dypall.com\/#website\",\"url\":\"https:\/\/dypall.com\/\",\"name\":\"DYPALL Network\",\"description\":\"We are a European network of civil society organisations, municipalities and research institutions dedicated to improving democracy through youth participation.\",\"potentialAction\":[{\"@type\":\"SearchAction\",\"target\":{\"@type\":\"EntryPoint\",\"urlTemplate\":\"https:\/\/dypall.com\/?s={search_term_string}\"},\"query-input\":\"required name=search_term_string\"}],\"inLanguage\":\"ro-RO\"},{\"@type\":\"Person\",\"@id\":\"https:\/\/dypall.com\/#\/schema\/person\/f92e08aa15c8ba711a9d153129f03377\",\"name\":\"DYPALL Network\",\"image\":{\"@type\":\"ImageObject\",\"inLanguage\":\"ro-RO\",\"@id\":\"https:\/\/dypall.com\/#\/schema\/person\/image\/\",\"url\":\"https:\/\/secure.gravatar.com\/avatar\/9c39e299279800c6d69c5e02cf613e7bab060889f373052a03d7ac399e8f0d3c?s=96&d=mm&r=g\",\"contentUrl\":\"https:\/\/secure.gravatar.com\/avatar\/9c39e299279800c6d69c5e02cf613e7bab060889f373052a03d7ac399e8f0d3c?s=96&d=mm&r=g\",\"caption\":\"DYPALL Network\"},\"sameAs\":[\"https:\/\/dypall.com\"],\"url\":\"https:\/\/dypall.com\/ro\/author\/dypall\/\"}]}<\/script>\n<!-- \/ Yoast SEO plugin. -->","yoast_head_json":{"title":"\"Youth2EUrope\" project kick-off - DYPALL Network","robots":{"index":"index","follow":"follow","max-snippet":"max-snippet:-1","max-image-preview":"max-image-preview:large","max-video-preview":"max-video-preview:-1"},"canonical":"https:\/\/dypall.com\/ro\/activity\/youth2europe-project-kick-off\/","og_locale":"ro_RO","og_type":"article","og_title":"\"Youth2EUrope\" project kick-off - DYPALL Network","og_description":"The first Transnational partner\u2019s meeting of the &#8220;Youth2EUrope&#8221; (Y2EU)\u00a0project took place from 7th \u2013 10th December 2022 in Kaunas, Lithuania. This was a kick-off meeting where partners had an opportunity to discuss and plan the foreseen activities of the project that will be implemented in the next two years to familiarize youth with the workings&hellip; Continu\u0103 lectura &#8220;Youth2EUrope&#8221; project kick-off","og_url":"https:\/\/dypall.com\/ro\/activity\/youth2europe-project-kick-off\/","og_site_name":"DYPALL Network","article_published_time":"2022-12-22T15:33:23+00:00","author":"DYPALL Network","twitter_card":"summary_large_image","twitter_misc":{"Written by":"DYPALL Network","Est. reading time":"1 minut"},"schema":{"@context":"https:\/\/schema.org","@graph":[{"@type":"WebPage","@id":"https:\/\/dypall.com\/activity\/youth2europe-project-kick-off\/","url":"https:\/\/dypall.com\/activity\/youth2europe-project-kick-off\/","name":"\"Youth2EUrope\" project kick-off - DYPALL Network","isPartOf":{"@id":"https:\/\/dypall.com\/#website"},"primaryImageOfPage":{"@id":"https:\/\/dypall.com\/activity\/youth2europe-project-kick-off\/#primaryimage"},"image":{"@id":"https:\/\/dypall.com\/activity\/youth2europe-project-kick-off\/#primaryimage"},"thumbnailUrl":"","datePublished":"2022-12-22T15:33:23+00:00","dateModified":"2022-12-22T15:33:23+00:00","author":{"@id":"https:\/\/dypall.com\/#\/schema\/person\/f92e08aa15c8ba711a9d153129f03377"},"breadcrumb":{"@id":"https:\/\/dypall.com\/activity\/youth2europe-project-kick-off\/#breadcrumb"},"inLanguage":"ro-RO","potentialAction":[{"@type":"ReadAction","target":["https:\/\/dypall.com\/activity\/youth2europe-project-kick-off\/"]}]},{"@type":"ImageObject","inLanguage":"ro-RO","@id":"https:\/\/dypall.com\/activity\/youth2europe-project-kick-off\/#primaryimage","url":"","contentUrl":""},{"@type":"BreadcrumbList","@id":"https:\/\/dypall.com\/activity\/youth2europe-project-kick-off\/#breadcrumb","itemListElement":[{"@type":"ListItem","position":1,"name":"Home","item":"https:\/\/dypall.com\/"},{"@type":"ListItem","position":2,"name":"&#8220;Youth2EUrope&#8221; project kick-off"}]},{"@type":"WebSite","@id":"https:\/\/dypall.com\/#website","url":"https:\/\/dypall.com\/","name":"DYPALL Network","description":"We are a European network of civil society organisations, municipalities and research institutions dedicated to improving democracy through youth participation.","potentialAction":[{"@type":"SearchAction","target":{"@type":"EntryPoint","urlTemplate":"https:\/\/dypall.com\/?s={search_term_string}"},"query-input":"required name=search_term_string"}],"inLanguage":"ro-RO"},{"@type":"Person","@id":"https:\/\/dypall.com\/#\/schema\/person\/f92e08aa15c8ba711a9d153129f03377","name":"DYPALL Network","image":{"@type":"ImageObject","inLanguage":"ro-RO","@id":"https:\/\/dypall.com\/#\/schema\/person\/image\/","url":"https:\/\/secure.gravatar.com\/avatar\/9c39e299279800c6d69c5e02cf613e7bab060889f373052a03d7ac399e8f0d3c?s=96&d=mm&r=g","contentUrl":"https:\/\/secure.gravatar.com\/avatar\/9c39e299279800c6d69c5e02cf613e7bab060889f373052a03d7ac399e8f0d3c?s=96&d=mm&r=g","caption":"DYPALL Network"},"sameAs":["https:\/\/dypall.com"],"url":"https:\/\/dypall.com\/ro\/author\/dypall\/"}]}},"jetpack_featured_media_url":"","jetpack_sharing_enabled":true,"_links":{"self":[{"href":"https:\/\/dypall.com\/ro\/wp-json\/wp\/v2\/posts\/6211","targetHints":{"allow":["GET"]}}],"collection":[{"href":"https:\/\/dypall.com\/ro\/wp-json\/wp\/v2\/posts"}],"about":[{"href":"https:\/\/dypall.com\/ro\/wp-json\/wp\/v2\/types\/post"}],"author":[{"embeddable":true,"href":"https:\/\/dypall.com\/ro\/wp-json\/wp\/v2\/users\/1"}],"replies":[{"embeddable":true,"href":"https:\/\/dypall.com\/ro\/wp-json\/wp\/v2\/comments?post=6211"}],"version-history":[{"count":0,"href":"https:\/\/dypall.com\/ro\/wp-json\/wp\/v2\/posts\/6211\/revisions"}],"wp:featuredmedia":[{"embeddable":true,"href":"https:\/\/dypall.com\/ro\/wp-json\/"}],"wp:attachment":[{"href":"https:\/\/dypall.com\/ro\/wp-json\/wp\/v2\/media?parent=6211"}],"wp:term":[{"taxonomy":"category","embeddable":true,"href":"https:\/\/dypall.com\/ro\/wp-json\/wp\/v2\/categories?post=6211"},{"taxonomy":"post_tag","embeddable":true,"href":"https:\/\/dypall.com\/ro\/wp-json\/wp\/v2\/tags?post=6211"}],"curies":[{"name":"wp","href":"https:\/\/api.w.org\/{rel}","templated":true}]}}