{"id":6167,"date":"2022-12-12T16:24:07","date_gmt":"2022-12-12T16:24:07","guid":{"rendered":"https:\/\/dypall.com\/?p=6167"},"modified":"2022-12-12T16:24:07","modified_gmt":"2022-12-12T16:24:07","slug":"dypall-network-europeans-steering-group-meeting-and-assembly-of-members","status":"publish","type":"post","link":"https:\/\/dypall.com\/ro\/activity\/dypall-network-europeans-steering-group-meeting-and-assembly-of-members\/","title":{"rendered":"\u0218edin\u021ba grupului de coordonare a re\u021belei DYPALL \u0219i adunarea membrilor"},"content":{"rendered":"<p><span style=\"font-weight: 400;\">Re\u021beaua DYPALL<strong>\u00a0\u0218edin\u021ba grupului de coordonare<\/strong> \u0219i <strong>Adunarea membrilor<\/strong> a avut loc \u00een perioada 20-24 noiembrie 2022 la Vila Nova de Gaia, Portugalia. Ambele evenimente au permis membrilor s\u0103 se cunoasc\u0103 mai bine \u0219i s\u0103 dob\u00e2ndeasc\u0103 expertiza pe care o aduc re\u021belei.<\/span><\/p>\n<p><span style=\"font-weight: 400;\">\u00cen timpul <strong>\u0218edin\u021ba grupului de coordonare<\/strong>, care a avut loc la 21<\/span><span style=\"font-weight: 400;\">st<\/span><span style=\"font-weight: 400;\"> \u00cen noiembrie, membrii au contribuit la Planul strategic \u0219i de ac\u021biune pentru perioada 2023-2025, pe m\u0103sur\u0103 ce am discutat despre provoc\u0103rile actuale ale re\u021belei \u0219i despre modul de abordare a acestora. \u00cen plus, membrii no\u0219tri \u0219i-au oferit sprijinul pentru a contribui la diferite oportunit\u0103\u021bi de re\u021bea \u0219i la noile noastre domenii de program: Democra\u021bia tinerilor, ora\u0219ele de bun venit \u0219i noile forme de participare.\u00a0<\/span><\/p>\n<p><span style=\"font-weight: 400;\">\u00cen cursul \u0219edin\u021bei noastre, membrii grupului de coordonare au preg\u0103tit grupurile de lucru tematice pentru Adunarea membrilor, care a avut loc la 22 noiembrie \u00een acela\u0219i loc, pe tema schimb\u0103rilor climatice, a incluziunii \u0219i a particip\u0103rii, precum \u0219i a sprijinului acordat membrilor pentru a colecta contribu\u021bii din partea altor membri \u00een vederea \u00eembun\u0103t\u0103\u021birii dezvolt\u0103rii re\u021belei.<\/span><\/p>\n<p><span style=\"font-weight: 400;\">Aspectul <strong>Adunarea membrilor<\/strong> a permis membrilor re\u021belei noastre s\u0103 se reuneasc\u0103 pentru a examina rezultatele principalelor activit\u0103\u021bi puse \u00een aplicare \u00een cursul anului \u0219i pentru a prezenta planul de activitate pentru 2023. \u00cent\u00e2lnirea noastr\u0103 a promovat spa\u021bii de calitate pentru crearea de re\u021bele \u00eentre membrii no\u0219tri pentru a identifica posibile oportunit\u0103\u021bi de colaborare viitoare \u00een ceea ce prive\u0219te dezvoltarea de proiecte de cooperare \u0219i parteneriate.\u00a0<\/span><\/p>\n<p><span style=\"font-weight: 400;\">La 23 noiembrie, membrii s-au al\u0103turat vizitei de studiu <em><strong>\u201eStimularea particip\u0103rii tinerilor la nivel local 3\u201d<\/strong><\/em>, care a adus o valoare ad\u0103ugat\u0103 evenimentului, deoarece membrii au putut cunoa\u0219te provoc\u0103rile legate de participarea tinerilor \u00een zonele rurale din nordul Portugaliei.<\/span><\/p>\n<p>Evenimentele au fost organizate de DYPALL Network cu sprijinul\u00a0<i><a href=\"https:\/\/www.cm-gaia.pt\/pt\/cidade\/juventude\/gabinete-de-juventude\/\"><span style=\"font-weight: 400;\">Comuna Vila Nova de Gaia<\/span><\/a><\/i>\u00a0\u0219i finan\u021bat\u0103 prin programul Erasmus+ de cooperare a societ\u0103\u021bii civile \u00een domeniile tineretului, educa\u021biei \u0219i form\u0103rii.<\/p>\n<p><a href=\"https:\/\/dypall.com\/ro\/2022\/12\/12\/dypall-network-europeans-steering-group-meeting-and-assembly-of-members\/steering-group-meeting\/#main\" rel=\"attachment wp-att-6173\"><img loading=\"lazy\" decoding=\"async\" class=\"alignnone size-full wp-image-6173\" src=\"https:\/\/dypall.com\/wp-content\/uploads\/2022\/12\/Steering-group-meeting.jpeg\" alt=\"\" width=\"2048\" height=\"1235\" \/><\/a><\/p>\n<p><a href=\"https:\/\/dypall.com\/ro\/2022\/12\/12\/dypall-network-europeans-steering-group-meeting-and-assembly-of-members\/4-22\/#main\" rel=\"attachment wp-att-6172\"><img loading=\"lazy\" decoding=\"async\" class=\"alignnone size-full wp-image-6172\" src=\"https:\/\/dypall.com\/wp-content\/uploads\/2022\/12\/4.jpg\" alt=\"\" width=\"1600\" height=\"1200\" \/><\/a><\/p>\n<p><a href=\"https:\/\/dypall.com\/ro\/2022\/12\/12\/dypall-network-europeans-steering-group-meeting-and-assembly-of-members\/3-25\/#main\" rel=\"attachment wp-att-6171\"><img loading=\"lazy\" decoding=\"async\" class=\"alignnone size-full wp-image-6171\" src=\"https:\/\/dypall.com\/wp-content\/uploads\/2022\/12\/3.jpg\" alt=\"\" width=\"2000\" height=\"1500\" \/><\/a><\/p>\n<p><a href=\"https:\/\/dypall.com\/ro\/2022\/12\/12\/dypall-network-europeans-steering-group-meeting-and-assembly-of-members\/5-17\/#main\" rel=\"attachment wp-att-6170\"><img loading=\"lazy\" decoding=\"async\" class=\"alignnone size-full wp-image-6170\" src=\"https:\/\/dypall.com\/wp-content\/uploads\/2022\/12\/5.jpg\" alt=\"\" width=\"2000\" height=\"1500\" \/><\/a><\/p>\n<p><a href=\"https:\/\/dypall.com\/ro\/2022\/12\/12\/dypall-network-europeans-steering-group-meeting-and-assembly-of-members\/2-29\/#main\" rel=\"attachment wp-att-6169\"><img loading=\"lazy\" decoding=\"async\" class=\"alignnone size-full wp-image-6169\" src=\"https:\/\/dypall.com\/wp-content\/uploads\/2022\/12\/2.jpg\" alt=\"\" width=\"1600\" height=\"1200\" \/><\/a><\/p>\n<p><a href=\"https:\/\/dypall.com\/ro\/2022\/12\/12\/dypall-network-europeans-steering-group-meeting-and-assembly-of-members\/1-27\/#main\" rel=\"attachment wp-att-6168\"><img loading=\"lazy\" decoding=\"async\" class=\"alignnone size-full wp-image-6168\" src=\"https:\/\/dypall.com\/wp-content\/uploads\/2022\/12\/1.jpg\" alt=\"\" width=\"1527\" height=\"1600\" \/><\/a><\/p>","protected":false},"excerpt":{"rendered":"<p>\u0218edin\u021ba grupului de coordonare al re\u021belei DYPALL \u0219i adunarea membrilor au avut loc \u00een perioada 20-24 noiembrie 2022 la Vila Nova de Gaia, Portugalia. Ambele evenimente au permis membrilor s\u0103 se cunoasc\u0103 mai bine \u0219i s\u0103 dob\u00e2ndeasc\u0103 expertiza pe care o aduc re\u021belei. \u00cen cadrul \u0219edin\u021bei grupului de coordonare, care a avut loc pe 21 noiembrie, membrii au contribuit cu... <a class=\"more-link\" href=\"https:\/\/dypall.com\/ro\/activity\/dypall-network-europeans-steering-group-meeting-and-assembly-of-members\/\">Continu\u0103 lectura <span class=\"screen-reader-text\">\u0218edin\u021ba grupului de coordonare a re\u021belei DYPALL \u0219i adunarea membrilor<\/span><\/a><\/p>","protected":false},"author":2,"featured_media":6173,"comment_status":"closed","ping_status":"open","sticky":false,"template":"","format":"standard","meta":{"_acf_changed":false,"_jetpack_memberships_contains_paid_content":false,"footnotes":""},"categories":[111],"tags":[],"class_list":["post-6167","post","type-post","status-publish","format-standard","has-post-thumbnail","hentry","category-activity","entry"],"acf":[],"yoast_head":"<!-- This site is optimized with the Yoast SEO plugin v22.8 - https:\/\/yoast.com\/wordpress\/plugins\/seo\/ -->\n<title>DYPALL Network Steering group meeting and Assembly of members - DYPALL Network<\/title>\n<meta name=\"robots\" content=\"index, follow, max-snippet:-1, max-image-preview:large, max-video-preview:-1\" \/>\n<link rel=\"canonical\" href=\"https:\/\/dypall.com\/ro\/activity\/dypall-network-europeans-steering-group-meeting-and-assembly-of-members\/\" \/>\n<meta property=\"og:locale\" content=\"ro_RO\" \/>\n<meta property=\"og:type\" content=\"article\" \/>\n<meta property=\"og:title\" content=\"DYPALL Network Steering group meeting and Assembly of members - DYPALL Network\" \/>\n<meta property=\"og:description\" content=\"DYPALL Network\u00a0Steering group meeting and Assembly of Members took place from 20th to 24th November 2022 in Vila Nova de Gaia, Portugal. Both events allowed members to get to know each other better and the expertise they are bringing to the Network. During the Steering group meeting, which was held on 21st November, members contributed&hellip; Continu\u0103 lectura DYPALL Network Steering group meeting and Assembly of members\" \/>\n<meta property=\"og:url\" content=\"https:\/\/dypall.com\/ro\/activity\/dypall-network-europeans-steering-group-meeting-and-assembly-of-members\/\" \/>\n<meta property=\"og:site_name\" content=\"DYPALL Network\" \/>\n<meta property=\"article:published_time\" content=\"2022-12-12T16:24:07+00:00\" \/>\n<meta name=\"author\" content=\"dypall\" \/>\n<meta name=\"twitter:card\" content=\"summary_large_image\" \/>\n<meta name=\"twitter:label1\" content=\"Written by\" \/>\n\t<meta name=\"twitter:data1\" content=\"dypall\" \/>\n\t<meta name=\"twitter:label2\" content=\"Est. reading time\" \/>\n\t<meta name=\"twitter:data2\" content=\"1 minut\" \/>\n<script type=\"application\/ld+json\" class=\"yoast-schema-graph\">{\"@context\":\"https:\/\/schema.org\",\"@graph\":[{\"@type\":\"WebPage\",\"@id\":\"https:\/\/dypall.com\/activity\/dypall-network-europeans-steering-group-meeting-and-assembly-of-members\/\",\"url\":\"https:\/\/dypall.com\/activity\/dypall-network-europeans-steering-group-meeting-and-assembly-of-members\/\",\"name\":\"DYPALL Network Steering group meeting and Assembly of members - DYPALL Network\",\"isPartOf\":{\"@id\":\"https:\/\/dypall.com\/#website\"},\"primaryImageOfPage\":{\"@id\":\"https:\/\/dypall.com\/activity\/dypall-network-europeans-steering-group-meeting-and-assembly-of-members\/#primaryimage\"},\"image\":{\"@id\":\"https:\/\/dypall.com\/activity\/dypall-network-europeans-steering-group-meeting-and-assembly-of-members\/#primaryimage\"},\"thumbnailUrl\":\"\",\"datePublished\":\"2022-12-12T16:24:07+00:00\",\"dateModified\":\"2022-12-12T16:24:07+00:00\",\"author\":{\"@id\":\"https:\/\/dypall.com\/#\/schema\/person\/206350efe851997fcdedef75d118766b\"},\"breadcrumb\":{\"@id\":\"https:\/\/dypall.com\/activity\/dypall-network-europeans-steering-group-meeting-and-assembly-of-members\/#breadcrumb\"},\"inLanguage\":\"ro-RO\",\"potentialAction\":[{\"@type\":\"ReadAction\",\"target\":[\"https:\/\/dypall.com\/activity\/dypall-network-europeans-steering-group-meeting-and-assembly-of-members\/\"]}]},{\"@type\":\"ImageObject\",\"inLanguage\":\"ro-RO\",\"@id\":\"https:\/\/dypall.com\/activity\/dypall-network-europeans-steering-group-meeting-and-assembly-of-members\/#primaryimage\",\"url\":\"\",\"contentUrl\":\"\"},{\"@type\":\"BreadcrumbList\",\"@id\":\"https:\/\/dypall.com\/activity\/dypall-network-europeans-steering-group-meeting-and-assembly-of-members\/#breadcrumb\",\"itemListElement\":[{\"@type\":\"ListItem\",\"position\":1,\"name\":\"Home\",\"item\":\"https:\/\/dypall.com\/\"},{\"@type\":\"ListItem\",\"position\":2,\"name\":\"DYPALL Network Steering group meeting and Assembly of members\"}]},{\"@type\":\"WebSite\",\"@id\":\"https:\/\/dypall.com\/#website\",\"url\":\"https:\/\/dypall.com\/\",\"name\":\"DYPALL Network\",\"description\":\"We are a European network of civil society organisations, municipalities and research institutions dedicated to improving democracy through youth participation.\",\"potentialAction\":[{\"@type\":\"SearchAction\",\"target\":{\"@type\":\"EntryPoint\",\"urlTemplate\":\"https:\/\/dypall.com\/?s={search_term_string}\"},\"query-input\":\"required name=search_term_string\"}],\"inLanguage\":\"ro-RO\"},{\"@type\":\"Person\",\"@id\":\"https:\/\/dypall.com\/#\/schema\/person\/206350efe851997fcdedef75d118766b\",\"name\":\"dypall\",\"image\":{\"@type\":\"ImageObject\",\"inLanguage\":\"ro-RO\",\"@id\":\"https:\/\/dypall.com\/#\/schema\/person\/image\/\",\"url\":\"https:\/\/secure.gravatar.com\/avatar\/14e8d3d8841cd0bdf69915120bcf9fcfac1567f1dc7035664907322ac47efe29?s=96&d=mm&r=g\",\"contentUrl\":\"https:\/\/secure.gravatar.com\/avatar\/14e8d3d8841cd0bdf69915120bcf9fcfac1567f1dc7035664907322ac47efe29?s=96&d=mm&r=g\",\"caption\":\"dypall\"},\"url\":\"https:\/\/dypall.com\/ro\/author\/dypall_info\/\"}]}<\/script>\n<!-- \/ Yoast SEO plugin. -->","yoast_head_json":{"title":"DYPALL Network Steering group meeting and Assembly of members - DYPALL Network","robots":{"index":"index","follow":"follow","max-snippet":"max-snippet:-1","max-image-preview":"max-image-preview:large","max-video-preview":"max-video-preview:-1"},"canonical":"https:\/\/dypall.com\/ro\/activity\/dypall-network-europeans-steering-group-meeting-and-assembly-of-members\/","og_locale":"ro_RO","og_type":"article","og_title":"DYPALL Network Steering group meeting and Assembly of members - DYPALL Network","og_description":"DYPALL Network\u00a0Steering group meeting and Assembly of Members took place from 20th to 24th November 2022 in Vila Nova de Gaia, Portugal. Both events allowed members to get to know each other better and the expertise they are bringing to the Network. During the Steering group meeting, which was held on 21st November, members contributed&hellip; Continu\u0103 lectura DYPALL Network Steering group meeting and Assembly of members","og_url":"https:\/\/dypall.com\/ro\/activity\/dypall-network-europeans-steering-group-meeting-and-assembly-of-members\/","og_site_name":"DYPALL Network","article_published_time":"2022-12-12T16:24:07+00:00","author":"dypall","twitter_card":"summary_large_image","twitter_misc":{"Written by":"dypall","Est. reading time":"1 minut"},"schema":{"@context":"https:\/\/schema.org","@graph":[{"@type":"WebPage","@id":"https:\/\/dypall.com\/activity\/dypall-network-europeans-steering-group-meeting-and-assembly-of-members\/","url":"https:\/\/dypall.com\/activity\/dypall-network-europeans-steering-group-meeting-and-assembly-of-members\/","name":"DYPALL Network Steering group meeting and Assembly of members - DYPALL Network","isPartOf":{"@id":"https:\/\/dypall.com\/#website"},"primaryImageOfPage":{"@id":"https:\/\/dypall.com\/activity\/dypall-network-europeans-steering-group-meeting-and-assembly-of-members\/#primaryimage"},"image":{"@id":"https:\/\/dypall.com\/activity\/dypall-network-europeans-steering-group-meeting-and-assembly-of-members\/#primaryimage"},"thumbnailUrl":"","datePublished":"2022-12-12T16:24:07+00:00","dateModified":"2022-12-12T16:24:07+00:00","author":{"@id":"https:\/\/dypall.com\/#\/schema\/person\/206350efe851997fcdedef75d118766b"},"breadcrumb":{"@id":"https:\/\/dypall.com\/activity\/dypall-network-europeans-steering-group-meeting-and-assembly-of-members\/#breadcrumb"},"inLanguage":"ro-RO","potentialAction":[{"@type":"ReadAction","target":["https:\/\/dypall.com\/activity\/dypall-network-europeans-steering-group-meeting-and-assembly-of-members\/"]}]},{"@type":"ImageObject","inLanguage":"ro-RO","@id":"https:\/\/dypall.com\/activity\/dypall-network-europeans-steering-group-meeting-and-assembly-of-members\/#primaryimage","url":"","contentUrl":""},{"@type":"BreadcrumbList","@id":"https:\/\/dypall.com\/activity\/dypall-network-europeans-steering-group-meeting-and-assembly-of-members\/#breadcrumb","itemListElement":[{"@type":"ListItem","position":1,"name":"Home","item":"https:\/\/dypall.com\/"},{"@type":"ListItem","position":2,"name":"DYPALL Network Steering group meeting and Assembly of members"}]},{"@type":"WebSite","@id":"https:\/\/dypall.com\/#website","url":"https:\/\/dypall.com\/","name":"DYPALL Network","description":"We are a European network of civil society organisations, municipalities and research institutions dedicated to improving democracy through youth participation.","potentialAction":[{"@type":"SearchAction","target":{"@type":"EntryPoint","urlTemplate":"https:\/\/dypall.com\/?s={search_term_string}"},"query-input":"required name=search_term_string"}],"inLanguage":"ro-RO"},{"@type":"Person","@id":"https:\/\/dypall.com\/#\/schema\/person\/206350efe851997fcdedef75d118766b","name":"dypall","image":{"@type":"ImageObject","inLanguage":"ro-RO","@id":"https:\/\/dypall.com\/#\/schema\/person\/image\/","url":"https:\/\/secure.gravatar.com\/avatar\/14e8d3d8841cd0bdf69915120bcf9fcfac1567f1dc7035664907322ac47efe29?s=96&d=mm&r=g","contentUrl":"https:\/\/secure.gravatar.com\/avatar\/14e8d3d8841cd0bdf69915120bcf9fcfac1567f1dc7035664907322ac47efe29?s=96&d=mm&r=g","caption":"dypall"},"url":"https:\/\/dypall.com\/ro\/author\/dypall_info\/"}]}},"jetpack_featured_media_url":"","jetpack_sharing_enabled":true,"_links":{"self":[{"href":"https:\/\/dypall.com\/ro\/wp-json\/wp\/v2\/posts\/6167","targetHints":{"allow":["GET"]}}],"collection":[{"href":"https:\/\/dypall.com\/ro\/wp-json\/wp\/v2\/posts"}],"about":[{"href":"https:\/\/dypall.com\/ro\/wp-json\/wp\/v2\/types\/post"}],"author":[{"embeddable":true,"href":"https:\/\/dypall.com\/ro\/wp-json\/wp\/v2\/users\/2"}],"replies":[{"embeddable":true,"href":"https:\/\/dypall.com\/ro\/wp-json\/wp\/v2\/comments?post=6167"}],"version-history":[{"count":0,"href":"https:\/\/dypall.com\/ro\/wp-json\/wp\/v2\/posts\/6167\/revisions"}],"wp:featuredmedia":[{"embeddable":true,"href":"https:\/\/dypall.com\/ro\/wp-json\/"}],"wp:attachment":[{"href":"https:\/\/dypall.com\/ro\/wp-json\/wp\/v2\/media?parent=6167"}],"wp:term":[{"taxonomy":"category","embeddable":true,"href":"https:\/\/dypall.com\/ro\/wp-json\/wp\/v2\/categories?post=6167"},{"taxonomy":"post_tag","embeddable":true,"href":"https:\/\/dypall.com\/ro\/wp-json\/wp\/v2\/tags?post=6167"}],"curies":[{"name":"wp","href":"https:\/\/api.w.org\/{rel}","templated":true}]}}