{"id":6076,"date":"2022-11-16T16:45:27","date_gmt":"2022-11-16T16:45:27","guid":{"rendered":"https:\/\/dypall.com\/?p=6076"},"modified":"2022-11-16T16:45:27","modified_gmt":"2022-11-16T16:45:27","slug":"study-visit-in-lisbon-welcoming-cities-participation-of-youngsters-with-background","status":"publish","type":"post","link":"https:\/\/dypall.com\/ro\/activity\/study-visit-in-lisbon-welcoming-cities-participation-of-youngsters-with-background\/","title":{"rendered":"Vizit\u0103 de studiu la Lisabona \u201eWelcoming Cities: Participarea tinerilor cu experien\u021b\u0103\u201d"},"content":{"rendered":"<p>Vizita de studiu a re\u021belei DYPALL <em><strong>\u201eOra\u0219e primitoare: Bune practici de participare a tinerilor proveni\u021bi din familii de migran\u021bi\u201d<\/strong><\/em> a avut loc \u00een perioada 7-12 noiembrie 2022 la Lisabona, Portugalia.<\/p>\n<p>21 de participan\u021bi din 9 organiza\u021bii \u0219i municipalit\u0103\u021bi diferite din Macedonia de Nord, Germania, Portugalia \u0219i Spania au avut ocazia s\u0103 exploreze implicarea tinerilor migran\u021bi \u0219i a tinerilor proveni\u021bi din familii de migran\u021bi \u00een participarea la procesele decizionale \u0219i s\u0103 descopere practicile locale ale organiza\u021biilor neguvernamentale \u0219i ale municipalit\u0103\u021bilor din Lisabona \u0219i Sintra.<\/p>\n<p>Vizita de studiu a \u00eenceput cu construirea unei baze comune privind participarea tinerilor migran\u021bi la procesul decizional, discut\u00e2nd situa\u021bia actual\u0103 a tinerilor migran\u021bi \u00een \u021b\u0103rile europene, interesele municipalit\u0103\u021bilor \u00een ceea ce prive\u0219te implicarea tinerilor migran\u021bi \u0219i necesitatea cooper\u0103rii.<\/p>\n<p>A doua zi, cu sprijinul <a href=\"https:\/\/ipdj.gov.pt\/\">IPDJ  \u2047  Instituto Desporto Juventude<\/a>, am avut o mas\u0103 rotund\u0103 cu <a href=\"https:\/\/www.comparte.pt\/\">ComParte<\/a>, <a href=\"https:\/\/crescer.org\/\">Crecer<\/a>, \u0219i<a href=\"https:\/\/linktr.ee\/oladonegrodaforca?fbclid=IwAR15aiBmSz3TqkPq6uwfbt5C_-vqeortUvFuSXsMYJ59MedFl96EIPoU8Fk\"> O Lado Negro da For\u00e7a<\/a> \u00een care am discutat despre spa\u021bii, despre sprijinul necesar \u0219i despre provoc\u0103rile cu care se confrunt\u0103 lucrul cu tinerii migran\u021bi \u0219i cu tinerii proveni\u021bi din familii de migran\u021bi care particip\u0103 la procesul decizional. Ulterior, am avut o vizit\u0103 de studiu la Associa\u00e7\u00e3o de Moradores do Per 11 din Lisabona, care lucreaz\u0103 la incluziunea tinerilor proveni\u021bi din familii de migran\u021bi la nivel local, cu sprijinul <a href=\"https:\/\/the.akdn\/en\/home\">Re\u021beaua de dezvoltare Aga Khan<\/a>.<\/p>\n<p>Vizita de studiu a continuat la Queluz, unde bunele practici locale privind participarea tinerilor migran\u021bi au fost prezentate de <a href=\"https:\/\/pendaoemmovimento.wordpress.com\/?fbclid=IwAR031GtfkzqKkEY4Xxdb6vZcQwQkj0kTNYvLLIIuMZOEdLzVdWYsTSeFKDM\">Pend\u00e3o em Movimento<\/a>, <a href=\"http:\/\/www.apdj.pt\/\">APDJ<\/a>, <a href=\"https:\/\/artesanatogave2004.blogspot.com\/\">GAVE \u2013 Grupo de Artistas Vale de Eureka<\/a>, <a href=\"https:\/\/www.criagente.org\/\">Criagente<\/a>, <a href=\"https:\/\/m.facebook.com\/people\/Associa%C3%A7%C3%A3o-The-One-Zion\/100083104008226\/\">Associa\u00e7\u00e3o Unicul Sion<\/a>. Dup\u0103-amiaza, am vizitat Casa da Juventude da Tapada das Merc\u00eas din Sintra, unde <a href=\"https:\/\/acitmmm.webnode.pt\/\">Associa\u00e7\u00e3o Comunidade Isl\u00e2mica<\/a>, <a href=\"https:\/\/acassintra.com\/\">Acas \u2013 Associa\u00e7\u00e3o Luso Caboverdeana de Sintra<\/a>, Gabinete de apoio ao jovem (GAJ), <a href=\"https:\/\/linktr.ee\/jipangueassociation\">Asocia\u021bia Jipangue<\/a> \u0219i-au \u00eemp\u0103rt\u0103\u0219it practicile inspiratoare de includere a tinerilor migran\u021bi \u0219i a tinerilor proveni\u021bi din familii de migran\u021bi \u00een procesele decizionale.<\/p>\n<p>\u00cen ultima zi a vizitei de studiu, am reflectat asupra elementelor necesare pentru a construi o <strong>Ora\u0219ul de primire<\/strong> \u0219i a avut o informare final\u0103 cu privire la toate recomand\u0103rile propuse de participan\u021bi pentru ca municipalit\u0103\u021bile s\u0103 fie mai primitoare.<\/p>\n<p>Vizita de studiu face parte din proiectul \u201eOra\u0219e de bun venit\u201d, coordonat de <a href=\"https:\/\/www.migrafrica.org\/\">Migrafrica <\/a>\u00een cooperare cu re\u021beaua DYPALL, <a href=\"https:\/\/ngounitedyouth.org\/\">Asocia\u021bia Cet\u0103\u021beneasc\u0103 Tineretul Unit<\/a>, \u0219i <a href=\"https:\/\/www.catalunyavoluntaria.cat\/\">Fundaci\u00f3 Catalunya Volunt\u00e0ria<\/a>. Acesta este finan\u021bat prin programul KA2 Erasmus+ \u00een cadrul Agen\u021biei Na\u021bionale Erasmus+ din Germania JUGEND f\u00fcr Europa.<\/p>\n<p>&nbsp;<\/p>\n<p><a href=\"https:\/\/dypall.com\/ro\/2022\/11\/16\/study-visit-in-lisbon-welcoming-cities-participation-of-youngsters-with-background\/pic-for-the-article-1\/#main\" rel=\"attachment wp-att-6081\"><img loading=\"lazy\" decoding=\"async\" class=\"alignnone wp-image-6081\" src=\"https:\/\/dypall.com\/wp-content\/uploads\/2022\/11\/Pic-for-the-article-1.jpg\" alt=\"\" width=\"1004\" height=\"754\" \/><\/a><\/p>\n<p><a href=\"https:\/\/dypall.com\/ro\/2022\/11\/16\/study-visit-in-lisbon-welcoming-cities-participation-of-youngsters-with-background\/pic-for-the-article-2\/#main\" rel=\"attachment wp-att-6080\"><img loading=\"lazy\" decoding=\"async\" class=\"alignnone wp-image-6080\" src=\"https:\/\/dypall.com\/wp-content\/uploads\/2022\/11\/Pic-for-the-article-2.jpg\" alt=\"\" width=\"1004\" height=\"754\" \/><\/a><\/p>\n<p><a href=\"https:\/\/dypall.com\/ro\/2022\/11\/16\/study-visit-in-lisbon-welcoming-cities-participation-of-youngsters-with-background\/pic-for-the-article-3\/#main\" rel=\"attachment wp-att-6079\"><img loading=\"lazy\" decoding=\"async\" class=\"alignnone wp-image-6079\" src=\"https:\/\/dypall.com\/wp-content\/uploads\/2022\/11\/Pic-for-the-article-3.jpg\" alt=\"\" width=\"1005\" height=\"734\" \/><\/a><\/p>","protected":false},"excerpt":{"rendered":"<p>Vizita de studiu a re\u021belei DYPALL intitulat\u0103 \u201eWelcoming Cities: Bune practici de participare a tinerilor proveni\u021bi din familii de migran\u021bi\u201d a avut loc \u00een perioada 7-12 noiembrie 2022 la Lisabona, Portugalia. 21 de participan\u021bi din 9 organiza\u021bii \u0219i municipalit\u0103\u021bi diferite din Macedonia de Nord, Germania, Portugalia \u0219i Spania au avut ocazia s\u0103 exploreze implicarea tinerilor migran\u021bi \u0219i a tinerilor migran\u021bi. <a class=\"more-link\" href=\"https:\/\/dypall.com\/ro\/activity\/study-visit-in-lisbon-welcoming-cities-participation-of-youngsters-with-background\/\">Continu\u0103 lectura <span class=\"screen-reader-text\">Vizit\u0103 de studiu la Lisabona \u201eWelcoming Cities: Participarea tinerilor cu experien\u021b\u0103\u201d<\/span><\/a><\/p>","protected":false},"author":1,"featured_media":6082,"comment_status":"closed","ping_status":"open","sticky":false,"template":"","format":"standard","meta":{"_acf_changed":false,"_jetpack_memberships_contains_paid_content":false,"footnotes":""},"categories":[111,152],"tags":[],"class_list":["post-6076","post","type-post","status-publish","format-standard","has-post-thumbnail","hentry","category-activity","category-study-visits","entry"],"acf":[],"yoast_head":"<!-- This site is optimized with the Yoast SEO plugin v22.8 - https:\/\/yoast.com\/wordpress\/plugins\/seo\/ -->\n<title>Study Visit in Lisbon \u201cWelcoming Cities: Participation of Youngsters with background\u201d - DYPALL Network<\/title>\n<meta name=\"robots\" content=\"index, follow, max-snippet:-1, max-image-preview:large, max-video-preview:-1\" \/>\n<link rel=\"canonical\" href=\"https:\/\/dypall.com\/ro\/activity\/study-visit-in-lisbon-welcoming-cities-participation-of-youngsters-with-background\/\" \/>\n<meta property=\"og:locale\" content=\"ro_RO\" \/>\n<meta property=\"og:type\" content=\"article\" \/>\n<meta property=\"og:title\" content=\"Study Visit in Lisbon \u201cWelcoming Cities: Participation of Youngsters with background\u201d - DYPALL Network\" \/>\n<meta property=\"og:description\" content=\"DYPALL Network\u2019s study visit \u201cWelcoming Cities: Good practices of Participation of Youngsters with a migrant background\u201d took place from 7th \u2013 12th November 2022 in Lisbon, Portugal. 21 participants from 9 different organizations and municipalities from North Macedonia, Germany, Portugal, and Spain, had the opportunity to explore the involvement of the migrant youth and young&hellip; Continu\u0103 lectura Study Visit in Lisbon \u201cWelcoming Cities: Participation of Youngsters with background\u201d\" \/>\n<meta property=\"og:url\" content=\"https:\/\/dypall.com\/ro\/activity\/study-visit-in-lisbon-welcoming-cities-participation-of-youngsters-with-background\/\" \/>\n<meta property=\"og:site_name\" content=\"DYPALL Network\" \/>\n<meta property=\"article:published_time\" content=\"2022-11-16T16:45:27+00:00\" \/>\n<meta name=\"author\" content=\"DYPALL Network\" \/>\n<meta name=\"twitter:card\" content=\"summary_large_image\" \/>\n<meta name=\"twitter:label1\" content=\"Written by\" \/>\n\t<meta name=\"twitter:data1\" content=\"DYPALL Network\" \/>\n\t<meta name=\"twitter:label2\" content=\"Est. reading time\" \/>\n\t<meta name=\"twitter:data2\" content=\"2 minute\" \/>\n<script type=\"application\/ld+json\" class=\"yoast-schema-graph\">{\"@context\":\"https:\/\/schema.org\",\"@graph\":[{\"@type\":\"WebPage\",\"@id\":\"https:\/\/dypall.com\/activity\/study-visit-in-lisbon-welcoming-cities-participation-of-youngsters-with-background\/\",\"url\":\"https:\/\/dypall.com\/activity\/study-visit-in-lisbon-welcoming-cities-participation-of-youngsters-with-background\/\",\"name\":\"Study Visit in Lisbon \u201cWelcoming Cities: Participation of Youngsters with background\u201d - DYPALL Network\",\"isPartOf\":{\"@id\":\"https:\/\/dypall.com\/#website\"},\"primaryImageOfPage\":{\"@id\":\"https:\/\/dypall.com\/activity\/study-visit-in-lisbon-welcoming-cities-participation-of-youngsters-with-background\/#primaryimage\"},\"image\":{\"@id\":\"https:\/\/dypall.com\/activity\/study-visit-in-lisbon-welcoming-cities-participation-of-youngsters-with-background\/#primaryimage\"},\"thumbnailUrl\":\"\",\"datePublished\":\"2022-11-16T16:45:27+00:00\",\"dateModified\":\"2022-11-16T16:45:27+00:00\",\"author\":{\"@id\":\"https:\/\/dypall.com\/#\/schema\/person\/f92e08aa15c8ba711a9d153129f03377\"},\"breadcrumb\":{\"@id\":\"https:\/\/dypall.com\/activity\/study-visit-in-lisbon-welcoming-cities-participation-of-youngsters-with-background\/#breadcrumb\"},\"inLanguage\":\"ro-RO\",\"potentialAction\":[{\"@type\":\"ReadAction\",\"target\":[\"https:\/\/dypall.com\/activity\/study-visit-in-lisbon-welcoming-cities-participation-of-youngsters-with-background\/\"]}]},{\"@type\":\"ImageObject\",\"inLanguage\":\"ro-RO\",\"@id\":\"https:\/\/dypall.com\/activity\/study-visit-in-lisbon-welcoming-cities-participation-of-youngsters-with-background\/#primaryimage\",\"url\":\"\",\"contentUrl\":\"\"},{\"@type\":\"BreadcrumbList\",\"@id\":\"https:\/\/dypall.com\/activity\/study-visit-in-lisbon-welcoming-cities-participation-of-youngsters-with-background\/#breadcrumb\",\"itemListElement\":[{\"@type\":\"ListItem\",\"position\":1,\"name\":\"Home\",\"item\":\"https:\/\/dypall.com\/\"},{\"@type\":\"ListItem\",\"position\":2,\"name\":\"Study Visit in Lisbon \u201cWelcoming Cities: Participation of Youngsters with background\u201d\"}]},{\"@type\":\"WebSite\",\"@id\":\"https:\/\/dypall.com\/#website\",\"url\":\"https:\/\/dypall.com\/\",\"name\":\"DYPALL Network\",\"description\":\"We are a European network of civil society organisations, municipalities and research institutions dedicated to improving democracy through youth participation.\",\"potentialAction\":[{\"@type\":\"SearchAction\",\"target\":{\"@type\":\"EntryPoint\",\"urlTemplate\":\"https:\/\/dypall.com\/?s={search_term_string}\"},\"query-input\":\"required name=search_term_string\"}],\"inLanguage\":\"ro-RO\"},{\"@type\":\"Person\",\"@id\":\"https:\/\/dypall.com\/#\/schema\/person\/f92e08aa15c8ba711a9d153129f03377\",\"name\":\"DYPALL Network\",\"image\":{\"@type\":\"ImageObject\",\"inLanguage\":\"ro-RO\",\"@id\":\"https:\/\/dypall.com\/#\/schema\/person\/image\/\",\"url\":\"https:\/\/secure.gravatar.com\/avatar\/9c39e299279800c6d69c5e02cf613e7bab060889f373052a03d7ac399e8f0d3c?s=96&d=mm&r=g\",\"contentUrl\":\"https:\/\/secure.gravatar.com\/avatar\/9c39e299279800c6d69c5e02cf613e7bab060889f373052a03d7ac399e8f0d3c?s=96&d=mm&r=g\",\"caption\":\"DYPALL Network\"},\"sameAs\":[\"https:\/\/dypall.com\"],\"url\":\"https:\/\/dypall.com\/ro\/author\/dypall\/\"}]}<\/script>\n<!-- \/ Yoast SEO plugin. -->","yoast_head_json":{"title":"Study Visit in Lisbon \u201cWelcoming Cities: Participation of Youngsters with background\u201d - DYPALL Network","robots":{"index":"index","follow":"follow","max-snippet":"max-snippet:-1","max-image-preview":"max-image-preview:large","max-video-preview":"max-video-preview:-1"},"canonical":"https:\/\/dypall.com\/ro\/activity\/study-visit-in-lisbon-welcoming-cities-participation-of-youngsters-with-background\/","og_locale":"ro_RO","og_type":"article","og_title":"Study Visit in Lisbon \u201cWelcoming Cities: Participation of Youngsters with background\u201d - DYPALL Network","og_description":"DYPALL Network\u2019s study visit \u201cWelcoming Cities: Good practices of Participation of Youngsters with a migrant background\u201d took place from 7th \u2013 12th November 2022 in Lisbon, Portugal. 21 participants from 9 different organizations and municipalities from North Macedonia, Germany, Portugal, and Spain, had the opportunity to explore the involvement of the migrant youth and young&hellip; Continu\u0103 lectura Study Visit in Lisbon \u201cWelcoming Cities: Participation of Youngsters with background\u201d","og_url":"https:\/\/dypall.com\/ro\/activity\/study-visit-in-lisbon-welcoming-cities-participation-of-youngsters-with-background\/","og_site_name":"DYPALL Network","article_published_time":"2022-11-16T16:45:27+00:00","author":"DYPALL Network","twitter_card":"summary_large_image","twitter_misc":{"Written by":"DYPALL Network","Est. reading time":"2 minute"},"schema":{"@context":"https:\/\/schema.org","@graph":[{"@type":"WebPage","@id":"https:\/\/dypall.com\/activity\/study-visit-in-lisbon-welcoming-cities-participation-of-youngsters-with-background\/","url":"https:\/\/dypall.com\/activity\/study-visit-in-lisbon-welcoming-cities-participation-of-youngsters-with-background\/","name":"Study Visit in Lisbon \u201cWelcoming Cities: Participation of Youngsters with background\u201d - DYPALL Network","isPartOf":{"@id":"https:\/\/dypall.com\/#website"},"primaryImageOfPage":{"@id":"https:\/\/dypall.com\/activity\/study-visit-in-lisbon-welcoming-cities-participation-of-youngsters-with-background\/#primaryimage"},"image":{"@id":"https:\/\/dypall.com\/activity\/study-visit-in-lisbon-welcoming-cities-participation-of-youngsters-with-background\/#primaryimage"},"thumbnailUrl":"","datePublished":"2022-11-16T16:45:27+00:00","dateModified":"2022-11-16T16:45:27+00:00","author":{"@id":"https:\/\/dypall.com\/#\/schema\/person\/f92e08aa15c8ba711a9d153129f03377"},"breadcrumb":{"@id":"https:\/\/dypall.com\/activity\/study-visit-in-lisbon-welcoming-cities-participation-of-youngsters-with-background\/#breadcrumb"},"inLanguage":"ro-RO","potentialAction":[{"@type":"ReadAction","target":["https:\/\/dypall.com\/activity\/study-visit-in-lisbon-welcoming-cities-participation-of-youngsters-with-background\/"]}]},{"@type":"ImageObject","inLanguage":"ro-RO","@id":"https:\/\/dypall.com\/activity\/study-visit-in-lisbon-welcoming-cities-participation-of-youngsters-with-background\/#primaryimage","url":"","contentUrl":""},{"@type":"BreadcrumbList","@id":"https:\/\/dypall.com\/activity\/study-visit-in-lisbon-welcoming-cities-participation-of-youngsters-with-background\/#breadcrumb","itemListElement":[{"@type":"ListItem","position":1,"name":"Home","item":"https:\/\/dypall.com\/"},{"@type":"ListItem","position":2,"name":"Study Visit in Lisbon \u201cWelcoming Cities: Participation of Youngsters with background\u201d"}]},{"@type":"WebSite","@id":"https:\/\/dypall.com\/#website","url":"https:\/\/dypall.com\/","name":"DYPALL Network","description":"We are a European network of civil society organisations, municipalities and research institutions dedicated to improving democracy through youth participation.","potentialAction":[{"@type":"SearchAction","target":{"@type":"EntryPoint","urlTemplate":"https:\/\/dypall.com\/?s={search_term_string}"},"query-input":"required name=search_term_string"}],"inLanguage":"ro-RO"},{"@type":"Person","@id":"https:\/\/dypall.com\/#\/schema\/person\/f92e08aa15c8ba711a9d153129f03377","name":"DYPALL Network","image":{"@type":"ImageObject","inLanguage":"ro-RO","@id":"https:\/\/dypall.com\/#\/schema\/person\/image\/","url":"https:\/\/secure.gravatar.com\/avatar\/9c39e299279800c6d69c5e02cf613e7bab060889f373052a03d7ac399e8f0d3c?s=96&d=mm&r=g","contentUrl":"https:\/\/secure.gravatar.com\/avatar\/9c39e299279800c6d69c5e02cf613e7bab060889f373052a03d7ac399e8f0d3c?s=96&d=mm&r=g","caption":"DYPALL Network"},"sameAs":["https:\/\/dypall.com"],"url":"https:\/\/dypall.com\/ro\/author\/dypall\/"}]}},"jetpack_featured_media_url":"","jetpack_sharing_enabled":true,"_links":{"self":[{"href":"https:\/\/dypall.com\/ro\/wp-json\/wp\/v2\/posts\/6076","targetHints":{"allow":["GET"]}}],"collection":[{"href":"https:\/\/dypall.com\/ro\/wp-json\/wp\/v2\/posts"}],"about":[{"href":"https:\/\/dypall.com\/ro\/wp-json\/wp\/v2\/types\/post"}],"author":[{"embeddable":true,"href":"https:\/\/dypall.com\/ro\/wp-json\/wp\/v2\/users\/1"}],"replies":[{"embeddable":true,"href":"https:\/\/dypall.com\/ro\/wp-json\/wp\/v2\/comments?post=6076"}],"version-history":[{"count":0,"href":"https:\/\/dypall.com\/ro\/wp-json\/wp\/v2\/posts\/6076\/revisions"}],"wp:featuredmedia":[{"embeddable":true,"href":"https:\/\/dypall.com\/ro\/wp-json\/"}],"wp:attachment":[{"href":"https:\/\/dypall.com\/ro\/wp-json\/wp\/v2\/media?parent=6076"}],"wp:term":[{"taxonomy":"category","embeddable":true,"href":"https:\/\/dypall.com\/ro\/wp-json\/wp\/v2\/categories?post=6076"},{"taxonomy":"post_tag","embeddable":true,"href":"https:\/\/dypall.com\/ro\/wp-json\/wp\/v2\/tags?post=6076"}],"curies":[{"name":"wp","href":"https:\/\/api.w.org\/{rel}","templated":true}]}}