{"id":5942,"date":"2022-09-26T14:35:44","date_gmt":"2022-09-26T13:35:44","guid":{"rendered":"https:\/\/dypall.com\/?p=5942"},"modified":"2022-09-26T14:35:44","modified_gmt":"2022-09-26T13:35:44","slug":"report-from-the-study-session-climbing-the-ladder-capaciting-youth-leaders-to-facilitate-youth-participation-in-the-decision-making-processes-at-a-local-level","status":"publish","type":"post","link":"https:\/\/dypall.com\/ro\/study-visits\/report-from-the-study-session-climbing-the-ladder-capaciting-youth-leaders-to-facilitate-youth-participation-in-the-decision-making-processes-at-a-local-level\/","title":{"rendered":"RAPORT AL SESIUNII DE STUDIU \u201eCLIMBING THE LADDER \u2013 CAPACITING YOUTH LEADERS TO FACILITATE YOUTH PARTICIPATION IN THE Decision-MAKING PROCESSES AT A LOCAL LEVEL\u201d (CLIMBAREA LADDERULUI \u2013 CAPACITAREA LIDERILOR DIN TINERET pentru facilitarea particip\u0103rii tinerilor la procesele decizionale la nivel local)"},"content":{"rendered":"<p><span style=\"font-weight: 400;\">Sesiune de studiu <\/span><b>\u201e<\/b><b><i>Urcarea pe scar\u0103 \u2013 Capacitarea liderilor de tineret pentru a facilita participarea tinerilor la procesul decizional la nivel local<\/i><\/b><b>\u201d<\/b><span style=\"font-weight: 400;\">\u00a0 a fost organizat de <\/span><b>Re\u021beaua DYPALL<\/b><span style=\"font-weight: 400;\"> \u0219i <\/span><a href=\"https:\/\/aer.eu\/\"><b>Adunarea Regiunilor Europene<\/b><\/a><span style=\"font-weight: 400;\"> (<\/span><b>AER<\/b><span style=\"font-weight: 400;\">), \u00een cooperare cu <\/span><a href=\"https:\/\/www.coe.int\/en\/web\/youth\"><b>Departamentul Tineret al Consiliului Europei<\/b><\/a><span style=\"font-weight: 400;\">. Activitatea a avut loc la Centrul European pentru Tineret din Strasbourg (Fran\u021ba) \u00een perioada 24-29 aprilie 2022 \u0219i a reunit 25 de lideri de tineret din 22 de \u021b\u0103ri diferite.<\/span><\/p>\n<p><span style=\"font-weight: 400;\">Scopul sesiunii de studiu a fost de a oferi un spa\u021biu de \u00eenv\u0103\u021bare pentru a implica \u0219i a dota delega\u021bii de tineret, lucr\u0103torii de tineret, reprezentan\u021bii consiliilor locale de tineret \u0219i structuri similare de participare cu cuno\u0219tin\u021be \u0219i abilit\u0103\u021bi practice pentru a \u00eencuraja participarea semnificativ\u0103 a tinerilor la nivel local \u00een \u00eentreaga Europ\u0103. \u00cen cursul acestei sesiuni de studiu, participan\u021bii au fost \u00een m\u0103sur\u0103 s\u0103 \u00eemp\u0103rt\u0103\u0219easc\u0103 oportunit\u0103\u021bile \u0219i amenin\u021b\u0103rile pandemiei de COVID-19 \u00een domeniul particip\u0103rii tinerilor \u0219i s\u0103 examineze bunele practici \u0219i instrumentele existente pentru promovarea particip\u0103rii lor la nivel local. <\/span><\/p>\n<p><span style=\"font-weight: 400;\">Ast\u0103zi \u00eemp\u0103rt\u0103\u0219im raportul din sesiunea de studiu <\/span><a href=\"https:\/\/u.pcloud.link\/publink\/show?code=XZwlNhVZ58B5C5FmHK0CWPwFjFELLp4br4GX\"><b>\u201e<\/b><b><i>Urcarea pe scar\u0103 \u2013 Capacitarea liderilor de tineret pentru a facilita participarea tinerilor la procesul decizional la nivel local<\/i><\/b><b>\u201d<\/b><\/a><span style=\"font-weight: 400;\"> care ofer\u0103 cititorului o imagine de ansamblu asupra evolu\u021biei sesiunii \u0219i ajut\u0103 la \u00een\u021belegerea concluziilor \u0219i experien\u021belor \u00eemp\u0103rt\u0103\u0219ite de participan\u021bi.<\/span><\/p>\n<p><span style=\"font-weight: 400;\">Raportul prezint\u0103 diferitele p\u0103r\u021bi ale sesiunii, cum ar fi:<\/span><\/p>\n<ul>\n<li style=\"font-weight: 400;\" aria-level=\"1\"><span style=\"font-weight: 400;\">motiva\u021bia, obiectivele, programul, profilul participan\u021bilor<\/span><\/li>\n<li style=\"font-weight: 400;\" aria-level=\"1\"><span style=\"font-weight: 400;\">procesul de \u00eenv\u0103\u021bare modelat de a\u0219tept\u0103rile participan\u021bilor<\/span><\/li>\n<li style=\"font-weight: 400;\" aria-level=\"1\"><span style=\"font-weight: 400;\">teorii \u0219i metodologii aplicate, cum ar fi modelul RMSOS legat de COVID-19, analiza rolurilor-cheie \u00een domeniul tineretului, scara particip\u0103rii tinerilor \u0219i ciclul de promovare<\/span><\/li>\n<li style=\"font-weight: 400;\" aria-level=\"1\"><span style=\"font-weight: 400;\">activit\u0103\u021bi specifice pentru a dezvolta o strategie de informare, crearea de re\u021bele \u0219i posibile oportunit\u0103\u021bi de monitorizare<\/span><\/li>\n<li style=\"font-weight: 400;\" aria-level=\"1\"><span style=\"font-weight: 400;\">evaluare concludent\u0103 cu \u00een\u021belegerea participan\u021bilor \u0219i a rezultatelor sesiunii.<\/span><\/li>\n<\/ul>\n<p>&nbsp;<\/p>\n<p><a href=\"https:\/\/dypall.com\/ro\/2022\/09\/26\/report-from-the-study-session-climbing-the-ladder-capaciting-youth-leaders-to-facilitate-youth-participation-in-the-decision-making-processes-at-a-local-level\/c2ce093d-8e2e-443e-8164-a3e3013c47f8\/#main\" rel=\"attachment wp-att-5943\"><img loading=\"lazy\" decoding=\"async\" class=\"alignnone size-full wp-image-5943\" src=\"https:\/\/dypall.com\/wp-content\/uploads\/2022\/09\/c2ce093d-8e2e-443e-8164-a3e3013c47f8.jpeg\" alt=\"\" width=\"1600\" height=\"1066\" \/><\/a><\/p>","protected":false},"excerpt":{"rendered":"<p>Sesiunea de studiu \u201eC\u0103\u021b\u0103rarea pe scar\u0103 \u2013 Capacitarea liderilor de tineret pentru a facilita participarea tinerilor la procesul decizional la nivel local\u201d a fost organizat\u0103 de re\u021beaua DYPALL \u0219i de Adunarea Regiunilor Europene (ARE), \u00een cooperare cu Departamentul pentru tineret al Consiliului Europei. Activitatea a avut loc la Centrul European pentru Tineret din Strasbourg... <a class=\"more-link\" href=\"https:\/\/dypall.com\/ro\/study-visits\/report-from-the-study-session-climbing-the-ladder-capaciting-youth-leaders-to-facilitate-youth-participation-in-the-decision-making-processes-at-a-local-level\/\">Continu\u0103 lectura <span class=\"screen-reader-text\">RAPORT AL SESIUNII DE STUDIU \u201eCLIMBING THE LADDER \u2013 CAPACITING YOUTH LEADERS TO FACILITATE YOUTH PARTICIPATION IN THE Decision-MAKING PROCESSES AT A LOCAL LEVEL\u201d (CLIMBAREA LADDERULUI \u2013 CAPACITAREA LIDERILOR DIN TINERET pentru facilitarea particip\u0103rii tinerilor la procesele decizionale la nivel local)<\/span><\/a><\/p>","protected":false},"author":2,"featured_media":5953,"comment_status":"closed","ping_status":"open","sticky":false,"template":"","format":"standard","meta":{"_acf_changed":false,"_jetpack_memberships_contains_paid_content":false,"footnotes":""},"categories":[152],"tags":[],"class_list":["post-5942","post","type-post","status-publish","format-standard","has-post-thumbnail","hentry","category-study-visits","entry"],"acf":[],"yoast_head":"<!-- This site is optimized with the Yoast SEO plugin v22.8 - https:\/\/yoast.com\/wordpress\/plugins\/seo\/ -->\n<title>REPORT FROM THE STUDY SESSION \u201cCLIMBING THE LADDER \u2013 CAPACITING YOUTH LEADERS TO FACILITATE YOUTH PARTICIPATION IN THE DECISION-MAKING PROCESSES AT A LOCAL LEVEL\u201d - DYPALL Network<\/title>\n<meta name=\"robots\" content=\"index, follow, max-snippet:-1, max-image-preview:large, max-video-preview:-1\" \/>\n<link rel=\"canonical\" href=\"https:\/\/dypall.com\/ro\/study-visits\/report-from-the-study-session-climbing-the-ladder-capaciting-youth-leaders-to-facilitate-youth-participation-in-the-decision-making-processes-at-a-local-level\/\" \/>\n<meta property=\"og:locale\" content=\"ro_RO\" \/>\n<meta property=\"og:type\" content=\"article\" \/>\n<meta property=\"og:title\" content=\"REPORT FROM THE STUDY SESSION \u201cCLIMBING THE LADDER \u2013 CAPACITING YOUTH LEADERS TO FACILITATE YOUTH PARTICIPATION IN THE DECISION-MAKING PROCESSES AT A LOCAL LEVEL\u201d - DYPALL Network\" \/>\n<meta property=\"og:description\" content=\"Study session \u201cClimbing the ladder \u2013 Capacitating youth leaders to facilitate youth participation in the decision-making process at the local level\u201d\u00a0 was organised by DYPALL Network and the Assembly of European Regions (AER), in cooperation with the Youth Department of the Council of Europe. The activity took place in the European Youth Centre in Strasbourg&hellip; Continu\u0103 lectura REPORT FROM THE STUDY SESSION \u201cCLIMBING THE LADDER \u2013 CAPACITING YOUTH LEADERS TO FACILITATE YOUTH PARTICIPATION IN THE DECISION-MAKING PROCESSES AT A LOCAL LEVEL\u201d\" \/>\n<meta property=\"og:url\" content=\"https:\/\/dypall.com\/ro\/study-visits\/report-from-the-study-session-climbing-the-ladder-capaciting-youth-leaders-to-facilitate-youth-participation-in-the-decision-making-processes-at-a-local-level\/\" \/>\n<meta property=\"og:site_name\" content=\"DYPALL Network\" \/>\n<meta property=\"article:published_time\" content=\"2022-09-26T13:35:44+00:00\" \/>\n<meta name=\"author\" content=\"dypall\" \/>\n<meta name=\"twitter:card\" content=\"summary_large_image\" \/>\n<meta name=\"twitter:label1\" content=\"Written by\" \/>\n\t<meta name=\"twitter:data1\" content=\"dypall\" \/>\n\t<meta name=\"twitter:label2\" content=\"Est. reading time\" \/>\n\t<meta name=\"twitter:data2\" content=\"1 minut\" \/>\n<script type=\"application\/ld+json\" class=\"yoast-schema-graph\">{\"@context\":\"https:\/\/schema.org\",\"@graph\":[{\"@type\":\"WebPage\",\"@id\":\"https:\/\/dypall.com\/study-visits\/report-from-the-study-session-climbing-the-ladder-capaciting-youth-leaders-to-facilitate-youth-participation-in-the-decision-making-processes-at-a-local-level\/\",\"url\":\"https:\/\/dypall.com\/study-visits\/report-from-the-study-session-climbing-the-ladder-capaciting-youth-leaders-to-facilitate-youth-participation-in-the-decision-making-processes-at-a-local-level\/\",\"name\":\"REPORT FROM THE STUDY SESSION \u201cCLIMBING THE LADDER \u2013 CAPACITING YOUTH LEADERS TO FACILITATE YOUTH PARTICIPATION IN THE DECISION-MAKING PROCESSES AT A LOCAL LEVEL\u201d - DYPALL Network\",\"isPartOf\":{\"@id\":\"https:\/\/dypall.com\/#website\"},\"primaryImageOfPage\":{\"@id\":\"https:\/\/dypall.com\/study-visits\/report-from-the-study-session-climbing-the-ladder-capaciting-youth-leaders-to-facilitate-youth-participation-in-the-decision-making-processes-at-a-local-level\/#primaryimage\"},\"image\":{\"@id\":\"https:\/\/dypall.com\/study-visits\/report-from-the-study-session-climbing-the-ladder-capaciting-youth-leaders-to-facilitate-youth-participation-in-the-decision-making-processes-at-a-local-level\/#primaryimage\"},\"thumbnailUrl\":\"\",\"datePublished\":\"2022-09-26T13:35:44+00:00\",\"dateModified\":\"2022-09-26T13:35:44+00:00\",\"author\":{\"@id\":\"https:\/\/dypall.com\/#\/schema\/person\/206350efe851997fcdedef75d118766b\"},\"breadcrumb\":{\"@id\":\"https:\/\/dypall.com\/study-visits\/report-from-the-study-session-climbing-the-ladder-capaciting-youth-leaders-to-facilitate-youth-participation-in-the-decision-making-processes-at-a-local-level\/#breadcrumb\"},\"inLanguage\":\"ro-RO\",\"potentialAction\":[{\"@type\":\"ReadAction\",\"target\":[\"https:\/\/dypall.com\/study-visits\/report-from-the-study-session-climbing-the-ladder-capaciting-youth-leaders-to-facilitate-youth-participation-in-the-decision-making-processes-at-a-local-level\/\"]}]},{\"@type\":\"ImageObject\",\"inLanguage\":\"ro-RO\",\"@id\":\"https:\/\/dypall.com\/study-visits\/report-from-the-study-session-climbing-the-ladder-capaciting-youth-leaders-to-facilitate-youth-participation-in-the-decision-making-processes-at-a-local-level\/#primaryimage\",\"url\":\"\",\"contentUrl\":\"\"},{\"@type\":\"BreadcrumbList\",\"@id\":\"https:\/\/dypall.com\/study-visits\/report-from-the-study-session-climbing-the-ladder-capaciting-youth-leaders-to-facilitate-youth-participation-in-the-decision-making-processes-at-a-local-level\/#breadcrumb\",\"itemListElement\":[{\"@type\":\"ListItem\",\"position\":1,\"name\":\"Home\",\"item\":\"https:\/\/dypall.com\/\"},{\"@type\":\"ListItem\",\"position\":2,\"name\":\"REPORT FROM THE STUDY SESSION \u201cCLIMBING THE LADDER \u2013 CAPACITING YOUTH LEADERS TO FACILITATE YOUTH PARTICIPATION IN THE DECISION-MAKING PROCESSES AT A LOCAL LEVEL\u201d\"}]},{\"@type\":\"WebSite\",\"@id\":\"https:\/\/dypall.com\/#website\",\"url\":\"https:\/\/dypall.com\/\",\"name\":\"DYPALL Network\",\"description\":\"We are a European network of civil society organisations, municipalities and research institutions dedicated to improving democracy through youth participation.\",\"potentialAction\":[{\"@type\":\"SearchAction\",\"target\":{\"@type\":\"EntryPoint\",\"urlTemplate\":\"https:\/\/dypall.com\/?s={search_term_string}\"},\"query-input\":\"required name=search_term_string\"}],\"inLanguage\":\"ro-RO\"},{\"@type\":\"Person\",\"@id\":\"https:\/\/dypall.com\/#\/schema\/person\/206350efe851997fcdedef75d118766b\",\"name\":\"dypall\",\"image\":{\"@type\":\"ImageObject\",\"inLanguage\":\"ro-RO\",\"@id\":\"https:\/\/dypall.com\/#\/schema\/person\/image\/\",\"url\":\"https:\/\/secure.gravatar.com\/avatar\/14e8d3d8841cd0bdf69915120bcf9fcfac1567f1dc7035664907322ac47efe29?s=96&d=mm&r=g\",\"contentUrl\":\"https:\/\/secure.gravatar.com\/avatar\/14e8d3d8841cd0bdf69915120bcf9fcfac1567f1dc7035664907322ac47efe29?s=96&d=mm&r=g\",\"caption\":\"dypall\"},\"url\":\"https:\/\/dypall.com\/ro\/author\/dypall_info\/\"}]}<\/script>\n<!-- \/ Yoast SEO plugin. -->","yoast_head_json":{"title":"REPORT FROM THE STUDY SESSION \u201cCLIMBING THE LADDER \u2013 CAPACITING YOUTH LEADERS TO FACILITATE YOUTH PARTICIPATION IN THE DECISION-MAKING PROCESSES AT A LOCAL LEVEL\u201d - DYPALL Network","robots":{"index":"index","follow":"follow","max-snippet":"max-snippet:-1","max-image-preview":"max-image-preview:large","max-video-preview":"max-video-preview:-1"},"canonical":"https:\/\/dypall.com\/ro\/study-visits\/report-from-the-study-session-climbing-the-ladder-capaciting-youth-leaders-to-facilitate-youth-participation-in-the-decision-making-processes-at-a-local-level\/","og_locale":"ro_RO","og_type":"article","og_title":"REPORT FROM THE STUDY SESSION \u201cCLIMBING THE LADDER \u2013 CAPACITING YOUTH LEADERS TO FACILITATE YOUTH PARTICIPATION IN THE DECISION-MAKING PROCESSES AT A LOCAL LEVEL\u201d - DYPALL Network","og_description":"Study session \u201cClimbing the ladder \u2013 Capacitating youth leaders to facilitate youth participation in the decision-making process at the local level\u201d\u00a0 was organised by DYPALL Network and the Assembly of European Regions (AER), in cooperation with the Youth Department of the Council of Europe. The activity took place in the European Youth Centre in Strasbourg&hellip; Continu\u0103 lectura REPORT FROM THE STUDY SESSION \u201cCLIMBING THE LADDER \u2013 CAPACITING YOUTH LEADERS TO FACILITATE YOUTH PARTICIPATION IN THE DECISION-MAKING PROCESSES AT A LOCAL LEVEL\u201d","og_url":"https:\/\/dypall.com\/ro\/study-visits\/report-from-the-study-session-climbing-the-ladder-capaciting-youth-leaders-to-facilitate-youth-participation-in-the-decision-making-processes-at-a-local-level\/","og_site_name":"DYPALL Network","article_published_time":"2022-09-26T13:35:44+00:00","author":"dypall","twitter_card":"summary_large_image","twitter_misc":{"Written by":"dypall","Est. reading time":"1 minut"},"schema":{"@context":"https:\/\/schema.org","@graph":[{"@type":"WebPage","@id":"https:\/\/dypall.com\/study-visits\/report-from-the-study-session-climbing-the-ladder-capaciting-youth-leaders-to-facilitate-youth-participation-in-the-decision-making-processes-at-a-local-level\/","url":"https:\/\/dypall.com\/study-visits\/report-from-the-study-session-climbing-the-ladder-capaciting-youth-leaders-to-facilitate-youth-participation-in-the-decision-making-processes-at-a-local-level\/","name":"REPORT FROM THE STUDY SESSION \u201cCLIMBING THE LADDER \u2013 CAPACITING YOUTH LEADERS TO FACILITATE YOUTH PARTICIPATION IN THE DECISION-MAKING PROCESSES AT A LOCAL LEVEL\u201d - DYPALL Network","isPartOf":{"@id":"https:\/\/dypall.com\/#website"},"primaryImageOfPage":{"@id":"https:\/\/dypall.com\/study-visits\/report-from-the-study-session-climbing-the-ladder-capaciting-youth-leaders-to-facilitate-youth-participation-in-the-decision-making-processes-at-a-local-level\/#primaryimage"},"image":{"@id":"https:\/\/dypall.com\/study-visits\/report-from-the-study-session-climbing-the-ladder-capaciting-youth-leaders-to-facilitate-youth-participation-in-the-decision-making-processes-at-a-local-level\/#primaryimage"},"thumbnailUrl":"","datePublished":"2022-09-26T13:35:44+00:00","dateModified":"2022-09-26T13:35:44+00:00","author":{"@id":"https:\/\/dypall.com\/#\/schema\/person\/206350efe851997fcdedef75d118766b"},"breadcrumb":{"@id":"https:\/\/dypall.com\/study-visits\/report-from-the-study-session-climbing-the-ladder-capaciting-youth-leaders-to-facilitate-youth-participation-in-the-decision-making-processes-at-a-local-level\/#breadcrumb"},"inLanguage":"ro-RO","potentialAction":[{"@type":"ReadAction","target":["https:\/\/dypall.com\/study-visits\/report-from-the-study-session-climbing-the-ladder-capaciting-youth-leaders-to-facilitate-youth-participation-in-the-decision-making-processes-at-a-local-level\/"]}]},{"@type":"ImageObject","inLanguage":"ro-RO","@id":"https:\/\/dypall.com\/study-visits\/report-from-the-study-session-climbing-the-ladder-capaciting-youth-leaders-to-facilitate-youth-participation-in-the-decision-making-processes-at-a-local-level\/#primaryimage","url":"","contentUrl":""},{"@type":"BreadcrumbList","@id":"https:\/\/dypall.com\/study-visits\/report-from-the-study-session-climbing-the-ladder-capaciting-youth-leaders-to-facilitate-youth-participation-in-the-decision-making-processes-at-a-local-level\/#breadcrumb","itemListElement":[{"@type":"ListItem","position":1,"name":"Home","item":"https:\/\/dypall.com\/"},{"@type":"ListItem","position":2,"name":"REPORT FROM THE STUDY SESSION \u201cCLIMBING THE LADDER \u2013 CAPACITING YOUTH LEADERS TO FACILITATE YOUTH PARTICIPATION IN THE DECISION-MAKING PROCESSES AT A LOCAL LEVEL\u201d"}]},{"@type":"WebSite","@id":"https:\/\/dypall.com\/#website","url":"https:\/\/dypall.com\/","name":"DYPALL Network","description":"We are a European network of civil society organisations, municipalities and research institutions dedicated to improving democracy through youth participation.","potentialAction":[{"@type":"SearchAction","target":{"@type":"EntryPoint","urlTemplate":"https:\/\/dypall.com\/?s={search_term_string}"},"query-input":"required name=search_term_string"}],"inLanguage":"ro-RO"},{"@type":"Person","@id":"https:\/\/dypall.com\/#\/schema\/person\/206350efe851997fcdedef75d118766b","name":"dypall","image":{"@type":"ImageObject","inLanguage":"ro-RO","@id":"https:\/\/dypall.com\/#\/schema\/person\/image\/","url":"https:\/\/secure.gravatar.com\/avatar\/14e8d3d8841cd0bdf69915120bcf9fcfac1567f1dc7035664907322ac47efe29?s=96&d=mm&r=g","contentUrl":"https:\/\/secure.gravatar.com\/avatar\/14e8d3d8841cd0bdf69915120bcf9fcfac1567f1dc7035664907322ac47efe29?s=96&d=mm&r=g","caption":"dypall"},"url":"https:\/\/dypall.com\/ro\/author\/dypall_info\/"}]}},"jetpack_featured_media_url":"","jetpack_sharing_enabled":true,"_links":{"self":[{"href":"https:\/\/dypall.com\/ro\/wp-json\/wp\/v2\/posts\/5942","targetHints":{"allow":["GET"]}}],"collection":[{"href":"https:\/\/dypall.com\/ro\/wp-json\/wp\/v2\/posts"}],"about":[{"href":"https:\/\/dypall.com\/ro\/wp-json\/wp\/v2\/types\/post"}],"author":[{"embeddable":true,"href":"https:\/\/dypall.com\/ro\/wp-json\/wp\/v2\/users\/2"}],"replies":[{"embeddable":true,"href":"https:\/\/dypall.com\/ro\/wp-json\/wp\/v2\/comments?post=5942"}],"version-history":[{"count":0,"href":"https:\/\/dypall.com\/ro\/wp-json\/wp\/v2\/posts\/5942\/revisions"}],"wp:featuredmedia":[{"embeddable":true,"href":"https:\/\/dypall.com\/ro\/wp-json\/"}],"wp:attachment":[{"href":"https:\/\/dypall.com\/ro\/wp-json\/wp\/v2\/media?parent=5942"}],"wp:term":[{"taxonomy":"category","embeddable":true,"href":"https:\/\/dypall.com\/ro\/wp-json\/wp\/v2\/categories?post=5942"},{"taxonomy":"post_tag","embeddable":true,"href":"https:\/\/dypall.com\/ro\/wp-json\/wp\/v2\/tags?post=5942"}],"curies":[{"name":"wp","href":"https:\/\/api.w.org\/{rel}","templated":true}]}}