{"id":5745,"date":"2022-07-29T12:13:27","date_gmt":"2022-07-29T11:13:27","guid":{"rendered":"https:\/\/dypall.com\/?p=5745"},"modified":"2022-07-29T12:13:27","modified_gmt":"2022-07-29T11:13:27","slug":"youth-for-active-society-yas-project-kickoff-meeting-in-bologna-italy","status":"publish","type":"post","link":"https:\/\/dypall.com\/ro\/activity\/youth-for-active-society-yas-project-kickoff-meeting-in-bologna-italy\/","title":{"rendered":"PROIECTUL \u201eTOU\u0102 PENTRU SOCIETATEA ACTIV\u0102 (YAS)\u201d \u2013 \u0218EDIN\u021aA CICKOFF de la BOLOGNA, ITALIA"},"content":{"rendered":"<p>\u00cen perioada 28-29 iulie, reuniunea de lansare a <strong>\u201eTineretul pentru o societate activ\u0103 (YAS)\u201d<\/strong> Proiectul a avut loc \u00een Bologna, Italia. Proiectul \u00ee\u0219i propune s\u0103 cartografieze politicile de tineret din municipalit\u0103\u021bile locale \u0219i s\u0103 construiasc\u0103 pun\u021bi \u00eentre tineri, lucr\u0103torii de tineret din ONG-uri \u0219i autorit\u0103\u021bile locale.<\/p>\n<p>Aceast\u0103 prim\u0103 reuniune a reprezentat o ocazie excelent\u0103 pentru parteneri de a se \u00eent\u00e2lni personal \u0219i de a discuta despre cercetarea efectuat\u0103 pentru primul rezultat intelectual, \u0219i anume un material video interactiv privind politicile locale pentru tineret din unele municipalit\u0103\u021bi din \u021b\u0103rile partenere, cartografiat datorit\u0103 interviurilor realizate de to\u021bi lucr\u0103torii de tineret de la \u00eenceputul proiectului, \u00een martie 2022.<\/p>\n<p>Mai mult dec\u00e2t at\u00e2t, g\u0103zdui\u021bi \u00een Villa Terracini, un loc istoric \u00een mediul rural din Bologna, to\u021bi partenerii au avut ocazia s\u0103 discute despre evaluare, strategia de diseminare \u0219i comunicare, s\u0103 planifice pa\u0219ii urm\u0103tori \u0219i s\u0103 prevad\u0103 urm\u0103toarele rezultate ale proiectelor, \u0219i anume: <strong>A doua \u00eent\u00e2lnire transna\u021bional\u0103 de proiect \u00een Portugalia<\/strong>, , <strong>LTTA \u00een Polonia<\/strong> \u0219i <strong>a doua produc\u021bie intelectual\u0103<\/strong>.<\/p>\n<p>Proiectul este condus de <a href=\"https:\/\/www.facebook.com\/Fundacja-Ornament-106372355063466\/\">Ornament pentru Fundacja<\/a> (Polonia), \u00een parteneriat cu DYPALL Network, <a href=\"http:\/\/krik.org.mk\/?fbclid=IwAR1hQyFXxuTKlVzlPjas2aoh9WAhPxkG7buU4zKaNF43za5Yu6vaHnFVHx0\">Krik<\/a> (Macedonia de Nord), <a href=\"https:\/\/dark-1.com\/\">\u00centuneric \u2013 1<\/a> (Macedonia de Nord), <a href=\"https:\/\/www.bangherang.it\/?page_id=5044&amp;lang=en\">Bangherang<\/a> (Italia), cofinan\u021bat\u0103 de <strong>Uniunea European\u0103<\/strong> prin intermediul <strong>Programul Erasmus+<\/strong> \u0219i prin <strong>Agen\u021bia Na\u021bional\u0103 Polonez\u0103.<\/strong><\/p>\n<p><a href=\"https:\/\/dypall.com\/ro\/2022\/07\/29\/youth-for-active-society-yas-project-kickoff-meeting-in-bologna-italy\/whatsapp-image-2022-07-28-at-13-33-59-1\/#main\" rel=\"attachment wp-att-5746\"><img loading=\"lazy\" decoding=\"async\" class=\"alignleft size-full wp-image-5746\" src=\"https:\/\/dypall.com\/wp-content\/uploads\/2022\/07\/WhatsApp-Image-2022-07-28-at-13.33.59-1.jpeg\" alt=\"\" width=\"2048\" height=\"1536\" \/><\/a> <a href=\"https:\/\/dypall.com\/ro\/2022\/07\/29\/youth-for-active-society-yas-project-kickoff-meeting-in-bologna-italy\/whatsapp-image-2022-07-28-at-13-33-59-2\/#main\" rel=\"attachment wp-att-5747\"><img loading=\"lazy\" decoding=\"async\" class=\"alignleft size-full wp-image-5747\" src=\"https:\/\/dypall.com\/wp-content\/uploads\/2022\/07\/WhatsApp-Image-2022-07-28-at-13.33.59-2.jpeg\" alt=\"\" width=\"1536\" height=\"2048\" \/><\/a> <a href=\"https:\/\/dypall.com\/ro\/2022\/07\/29\/youth-for-active-society-yas-project-kickoff-meeting-in-bologna-italy\/whatsapp-image-2022-07-28-at-13-33-59-3\/#main\" rel=\"attachment wp-att-5748\"><img loading=\"lazy\" decoding=\"async\" class=\"alignleft size-full wp-image-5748\" src=\"https:\/\/dypall.com\/wp-content\/uploads\/2022\/07\/WhatsApp-Image-2022-07-28-at-13.33.59-3.jpeg\" alt=\"\" width=\"1536\" height=\"2048\" \/><\/a><\/p>","protected":false},"excerpt":{"rendered":"<p>\u00cen perioada 28-29 iulie, la Bologna, Italia, a avut loc reuniunea de lansare a proiectului \u201eTineretul pentru o societate activ\u0103\u201d (YAS). Proiectul \u00ee\u0219i propune s\u0103 cartografieze politicile de tineret din municipalit\u0103\u021bile locale \u0219i s\u0103 construiasc\u0103 pun\u021bi \u00eentre tineri, lucr\u0103torii de tineret din ONG-uri \u0219i autorit\u0103\u021bile locale. Aceast\u0103 prim\u0103 \u00eent\u00e2lnire a fost o mare oportunitate pentru parteneri s\u0103 se \u00eent\u00e2lneasc\u0103... <a class=\"more-link\" href=\"https:\/\/dypall.com\/ro\/activity\/youth-for-active-society-yas-project-kickoff-meeting-in-bologna-italy\/\">Continu\u0103 lectura <span class=\"screen-reader-text\">PROIECTUL \u201eTOU\u0102 PENTRU SOCIETATEA ACTIV\u0102 (YAS)\u201d \u2013 \u0218EDIN\u021aA CICKOFF de la BOLOGNA, ITALIA<\/span><\/a><\/p>","protected":false},"author":1,"featured_media":5750,"comment_status":"closed","ping_status":"open","sticky":false,"template":"","format":"standard","meta":{"_acf_changed":false,"_jetpack_memberships_contains_paid_content":false,"footnotes":""},"categories":[111],"tags":[],"class_list":["post-5745","post","type-post","status-publish","format-standard","has-post-thumbnail","hentry","category-activity","entry"],"acf":[],"yoast_head":"<!-- This site is optimized with the Yoast SEO plugin v22.8 - https:\/\/yoast.com\/wordpress\/plugins\/seo\/ -->\n<title>\u201cYOUTH FOR ACTIVE SOCIETY (YAS)\u201d PROJECT - KICKOFF MEETING in BOLOGNA, ITALY - DYPALL Network<\/title>\n<meta name=\"robots\" content=\"index, follow, max-snippet:-1, max-image-preview:large, max-video-preview:-1\" \/>\n<link rel=\"canonical\" href=\"https:\/\/dypall.com\/ro\/activity\/youth-for-active-society-yas-project-kickoff-meeting-in-bologna-italy\/\" \/>\n<meta property=\"og:locale\" content=\"ro_RO\" \/>\n<meta property=\"og:type\" content=\"article\" \/>\n<meta property=\"og:title\" content=\"\u201cYOUTH FOR ACTIVE SOCIETY (YAS)\u201d PROJECT - KICKOFF MEETING in BOLOGNA, ITALY - DYPALL Network\" \/>\n<meta property=\"og:description\" content=\"On 28th &#8211; 29th July, the kick-off meeting of the &#8220;Youth for Active Society (YAS)&#8221; project took place in Bologna, Italy. The project aims to map youth policies in local municipalities and build bridges between youngsters, youth workers from NGOs and local authorities. This first meeting was a great opportunity for the partners to meet&hellip; Continu\u0103 lectura \u201cYOUTH FOR ACTIVE SOCIETY (YAS)\u201d PROJECT &#8211; KICKOFF MEETING in BOLOGNA, ITALY\" \/>\n<meta property=\"og:url\" content=\"https:\/\/dypall.com\/ro\/activity\/youth-for-active-society-yas-project-kickoff-meeting-in-bologna-italy\/\" \/>\n<meta property=\"og:site_name\" content=\"DYPALL Network\" \/>\n<meta property=\"article:published_time\" content=\"2022-07-29T11:13:27+00:00\" \/>\n<meta name=\"author\" content=\"DYPALL Network\" \/>\n<meta name=\"twitter:card\" content=\"summary_large_image\" \/>\n<meta name=\"twitter:label1\" content=\"Written by\" \/>\n\t<meta name=\"twitter:data1\" content=\"DYPALL Network\" \/>\n\t<meta name=\"twitter:label2\" content=\"Est. reading time\" \/>\n\t<meta name=\"twitter:data2\" content=\"1 minut\" \/>\n<script type=\"application\/ld+json\" class=\"yoast-schema-graph\">{\"@context\":\"https:\/\/schema.org\",\"@graph\":[{\"@type\":\"WebPage\",\"@id\":\"https:\/\/dypall.com\/activity\/youth-for-active-society-yas-project-kickoff-meeting-in-bologna-italy\/\",\"url\":\"https:\/\/dypall.com\/activity\/youth-for-active-society-yas-project-kickoff-meeting-in-bologna-italy\/\",\"name\":\"\u201cYOUTH FOR ACTIVE SOCIETY (YAS)\u201d PROJECT - KICKOFF MEETING in BOLOGNA, ITALY - DYPALL Network\",\"isPartOf\":{\"@id\":\"https:\/\/dypall.com\/#website\"},\"primaryImageOfPage\":{\"@id\":\"https:\/\/dypall.com\/activity\/youth-for-active-society-yas-project-kickoff-meeting-in-bologna-italy\/#primaryimage\"},\"image\":{\"@id\":\"https:\/\/dypall.com\/activity\/youth-for-active-society-yas-project-kickoff-meeting-in-bologna-italy\/#primaryimage\"},\"thumbnailUrl\":\"\",\"datePublished\":\"2022-07-29T11:13:27+00:00\",\"dateModified\":\"2022-07-29T11:13:27+00:00\",\"author\":{\"@id\":\"https:\/\/dypall.com\/#\/schema\/person\/f92e08aa15c8ba711a9d153129f03377\"},\"breadcrumb\":{\"@id\":\"https:\/\/dypall.com\/activity\/youth-for-active-society-yas-project-kickoff-meeting-in-bologna-italy\/#breadcrumb\"},\"inLanguage\":\"ro-RO\",\"potentialAction\":[{\"@type\":\"ReadAction\",\"target\":[\"https:\/\/dypall.com\/activity\/youth-for-active-society-yas-project-kickoff-meeting-in-bologna-italy\/\"]}]},{\"@type\":\"ImageObject\",\"inLanguage\":\"ro-RO\",\"@id\":\"https:\/\/dypall.com\/activity\/youth-for-active-society-yas-project-kickoff-meeting-in-bologna-italy\/#primaryimage\",\"url\":\"\",\"contentUrl\":\"\"},{\"@type\":\"BreadcrumbList\",\"@id\":\"https:\/\/dypall.com\/activity\/youth-for-active-society-yas-project-kickoff-meeting-in-bologna-italy\/#breadcrumb\",\"itemListElement\":[{\"@type\":\"ListItem\",\"position\":1,\"name\":\"Home\",\"item\":\"https:\/\/dypall.com\/\"},{\"@type\":\"ListItem\",\"position\":2,\"name\":\"\u201cYOUTH FOR ACTIVE SOCIETY (YAS)\u201d PROJECT &#8211; KICKOFF MEETING in BOLOGNA, ITALY\"}]},{\"@type\":\"WebSite\",\"@id\":\"https:\/\/dypall.com\/#website\",\"url\":\"https:\/\/dypall.com\/\",\"name\":\"DYPALL Network\",\"description\":\"We are a European network of civil society organisations, municipalities and research institutions dedicated to improving democracy through youth participation.\",\"potentialAction\":[{\"@type\":\"SearchAction\",\"target\":{\"@type\":\"EntryPoint\",\"urlTemplate\":\"https:\/\/dypall.com\/?s={search_term_string}\"},\"query-input\":\"required name=search_term_string\"}],\"inLanguage\":\"ro-RO\"},{\"@type\":\"Person\",\"@id\":\"https:\/\/dypall.com\/#\/schema\/person\/f92e08aa15c8ba711a9d153129f03377\",\"name\":\"DYPALL Network\",\"image\":{\"@type\":\"ImageObject\",\"inLanguage\":\"ro-RO\",\"@id\":\"https:\/\/dypall.com\/#\/schema\/person\/image\/\",\"url\":\"https:\/\/secure.gravatar.com\/avatar\/9c39e299279800c6d69c5e02cf613e7bab060889f373052a03d7ac399e8f0d3c?s=96&d=mm&r=g\",\"contentUrl\":\"https:\/\/secure.gravatar.com\/avatar\/9c39e299279800c6d69c5e02cf613e7bab060889f373052a03d7ac399e8f0d3c?s=96&d=mm&r=g\",\"caption\":\"DYPALL Network\"},\"sameAs\":[\"https:\/\/dypall.com\"],\"url\":\"https:\/\/dypall.com\/ro\/author\/dypall\/\"}]}<\/script>\n<!-- \/ Yoast SEO plugin. -->","yoast_head_json":{"title":"\u201cYOUTH FOR ACTIVE SOCIETY (YAS)\u201d PROJECT - KICKOFF MEETING in BOLOGNA, ITALY - DYPALL Network","robots":{"index":"index","follow":"follow","max-snippet":"max-snippet:-1","max-image-preview":"max-image-preview:large","max-video-preview":"max-video-preview:-1"},"canonical":"https:\/\/dypall.com\/ro\/activity\/youth-for-active-society-yas-project-kickoff-meeting-in-bologna-italy\/","og_locale":"ro_RO","og_type":"article","og_title":"\u201cYOUTH FOR ACTIVE SOCIETY (YAS)\u201d PROJECT - KICKOFF MEETING in BOLOGNA, ITALY - DYPALL Network","og_description":"On 28th &#8211; 29th July, the kick-off meeting of the &#8220;Youth for Active Society (YAS)&#8221; project took place in Bologna, Italy. The project aims to map youth policies in local municipalities and build bridges between youngsters, youth workers from NGOs and local authorities. This first meeting was a great opportunity for the partners to meet&hellip; Continu\u0103 lectura \u201cYOUTH FOR ACTIVE SOCIETY (YAS)\u201d PROJECT &#8211; KICKOFF MEETING in BOLOGNA, ITALY","og_url":"https:\/\/dypall.com\/ro\/activity\/youth-for-active-society-yas-project-kickoff-meeting-in-bologna-italy\/","og_site_name":"DYPALL Network","article_published_time":"2022-07-29T11:13:27+00:00","author":"DYPALL Network","twitter_card":"summary_large_image","twitter_misc":{"Written by":"DYPALL Network","Est. reading time":"1 minut"},"schema":{"@context":"https:\/\/schema.org","@graph":[{"@type":"WebPage","@id":"https:\/\/dypall.com\/activity\/youth-for-active-society-yas-project-kickoff-meeting-in-bologna-italy\/","url":"https:\/\/dypall.com\/activity\/youth-for-active-society-yas-project-kickoff-meeting-in-bologna-italy\/","name":"\u201cYOUTH FOR ACTIVE SOCIETY (YAS)\u201d PROJECT - KICKOFF MEETING in BOLOGNA, ITALY - DYPALL Network","isPartOf":{"@id":"https:\/\/dypall.com\/#website"},"primaryImageOfPage":{"@id":"https:\/\/dypall.com\/activity\/youth-for-active-society-yas-project-kickoff-meeting-in-bologna-italy\/#primaryimage"},"image":{"@id":"https:\/\/dypall.com\/activity\/youth-for-active-society-yas-project-kickoff-meeting-in-bologna-italy\/#primaryimage"},"thumbnailUrl":"","datePublished":"2022-07-29T11:13:27+00:00","dateModified":"2022-07-29T11:13:27+00:00","author":{"@id":"https:\/\/dypall.com\/#\/schema\/person\/f92e08aa15c8ba711a9d153129f03377"},"breadcrumb":{"@id":"https:\/\/dypall.com\/activity\/youth-for-active-society-yas-project-kickoff-meeting-in-bologna-italy\/#breadcrumb"},"inLanguage":"ro-RO","potentialAction":[{"@type":"ReadAction","target":["https:\/\/dypall.com\/activity\/youth-for-active-society-yas-project-kickoff-meeting-in-bologna-italy\/"]}]},{"@type":"ImageObject","inLanguage":"ro-RO","@id":"https:\/\/dypall.com\/activity\/youth-for-active-society-yas-project-kickoff-meeting-in-bologna-italy\/#primaryimage","url":"","contentUrl":""},{"@type":"BreadcrumbList","@id":"https:\/\/dypall.com\/activity\/youth-for-active-society-yas-project-kickoff-meeting-in-bologna-italy\/#breadcrumb","itemListElement":[{"@type":"ListItem","position":1,"name":"Home","item":"https:\/\/dypall.com\/"},{"@type":"ListItem","position":2,"name":"\u201cYOUTH FOR ACTIVE SOCIETY (YAS)\u201d PROJECT &#8211; KICKOFF MEETING in BOLOGNA, ITALY"}]},{"@type":"WebSite","@id":"https:\/\/dypall.com\/#website","url":"https:\/\/dypall.com\/","name":"DYPALL Network","description":"We are a European network of civil society organisations, municipalities and research institutions dedicated to improving democracy through youth participation.","potentialAction":[{"@type":"SearchAction","target":{"@type":"EntryPoint","urlTemplate":"https:\/\/dypall.com\/?s={search_term_string}"},"query-input":"required name=search_term_string"}],"inLanguage":"ro-RO"},{"@type":"Person","@id":"https:\/\/dypall.com\/#\/schema\/person\/f92e08aa15c8ba711a9d153129f03377","name":"DYPALL Network","image":{"@type":"ImageObject","inLanguage":"ro-RO","@id":"https:\/\/dypall.com\/#\/schema\/person\/image\/","url":"https:\/\/secure.gravatar.com\/avatar\/9c39e299279800c6d69c5e02cf613e7bab060889f373052a03d7ac399e8f0d3c?s=96&d=mm&r=g","contentUrl":"https:\/\/secure.gravatar.com\/avatar\/9c39e299279800c6d69c5e02cf613e7bab060889f373052a03d7ac399e8f0d3c?s=96&d=mm&r=g","caption":"DYPALL Network"},"sameAs":["https:\/\/dypall.com"],"url":"https:\/\/dypall.com\/ro\/author\/dypall\/"}]}},"jetpack_featured_media_url":"","jetpack_sharing_enabled":true,"_links":{"self":[{"href":"https:\/\/dypall.com\/ro\/wp-json\/wp\/v2\/posts\/5745","targetHints":{"allow":["GET"]}}],"collection":[{"href":"https:\/\/dypall.com\/ro\/wp-json\/wp\/v2\/posts"}],"about":[{"href":"https:\/\/dypall.com\/ro\/wp-json\/wp\/v2\/types\/post"}],"author":[{"embeddable":true,"href":"https:\/\/dypall.com\/ro\/wp-json\/wp\/v2\/users\/1"}],"replies":[{"embeddable":true,"href":"https:\/\/dypall.com\/ro\/wp-json\/wp\/v2\/comments?post=5745"}],"version-history":[{"count":0,"href":"https:\/\/dypall.com\/ro\/wp-json\/wp\/v2\/posts\/5745\/revisions"}],"wp:featuredmedia":[{"embeddable":true,"href":"https:\/\/dypall.com\/ro\/wp-json\/"}],"wp:attachment":[{"href":"https:\/\/dypall.com\/ro\/wp-json\/wp\/v2\/media?parent=5745"}],"wp:term":[{"taxonomy":"category","embeddable":true,"href":"https:\/\/dypall.com\/ro\/wp-json\/wp\/v2\/categories?post=5745"},{"taxonomy":"post_tag","embeddable":true,"href":"https:\/\/dypall.com\/ro\/wp-json\/wp\/v2\/tags?post=5745"}],"curies":[{"name":"wp","href":"https:\/\/api.w.org\/{rel}","templated":true}]}}