{"id":5721,"date":"2022-07-26T15:22:36","date_gmt":"2022-07-26T14:22:36","guid":{"rendered":"https:\/\/dypall.com\/?p=5721"},"modified":"2022-07-26T15:22:36","modified_gmt":"2022-07-26T14:22:36","slug":"1-st-transnational-partners-meeting-of-the-project-local-youth-councils-at-international-scale-20-23-07-2022-rabat-morocco","status":"publish","type":"post","link":"https:\/\/dypall.com\/ro\/activity\/1-st-transnational-partners-meeting-of-the-project-local-youth-councils-at-international-scale-20-23-07-2022-rabat-morocco\/","title":{"rendered":"Reuniunea proiectului \u201eConsilii locale de tineret la scar\u0103 interna\u021bional\u0103\u201d de la Rabat, Maroc"},"content":{"rendered":"<p>\u00cen perioada 20-23 iulie, re\u021beaua DYPALL a condus prima reuniune transna\u021bional\u0103 a partenerilor <strong>proiectul \u201eConsilii locale de tineret la scar\u0103 interna\u021bional\u0103\u201d<\/strong>. \u00cent\u00e2lnirea a avut loc la Rabat, Maroc, \u0219i a fost g\u0103zduit\u0103 de Forumul Tineretului Marocan pentru mileniul al III-lea.<\/p>\n<p>A fost o oportunitate pentru parteneri s\u0103:<br \/>\n\u2013 s\u0103 se cunoasc\u0103 reciproc \u00een persoan\u0103,<br \/>\n\u2013 informa\u021bii actualizate privind stadiul proiectului, inclusiv evolu\u021biile recente ale proiectului, cum ar fi <strong>conferin\u021ba online de lansare \u201eConsilii locale de tineret la scar\u0103 interna\u021bional\u0103\u201d<\/strong>,<br \/>\n\u2013 s\u0103 planifice \u00een detaliu urm\u0103toarele activit\u0103\u021bi ale proiectului, inclusiv lansarea apelului pentru grupul de exper\u021bi privind consiliile locale de tineret, finalizarea studiului de literatur\u0103 \u0219i \u00eenceperea cartografierii bunelor practici privind consiliile locale de tineret din \u021b\u0103rile participante la proiect;<br \/>\n\u2013 discutarea aspectelor administrative, a planului de diseminare \u0219i a strategiei de monitorizare.<\/p>\n<p>Proiectul \u201e<em>Consiliile locale de tineret la scar\u0103 interna\u021bional\u0103<\/em>\u201d se axeaz\u0103 pe <strong>calitatea activit\u0103\u021bilor pentru tineret la nivel interna\u021bional<\/strong> \u00een ceea ce prive\u0219te analiza \u0219i cre\u0219terea<strong> capacit\u0103\u021bi<\/strong> \u0219i <strong>posibilit\u0103\u021bi<\/strong> lucr\u0103torilor de tineret din cadrul organiza\u021biilor societ\u0103\u021bii civile \u0219i al municipalit\u0103\u021bilor <strong>Implicarea tinerilor <\/strong>\u00een procesele decizionale la nivel local <strong>prin intermediul consiliilor locale de tineret<\/strong> \u0219i <strong>echiparea tinerilor<\/strong> cu aptitudinile \u0219i competen\u021bele necesare pentru o participare de calitate.<\/p>\n<p>Proiectul este coordonat de DYPALL Network \u00een parteneriat cu <a href=\"https:\/\/www.europiamo.org\/\">Europiamo ETS<\/a> (Italia), <a href=\"https:\/\/youthonboard.com.mk\/\">Tineretul la bord<\/a> (Macedonia de Nord), <a href=\"https:\/\/ysfi.ps\/En\/index.php\/en\/#\">Institutul Forumului Studen\u021bilor<\/a> (Palestina), <a href=\"https:\/\/www.facebook.com\/fjmtm\">Forumul Tineretului Marocan pentru Mileniul III<\/a> (Maroc), <a href=\"https:\/\/www.facebook.com\/Fhird.tn\/\">Institutul Farhat Hached pentru Cercetare \u0219i Democra\u021bie<\/a> (Tunisia). Acesta este finan\u021bat \u00een cadrul <strong>Programul Erasmus+ de consolidare a capacit\u0103\u021bilor \u00een domeniul tineretului<\/strong> de c\u0103tre <strong>Agen\u021bia Executiv\u0103 European\u0103 pentru Educa\u021bie \u0219i Cultur\u0103.<\/strong><\/p>\n<p><a href=\"https:\/\/dypall.com\/ro\/2022\/07\/26\/1-st-transnational-partners-meeting-of-the-project-local-youth-councils-at-international-scale-20-23-07-2022-rabat-morocco\/img-20220721-wa0030\/#main\" rel=\"attachment wp-att-5730\"><br \/>\n<img loading=\"lazy\" decoding=\"async\" class=\"alignleft size-full wp-image-5730\" src=\"https:\/\/dypall.com\/wp-content\/uploads\/2022\/07\/IMG-20220721-WA0030.jpg\" alt=\"\" width=\"2048\" height=\"1536\" \/><\/a> <a href=\"https:\/\/dypall.com\/ro\/2022\/07\/26\/1-st-transnational-partners-meeting-of-the-project-local-youth-councils-at-international-scale-20-23-07-2022-rabat-morocco\/img-20220721-wa0054\/#main\" rel=\"attachment wp-att-5729\"><img loading=\"lazy\" decoding=\"async\" class=\"alignleft size-full wp-image-5729\" src=\"https:\/\/dypall.com\/wp-content\/uploads\/2022\/07\/IMG-20220721-WA0054.jpg\" alt=\"\" width=\"1536\" height=\"2048\" \/><\/a> <a href=\"https:\/\/dypall.com\/ro\/2022\/07\/26\/1-st-transnational-partners-meeting-of-the-project-local-youth-councils-at-international-scale-20-23-07-2022-rabat-morocco\/img-20220721-wa0045\/#main\" rel=\"attachment wp-att-5728\"><img loading=\"lazy\" decoding=\"async\" class=\"alignleft size-full wp-image-5728\" src=\"https:\/\/dypall.com\/wp-content\/uploads\/2022\/07\/IMG-20220721-WA0045.jpg\" alt=\"\" width=\"2048\" height=\"1536\" \/><\/a> <a href=\"https:\/\/dypall.com\/ro\/2022\/07\/26\/1-st-transnational-partners-meeting-of-the-project-local-youth-councils-at-international-scale-20-23-07-2022-rabat-morocco\/img-20220723-wa0042\/#main\" rel=\"attachment wp-att-5727\"><img loading=\"lazy\" decoding=\"async\" class=\"alignleft size-full wp-image-5727\" src=\"https:\/\/dypall.com\/wp-content\/uploads\/2022\/07\/IMG-20220723-WA0042.jpg\" alt=\"\" width=\"1536\" height=\"2048\" \/><\/a> <a href=\"https:\/\/dypall.com\/ro\/2022\/07\/26\/1-st-transnational-partners-meeting-of-the-project-local-youth-councils-at-international-scale-20-23-07-2022-rabat-morocco\/img-20220721-wa0026\/#main\" rel=\"attachment wp-att-5731\"><img loading=\"lazy\" decoding=\"async\" class=\"alignleft size-full wp-image-5731\" src=\"https:\/\/dypall.com\/wp-content\/uploads\/2022\/07\/IMG-20220721-WA0026.jpg\" alt=\"\" width=\"1536\" height=\"2048\" \/><\/a> <a href=\"https:\/\/dypall.com\/ro\/2022\/07\/26\/1-st-transnational-partners-meeting-of-the-project-local-youth-councils-at-international-scale-20-23-07-2022-rabat-morocco\/img-20220723-wa0019\/#main\" rel=\"attachment wp-att-5725\"><img loading=\"lazy\" decoding=\"async\" class=\"alignleft size-full wp-image-5725\" src=\"https:\/\/dypall.com\/wp-content\/uploads\/2022\/07\/IMG-20220723-WA0019.jpg\" alt=\"\" width=\"2048\" height=\"1536\" \/><\/a> <a href=\"https:\/\/dypall.com\/ro\/2022\/07\/26\/1-st-transnational-partners-meeting-of-the-project-local-youth-councils-at-international-scale-20-23-07-2022-rabat-morocco\/img-20220723-wa0024\/#main\" rel=\"attachment wp-att-5724\"><img loading=\"lazy\" decoding=\"async\" class=\"alignleft size-full wp-image-5724\" src=\"https:\/\/dypall.com\/wp-content\/uploads\/2022\/07\/IMG-20220723-WA0024.jpg\" alt=\"\" width=\"2048\" height=\"1536\" \/><\/a> <a href=\"https:\/\/dypall.com\/ro\/2022\/07\/26\/1-st-transnational-partners-meeting-of-the-project-local-youth-councils-at-international-scale-20-23-07-2022-rabat-morocco\/img-20220723-wa0025\/#main\" rel=\"attachment wp-att-5723\"><img loading=\"lazy\" decoding=\"async\" class=\"alignleft size-full wp-image-5723\" src=\"https:\/\/dypall.com\/wp-content\/uploads\/2022\/07\/IMG-20220723-WA0025.jpg\" alt=\"\" width=\"1536\" height=\"2048\" \/><\/a> <a href=\"https:\/\/dypall.com\/ro\/2022\/07\/26\/1-st-transnational-partners-meeting-of-the-project-local-youth-councils-at-international-scale-20-23-07-2022-rabat-morocco\/img-20220723-wa0014\/#main\" rel=\"attachment wp-att-5726\"><img loading=\"lazy\" decoding=\"async\" class=\"alignleft size-full wp-image-5726\" src=\"https:\/\/dypall.com\/wp-content\/uploads\/2022\/07\/IMG-20220723-WA0014.jpg\" alt=\"\" width=\"1536\" height=\"2048\" \/><\/a><\/p>","protected":false},"excerpt":{"rendered":"<p>\u00cen perioada 20-23 iulie, re\u021beaua DYPALL a condus prima reuniune transna\u021bional\u0103 a partenerilor din cadrul proiectului \u201eConsilii locale de tineret la scar\u0103 interna\u021bional\u0103\u201d. \u00cent\u00e2lnirea a avut loc la Rabat, Maroc, \u0219i a fost g\u0103zduit\u0103 de Forumul Tineretului Marocan pentru mileniul al III-lea. A fost o oportunitate pentru parteneri s\u0103: \u2013 s\u0103 ne cunoa\u0219tem \u00een... <a class=\"more-link\" href=\"https:\/\/dypall.com\/ro\/activity\/1-st-transnational-partners-meeting-of-the-project-local-youth-councils-at-international-scale-20-23-07-2022-rabat-morocco\/\">Continu\u0103 lectura <span class=\"screen-reader-text\">Reuniunea proiectului \u201eConsilii locale de tineret la scar\u0103 interna\u021bional\u0103\u201d de la Rabat, Maroc<\/span><\/a><\/p>","protected":false},"author":2,"featured_media":5722,"comment_status":"closed","ping_status":"open","sticky":false,"template":"","format":"standard","meta":{"_acf_changed":false,"_jetpack_memberships_contains_paid_content":false,"footnotes":""},"categories":[111],"tags":[],"class_list":["post-5721","post","type-post","status-publish","format-standard","has-post-thumbnail","hentry","category-activity","entry"],"acf":[],"yoast_head":"<!-- This site is optimized with the Yoast SEO plugin v22.8 - https:\/\/yoast.com\/wordpress\/plugins\/seo\/ -->\n<title>\u201cLocal Youth Councils at International Scale\u201d Project Meeting in Rabat, Morocco - DYPALL Network<\/title>\n<meta name=\"robots\" content=\"index, follow, max-snippet:-1, max-image-preview:large, max-video-preview:-1\" \/>\n<link rel=\"canonical\" href=\"https:\/\/dypall.com\/ro\/activity\/1-st-transnational-partners-meeting-of-the-project-local-youth-councils-at-international-scale-20-23-07-2022-rabat-morocco\/\" \/>\n<meta property=\"og:locale\" content=\"ro_RO\" \/>\n<meta property=\"og:type\" content=\"article\" \/>\n<meta property=\"og:title\" content=\"\u201cLocal Youth Councils at International Scale\u201d Project Meeting in Rabat, Morocco - DYPALL Network\" \/>\n<meta property=\"og:description\" content=\"On the 20-23 July, DYPALL Network led the first Transnational Partners Meeting of the project &#8220;Local Youth Councils at International Scale&#8221;. The meeting took place in Rabat, Morocco, and was hosted by the Moroccan Youth Forum for the 3rd Millenium. It was an opportunity for the partners to: &#8211; get to know each other in&hellip; Continu\u0103 lectura \u201cLocal Youth Councils at International Scale\u201d Project Meeting in Rabat, Morocco\" \/>\n<meta property=\"og:url\" content=\"https:\/\/dypall.com\/ro\/activity\/1-st-transnational-partners-meeting-of-the-project-local-youth-councils-at-international-scale-20-23-07-2022-rabat-morocco\/\" \/>\n<meta property=\"og:site_name\" content=\"DYPALL Network\" \/>\n<meta property=\"article:published_time\" content=\"2022-07-26T14:22:36+00:00\" \/>\n<meta name=\"author\" content=\"dypall\" \/>\n<meta name=\"twitter:card\" content=\"summary_large_image\" \/>\n<meta name=\"twitter:label1\" content=\"Written by\" \/>\n\t<meta name=\"twitter:data1\" content=\"dypall\" \/>\n\t<meta name=\"twitter:label2\" content=\"Est. reading time\" \/>\n\t<meta name=\"twitter:data2\" content=\"1 minut\" \/>\n<script type=\"application\/ld+json\" class=\"yoast-schema-graph\">{\"@context\":\"https:\/\/schema.org\",\"@graph\":[{\"@type\":\"WebPage\",\"@id\":\"https:\/\/dypall.com\/activity\/1-st-transnational-partners-meeting-of-the-project-local-youth-councils-at-international-scale-20-23-07-2022-rabat-morocco\/\",\"url\":\"https:\/\/dypall.com\/activity\/1-st-transnational-partners-meeting-of-the-project-local-youth-councils-at-international-scale-20-23-07-2022-rabat-morocco\/\",\"name\":\"\u201cLocal Youth Councils at International Scale\u201d Project Meeting in Rabat, Morocco - DYPALL Network\",\"isPartOf\":{\"@id\":\"https:\/\/dypall.com\/#website\"},\"primaryImageOfPage\":{\"@id\":\"https:\/\/dypall.com\/activity\/1-st-transnational-partners-meeting-of-the-project-local-youth-councils-at-international-scale-20-23-07-2022-rabat-morocco\/#primaryimage\"},\"image\":{\"@id\":\"https:\/\/dypall.com\/activity\/1-st-transnational-partners-meeting-of-the-project-local-youth-councils-at-international-scale-20-23-07-2022-rabat-morocco\/#primaryimage\"},\"thumbnailUrl\":\"\",\"datePublished\":\"2022-07-26T14:22:36+00:00\",\"dateModified\":\"2022-07-26T14:22:36+00:00\",\"author\":{\"@id\":\"https:\/\/dypall.com\/#\/schema\/person\/206350efe851997fcdedef75d118766b\"},\"breadcrumb\":{\"@id\":\"https:\/\/dypall.com\/activity\/1-st-transnational-partners-meeting-of-the-project-local-youth-councils-at-international-scale-20-23-07-2022-rabat-morocco\/#breadcrumb\"},\"inLanguage\":\"ro-RO\",\"potentialAction\":[{\"@type\":\"ReadAction\",\"target\":[\"https:\/\/dypall.com\/activity\/1-st-transnational-partners-meeting-of-the-project-local-youth-councils-at-international-scale-20-23-07-2022-rabat-morocco\/\"]}]},{\"@type\":\"ImageObject\",\"inLanguage\":\"ro-RO\",\"@id\":\"https:\/\/dypall.com\/activity\/1-st-transnational-partners-meeting-of-the-project-local-youth-councils-at-international-scale-20-23-07-2022-rabat-morocco\/#primaryimage\",\"url\":\"\",\"contentUrl\":\"\"},{\"@type\":\"BreadcrumbList\",\"@id\":\"https:\/\/dypall.com\/activity\/1-st-transnational-partners-meeting-of-the-project-local-youth-councils-at-international-scale-20-23-07-2022-rabat-morocco\/#breadcrumb\",\"itemListElement\":[{\"@type\":\"ListItem\",\"position\":1,\"name\":\"Home\",\"item\":\"https:\/\/dypall.com\/\"},{\"@type\":\"ListItem\",\"position\":2,\"name\":\"\u201cLocal Youth Councils at International Scale\u201d Project Meeting in Rabat, Morocco\"}]},{\"@type\":\"WebSite\",\"@id\":\"https:\/\/dypall.com\/#website\",\"url\":\"https:\/\/dypall.com\/\",\"name\":\"DYPALL Network\",\"description\":\"We are a European network of civil society organisations, municipalities and research institutions dedicated to improving democracy through youth participation.\",\"potentialAction\":[{\"@type\":\"SearchAction\",\"target\":{\"@type\":\"EntryPoint\",\"urlTemplate\":\"https:\/\/dypall.com\/?s={search_term_string}\"},\"query-input\":\"required name=search_term_string\"}],\"inLanguage\":\"ro-RO\"},{\"@type\":\"Person\",\"@id\":\"https:\/\/dypall.com\/#\/schema\/person\/206350efe851997fcdedef75d118766b\",\"name\":\"dypall\",\"image\":{\"@type\":\"ImageObject\",\"inLanguage\":\"ro-RO\",\"@id\":\"https:\/\/dypall.com\/#\/schema\/person\/image\/\",\"url\":\"https:\/\/secure.gravatar.com\/avatar\/14e8d3d8841cd0bdf69915120bcf9fcfac1567f1dc7035664907322ac47efe29?s=96&d=mm&r=g\",\"contentUrl\":\"https:\/\/secure.gravatar.com\/avatar\/14e8d3d8841cd0bdf69915120bcf9fcfac1567f1dc7035664907322ac47efe29?s=96&d=mm&r=g\",\"caption\":\"dypall\"},\"url\":\"https:\/\/dypall.com\/ro\/author\/dypall_info\/\"}]}<\/script>\n<!-- \/ Yoast SEO plugin. -->","yoast_head_json":{"title":"\u201cLocal Youth Councils at International Scale\u201d Project Meeting in Rabat, Morocco - DYPALL Network","robots":{"index":"index","follow":"follow","max-snippet":"max-snippet:-1","max-image-preview":"max-image-preview:large","max-video-preview":"max-video-preview:-1"},"canonical":"https:\/\/dypall.com\/ro\/activity\/1-st-transnational-partners-meeting-of-the-project-local-youth-councils-at-international-scale-20-23-07-2022-rabat-morocco\/","og_locale":"ro_RO","og_type":"article","og_title":"\u201cLocal Youth Councils at International Scale\u201d Project Meeting in Rabat, Morocco - DYPALL Network","og_description":"On the 20-23 July, DYPALL Network led the first Transnational Partners Meeting of the project &#8220;Local Youth Councils at International Scale&#8221;. The meeting took place in Rabat, Morocco, and was hosted by the Moroccan Youth Forum for the 3rd Millenium. It was an opportunity for the partners to: &#8211; get to know each other in&hellip; Continu\u0103 lectura \u201cLocal Youth Councils at International Scale\u201d Project Meeting in Rabat, Morocco","og_url":"https:\/\/dypall.com\/ro\/activity\/1-st-transnational-partners-meeting-of-the-project-local-youth-councils-at-international-scale-20-23-07-2022-rabat-morocco\/","og_site_name":"DYPALL Network","article_published_time":"2022-07-26T14:22:36+00:00","author":"dypall","twitter_card":"summary_large_image","twitter_misc":{"Written by":"dypall","Est. reading time":"1 minut"},"schema":{"@context":"https:\/\/schema.org","@graph":[{"@type":"WebPage","@id":"https:\/\/dypall.com\/activity\/1-st-transnational-partners-meeting-of-the-project-local-youth-councils-at-international-scale-20-23-07-2022-rabat-morocco\/","url":"https:\/\/dypall.com\/activity\/1-st-transnational-partners-meeting-of-the-project-local-youth-councils-at-international-scale-20-23-07-2022-rabat-morocco\/","name":"\u201cLocal Youth Councils at International Scale\u201d Project Meeting in Rabat, Morocco - DYPALL Network","isPartOf":{"@id":"https:\/\/dypall.com\/#website"},"primaryImageOfPage":{"@id":"https:\/\/dypall.com\/activity\/1-st-transnational-partners-meeting-of-the-project-local-youth-councils-at-international-scale-20-23-07-2022-rabat-morocco\/#primaryimage"},"image":{"@id":"https:\/\/dypall.com\/activity\/1-st-transnational-partners-meeting-of-the-project-local-youth-councils-at-international-scale-20-23-07-2022-rabat-morocco\/#primaryimage"},"thumbnailUrl":"","datePublished":"2022-07-26T14:22:36+00:00","dateModified":"2022-07-26T14:22:36+00:00","author":{"@id":"https:\/\/dypall.com\/#\/schema\/person\/206350efe851997fcdedef75d118766b"},"breadcrumb":{"@id":"https:\/\/dypall.com\/activity\/1-st-transnational-partners-meeting-of-the-project-local-youth-councils-at-international-scale-20-23-07-2022-rabat-morocco\/#breadcrumb"},"inLanguage":"ro-RO","potentialAction":[{"@type":"ReadAction","target":["https:\/\/dypall.com\/activity\/1-st-transnational-partners-meeting-of-the-project-local-youth-councils-at-international-scale-20-23-07-2022-rabat-morocco\/"]}]},{"@type":"ImageObject","inLanguage":"ro-RO","@id":"https:\/\/dypall.com\/activity\/1-st-transnational-partners-meeting-of-the-project-local-youth-councils-at-international-scale-20-23-07-2022-rabat-morocco\/#primaryimage","url":"","contentUrl":""},{"@type":"BreadcrumbList","@id":"https:\/\/dypall.com\/activity\/1-st-transnational-partners-meeting-of-the-project-local-youth-councils-at-international-scale-20-23-07-2022-rabat-morocco\/#breadcrumb","itemListElement":[{"@type":"ListItem","position":1,"name":"Home","item":"https:\/\/dypall.com\/"},{"@type":"ListItem","position":2,"name":"\u201cLocal Youth Councils at International Scale\u201d Project Meeting in Rabat, Morocco"}]},{"@type":"WebSite","@id":"https:\/\/dypall.com\/#website","url":"https:\/\/dypall.com\/","name":"DYPALL Network","description":"We are a European network of civil society organisations, municipalities and research institutions dedicated to improving democracy through youth participation.","potentialAction":[{"@type":"SearchAction","target":{"@type":"EntryPoint","urlTemplate":"https:\/\/dypall.com\/?s={search_term_string}"},"query-input":"required name=search_term_string"}],"inLanguage":"ro-RO"},{"@type":"Person","@id":"https:\/\/dypall.com\/#\/schema\/person\/206350efe851997fcdedef75d118766b","name":"dypall","image":{"@type":"ImageObject","inLanguage":"ro-RO","@id":"https:\/\/dypall.com\/#\/schema\/person\/image\/","url":"https:\/\/secure.gravatar.com\/avatar\/14e8d3d8841cd0bdf69915120bcf9fcfac1567f1dc7035664907322ac47efe29?s=96&d=mm&r=g","contentUrl":"https:\/\/secure.gravatar.com\/avatar\/14e8d3d8841cd0bdf69915120bcf9fcfac1567f1dc7035664907322ac47efe29?s=96&d=mm&r=g","caption":"dypall"},"url":"https:\/\/dypall.com\/ro\/author\/dypall_info\/"}]}},"jetpack_featured_media_url":"","jetpack_sharing_enabled":true,"_links":{"self":[{"href":"https:\/\/dypall.com\/ro\/wp-json\/wp\/v2\/posts\/5721","targetHints":{"allow":["GET"]}}],"collection":[{"href":"https:\/\/dypall.com\/ro\/wp-json\/wp\/v2\/posts"}],"about":[{"href":"https:\/\/dypall.com\/ro\/wp-json\/wp\/v2\/types\/post"}],"author":[{"embeddable":true,"href":"https:\/\/dypall.com\/ro\/wp-json\/wp\/v2\/users\/2"}],"replies":[{"embeddable":true,"href":"https:\/\/dypall.com\/ro\/wp-json\/wp\/v2\/comments?post=5721"}],"version-history":[{"count":0,"href":"https:\/\/dypall.com\/ro\/wp-json\/wp\/v2\/posts\/5721\/revisions"}],"wp:featuredmedia":[{"embeddable":true,"href":"https:\/\/dypall.com\/ro\/wp-json\/"}],"wp:attachment":[{"href":"https:\/\/dypall.com\/ro\/wp-json\/wp\/v2\/media?parent=5721"}],"wp:term":[{"taxonomy":"category","embeddable":true,"href":"https:\/\/dypall.com\/ro\/wp-json\/wp\/v2\/categories?post=5721"},{"taxonomy":"post_tag","embeddable":true,"href":"https:\/\/dypall.com\/ro\/wp-json\/wp\/v2\/tags?post=5721"}],"curies":[{"name":"wp","href":"https:\/\/api.w.org\/{rel}","templated":true}]}}