{"id":5573,"date":"2022-06-23T14:35:08","date_gmt":"2022-06-23T13:35:08","guid":{"rendered":"https:\/\/dypall.com\/?p=5573"},"modified":"2022-06-23T14:35:08","modified_gmt":"2022-06-23T13:35:08","slug":"register-to-the-conference-local-youth-councils-at-international-scale-on-the-6-7-july-2022-1030-1400-brussels-time","status":"publish","type":"post","link":"https:\/\/dypall.com\/ro\/activity\/register-to-the-conference-local-youth-councils-at-international-scale-on-the-6-7-july-2022-1030-1400-brussels-time\/","title":{"rendered":"\u00censcrie\u021bi-v\u0103 la conferin\u021ba \u201eLOCAL YOUTH COUNCILS AT INTERNATIONAL SCALE\u201d din 6-7 iulie 2022 (10:30-14:00, ora Bruxelles-ului)."},"content":{"rendered":"<p>Al\u0103tura\u021bi-v\u0103 nou\u0103 la conferin\u021ba \u201e<span class=\"JsGRdQ\"><strong>CONSILIUL LOCAL DE TINERET LA SCAL\u0102 INTERNA\u021aIONAL\u0102<\/strong>\u201d cu privire la<strong> 6-7 iulie 2022 (10:30-14:00, ora Bruxelles-ului)<\/strong>.<\/span><\/p>\n<p>Conferin\u021ba este un spa\u021biu perfect pentru <span class=\"JsGRdQ\">schimbul interna\u021bional de experien\u021b\u0103 \u0219i de perspective privind calitatea consiliilor locale de tineret la nivel larg, interna\u021bional \u0219i intercontinental. Acesta reune\u0219te diverse p\u0103r\u021bi interesate din domeniul tineretului, cum ar fi organiza\u021bii neguvernamentale, reprezentan\u021bi ai municipalit\u0103\u021bilor, cercet\u0103tori, lucr\u0103tori de tineret \u0219i lideri de tineret, pentru a discuta importan\u021ba particip\u0103rii tinerilor la nivel local \u00een \u021b\u0103rile \u0219i continentele participante. Participan\u021bii la conferin\u021b\u0103 vor avea ocazia s\u0103 discute \u0219i s\u0103 fac\u0103 schimb de idei, experien\u021be \u0219i bune practici pentru implicarea tinerilor \u00een procesele decizionale, oferindu-le astfel o voce \u0219i un rol activ \u00een comunit\u0103\u021bile lor locale.<\/span><\/p>\n<p class=\"_04xlpA direction-ltr align-justify para-style-body\"><span class=\"JsGRdQ\">Conferin\u021ba este, de asemenea, un moment de lansare a CONSILIULUI LOCAL DE TINERET LA SCAL\u0102 INTERNA\u021aIONAL\u0102 \u2013 un proiect de 2 ani finan\u021bat de Uniunea European\u0103, cu o mul\u021bime de experien\u021be interesante, formare \u0219i rezultate care urmeaz\u0103 s\u0103 fie ob\u021binute.<\/span><\/p>\n<p><strong>Ordinea de zi complet\u0103:<\/strong> <a href=\"http:\/\/tiny.cc\/lycisconfagenda\">http:\/\/tiny.cc\/lycisconfagenda<\/a><\/p>\n<p class=\"_04xlpA direction-ltr align-justify para-style-body\"><span class=\"JsGRdQ\">Invit\u0103m cordial to\u021bi participan\u021bii interesa\u021bi s\u0103 fac\u0103 schimb de experien\u021b\u0103 pe tema consiliului local de tineret la nivel interna\u021bional, intercontinental, \u00een special:<\/span><\/p>\n<ul>\n<li><span class=\"JsGRdQ\">tineri \u0219i membri ai consiliilor locale de tineret sau ai unor structuri similare<\/span><\/li>\n<li><span class=\"JsGRdQ\">lucr\u0103tori de tineret din domeniul particip\u0103rii tinerilor<\/span><\/li>\n<li><span class=\"JsGRdQ\">factori de decizie politic\u0103, func\u021bionari municipali responsabili cu participarea tinerilor<\/span><\/li>\n<li><span class=\"JsGRdQ\">cercet\u0103tori \u00een domeniul consiliilor locale de tineret<\/span><\/li>\n<li><span class=\"JsGRdQ\">reprezentan\u021bi ai ONG-urilor \u0219i institu\u021biilor interesate de noi instrumente \u0219i argumente pentru discu\u021bii despre consiliile locale de tineret<\/span> <span class=\"JsGRdQ\">\u00een \u021b\u0103rile lor<\/span><\/li>\n<\/ul>\n<p class=\"_04xlpA direction-ltr align-justify para-style-body\"><span class=\"JsGRdQ\"><strong>\u00cenregistra\u021bi-v\u0103 aici<\/strong>: <\/span><a class=\"JsGRdQ\" draggable=\"false\" href=\"http:\/\/tiny.cc\/lycisconfregistration\" target=\"_blank\" rel=\"noopener\">http:\/\/tiny.cc\/lycisconfregistration<\/a><\/p>\n<p>To\u021bi participan\u021bii vor primi un certificat de participare.<\/p>\n<p>Participarea \u00een ambele zile ale activit\u0103\u021bii nu este obligatorie.<\/p>","protected":false},"excerpt":{"rendered":"<p>V\u0103 invit\u0103m s\u0103 participa\u021bi la conferin\u021ba \u201eCONSILIILE LOCALE DE TINERET LA SCAL\u0102 INTERNA\u021aIONAL\u0102\u201d, care va avea loc \u00een perioada 6-7 iulie 2022 (ora 10:30-14:00, ora Bruxelles-ului). Conferin\u021ba este un spa\u021biu perfect pentru schimbul interna\u021bional de experien\u021be \u0219i perspective asupra calit\u0103\u021bii consiliilor locale de tineret la nivel larg, interna\u021bional \u0219i intercontinental. Acesta reune\u0219te diverse p\u0103r\u021bi interesate din domeniul tineretului... <a class=\"more-link\" href=\"https:\/\/dypall.com\/ro\/activity\/register-to-the-conference-local-youth-councils-at-international-scale-on-the-6-7-july-2022-1030-1400-brussels-time\/\">Continu\u0103 lectura <span class=\"screen-reader-text\">\u00censcrie\u021bi-v\u0103 la conferin\u021ba \u201eLOCAL YOUTH COUNCILS AT INTERNATIONAL SCALE\u201d din 6-7 iulie 2022 (10:30-14:00, ora Bruxelles-ului).<\/span><\/a><\/p>","protected":false},"author":1,"featured_media":5574,"comment_status":"closed","ping_status":"open","sticky":false,"template":"","format":"standard","meta":{"_acf_changed":false,"_jetpack_memberships_contains_paid_content":false,"footnotes":""},"categories":[111,112],"tags":[],"class_list":["post-5573","post","type-post","status-publish","format-standard","has-post-thumbnail","hentry","category-activity","category-conference","entry"],"acf":[],"yoast_head":"<!-- This site is optimized with the Yoast SEO plugin v22.8 - https:\/\/yoast.com\/wordpress\/plugins\/seo\/ -->\n<title>Register to the conference &quot;LOCAL YOUTH COUNCILS AT INTERNATIONAL SCALE&quot; on the 6-7 July 2022 (10:30-14:00 Brussels time). - DYPALL Network<\/title>\n<meta name=\"robots\" content=\"index, follow, max-snippet:-1, max-image-preview:large, max-video-preview:-1\" \/>\n<link rel=\"canonical\" href=\"https:\/\/dypall.com\/ro\/activity\/register-to-the-conference-local-youth-councils-at-international-scale-on-the-6-7-july-2022-1030-1400-brussels-time\/\" \/>\n<meta property=\"og:locale\" content=\"ro_RO\" \/>\n<meta property=\"og:type\" content=\"article\" \/>\n<meta property=\"og:title\" content=\"Register to the conference &quot;LOCAL YOUTH COUNCILS AT INTERNATIONAL SCALE&quot; on the 6-7 July 2022 (10:30-14:00 Brussels time). - DYPALL Network\" \/>\n<meta property=\"og:description\" content=\"Join us for the conference &#8220;LOCAL YOUTH COUNCILS AT INTERNATIONAL SCALE&#8221; on the 6-7 July 2022 (10:30-14:00 Brussels time). The conference is a perfect space for the international exchange of experiences and perspectives on the quality of local youth councils at a broad, international and intercontinental level. It brings together various stakeholders in the youth&hellip; Continu\u0103 lectura Register to the conference &#8220;LOCAL YOUTH COUNCILS AT INTERNATIONAL SCALE&#8221; on the 6-7 July 2022 (10:30-14:00 Brussels time).\" \/>\n<meta property=\"og:url\" content=\"https:\/\/dypall.com\/ro\/activity\/register-to-the-conference-local-youth-councils-at-international-scale-on-the-6-7-july-2022-1030-1400-brussels-time\/\" \/>\n<meta property=\"og:site_name\" content=\"DYPALL Network\" \/>\n<meta property=\"article:published_time\" content=\"2022-06-23T13:35:08+00:00\" \/>\n<meta name=\"author\" content=\"DYPALL Network\" \/>\n<meta name=\"twitter:card\" content=\"summary_large_image\" \/>\n<meta name=\"twitter:label1\" content=\"Written by\" \/>\n\t<meta name=\"twitter:data1\" content=\"DYPALL Network\" \/>\n\t<meta name=\"twitter:label2\" content=\"Est. reading time\" \/>\n\t<meta name=\"twitter:data2\" content=\"1 minut\" \/>\n<script type=\"application\/ld+json\" class=\"yoast-schema-graph\">{\"@context\":\"https:\/\/schema.org\",\"@graph\":[{\"@type\":\"WebPage\",\"@id\":\"https:\/\/dypall.com\/activity\/register-to-the-conference-local-youth-councils-at-international-scale-on-the-6-7-july-2022-1030-1400-brussels-time\/\",\"url\":\"https:\/\/dypall.com\/activity\/register-to-the-conference-local-youth-councils-at-international-scale-on-the-6-7-july-2022-1030-1400-brussels-time\/\",\"name\":\"Register to the conference \\\"LOCAL YOUTH COUNCILS AT INTERNATIONAL SCALE\\\" on the 6-7 July 2022 (10:30-14:00 Brussels time). - DYPALL Network\",\"isPartOf\":{\"@id\":\"https:\/\/dypall.com\/#website\"},\"primaryImageOfPage\":{\"@id\":\"https:\/\/dypall.com\/activity\/register-to-the-conference-local-youth-councils-at-international-scale-on-the-6-7-july-2022-1030-1400-brussels-time\/#primaryimage\"},\"image\":{\"@id\":\"https:\/\/dypall.com\/activity\/register-to-the-conference-local-youth-councils-at-international-scale-on-the-6-7-july-2022-1030-1400-brussels-time\/#primaryimage\"},\"thumbnailUrl\":\"\",\"datePublished\":\"2022-06-23T13:35:08+00:00\",\"dateModified\":\"2022-06-23T13:35:08+00:00\",\"author\":{\"@id\":\"https:\/\/dypall.com\/#\/schema\/person\/f92e08aa15c8ba711a9d153129f03377\"},\"breadcrumb\":{\"@id\":\"https:\/\/dypall.com\/activity\/register-to-the-conference-local-youth-councils-at-international-scale-on-the-6-7-july-2022-1030-1400-brussels-time\/#breadcrumb\"},\"inLanguage\":\"ro-RO\",\"potentialAction\":[{\"@type\":\"ReadAction\",\"target\":[\"https:\/\/dypall.com\/activity\/register-to-the-conference-local-youth-councils-at-international-scale-on-the-6-7-july-2022-1030-1400-brussels-time\/\"]}]},{\"@type\":\"ImageObject\",\"inLanguage\":\"ro-RO\",\"@id\":\"https:\/\/dypall.com\/activity\/register-to-the-conference-local-youth-councils-at-international-scale-on-the-6-7-july-2022-1030-1400-brussels-time\/#primaryimage\",\"url\":\"\",\"contentUrl\":\"\"},{\"@type\":\"BreadcrumbList\",\"@id\":\"https:\/\/dypall.com\/activity\/register-to-the-conference-local-youth-councils-at-international-scale-on-the-6-7-july-2022-1030-1400-brussels-time\/#breadcrumb\",\"itemListElement\":[{\"@type\":\"ListItem\",\"position\":1,\"name\":\"Home\",\"item\":\"https:\/\/dypall.com\/\"},{\"@type\":\"ListItem\",\"position\":2,\"name\":\"Register to the conference &#8220;LOCAL YOUTH COUNCILS AT INTERNATIONAL SCALE&#8221; on the 6-7 July 2022 (10:30-14:00 Brussels time).\"}]},{\"@type\":\"WebSite\",\"@id\":\"https:\/\/dypall.com\/#website\",\"url\":\"https:\/\/dypall.com\/\",\"name\":\"DYPALL Network\",\"description\":\"We are a European network of civil society organisations, municipalities and research institutions dedicated to improving democracy through youth participation.\",\"potentialAction\":[{\"@type\":\"SearchAction\",\"target\":{\"@type\":\"EntryPoint\",\"urlTemplate\":\"https:\/\/dypall.com\/?s={search_term_string}\"},\"query-input\":\"required name=search_term_string\"}],\"inLanguage\":\"ro-RO\"},{\"@type\":\"Person\",\"@id\":\"https:\/\/dypall.com\/#\/schema\/person\/f92e08aa15c8ba711a9d153129f03377\",\"name\":\"DYPALL Network\",\"image\":{\"@type\":\"ImageObject\",\"inLanguage\":\"ro-RO\",\"@id\":\"https:\/\/dypall.com\/#\/schema\/person\/image\/\",\"url\":\"https:\/\/secure.gravatar.com\/avatar\/9c39e299279800c6d69c5e02cf613e7bab060889f373052a03d7ac399e8f0d3c?s=96&d=mm&r=g\",\"contentUrl\":\"https:\/\/secure.gravatar.com\/avatar\/9c39e299279800c6d69c5e02cf613e7bab060889f373052a03d7ac399e8f0d3c?s=96&d=mm&r=g\",\"caption\":\"DYPALL Network\"},\"sameAs\":[\"https:\/\/dypall.com\"],\"url\":\"https:\/\/dypall.com\/ro\/author\/dypall\/\"}]}<\/script>\n<!-- \/ Yoast SEO plugin. -->","yoast_head_json":{"title":"Register to the conference \"LOCAL YOUTH COUNCILS AT INTERNATIONAL SCALE\" on the 6-7 July 2022 (10:30-14:00 Brussels time). - DYPALL Network","robots":{"index":"index","follow":"follow","max-snippet":"max-snippet:-1","max-image-preview":"max-image-preview:large","max-video-preview":"max-video-preview:-1"},"canonical":"https:\/\/dypall.com\/ro\/activity\/register-to-the-conference-local-youth-councils-at-international-scale-on-the-6-7-july-2022-1030-1400-brussels-time\/","og_locale":"ro_RO","og_type":"article","og_title":"Register to the conference \"LOCAL YOUTH COUNCILS AT INTERNATIONAL SCALE\" on the 6-7 July 2022 (10:30-14:00 Brussels time). - DYPALL Network","og_description":"Join us for the conference &#8220;LOCAL YOUTH COUNCILS AT INTERNATIONAL SCALE&#8221; on the 6-7 July 2022 (10:30-14:00 Brussels time). The conference is a perfect space for the international exchange of experiences and perspectives on the quality of local youth councils at a broad, international and intercontinental level. It brings together various stakeholders in the youth&hellip; Continu\u0103 lectura Register to the conference &#8220;LOCAL YOUTH COUNCILS AT INTERNATIONAL SCALE&#8221; on the 6-7 July 2022 (10:30-14:00 Brussels time).","og_url":"https:\/\/dypall.com\/ro\/activity\/register-to-the-conference-local-youth-councils-at-international-scale-on-the-6-7-july-2022-1030-1400-brussels-time\/","og_site_name":"DYPALL Network","article_published_time":"2022-06-23T13:35:08+00:00","author":"DYPALL Network","twitter_card":"summary_large_image","twitter_misc":{"Written by":"DYPALL Network","Est. reading time":"1 minut"},"schema":{"@context":"https:\/\/schema.org","@graph":[{"@type":"WebPage","@id":"https:\/\/dypall.com\/activity\/register-to-the-conference-local-youth-councils-at-international-scale-on-the-6-7-july-2022-1030-1400-brussels-time\/","url":"https:\/\/dypall.com\/activity\/register-to-the-conference-local-youth-councils-at-international-scale-on-the-6-7-july-2022-1030-1400-brussels-time\/","name":"Register to the conference \"LOCAL YOUTH COUNCILS AT INTERNATIONAL SCALE\" on the 6-7 July 2022 (10:30-14:00 Brussels time). - DYPALL Network","isPartOf":{"@id":"https:\/\/dypall.com\/#website"},"primaryImageOfPage":{"@id":"https:\/\/dypall.com\/activity\/register-to-the-conference-local-youth-councils-at-international-scale-on-the-6-7-july-2022-1030-1400-brussels-time\/#primaryimage"},"image":{"@id":"https:\/\/dypall.com\/activity\/register-to-the-conference-local-youth-councils-at-international-scale-on-the-6-7-july-2022-1030-1400-brussels-time\/#primaryimage"},"thumbnailUrl":"","datePublished":"2022-06-23T13:35:08+00:00","dateModified":"2022-06-23T13:35:08+00:00","author":{"@id":"https:\/\/dypall.com\/#\/schema\/person\/f92e08aa15c8ba711a9d153129f03377"},"breadcrumb":{"@id":"https:\/\/dypall.com\/activity\/register-to-the-conference-local-youth-councils-at-international-scale-on-the-6-7-july-2022-1030-1400-brussels-time\/#breadcrumb"},"inLanguage":"ro-RO","potentialAction":[{"@type":"ReadAction","target":["https:\/\/dypall.com\/activity\/register-to-the-conference-local-youth-councils-at-international-scale-on-the-6-7-july-2022-1030-1400-brussels-time\/"]}]},{"@type":"ImageObject","inLanguage":"ro-RO","@id":"https:\/\/dypall.com\/activity\/register-to-the-conference-local-youth-councils-at-international-scale-on-the-6-7-july-2022-1030-1400-brussels-time\/#primaryimage","url":"","contentUrl":""},{"@type":"BreadcrumbList","@id":"https:\/\/dypall.com\/activity\/register-to-the-conference-local-youth-councils-at-international-scale-on-the-6-7-july-2022-1030-1400-brussels-time\/#breadcrumb","itemListElement":[{"@type":"ListItem","position":1,"name":"Home","item":"https:\/\/dypall.com\/"},{"@type":"ListItem","position":2,"name":"Register to the conference &#8220;LOCAL YOUTH COUNCILS AT INTERNATIONAL SCALE&#8221; on the 6-7 July 2022 (10:30-14:00 Brussels time)."}]},{"@type":"WebSite","@id":"https:\/\/dypall.com\/#website","url":"https:\/\/dypall.com\/","name":"DYPALL Network","description":"We are a European network of civil society organisations, municipalities and research institutions dedicated to improving democracy through youth participation.","potentialAction":[{"@type":"SearchAction","target":{"@type":"EntryPoint","urlTemplate":"https:\/\/dypall.com\/?s={search_term_string}"},"query-input":"required name=search_term_string"}],"inLanguage":"ro-RO"},{"@type":"Person","@id":"https:\/\/dypall.com\/#\/schema\/person\/f92e08aa15c8ba711a9d153129f03377","name":"DYPALL Network","image":{"@type":"ImageObject","inLanguage":"ro-RO","@id":"https:\/\/dypall.com\/#\/schema\/person\/image\/","url":"https:\/\/secure.gravatar.com\/avatar\/9c39e299279800c6d69c5e02cf613e7bab060889f373052a03d7ac399e8f0d3c?s=96&d=mm&r=g","contentUrl":"https:\/\/secure.gravatar.com\/avatar\/9c39e299279800c6d69c5e02cf613e7bab060889f373052a03d7ac399e8f0d3c?s=96&d=mm&r=g","caption":"DYPALL Network"},"sameAs":["https:\/\/dypall.com"],"url":"https:\/\/dypall.com\/ro\/author\/dypall\/"}]}},"jetpack_featured_media_url":"","jetpack_sharing_enabled":true,"_links":{"self":[{"href":"https:\/\/dypall.com\/ro\/wp-json\/wp\/v2\/posts\/5573","targetHints":{"allow":["GET"]}}],"collection":[{"href":"https:\/\/dypall.com\/ro\/wp-json\/wp\/v2\/posts"}],"about":[{"href":"https:\/\/dypall.com\/ro\/wp-json\/wp\/v2\/types\/post"}],"author":[{"embeddable":true,"href":"https:\/\/dypall.com\/ro\/wp-json\/wp\/v2\/users\/1"}],"replies":[{"embeddable":true,"href":"https:\/\/dypall.com\/ro\/wp-json\/wp\/v2\/comments?post=5573"}],"version-history":[{"count":0,"href":"https:\/\/dypall.com\/ro\/wp-json\/wp\/v2\/posts\/5573\/revisions"}],"wp:featuredmedia":[{"embeddable":true,"href":"https:\/\/dypall.com\/ro\/wp-json\/"}],"wp:attachment":[{"href":"https:\/\/dypall.com\/ro\/wp-json\/wp\/v2\/media?parent=5573"}],"wp:term":[{"taxonomy":"category","embeddable":true,"href":"https:\/\/dypall.com\/ro\/wp-json\/wp\/v2\/categories?post=5573"},{"taxonomy":"post_tag","embeddable":true,"href":"https:\/\/dypall.com\/ro\/wp-json\/wp\/v2\/tags?post=5573"}],"curies":[{"name":"wp","href":"https:\/\/api.w.org\/{rel}","templated":true}]}}